{"id":39,"date":"2019-03-25T00:47:03","date_gmt":"2019-03-25T00:47:03","guid":{"rendered":"https:\/\/chrystus.pl\/?p=39"},"modified":"2020-01-13T07:53:04","modified_gmt":"2020-01-13T07:53:04","slug":"co-to-jest-bog","status":"publish","type":"post","link":"https:\/\/chrystus.pl\/hu\/co-to-jest-bog\/","title":{"rendered":"Mi az Isten?"},"content":{"rendered":"<p>Mi ez <span id=\"urn:enhancement-b92a02e6\" class=\"textannotation disambiguated wl-other\" itemid=\"http:\/\/data.wordlift.io\/wl01378\/entity\/bog\">Isten<\/span>? Ez tal\u00e1n az egyik legnehezebb \u00e9s m\u00e9gis legk\u00f6nnyebb k\u00e9rd\u00e9s, amit az ember feltehet mag\u00e1nak. Egyr\u00e9szt mindig is \u00fagy k\u00e9pzelt\u00fck. <span id=\"urn:enhancement-9f366d80\" class=\"textannotation disambiguated wl-other\" itemid=\"http:\/\/data.wordlift.io\/wl01378\/entity\/bog\">Isten<\/span> jako istot\u0119 \u017cyw\u0105. Najwi\u0119ksi arty\u015bci, najwi\u0119ksi malarze oraz poeci w swych dzia\u0142ach przedstawiaj\u0105 Go pod postaci\u0105 ludzkiej istoty.<\/p>\n<p>Amikor elk\u00e9pzelj\u00fck Urunkat, sok emberi tulajdons\u00e1got tulajdon\u00edtunk neki. J\u00f3s\u00e1g\u00e1r\u00f3l \u00e9s b\u00f6lcsess\u00e9g\u00e9r\u0151l elm\u00e9lkedve egy \u0151sz haj\u00fa b\u00f6lcset k\u00e9pzel\u00fcnk el, aki mindent fel\u00fcgyel orsz\u00e1ga hegy\u00e9n. Val\u00f3sz\u00edn\u0171leg nincs egyetlen helyes v\u00e1lasz arra a k\u00e9rd\u00e9sre, hogy mi az a <span id=\"urn:enhancement-ea815819\" class=\"textannotation disambiguated wl-other\" itemid=\"http:\/\/data.wordlift.io\/wl01378\/entity\/bog\">Isten<\/span>?<\/p>\n<p>Egyfel\u0151l ez tal\u00e1n h\u00e9tk\u00f6znapinak hangzik, mert v\u00e9g\u00fcl is el\u00e9g, ha magunkra vigy\u00e1zunk, elv\u00e9gre az \u0150 k\u00e9pm\u00e1s\u00e1ra vagyunk teremtve.<\/p>\n<p>M\u00e1sr\u00e9szt, mindannyiunknak az \u00dar \u00e9rtelmez\u00e9s\u00e9t kell v\u00e1lasztanunk. <span id=\"urn:enhancement-f7fa8e9\" class=\"textannotation disambiguated wl-other\" itemid=\"http:\/\/data.wordlift.io\/wl01378\/entity\/bog\">Isten<\/span>. Ugyanakkor ne feledj\u00fck, hogy <span id=\"urn:enhancement-1a9717b1\" class=\"textannotation disambiguated wl-other\" itemid=\"http:\/\/data.wordlift.io\/wl01378\/entity\/bog\">Isten<\/span> a teremt\u0151je mindennek, <span id=\"urn:enhancement-54feafdd\" class=\"textannotation disambiguated wl-other\" itemid=\"http:\/\/data.wordlift.io\/wl01378\/entity\/bog\">Isten<\/span> minden, ami k\u00f6r\u00fclvesz minket. Amint azt kor\u00e1bban eml\u00edtett\u00fck, <span id=\"urn:enhancement-9c564f55\" class=\"textannotation disambiguated wl-other\" itemid=\"http:\/\/data.wordlift.io\/wl01378\/entity\/bog\">Isten<\/span> \u0150 a mi minden l\u00e9legzetv\u00e9tel\u00fcnk \u00e9s minden \u00e9rz\u00e9s\u00fcnk. Minden \u00e9lethelyzetben k\u00f6r\u00fcl kell venn\u00fcnk magunkat Vele, keresn\u00fcnk kell az \u0150 \u00fatmutat\u00e1s\u00e1t \u00e9s v\u00e1laszait.<\/p>\n<p>Mi ez <span id=\"urn:enhancement-6293d7d4\" class=\"textannotation disambiguated wl-other\" itemid=\"http:\/\/data.wordlift.io\/wl01378\/entity\/bog\">Isten<\/span>? <span id=\"urn:enhancement-61358e76\" class=\"textannotation disambiguated wl-other\" itemid=\"http:\/\/data.wordlift.io\/wl01378\/entity\/bog\">Isten<\/span> ez az. <span id=\"urn:enhancement-7337ab87\" class=\"textannotation disambiguated wl-other\" itemid=\"http:\/\/data.wordlift.io\/wl01857\/entity\/stworca\">Alkot\u00f3<\/span>, <span id=\"urn:enhancement-796a4bfe\" class=\"textannotation disambiguated wl-other\" itemid=\"http:\/\/data.wordlift.io\/wl01378\/entity\/bog\">Isten<\/span> ez az. <span id=\"urn:enhancement-edfb61bf\" class=\"textannotation disambiguated wl-other\" itemid=\"http:\/\/data.wordlift.io\/wl01857\/entity\/pan_mitologia\">Mr<\/span>, <span id=\"urn:enhancement-4068ea53\" class=\"textannotation disambiguated wl-other\" itemid=\"http:\/\/data.wordlift.io\/wl01378\/entity\/bog\">Isten<\/span> ez a Megv\u00e1lt\u00f3, <span id=\"urn:enhancement-ca38ecf8\" class=\"textannotation disambiguated wl-other\" itemid=\"http:\/\/data.wordlift.io\/wl01378\/entity\/bog\">Isten<\/span> Ez az Irgalom. Ez sz\u00e1mtalan j\u00f3s\u00e1g. <span id=\"urn:enhancement-6f69c456\" class=\"textannotation disambiguated wl-other\" itemid=\"http:\/\/data.wordlift.io\/wl01378\/entity\/bog\">Isten<\/span> minden pillanat, ami minket \u00e9rint, j\u00f3 \u00e9s rossz egyar\u00e1nt. <span id=\"urn:enhancement-87396432\" class=\"textannotation disambiguated wl-other\" itemid=\"http:\/\/data.wordlift.io\/wl01378\/entity\/bog\">Isten<\/span> teh\u00e1t a Minden.<\/p>","protected":false},"excerpt":{"rendered":"<p>Co to jest B\u00f3g? Jest to chyba jedno z najtrudniejszych, a zarazem naj\u0142atwiejszych pyta\u0144 jakie mo\u017ce zada\u0107 sobie cz\u0142owiek. Z jednej strony, od zawsze wyobra\u017camy sobie Boga jako istot\u0119 \u017cyw\u0105. Najwi\u0119ksi arty\u015bci, najwi\u0119ksi malarze oraz poeci w swych dzia\u0142ach przedstawiaj\u0105 Go pod postaci\u0105 ludzkiej istoty. Wyobra\u017caj\u0105c sobie naszego Pana, przypisujemy mu wiele ludzkich cech. Zastanawiaj\u0105c &hellip;<\/p>","protected":false},"author":1,"featured_media":40,"comment_status":"open","ping_status":"open","sticky":false,"template":"","format":"standard","meta":{"footnotes":""},"categories":[5],"tags":[],"class_list":["post-39","post","type-post","status-publish","format-standard","has-post-thumbnail","hentry","category-bog"],"yoast_head":"<!-- This site is optimized with the Yoast SEO plugin v27.5 - https:\/\/yoast.com\/product\/yoast-seo-wordpress\/ -->\n<title>Co to jest B\u00f3g? To Stw\u00f3rca, to Pan, to Zbawiciel - Chrystus PL<\/title>\n<meta name=\"description\" content=\"Co to jest B\u00f3g? Jest to chyba jedno z najtrudniejszych, a zarazem naj\u0142atwiejszych pyta\u0144 jakie mo\u017ce zada\u0107 sobie cz\u0142owiek. Z jednej strony, od zawsze\" \/>\n<meta name=\"robots\" content=\"index, follow, max-snippet:-1, max-image-preview:large, max-video-preview:-1\" \/>\n<link rel=\"canonical\" href=\"https:\/\/chrystus.pl\/hu\/what-is-god-2\/\" \/>\n<meta property=\"og:locale\" content=\"hu_HU\" \/>\n<meta property=\"og:type\" content=\"article\" \/>\n<meta property=\"og:title\" content=\"Co to jest B\u00f3g? To Stw\u00f3rca, to Pan, to Zbawiciel - Chrystus PL\" \/>\n<meta property=\"og:description\" content=\"Co to jest B\u00f3g? Jest to chyba jedno z najtrudniejszych, a zarazem naj\u0142atwiejszych pyta\u0144 jakie mo\u017ce zada\u0107 sobie cz\u0142owiek. Z jednej strony, od zawsze\" \/>\n<meta property=\"og:url\" content=\"https:\/\/chrystus.pl\/hu\/what-is-god-2\/\" \/>\n<meta property=\"og:site_name\" content=\"Chrystus\" \/>\n<meta property=\"article:published_time\" content=\"2019-03-25T00:47:03+00:00\" \/>\n<meta property=\"article:modified_time\" content=\"2020-01-13T07:53:04+00:00\" \/>\n<meta property=\"og:image\" content=\"https:\/\/chrystus.pl\/wp-content\/uploads\/2019\/03\/co-to-jest-Bo\u0301g.jpg\" \/>\n\t<meta property=\"og:image:width\" content=\"1280\" \/>\n\t<meta property=\"og:image:height\" content=\"853\" \/>\n\t<meta property=\"og:image:type\" content=\"image\/jpeg\" \/>\n<meta name=\"author\" content=\"Samarytanka\" \/>\n<meta name=\"twitter:card\" content=\"summary_large_image\" \/>\n<meta name=\"twitter:label1\" content=\"Szerz\u0151:\" \/>\n\t<meta name=\"twitter:data1\" content=\"Samarytanka\" \/>\n\t<meta name=\"twitter:label2\" content=\"Becs\u00fclt olvas\u00e1si id\u0151\" \/>\n\t<meta name=\"twitter:data2\" content=\"1 perc\" \/>\n<!-- \/ Yoast SEO plugin. -->","yoast_head_json":{"title":"Mi az Isten? Ez a Teremt\u0151, ez az \u00dar, ez a Megv\u00e1lt\u00f3 - Krisztus HU","description":"Mi az Isten? Ez tal\u00e1n az egyik legnehezebb \u00e9s m\u00e9gis legk\u00f6nnyebb k\u00e9rd\u00e9s, amit az ember feltehet mag\u00e1nak. Egyr\u00e9szt, az id\u0151k kezdete \u00f3ta","robots":{"index":"index","follow":"follow","max-snippet":"max-snippet:-1","max-image-preview":"max-image-preview:large","max-video-preview":"max-video-preview:-1"},"canonical":"https:\/\/chrystus.pl\/hu\/what-is-god-2\/","og_locale":"hu_HU","og_type":"article","og_title":"Co to jest B\u00f3g? To Stw\u00f3rca, to Pan, to Zbawiciel - Chrystus PL","og_description":"Co to jest B\u00f3g? Jest to chyba jedno z najtrudniejszych, a zarazem naj\u0142atwiejszych pyta\u0144 jakie mo\u017ce zada\u0107 sobie cz\u0142owiek. Z jednej strony, od zawsze","og_url":"https:\/\/chrystus.pl\/hu\/what-is-god-2\/","og_site_name":"Chrystus","article_published_time":"2019-03-25T00:47:03+00:00","article_modified_time":"2020-01-13T07:53:04+00:00","og_image":[{"width":1280,"height":853,"url":"https:\/\/chrystus.pl\/wp-content\/uploads\/2019\/03\/co-to-jest-Bo\u0301g.jpg","type":"image\/jpeg"}],"author":"Samarytanka","twitter_card":"summary_large_image","twitter_misc":{"Szerz\u0151:":"Samarytanka","Becs\u00fclt olvas\u00e1si id\u0151":"1 perc"},"schema":{"@context":"https:\/\/schema.org","@graph":[{"@type":"Article","@id":"https:\/\/chrystus.pl\/co-to-jest-bog\/#article","isPartOf":{"@id":"https:\/\/chrystus.pl\/co-to-jest-bog\/"},"author":{"name":"Samarytanka","@id":"https:\/\/chrystus.pl\/#\/schema\/person\/e2e742452b8b7b2bcd23ea180671d27a"},"headline":"Co to jest B\u00f3g?","datePublished":"2019-03-25T00:47:03+00:00","dateModified":"2020-01-13T07:53:04+00:00","mainEntityOfPage":{"@id":"https:\/\/chrystus.pl\/co-to-jest-bog\/"},"wordCount":257,"commentCount":0,"publisher":{"@id":"https:\/\/chrystus.pl\/#organization"},"image":{"@id":"https:\/\/chrystus.pl\/co-to-jest-bog\/#primaryimage"},"thumbnailUrl":"https:\/\/chrystus.pl\/wp-content\/uploads\/2019\/03\/co-to-jest-Bo\u0301g.jpg","articleSection":["B\u00f3g"],"inLanguage":"hu","potentialAction":[{"@type":"CommentAction","name":"Comment","target":["https:\/\/chrystus.pl\/co-to-jest-bog\/#respond"]}]},{"@type":"WebPage","@id":"https:\/\/chrystus.pl\/co-to-jest-bog\/","url":"https:\/\/chrystus.pl\/co-to-jest-bog\/","name":"Mi az Isten? Ez a Teremt\u0151, ez az \u00dar, ez a Megv\u00e1lt\u00f3 - Krisztus HU","isPartOf":{"@id":"https:\/\/chrystus.pl\/#website"},"primaryImageOfPage":{"@id":"https:\/\/chrystus.pl\/co-to-jest-bog\/#primaryimage"},"image":{"@id":"https:\/\/chrystus.pl\/co-to-jest-bog\/#primaryimage"},"thumbnailUrl":"https:\/\/chrystus.pl\/wp-content\/uploads\/2019\/03\/co-to-jest-Bo\u0301g.jpg","datePublished":"2019-03-25T00:47:03+00:00","dateModified":"2020-01-13T07:53:04+00:00","description":"Mi az Isten? Ez tal\u00e1n az egyik legnehezebb \u00e9s m\u00e9gis legk\u00f6nnyebb k\u00e9rd\u00e9s, amit az ember feltehet mag\u00e1nak. Egyr\u00e9szt, az id\u0151k kezdete \u00f3ta","breadcrumb":{"@id":"https:\/\/chrystus.pl\/co-to-jest-bog\/#breadcrumb"},"inLanguage":"hu","potentialAction":[{"@type":"ReadAction","target":["https:\/\/chrystus.pl\/co-to-jest-bog\/"]}]},{"@type":"ImageObject","inLanguage":"hu","@id":"https:\/\/chrystus.pl\/co-to-jest-bog\/#primaryimage","url":"https:\/\/chrystus.pl\/wp-content\/uploads\/2019\/03\/co-to-jest-Bo\u0301g.jpg","contentUrl":"https:\/\/chrystus.pl\/wp-content\/uploads\/2019\/03\/co-to-jest-Bo\u0301g.jpg","width":1280,"height":853,"caption":"co to jest Bo\u0301g"},{"@type":"BreadcrumbList","@id":"https:\/\/chrystus.pl\/co-to-jest-bog\/#breadcrumb","itemListElement":[{"@type":"ListItem","position":1,"name":"Strona g\u0142\u00f3wna","item":"https:\/\/chrystus.pl\/"},{"@type":"ListItem","position":2,"name":"Co to jest B\u00f3g?"}]},{"@type":"WebSite","@id":"https:\/\/chrystus.pl\/#website","url":"https:\/\/chrystus.pl\/","name":"Krisztus","description":"Isten, M\u00e1ria, J\u00e9zus, \u00e1ldoz\u00e1s \u00e9s m\u00e9g sok minden m\u00e1s.","publisher":{"@id":"https:\/\/chrystus.pl\/#organization"},"potentialAction":[{"@type":"SearchAction","target":{"@type":"EntryPoint","urlTemplate":"https:\/\/chrystus.pl\/?s={search_term_string}"},"query-input":{"@type":"PropertyValueSpecification","valueRequired":true,"valueName":"search_term_string"}}],"inLanguage":"hu"},{"@type":"Organization","@id":"https:\/\/chrystus.pl\/#organization","name":"Christ.pl","url":"https:\/\/chrystus.pl\/","logo":{"@type":"ImageObject","inLanguage":"hu","@id":"https:\/\/chrystus.pl\/#\/schema\/logo\/image\/","url":"https:\/\/chrystus.pl\/wp-content\/uploads\/2019\/03\/chrystus-bog-maryja-komunia-bierzmowanie.jpg","contentUrl":"https:\/\/chrystus.pl\/wp-content\/uploads\/2019\/03\/chrystus-bog-maryja-komunia-bierzmowanie.jpg","width":1920,"height":1280,"caption":"Chrystus.pl"},"image":{"@id":"https:\/\/chrystus.pl\/#\/schema\/logo\/image\/"}},{"@type":"Person","@id":"https:\/\/chrystus.pl\/#\/schema\/person\/e2e742452b8b7b2bcd23ea180671d27a","name":"Szamarit\u00e1nus n\u0151"}]}},"_links":{"self":[{"href":"https:\/\/chrystus.pl\/hu\/wp-json\/wp\/v2\/posts\/39","targetHints":{"allow":["GET"]}}],"collection":[{"href":"https:\/\/chrystus.pl\/hu\/wp-json\/wp\/v2\/posts"}],"about":[{"href":"https:\/\/chrystus.pl\/hu\/wp-json\/wp\/v2\/types\/post"}],"author":[{"embeddable":true,"href":"https:\/\/chrystus.pl\/hu\/wp-json\/wp\/v2\/users\/1"}],"replies":[{"embeddable":true,"href":"https:\/\/chrystus.pl\/hu\/wp-json\/wp\/v2\/comments?post=39"}],"version-history":[{"count":0,"href":"https:\/\/chrystus.pl\/hu\/wp-json\/wp\/v2\/posts\/39\/revisions"}],"wp:featuredmedia":[{"embeddable":true,"href":"https:\/\/chrystus.pl\/hu\/wp-json\/wp\/v2\/media\/40"}],"wp:attachment":[{"href":"https:\/\/chrystus.pl\/hu\/wp-json\/wp\/v2\/media?parent=39"}],"wp:term":[{"taxonomy":"category","embeddable":true,"href":"https:\/\/chrystus.pl\/hu\/wp-json\/wp\/v2\/categories?post=39"},{"taxonomy":"post_tag","embeddable":true,"href":"https:\/\/chrystus.pl\/hu\/wp-json\/wp\/v2\/tags?post=39"}],"curies":[{"name":"wp","href":"https:\/\/api.w.org\/{rel}","templated":true}]}}