{"id":562,"date":"2019-04-16T00:05:52","date_gmt":"2019-04-16T00:05:52","guid":{"rendered":"https:\/\/chrystus.pl\/?p=562"},"modified":"2020-01-13T07:56:50","modified_gmt":"2020-01-13T07:56:50","slug":"jak-mojzesz-nazwal-biblijna-manne-i-czym-byla-ona-dla-izraelitow","status":"publish","type":"post","link":"https:\/\/chrystus.pl\/hu\/jak-mojzesz-nazwal-biblijna-manne-i-czym-byla-ona-dla-izraelitow\/","title":{"rendered":"Hogyan nevezte M\u00f3zes a bibliai mann\u00e1t, \u00e9s mit jelentett az izraelit\u00e1k sz\u00e1m\u00e1ra?"},"content":{"rendered":"<p>Mint a <span id=\"urn:local-text-annotation-39pgwn0c3qtzigr7j1eu39sz22wa3mxo\" class=\"textannotation disambiguated wl-person\" itemid=\"\">M\u00f3zes<\/span> \u0150 h\u00edvta a Mann\u00e1t? Mi volt a manna M\u00f3zes \u00e9s a m\u00f3zesi n\u00e9p sz\u00e1m\u00e1ra? <span id=\"urn:local-text-annotation-kphru31prntose6u9zc3xl2b9cugwrco\" class=\"textannotation disambiguated wl-thing\" itemid=\"\">Izraelit\u00e1k<\/span>? Honnan sz\u00e1rmazik egy\u00e1ltal\u00e1n, \u00e9s mi volt a jelent\u0151s\u00e9ge?<\/p>\n<p>A t\u00fara sor\u00e1n <span id=\"urn:local-text-annotation-kqppbns71qevin8z5eysfck0wxkuzbcg\" class=\"textannotation disambiguated wl-thing\" itemid=\"\">Kiv\u00e1lasztott emberek<\/span> az egyiptomi fogs\u00e1gb\u00f3l <span id=\"urn:local-text-annotation-enzmzdhxjzq8r0h8dkonee9zkrm83bup\" class=\"textannotation disambiguated wl-thing\" itemid=\"\">Az \u00edg\u00e9ret f\u00f6ldje<\/span> T\u00f6bbsz\u00f6r is megtapasztalt\u00e1k a v\u00e1ndorl\u00e1suk nagy megpr\u00f3b\u00e1ltat\u00e1sait. Nem egyszer ker\u00fcltek rendk\u00edv\u00fcl neh\u00e9z helyzetbe, \u00e9lelemhi\u00e1nyt vagy v\u00edzhi\u00e1nyt tapasztalva.<\/p>\n<p>Ne felejts\u00fck el, hogy az eg\u00e9sz \u00fat 40 \u00e9vig tartott. Tov\u00e1bbi neh\u00e9zs\u00e9get jelentett maga a terep, amelyen az izraelit\u00e1k kereszt\u00fclhaladtak. Ez volt <span id=\"urn:enhancement-d3017cd3\" class=\"textannotation disambiguated wl-other\" itemid=\"http:\/\/data.wordlift.io\/wl01857\/entity\/pustynia\">sivatag<\/span>. \u00cdgy csak megpr\u00f3b\u00e1lhatjuk elk\u00e9pzelni az ott uralkod\u00f3 kem\u00e9ny k\u00f6r\u00fclm\u00e9nyeket.<\/p>\n<p>De mindv\u00e9gig vigy\u00e1zott a n\u00e9p\u00e9re. <span id=\"urn:local-text-annotation-b861854qdyrt42pk2j1hc89jyt4zq2e6\" class=\"textannotation disambiguated wl-thing\" itemid=\"\">Mr<\/span>. Nem engedte, hogy a n\u00e9pe <a href=\"https:\/\/chrystus.pl\/hu\/czym-jest-cierpienie\/\">szenved<\/a> megfoszt\u00e1s minden l\u00e1that\u00f3 ok n\u00e9lk\u00fcl, \u00e9s a k\u00e9r\u00e9s\u00e9re M\u00f3zes \u00e9s <span id=\"urn:local-text-annotation-tu4dqrqt3fncztpsjllphrm8qyhtadth\" class=\"textannotation disambiguated wl-thing\" itemid=\"\">izraelit\u00e1k<\/span> T\u00f6bbsz\u00f6r is seg\u00edtett nekik v\u00e1ndorl\u00e1sukban.<\/p>\n<p>Az egyik legh\u00edresebb esem\u00e9ny, amely a gondvisel\u00e9sr\u0151l tan\u00faskodik. <span id=\"urn:local-text-annotation-fymca2gisq9d1kxc98v7hahgrg562fxi\" class=\"textannotation disambiguated wl-thing\" itemid=\"\">Mr<\/span> a V\u00f6r\u00f6s-tenger kett\u00e9v\u00e1l\u00e1sa volt, amikor a f\u00e1ra\u00f3 serege el\u0151l menek\u00fcltek. <span id=\"urn:local-text-annotation-feom99toojdmd9nztyfli644hxlemqmb\" class=\"textannotation disambiguated wl-thing\" itemid=\"\">egyiptomi<\/span>.<\/p>\n<p>Egy h\u00f3nappal azut\u00e1n, hogy elhagyt\u00e1k a rabszolgas\u00e1g h\u00e1z\u00e1t, az emberek panaszkodni kezdtek az \u00e9lelmiszerhi\u00e1nyra \u00e9s arra, hogy nehezen tal\u00e1lnak \u00e9lelmet. Ez volt akkor <span id=\"urn:local-text-annotation-jexgw6suz2jmsl7hbfikclj5k1vbrabj\" class=\"textannotation disambiguated wl-thing\" itemid=\"\">Mr<\/span> Azt \u00edg\u00e9rte nekik, hogy az \u00e9gb\u0151l \u00fagy hullik majd az \u00e9lelem, mint az es\u0151, \u00e9s megtartotta a szav\u00e1t. M\u00e1snap az izraelit\u00e1k valami feh\u00e9ret l\u00e1ttak a f\u00f6ld\u00f6n. Ez volt az \u00e9tel, ahogyan azt bejelentette nekik. <span id=\"urn:local-text-annotation-ovscx3gd1thyn5yku208rhb10448n9r4\" class=\"textannotation disambiguated wl-person\" itemid=\"\">M\u00f3zes<\/span>. Ez volt <span id=\"urn:local-text-annotation-n5921a6npuj2lny3uyhxlymmvcjcs6wl\" class=\"textannotation disambiguated wl-thing\" itemid=\"\">manna<\/span> az \u00e9gb\u0151l, amelynek olyan \u00edze volt, mint a m\u00e9zpelyheknek.<\/p>\n<p>Nem volt azonban szabad m\u00e1snapra \u00e9lelmiszert gy\u0171jteni\u00fck (kiv\u00e9ve a <span id=\"urn:enhancement-5207149\" class=\"textannotation disambiguated wl-other\" itemid=\"http:\/\/data.wordlift.io\/wl01857\/entity\/soboty\">Szombatonk\u00e9nt<\/span>), mivel <span id=\"urn:local-text-annotation-rfcw4yyh5wqkx9c4r1iqssqxl0oi2nbw\" class=\"textannotation disambiguated wl-thing\" itemid=\"\">manna<\/span> minden nap az \u00e9gb\u0151l hullott. Azt\u00e1n <span id=\"urn:local-text-annotation-4zzjwgys6cuduqrcuefe1n2h01yivvm8\" class=\"textannotation disambiguated wl-person\" itemid=\"\">M\u00f3zes<\/span>bejelentette a csod\u00e1latos h\u00edrt a n\u00e9p\u00e9nek, h\u00edvta a <span id=\"urn:local-text-annotation-4zlml93yj9s3s1i35cwdbyszw4haqps8\" class=\"textannotation disambiguated wl-thing\" itemid=\"\">manna<\/span> keny\u00e9r.<\/p>\n<p>&nbsp;<\/p>","protected":false},"excerpt":{"rendered":"<p>Hogyan nevezte M\u00f3zes a mann\u00e1t? Mit jelentett a manna M\u00f3zes \u00e9s az izraelit\u00e1k sz\u00e1m\u00e1ra? Honnan sz\u00e1rmazott egy\u00e1ltal\u00e1n, \u00e9s mi volt a jelent\u0151s\u00e9ge? A v\u00e1lasztott n\u00e9p \u00fatja sor\u00e1n az egyiptomi rabszolgas\u00e1gb\u00f3l az \u00cdg\u00e9ret F\u00f6ldj\u00e9re vezet\u0151 \u00faton t\u00f6bbsz\u00f6r is megtapasztalt\u00e1k az \u00fat nagy megpr\u00f3b\u00e1ltat\u00e1sait. Nem egy alkalommal rendk\u00edv\u00fcl neh\u00e9z helyzetbe ker\u00fcltek, megtapasztalt\u00e1k az \u00e9lelemhi\u00e1nyt vagy a v\u00edzhi\u00e1nyt. ...<\/p>","protected":false},"author":1,"featured_media":563,"comment_status":"open","ping_status":"closed","sticky":false,"template":"","format":"standard","meta":{"footnotes":""},"categories":[49],"tags":[],"class_list":["post-562","post","type-post","status-publish","format-standard","has-post-thumbnail","hentry","category-mojzesz"],"yoast_head":"<!-- This site is optimized with the Yoast SEO plugin v27.5 - https:\/\/yoast.com\/product\/yoast-seo-wordpress\/ -->\n<title>Jak Moj\u017cesz nazwa\u0142 Biblijn\u0105 Mann\u0119 i Czym by\u0142a ona dla Izraelit\u00f3w<\/title>\n<meta name=\"description\" content=\"Jak Moj\u017cesz nazwa\u0142 Mann\u0119? Czym by\u0142a Manna dla Moj\u017cesza oraz dla Izraelit\u00f3w? Sk\u0105d si\u0119 ona w og\u00f3le wzi\u0119\u0142a i jakie mia\u0142a znaczenie? W trakcie w\u0119dr\u00f3wki Narodu\" \/>\n<meta name=\"robots\" content=\"index, follow, max-snippet:-1, max-image-preview:large, max-video-preview:-1\" \/>\n<link rel=\"canonical\" href=\"https:\/\/chrystus.pl\/hu\/hogyan-mozes-nevezte-bibliai-ember-es-mi-volna-az-izraelitaknak\/\" \/>\n<meta property=\"og:locale\" content=\"hu_HU\" \/>\n<meta property=\"og:type\" content=\"article\" \/>\n<meta property=\"og:title\" content=\"Jak Moj\u017cesz nazwa\u0142 Biblijn\u0105 Mann\u0119 i Czym by\u0142a ona dla Izraelit\u00f3w\" \/>\n<meta property=\"og:description\" content=\"Jak Moj\u017cesz nazwa\u0142 Mann\u0119? Czym by\u0142a Manna dla Moj\u017cesza oraz dla Izraelit\u00f3w? Sk\u0105d si\u0119 ona w og\u00f3le wzi\u0119\u0142a i jakie mia\u0142a znaczenie? W trakcie w\u0119dr\u00f3wki Narodu\" \/>\n<meta property=\"og:url\" content=\"https:\/\/chrystus.pl\/hu\/hogyan-mozes-nevezte-bibliai-ember-es-mi-volna-az-izraelitaknak\/\" \/>\n<meta property=\"og:site_name\" content=\"Chrystus\" \/>\n<meta property=\"article:published_time\" content=\"2019-04-16T00:05:52+00:00\" \/>\n<meta property=\"article:modified_time\" content=\"2020-01-13T07:56:50+00:00\" \/>\n<meta property=\"og:image\" content=\"https:\/\/chrystus.pl\/wp-content\/uploads\/2019\/04\/Jak-Mojz\u0307esz-nazwa\u0142-Manne\u0328-i-Czym-by\u0142a-dla-Izraelito\u0301w.jpg\" \/>\n\t<meta property=\"og:image:width\" content=\"1280\" \/>\n\t<meta property=\"og:image:height\" content=\"1280\" \/>\n\t<meta property=\"og:image:type\" content=\"image\/jpeg\" \/>\n<meta name=\"author\" content=\"Samarytanka\" \/>\n<meta name=\"twitter:card\" content=\"summary_large_image\" \/>\n<meta name=\"twitter:label1\" content=\"Szerz\u0151:\" \/>\n\t<meta name=\"twitter:data1\" content=\"Samarytanka\" \/>\n\t<meta name=\"twitter:label2\" content=\"Becs\u00fclt olvas\u00e1si id\u0151\" \/>\n\t<meta name=\"twitter:data2\" content=\"1 perc\" \/>\n<!-- \/ Yoast SEO plugin. -->","yoast_head_json":{"title":"Hogyan nevezte el M\u00f3zes a bibliai mann\u00e1t, \u00e9s mit jelentett az izraelit\u00e1k sz\u00e1m\u00e1ra?","description":"Hogyan nevezte M\u00f3zes a mann\u00e1t? Mit jelentett a manna M\u00f3zes \u00e9s az izraelit\u00e1k sz\u00e1m\u00e1ra? Honnan sz\u00e1rmazik egy\u00e1ltal\u00e1n, \u00e9s mi volt a jelent\u0151s\u00e9ge? Az emberek v\u00e1ndorl\u00e1sa sor\u00e1n","robots":{"index":"index","follow":"follow","max-snippet":"max-snippet:-1","max-image-preview":"max-image-preview:large","max-video-preview":"max-video-preview:-1"},"canonical":"https:\/\/chrystus.pl\/hu\/hogyan-mozes-nevezte-bibliai-ember-es-mi-volna-az-izraelitaknak\/","og_locale":"hu_HU","og_type":"article","og_title":"Jak Moj\u017cesz nazwa\u0142 Biblijn\u0105 Mann\u0119 i Czym by\u0142a ona dla Izraelit\u00f3w","og_description":"Jak Moj\u017cesz nazwa\u0142 Mann\u0119? Czym by\u0142a Manna dla Moj\u017cesza oraz dla Izraelit\u00f3w? Sk\u0105d si\u0119 ona w og\u00f3le wzi\u0119\u0142a i jakie mia\u0142a znaczenie? W trakcie w\u0119dr\u00f3wki Narodu","og_url":"https:\/\/chrystus.pl\/hu\/hogyan-mozes-nevezte-bibliai-ember-es-mi-volna-az-izraelitaknak\/","og_site_name":"Chrystus","article_published_time":"2019-04-16T00:05:52+00:00","article_modified_time":"2020-01-13T07:56:50+00:00","og_image":[{"width":1280,"height":1280,"url":"https:\/\/chrystus.pl\/wp-content\/uploads\/2019\/04\/Jak-Mojz\u0307esz-nazwa\u0142-Manne\u0328-i-Czym-by\u0142a-dla-Izraelito\u0301w.jpg","type":"image\/jpeg"}],"author":"Samarytanka","twitter_card":"summary_large_image","twitter_misc":{"Szerz\u0151:":"Samarytanka","Becs\u00fclt olvas\u00e1si id\u0151":"1 perc"},"schema":{"@context":"https:\/\/schema.org","@graph":[{"@type":"Article","@id":"https:\/\/chrystus.pl\/jak-mojzesz-nazwal-biblijna-manne-i-czym-byla-ona-dla-izraelitow\/#article","isPartOf":{"@id":"https:\/\/chrystus.pl\/jak-mojzesz-nazwal-biblijna-manne-i-czym-byla-ona-dla-izraelitow\/"},"author":{"name":"Samarytanka","@id":"https:\/\/chrystus.pl\/#\/schema\/person\/e2e742452b8b7b2bcd23ea180671d27a"},"headline":"Jak Moj\u017cesz nazwa\u0142 Biblijn\u0105 Mann\u0119 i Czym by\u0142a ona dla Izraelit\u00f3w?","datePublished":"2019-04-16T00:05:52+00:00","dateModified":"2020-01-13T07:56:50+00:00","mainEntityOfPage":{"@id":"https:\/\/chrystus.pl\/jak-mojzesz-nazwal-biblijna-manne-i-czym-byla-ona-dla-izraelitow\/"},"wordCount":302,"commentCount":0,"publisher":{"@id":"https:\/\/chrystus.pl\/#organization"},"image":{"@id":"https:\/\/chrystus.pl\/jak-mojzesz-nazwal-biblijna-manne-i-czym-byla-ona-dla-izraelitow\/#primaryimage"},"thumbnailUrl":"https:\/\/chrystus.pl\/wp-content\/uploads\/2019\/04\/Jak-Mojz\u0307esz-nazwa\u0142-Manne\u0328-i-Czym-by\u0142a-dla-Izraelito\u0301w.jpg","articleSection":["Moj\u017cesz"],"inLanguage":"hu","potentialAction":[{"@type":"CommentAction","name":"Comment","target":["https:\/\/chrystus.pl\/jak-mojzesz-nazwal-biblijna-manne-i-czym-byla-ona-dla-izraelitow\/#respond"]}]},{"@type":"WebPage","@id":"https:\/\/chrystus.pl\/jak-mojzesz-nazwal-biblijna-manne-i-czym-byla-ona-dla-izraelitow\/","url":"https:\/\/chrystus.pl\/jak-mojzesz-nazwal-biblijna-manne-i-czym-byla-ona-dla-izraelitow\/","name":"Hogyan nevezte el M\u00f3zes a bibliai mann\u00e1t, \u00e9s mit jelentett az izraelit\u00e1k sz\u00e1m\u00e1ra?","isPartOf":{"@id":"https:\/\/chrystus.pl\/#website"},"primaryImageOfPage":{"@id":"https:\/\/chrystus.pl\/jak-mojzesz-nazwal-biblijna-manne-i-czym-byla-ona-dla-izraelitow\/#primaryimage"},"image":{"@id":"https:\/\/chrystus.pl\/jak-mojzesz-nazwal-biblijna-manne-i-czym-byla-ona-dla-izraelitow\/#primaryimage"},"thumbnailUrl":"https:\/\/chrystus.pl\/wp-content\/uploads\/2019\/04\/Jak-Mojz\u0307esz-nazwa\u0142-Manne\u0328-i-Czym-by\u0142a-dla-Izraelito\u0301w.jpg","datePublished":"2019-04-16T00:05:52+00:00","dateModified":"2020-01-13T07:56:50+00:00","description":"Hogyan nevezte M\u00f3zes a mann\u00e1t? Mit jelentett a manna M\u00f3zes \u00e9s az izraelit\u00e1k sz\u00e1m\u00e1ra? Honnan sz\u00e1rmazik egy\u00e1ltal\u00e1n, \u00e9s mi volt a jelent\u0151s\u00e9ge? Az emberek v\u00e1ndorl\u00e1sa sor\u00e1n","breadcrumb":{"@id":"https:\/\/chrystus.pl\/jak-mojzesz-nazwal-biblijna-manne-i-czym-byla-ona-dla-izraelitow\/#breadcrumb"},"inLanguage":"hu","potentialAction":[{"@type":"ReadAction","target":["https:\/\/chrystus.pl\/jak-mojzesz-nazwal-biblijna-manne-i-czym-byla-ona-dla-izraelitow\/"]}]},{"@type":"ImageObject","inLanguage":"hu","@id":"https:\/\/chrystus.pl\/jak-mojzesz-nazwal-biblijna-manne-i-czym-byla-ona-dla-izraelitow\/#primaryimage","url":"https:\/\/chrystus.pl\/wp-content\/uploads\/2019\/04\/Jak-Mojz\u0307esz-nazwa\u0142-Manne\u0328-i-Czym-by\u0142a-dla-Izraelito\u0301w.jpg","contentUrl":"https:\/\/chrystus.pl\/wp-content\/uploads\/2019\/04\/Jak-Mojz\u0307esz-nazwa\u0142-Manne\u0328-i-Czym-by\u0142a-dla-Izraelito\u0301w.jpg","width":1280,"height":1280,"caption":"Jak Mojz\u0307esz nazwa\u0142 Manne\u0328 i Czym by\u0142a dla Izraelito\u0301w"},{"@type":"BreadcrumbList","@id":"https:\/\/chrystus.pl\/jak-mojzesz-nazwal-biblijna-manne-i-czym-byla-ona-dla-izraelitow\/#breadcrumb","itemListElement":[{"@type":"ListItem","position":1,"name":"Strona g\u0142\u00f3wna","item":"https:\/\/chrystus.pl\/"},{"@type":"ListItem","position":2,"name":"Jak Moj\u017cesz nazwa\u0142 Biblijn\u0105 Mann\u0119 i Czym by\u0142a ona dla Izraelit\u00f3w?"}]},{"@type":"WebSite","@id":"https:\/\/chrystus.pl\/#website","url":"https:\/\/chrystus.pl\/","name":"Krisztus","description":"Isten, M\u00e1ria, J\u00e9zus, \u00e1ldoz\u00e1s \u00e9s m\u00e9g sok minden m\u00e1s.","publisher":{"@id":"https:\/\/chrystus.pl\/#organization"},"potentialAction":[{"@type":"SearchAction","target":{"@type":"EntryPoint","urlTemplate":"https:\/\/chrystus.pl\/?s={search_term_string}"},"query-input":{"@type":"PropertyValueSpecification","valueRequired":true,"valueName":"search_term_string"}}],"inLanguage":"hu"},{"@type":"Organization","@id":"https:\/\/chrystus.pl\/#organization","name":"Christ.pl","url":"https:\/\/chrystus.pl\/","logo":{"@type":"ImageObject","inLanguage":"hu","@id":"https:\/\/chrystus.pl\/#\/schema\/logo\/image\/","url":"https:\/\/chrystus.pl\/wp-content\/uploads\/2019\/03\/chrystus-bog-maryja-komunia-bierzmowanie.jpg","contentUrl":"https:\/\/chrystus.pl\/wp-content\/uploads\/2019\/03\/chrystus-bog-maryja-komunia-bierzmowanie.jpg","width":1920,"height":1280,"caption":"Chrystus.pl"},"image":{"@id":"https:\/\/chrystus.pl\/#\/schema\/logo\/image\/"}},{"@type":"Person","@id":"https:\/\/chrystus.pl\/#\/schema\/person\/e2e742452b8b7b2bcd23ea180671d27a","name":"Szamarit\u00e1nus n\u0151"}]}},"_links":{"self":[{"href":"https:\/\/chrystus.pl\/hu\/wp-json\/wp\/v2\/posts\/562","targetHints":{"allow":["GET"]}}],"collection":[{"href":"https:\/\/chrystus.pl\/hu\/wp-json\/wp\/v2\/posts"}],"about":[{"href":"https:\/\/chrystus.pl\/hu\/wp-json\/wp\/v2\/types\/post"}],"author":[{"embeddable":true,"href":"https:\/\/chrystus.pl\/hu\/wp-json\/wp\/v2\/users\/1"}],"replies":[{"embeddable":true,"href":"https:\/\/chrystus.pl\/hu\/wp-json\/wp\/v2\/comments?post=562"}],"version-history":[{"count":0,"href":"https:\/\/chrystus.pl\/hu\/wp-json\/wp\/v2\/posts\/562\/revisions"}],"wp:featuredmedia":[{"embeddable":true,"href":"https:\/\/chrystus.pl\/hu\/wp-json\/wp\/v2\/media\/563"}],"wp:attachment":[{"href":"https:\/\/chrystus.pl\/hu\/wp-json\/wp\/v2\/media?parent=562"}],"wp:term":[{"taxonomy":"category","embeddable":true,"href":"https:\/\/chrystus.pl\/hu\/wp-json\/wp\/v2\/categories?post=562"},{"taxonomy":"post_tag","embeddable":true,"href":"https:\/\/chrystus.pl\/hu\/wp-json\/wp\/v2\/tags?post=562"}],"curies":[{"name":"wp","href":"https:\/\/api.w.org\/{rel}","templated":true}]}}