{"id":570,"date":"2019-04-16T00:07:38","date_gmt":"2019-04-16T00:07:38","guid":{"rendered":"https:\/\/chrystus.pl\/?p=570"},"modified":"2020-01-13T07:47:54","modified_gmt":"2020-01-13T07:47:54","slug":"kim-zostal-mojzesz-po-ucieczce-z-egiptu","status":"publish","type":"post","link":"https:\/\/chrystus.pl\/hu\/kim-zostal-mojzesz-po-ucieczce-z-egiptu\/","title":{"rendered":"Ki lett M\u00f3zes az Egyiptomb\u00f3l val\u00f3 menek\u00fcl\u00e9s ut\u00e1n"},"content":{"rendered":"<p>Ki volt <span id=\"urn:local-text-annotation-p29redjyza59h9jn0t3i3df7g2naysfv\" class=\"textannotation disambiguated wl-person\" itemid=\"http:\/\/data.wordlift.io\/wl01378\/entity\/mojzesz\">M\u00f3zes<\/span> \u00e9s mit tett? Ki lett bel\u0151le <span id=\"urn:local-text-annotation-w6ad0y2nk1pr1y5cf6diot6yyonnhwjz\" class=\"textannotation disambiguated wl-person\" itemid=\"http:\/\/data.wordlift.io\/wl01378\/entity\/mojzesz\">M\u00f3zes<\/span> miut\u00e1n megsz\u00f6k\u00f6tt <span id=\"urn:local-text-annotation-wzuzr1sly7716zvt3kytp6ax93axfu1a\" class=\"textannotation disambiguated wl-thing\" itemid=\"http:\/\/data.wordlift.io\/wl01378\/entity\/starozytny_egipt\">Egyiptom<\/span>?<\/p>\n<p>K\u00e9ts\u00e9gtelen, hogy <span id=\"urn:local-text-annotation-aqyxwrzfsaahd62g54llk5w7d7udubys\" class=\"textannotation disambiguated wl-person\" itemid=\"http:\/\/data.wordlift.io\/wl01378\/entity\/mojzesz\">M\u00f3zes<\/span> nagyszer\u0171 szem\u00e9lyis\u00e9g volt, \u00e9s szem\u00e9ly\u00e9vel \u00e9s tetteivel hatalmas nyomot hagyott az eg\u00e9sz vil\u00e1g t\u00f6rt\u00e9nelm\u00e9ben. <span id=\"urn:local-text-annotation-iwvanxl2gt8lq47htyjz5yeya9vhq6s7\" class=\"textannotation disambiguated wl-thing\" itemid=\"http:\/\/data.wordlift.io\/wl01378\/entity\/narod_wybrany\">Kiv\u00e1lasztott emberek<\/span>. Az sem k\u00e9ts\u00e9ges, hogy <span id=\"urn:local-text-annotation-waplliv5jcghc2wrosml3p78frkuelv5\" class=\"textannotation disambiguated wl-person\" itemid=\"http:\/\/data.wordlift.io\/wl01378\/entity\/mojzesz\">M\u00f3zes<\/span> t\u00f6rt\u00e9nelmi szem\u00e9lyis\u00e9g volt. Val\u00f3sz\u00edn\u0171leg a Kr. e. 13. sz\u00e1zadban \u00e9lt. A bibliai besz\u00e1mol\u00f3k szerint 120 \u00e9vig is \u00e9lt.<\/p>\n<p>Tiszt\u00e1n t\u00f6rt\u00e9nelmi szempontb\u00f3l <span id=\"urn:local-text-annotation-240lfjcti25lnc9xlwnqu8vorll1hk2g\" class=\"textannotation disambiguated wl-person\" itemid=\"http:\/\/data.wordlift.io\/wl01378\/entity\/mojzesz\">M\u00f3zes<\/span> \u0150 egy pr\u00f3f\u00e9ta volt. \u0150 is vezet\u0151 volt <span id=\"urn:local-text-annotation-lbqk0dtjklk5kh3i4j0uehop7jenx6k1\" class=\"textannotation disambiguated wl-thing\" itemid=\"http:\/\/data.wordlift.io\/wl01378\/entity\/zydzi\">Izraelit\u00e1k<\/span> a menek\u00fcl\u00e9s\u00fck sor\u00e1n <span id=\"urn:local-text-annotation-cjv4gt4kspqvrhvarmvpaiar880i7rv4\" class=\"textannotation disambiguated wl-thing\" itemid=\"http:\/\/data.wordlift.io\/wl01378\/entity\/starozytny_egipt\">Egyiptom<\/span> \u00e9s egy 40 \u00e9ves utaz\u00e1s <span id=\"urn:local-text-annotation-7kda1qldn3u3prla5qld42bplkwv3emj\" class=\"textannotation disambiguated wl-thing\" itemid=\"http:\/\/data.wordlift.io\/wl01378\/entity\/ziemia_obiecana_biblia\">Az \u00edg\u00e9ret f\u00f6ldje<\/span>.<\/p>\n<p><span id=\"urn:local-text-annotation-m90f124np4gtg5qx6y2lu7cxwg2aho8c\" class=\"textannotation disambiguated wl-person\" itemid=\"http:\/\/data.wordlift.io\/wl01378\/entity\/mojzesz\">M\u00f3zes<\/span> Amar\u00e1m \u00e9s Joch\u00e1bel fia volt. \u0150 sz\u00fcletett abban az id\u0151ben, amikor a nagy m\u00e9sz\u00e1rl\u00e1s izraelita csecsem\u0151k a <span id=\"urn:local-text-annotation-3xgm8wm4ige31hzi581a5ewcb739ffqb\" class=\"textannotation disambiguated wl-place\" itemid=\"http:\/\/data.wordlift.io\/wl01378\/entity\/egipt\">egyiptom<\/span>Azonban kiv\u00e9telesen sikeresen megv\u00e9dte mag\u00e1t elnyom\u00f3it\u00f3l. <span id=\"urn:local-text-annotation-r6n6y7r7yeffoktpw1f0coqdsbjopejr\" class=\"textannotation disambiguated wl-person\" itemid=\"http:\/\/data.wordlift.io\/wl01378\/entity\/mojzesz\">M\u00f3zes<\/span> A f\u00e1ra\u00f3 l\u00e1nya nevelte fel, ami lehet\u0151v\u00e9 tette sz\u00e1m\u00e1ra, hogy megfelel\u0151 oktat\u00e1sban r\u00e9szes\u00fclj\u00f6n. Kezdett\u0151l fogva kiv\u00e1l\u00f3 tag volt. <span id=\"urn:local-text-annotation-qnrwm2jfnrcfdlm9lzo6wxvtiv1i4l8c\" class=\"textannotation disambiguated wl-thing\" itemid=\"http:\/\/data.wordlift.io\/wl01378\/entity\/spolecznosc_2\">k\u00f6z\u00f6ss\u00e9gek<\/span>. Az eti\u00f3piai n\u00e9pek elleni inv\u00e1zi\u00f3 sor\u00e1n gy\u0151zelemre vezette az egyiptomi sereget.<\/p>\n<p>Ez\u00e9rt ott m\u00e1r nagyszer\u0171 vezet\u0151k\u00e9nt ismert\u00e9k el. Mint azt a cikkek kor\u00e1bbi r\u00e9szeib\u0151l tudjuk, \u0151t is kiv\u00e1lasztotta a <span id=\"urn:local-text-annotation-zb3ggy3ckcnqadxxuws8o7c2usy7qer4\" class=\"textannotation disambiguated wl-thing\" itemid=\"http:\/\/data.wordlift.io\/wl01378\/entity\/jahwe\">Jahve<\/span> f\u0151n\u00f6k <span id=\"urn:local-text-annotation-qbfhoxk9657iqk24c07k30t7dsrh8qyf\" class=\"textannotation disambiguated wl-thing\" itemid=\"http:\/\/data.wordlift.io\/wl01378\/entity\/zydzi\">Izraelit\u00e1k<\/span> miut\u00e1n megsz\u00f6k\u00f6tt <span id=\"urn:local-text-annotation-2me47a6q8wjhz77b92dfnfs8phvpeufb\" class=\"textannotation disambiguated wl-thing\" itemid=\"http:\/\/data.wordlift.io\/wl01378\/entity\/starozytny_egipt\">Egyiptom<\/span>. <span id=\"urn:local-text-annotation-vye4mkrzvofu7lqdn8dvsfffyibuvdrc\" class=\"textannotation disambiguated wl-person\" itemid=\"http:\/\/data.wordlift.io\/wl01378\/entity\/mojzesz\">M\u00f3zes<\/span> Nagy dolgokat tett \u00e9s sokat el\u00e9rt. Nagy vezet\u0151 lett, de nagy pr\u00f3f\u00e9ta is, \u00e9s k\u00f6zvet\u00edt\u0151 a k\u00f6vetkez\u0151k k\u00f6z\u00f6tt <span id=\"urn:enhancement-37b51704\" class=\"textannotation disambiguated wl-other\" itemid=\"http:\/\/data.wordlift.io\/wl01857\/entity\/kyrios\">Panem<\/span> \u00e9s a n\u00e9p\u00e9t. Rem\u00e9nyt adott nekik, \u00e9s elvezette \u0151ket a c\u00e9ljukhoz.<\/p>\n<p><span>\u00a0<\/span><\/p>","protected":false},"excerpt":{"rendered":"<p>Kim by\u0142 Moj\u017cesz i czego dokona\u0142? Kim zosta\u0142 Moj\u017cesz po ucieczce z Egiptu? Nie ma w\u0105tpliwo\u015bci co do tego, \u017ce Moj\u017cesz by\u0142 wielk\u0105 postaci\u0105 i swoj\u0105 osob\u0105 oraz swoimi dzia\u0142aniami odcisn\u0105\u0142 ogromne pi\u0119tno na historii ca\u0142ego Narodu Wybranego. Nie ma r\u00f3wnie\u017c w\u0105tpliwo\u015bci co do tego, \u017ce Moj\u017cesz by\u0142 postaci\u0105 historyczn\u0105. Prawdopodobnie \u017cy\u0142 w XIII wieku &hellip;<\/p>","protected":false},"author":1,"featured_media":571,"comment_status":"open","ping_status":"closed","sticky":false,"template":"","format":"standard","meta":{"footnotes":""},"categories":[49],"tags":[],"class_list":["post-570","post","type-post","status-publish","format-standard","has-post-thumbnail","hentry","category-mojzesz"],"yoast_head":"<!-- This site is optimized with the Yoast SEO plugin v27.5 - https:\/\/yoast.com\/product\/yoast-seo-wordpress\/ -->\n<title>Kim zosta\u0142 Moj\u017cesz po ucieczce z Egiptu - Chrystus<\/title>\n<meta name=\"description\" content=\"Kim by\u0142 Moj\u017cesz i czego dokona\u0142? Kim zosta\u0142 Moj\u017cesz po ucieczce z Egiptu? Nie ma w\u0105tpliwo\u015bci co do tego, \u017ce Moj\u017cesz by\u0142 wielk\u0105 postaci\u0105 i swoj\u0105 osob\u0105 oraz\" \/>\n<meta name=\"robots\" content=\"index, follow, max-snippet:-1, max-image-preview:large, max-video-preview:-1\" \/>\n<link rel=\"canonical\" href=\"https:\/\/chrystus.pl\/hu\/aki-az-egyiptombol-valo-visszateres-utan-mozes-lett\/\" \/>\n<meta property=\"og:locale\" content=\"hu_HU\" \/>\n<meta property=\"og:type\" content=\"article\" \/>\n<meta property=\"og:title\" content=\"Kim zosta\u0142 Moj\u017cesz po ucieczce z Egiptu - Chrystus\" \/>\n<meta property=\"og:description\" content=\"Kim by\u0142 Moj\u017cesz i czego dokona\u0142? Kim zosta\u0142 Moj\u017cesz po ucieczce z Egiptu? Nie ma w\u0105tpliwo\u015bci co do tego, \u017ce Moj\u017cesz by\u0142 wielk\u0105 postaci\u0105 i swoj\u0105 osob\u0105 oraz\" \/>\n<meta property=\"og:url\" content=\"https:\/\/chrystus.pl\/hu\/aki-az-egyiptombol-valo-visszateres-utan-mozes-lett\/\" \/>\n<meta property=\"og:site_name\" content=\"Chrystus\" \/>\n<meta property=\"article:published_time\" content=\"2019-04-16T00:07:38+00:00\" \/>\n<meta property=\"article:modified_time\" content=\"2020-01-13T07:47:54+00:00\" \/>\n<meta property=\"og:image\" content=\"https:\/\/chrystus.pl\/wp-content\/uploads\/2019\/04\/Kim-zosta\u0142-Mojz\u0307esz-po-ucieczce-z-Egiptu.jpg\" \/>\n\t<meta property=\"og:image:width\" content=\"1280\" \/>\n\t<meta property=\"og:image:height\" content=\"480\" \/>\n\t<meta property=\"og:image:type\" content=\"image\/jpeg\" \/>\n<meta name=\"author\" content=\"Samarytanka\" \/>\n<meta name=\"twitter:card\" content=\"summary_large_image\" \/>\n<meta name=\"twitter:label1\" content=\"Szerz\u0151:\" \/>\n\t<meta name=\"twitter:data1\" content=\"Samarytanka\" \/>\n\t<meta name=\"twitter:label2\" content=\"Becs\u00fclt olvas\u00e1si id\u0151\" \/>\n\t<meta name=\"twitter:data2\" content=\"1 perc\" \/>\n<!-- \/ Yoast SEO plugin. -->","yoast_head_json":{"title":"Ki lett M\u00f3zes az egyiptomi menek\u00fcl\u00e9s ut\u00e1n - Krisztus.","description":"Ki volt M\u00f3zes \u00e9s mit csin\u00e1lt? Ki lett M\u00f3zes az egyiptomi menek\u00fcl\u00e9s ut\u00e1n? K\u00e9ts\u00e9gtelen, hogy M\u00f3zes egy nagy alak volt, \u00e9s az \u0151 szem\u00e9lye \u00e9s","robots":{"index":"index","follow":"follow","max-snippet":"max-snippet:-1","max-image-preview":"max-image-preview:large","max-video-preview":"max-video-preview:-1"},"canonical":"https:\/\/chrystus.pl\/hu\/aki-az-egyiptombol-valo-visszateres-utan-mozes-lett\/","og_locale":"hu_HU","og_type":"article","og_title":"Kim zosta\u0142 Moj\u017cesz po ucieczce z Egiptu - Chrystus","og_description":"Kim by\u0142 Moj\u017cesz i czego dokona\u0142? Kim zosta\u0142 Moj\u017cesz po ucieczce z Egiptu? Nie ma w\u0105tpliwo\u015bci co do tego, \u017ce Moj\u017cesz by\u0142 wielk\u0105 postaci\u0105 i swoj\u0105 osob\u0105 oraz","og_url":"https:\/\/chrystus.pl\/hu\/aki-az-egyiptombol-valo-visszateres-utan-mozes-lett\/","og_site_name":"Chrystus","article_published_time":"2019-04-16T00:07:38+00:00","article_modified_time":"2020-01-13T07:47:54+00:00","og_image":[{"width":1280,"height":480,"url":"https:\/\/chrystus.pl\/wp-content\/uploads\/2019\/04\/Kim-zosta\u0142-Mojz\u0307esz-po-ucieczce-z-Egiptu.jpg","type":"image\/jpeg"}],"author":"Samarytanka","twitter_card":"summary_large_image","twitter_misc":{"Szerz\u0151:":"Samarytanka","Becs\u00fclt olvas\u00e1si id\u0151":"1 perc"},"schema":{"@context":"https:\/\/schema.org","@graph":[{"@type":"Article","@id":"https:\/\/chrystus.pl\/kim-zostal-mojzesz-po-ucieczce-z-egiptu\/#article","isPartOf":{"@id":"https:\/\/chrystus.pl\/kim-zostal-mojzesz-po-ucieczce-z-egiptu\/"},"author":{"name":"Samarytanka","@id":"https:\/\/chrystus.pl\/#\/schema\/person\/e2e742452b8b7b2bcd23ea180671d27a"},"headline":"Kim zosta\u0142 Moj\u017cesz po ucieczce z Egiptu","datePublished":"2019-04-16T00:07:38+00:00","dateModified":"2020-01-13T07:47:54+00:00","mainEntityOfPage":{"@id":"https:\/\/chrystus.pl\/kim-zostal-mojzesz-po-ucieczce-z-egiptu\/"},"wordCount":257,"commentCount":0,"publisher":{"@id":"https:\/\/chrystus.pl\/#organization"},"image":{"@id":"https:\/\/chrystus.pl\/kim-zostal-mojzesz-po-ucieczce-z-egiptu\/#primaryimage"},"thumbnailUrl":"https:\/\/chrystus.pl\/wp-content\/uploads\/2019\/04\/Kim-zosta\u0142-Mojz\u0307esz-po-ucieczce-z-Egiptu.jpg","articleSection":["Moj\u017cesz"],"inLanguage":"hu","potentialAction":[{"@type":"CommentAction","name":"Comment","target":["https:\/\/chrystus.pl\/kim-zostal-mojzesz-po-ucieczce-z-egiptu\/#respond"]}]},{"@type":"WebPage","@id":"https:\/\/chrystus.pl\/kim-zostal-mojzesz-po-ucieczce-z-egiptu\/","url":"https:\/\/chrystus.pl\/kim-zostal-mojzesz-po-ucieczce-z-egiptu\/","name":"Ki lett M\u00f3zes az egyiptomi menek\u00fcl\u00e9s ut\u00e1n - Krisztus.","isPartOf":{"@id":"https:\/\/chrystus.pl\/#website"},"primaryImageOfPage":{"@id":"https:\/\/chrystus.pl\/kim-zostal-mojzesz-po-ucieczce-z-egiptu\/#primaryimage"},"image":{"@id":"https:\/\/chrystus.pl\/kim-zostal-mojzesz-po-ucieczce-z-egiptu\/#primaryimage"},"thumbnailUrl":"https:\/\/chrystus.pl\/wp-content\/uploads\/2019\/04\/Kim-zosta\u0142-Mojz\u0307esz-po-ucieczce-z-Egiptu.jpg","datePublished":"2019-04-16T00:07:38+00:00","dateModified":"2020-01-13T07:47:54+00:00","description":"Ki volt M\u00f3zes \u00e9s mit csin\u00e1lt? Ki lett M\u00f3zes az egyiptomi menek\u00fcl\u00e9s ut\u00e1n? K\u00e9ts\u00e9gtelen, hogy M\u00f3zes egy nagy alak volt, \u00e9s az \u0151 szem\u00e9lye \u00e9s","breadcrumb":{"@id":"https:\/\/chrystus.pl\/kim-zostal-mojzesz-po-ucieczce-z-egiptu\/#breadcrumb"},"inLanguage":"hu","potentialAction":[{"@type":"ReadAction","target":["https:\/\/chrystus.pl\/kim-zostal-mojzesz-po-ucieczce-z-egiptu\/"]}]},{"@type":"ImageObject","inLanguage":"hu","@id":"https:\/\/chrystus.pl\/kim-zostal-mojzesz-po-ucieczce-z-egiptu\/#primaryimage","url":"https:\/\/chrystus.pl\/wp-content\/uploads\/2019\/04\/Kim-zosta\u0142-Mojz\u0307esz-po-ucieczce-z-Egiptu.jpg","contentUrl":"https:\/\/chrystus.pl\/wp-content\/uploads\/2019\/04\/Kim-zosta\u0142-Mojz\u0307esz-po-ucieczce-z-Egiptu.jpg","width":1280,"height":480,"caption":"Kim zosta\u0142 Mojz\u0307esz po ucieczce z Egiptu"},{"@type":"BreadcrumbList","@id":"https:\/\/chrystus.pl\/kim-zostal-mojzesz-po-ucieczce-z-egiptu\/#breadcrumb","itemListElement":[{"@type":"ListItem","position":1,"name":"Strona g\u0142\u00f3wna","item":"https:\/\/chrystus.pl\/"},{"@type":"ListItem","position":2,"name":"Kim zosta\u0142 Moj\u017cesz po ucieczce z Egiptu"}]},{"@type":"WebSite","@id":"https:\/\/chrystus.pl\/#website","url":"https:\/\/chrystus.pl\/","name":"Krisztus","description":"Isten, M\u00e1ria, J\u00e9zus, \u00e1ldoz\u00e1s \u00e9s m\u00e9g sok minden m\u00e1s.","publisher":{"@id":"https:\/\/chrystus.pl\/#organization"},"potentialAction":[{"@type":"SearchAction","target":{"@type":"EntryPoint","urlTemplate":"https:\/\/chrystus.pl\/?s={search_term_string}"},"query-input":{"@type":"PropertyValueSpecification","valueRequired":true,"valueName":"search_term_string"}}],"inLanguage":"hu"},{"@type":"Organization","@id":"https:\/\/chrystus.pl\/#organization","name":"Christ.pl","url":"https:\/\/chrystus.pl\/","logo":{"@type":"ImageObject","inLanguage":"hu","@id":"https:\/\/chrystus.pl\/#\/schema\/logo\/image\/","url":"https:\/\/chrystus.pl\/wp-content\/uploads\/2019\/03\/chrystus-bog-maryja-komunia-bierzmowanie.jpg","contentUrl":"https:\/\/chrystus.pl\/wp-content\/uploads\/2019\/03\/chrystus-bog-maryja-komunia-bierzmowanie.jpg","width":1920,"height":1280,"caption":"Chrystus.pl"},"image":{"@id":"https:\/\/chrystus.pl\/#\/schema\/logo\/image\/"}},{"@type":"Person","@id":"https:\/\/chrystus.pl\/#\/schema\/person\/e2e742452b8b7b2bcd23ea180671d27a","name":"Szamarit\u00e1nus n\u0151"}]}},"_links":{"self":[{"href":"https:\/\/chrystus.pl\/hu\/wp-json\/wp\/v2\/posts\/570","targetHints":{"allow":["GET"]}}],"collection":[{"href":"https:\/\/chrystus.pl\/hu\/wp-json\/wp\/v2\/posts"}],"about":[{"href":"https:\/\/chrystus.pl\/hu\/wp-json\/wp\/v2\/types\/post"}],"author":[{"embeddable":true,"href":"https:\/\/chrystus.pl\/hu\/wp-json\/wp\/v2\/users\/1"}],"replies":[{"embeddable":true,"href":"https:\/\/chrystus.pl\/hu\/wp-json\/wp\/v2\/comments?post=570"}],"version-history":[{"count":0,"href":"https:\/\/chrystus.pl\/hu\/wp-json\/wp\/v2\/posts\/570\/revisions"}],"wp:featuredmedia":[{"embeddable":true,"href":"https:\/\/chrystus.pl\/hu\/wp-json\/wp\/v2\/media\/571"}],"wp:attachment":[{"href":"https:\/\/chrystus.pl\/hu\/wp-json\/wp\/v2\/media?parent=570"}],"wp:term":[{"taxonomy":"category","embeddable":true,"href":"https:\/\/chrystus.pl\/hu\/wp-json\/wp\/v2\/categories?post=570"},{"taxonomy":"post_tag","embeddable":true,"href":"https:\/\/chrystus.pl\/hu\/wp-json\/wp\/v2\/tags?post=570"}],"curies":[{"name":"wp","href":"https:\/\/api.w.org\/{rel}","templated":true}]}}