{"id":581,"date":"2019-06-01T11:25:13","date_gmt":"2019-06-01T11:25:13","guid":{"rendered":"https:\/\/chrystus.pl\/?p=581"},"modified":"2020-04-26T22:44:22","modified_gmt":"2020-04-26T22:44:22","slug":"gdzie-umarl-jezus-wszystko-o-tym-gdzie-zmarl","status":"publish","type":"post","link":"https:\/\/chrystus.pl\/hu\/gdzie-umarl-jezus-wszystko-o-tym-gdzie-zmarl\/","title":{"rendered":"Hol halt meg J\u00e9zus? Mindent arr\u00f3l, hogy hol halt meg"},"content":{"rendered":"<div id=\"ez-toc-container\" class=\"ez-toc-v2_0_82_2 counter-hierarchy ez-toc-counter ez-toc-custom ez-toc-container-direction\">\n<p class=\"ez-toc-title\" style=\"cursor:inherit\">Tartalomjegyz\u00e9k<\/p>\n<label for=\"ez-toc-cssicon-toggle-item-69f13b8c09f69\" class=\"ez-toc-cssicon-toggle-label\"><span class=\"\"><span class=\"eztoc-hide\" style=\"display:none;\">Toggle<\/span><span class=\"ez-toc-icon-toggle-span\"><svg style=\"fill: #ffffff;color:#ffffff\" xmlns=\"http:\/\/www.w3.org\/2000\/svg\" class=\"list-377408\" width=\"20px\" height=\"20px\" viewbox=\"0 0 24 24\" fill=\"none\"><path d=\"M6 6H4v2h2V6zm14 0H8v2h12V6zM4 11h2v2H4v-2zm16 0H8v2h12v-2zM4 16h2v2H4v-2zm16 0H8v2h12v-2z\" fill=\"currentColor\"><\/path><\/svg><svg style=\"fill: #ffffff;color:#ffffff\" class=\"arrow-unsorted-368013\" xmlns=\"http:\/\/www.w3.org\/2000\/svg\" width=\"10px\" height=\"10px\" viewbox=\"0 0 24 24\" version=\"1.2\" baseprofile=\"tiny\"><path d=\"M18.2 9.3l-6.2-6.3-6.2 6.3c-.2.2-.3.4-.3.7s.1.5.3.7c.2.2.4.3.7.3h11c.3 0 .5-.1.7-.3.2-.2.3-.5.3-.7s-.1-.5-.3-.7zM5.8 14.7l6.2 6.3 6.2-6.3c.2-.2.3-.5.3-.7s-.1-.5-.3-.7c-.2-.2-.4-.3-.7-.3h-11c-.3 0-.5.1-.7.3-.2.2-.3.5-.3.7s.1.5.3.7z\"\/><\/svg><\/span><\/span><\/label><input type=\"checkbox\"  id=\"ez-toc-cssicon-toggle-item-69f13b8c09f69\"  aria-label=\"Toggle\" \/><nav><ul class='ez-toc-list ez-toc-list-level-1' ><li class='ez-toc-page-1 ez-toc-heading-level-2'><a class=\"ez-toc-link ez-toc-heading-1\" href=\"https:\/\/chrystus.pl\/hu\/gdzie-umarl-jezus-wszystko-o-tym-gdzie-zmarl\/#Gdzie_umarl_Jezus_Chrystus\" >Hol halt meg J\u00e9zus Krisztus?<\/a><\/li><li class='ez-toc-page-1 ez-toc-heading-level-2'><a class=\"ez-toc-link ez-toc-heading-2\" href=\"https:\/\/chrystus.pl\/hu\/gdzie-umarl-jezus-wszystko-o-tym-gdzie-zmarl\/#Gdzie_umarl_Jezus\" >Ahol J\u00e9zus meghalt<\/a><\/li><\/ul><\/nav><\/div>\n<h2><span class=\"ez-toc-section\" id=\"Gdzie_umarl_Jezus_Chrystus\"><\/span>Hol halt meg J\u00e9zus Krisztus?<span class=\"ez-toc-section-end\"><\/span><\/h2>\n<p>Jezus umar\u0142 w <span class=\"textannotation disambiguated wl-other\" id=\"urn:enhancement-ff313702\">Szentf\u00f6ld<\/span>. <span class=\"textannotation disambiguated wl-other\" id=\"urn:enhancement-f7b9a65f\">Szentf\u00f6ld<\/span> to miejsce \u015bmierci Jezusa Chrystusa na krzy\u017cu bardzo cz\u0119sto odwiedzane przez pielgrzym\u00f3w.<\/p>\n<p>Hat\u00e1rid\u0151 <span class=\"textannotation disambiguated wl-other\" id=\"urn:enhancement-aa874819\">Szentf\u00f6ld<\/span> a <span class=\"textannotation disambiguated wl-other\" id=\"urn:enhancement-382606ce\">Levelek<\/span> Szent \u00e9s azt jelenti <span class=\"textannotation disambiguated wl-other\" id=\"urn:enhancement-71b3871\">Palesztina<\/span> \u00e9s <span class=\"textannotation disambiguated wl-place\" id=\"urn:enhancement-faffab17\">Izrael<\/span>az esem\u00e9nyek helysz\u00edne <span class=\"textannotation disambiguated wl-other\" id=\"urn:enhancement-1587c019\">R\u00e9gi<\/span> i <span class=\"textannotation disambiguated wl-other\" id=\"urn:enhancement-c2bbb682\">\u00dajsz\u00f6vets\u00e9g<\/span>. W tym miejscu w\u0142a\u015bnie umar\u0142 i zmartwychwsta\u0142 Jezus Chrystus. W temacie m\u0119ki, \u015bmierci i zmartwychwstania <span class=\"textannotation disambiguated wl-other\" id=\"urn:enhancement-750491b3\">Mr<\/span> J\u00e9zust kell id\u00e9zni a hely, hogy a Mount <span class=\"textannotation disambiguated wl-place\" id=\"urn:enhancement-41c4ed26\">Golgota<\/span>ami latinul kopony\u00e1t jelent. Ez egy domb, amely k\u00f6zel van <span class=\"textannotation disambiguated wl-place\" id=\"urn:enhancement-2dda2382\">Jeruzs\u00e1lem<\/span>.<\/p>\n<h2><span class=\"ez-toc-section\" id=\"Gdzie_umarl_Jezus\"><\/span>Ahol J\u00e9zus meghalt<span class=\"ez-toc-section-end\"><\/span><\/h2>\n<p>Itt v\u00e9gezt\u00e9k ki az el\u00edt\u00e9lteket. <span class=\"textannotation disambiguated wl-place\" id=\"urn:enhancement-e6a66faf\">Golgota<\/span> egyben J\u00e9zus szenved\u00e9s\u00e9nek metafor\u00e1ja is, amely egy im\u00e1val kezd\u0151d\u00f6tt a <span class=\"textannotation disambiguated wl-place\" id=\"urn:enhancement-a9e4899d\">Az olajf\u00e1k kertje<\/span>\u00e9s J\u00e9zus kereszthal\u00e1l\u00e1val \u00e9rt v\u00e9get. <span class=\"textannotation disambiguated wl-place\" id=\"urn:enhancement-f283b35e\">Olive Garden<\/span> a Cedron-v\u00f6lgyben, a Cedron-hegys\u00e9g l\u00e1b\u00e1n\u00e1l fekv\u0151 ter\u00fclet. <span class=\"textannotation disambiguated wl-place\" id=\"urn:enhancement-61f14f5f\">Olajf\u00e1k hegye<\/span> w <span class=\"textannotation disambiguated wl-place\" id=\"urn:enhancement-5c2efe4\">Jeruzs\u00e1lem<\/span> Izraelben. Ez az a hely, ahol J\u00e9zus az elfog\u00e1sa \u00e9s hal\u00e1lra \u00edt\u00e9l\u00e9se el\u0151tti este imavirraszt\u00e1st tartott apostolaival. Napjainkban m\u00e9g mindig vannak vit\u00e1k a t\u00f6rt\u00e9n\u00e9szek k\u00f6z\u00f6tt arr\u00f3l, hogy hol a <span class=\"textannotation disambiguated wl-place\" id=\"urn:enhancement-8a27df72\">Golgota<\/span>.<\/p>\n<p>A t\u00f6rt\u00e9n\u00e9szek vitatj\u00e1k, hogy a jelenlegi hely\u00e9n \u00e1llt-e. <span class=\"textannotation disambiguated wl-place\" id=\"urn:enhancement-4f5a4f41\">Szent S\u00edr-bazilika<\/span>, a legfontosabb kereszt\u00e9ny templom tal\u00e1lhat\u00f3 <span class=\"textannotation disambiguated wl-place\" id=\"urn:enhancement-dfbe49fa\">Kereszt\u00e9ny negyed<\/span> a  c\u00edmen. <span class=\"textannotation disambiguated wl-other\" id=\"urn:enhancement-edd98738\">R\u00e9gi<\/span> V\u00e1ros <span class=\"textannotation disambiguated wl-place\" id=\"urn:enhancement-e9ad2233\">Jeruzs\u00e1lem<\/span>J\u00e9zus Krisztus szenved\u00e9s\u00e9nek, keresztre fesz\u00edt\u00e9s\u00e9nek, eltemet\u00e9s\u00e9nek \u00e9s felt\u00e1mad\u00e1s\u00e1nak \u00e1ll\u00edt\u00f3lagos helysz\u00edn\u00e9n, vagy az al\u00e1bbi dombok egyik\u00e9n. <span class=\"textannotation disambiguated wl-place\" id=\"urn:enhancement-c7aff283\">Jeruzs\u00e1lem<\/span>.<\/p>","protected":false},"excerpt":{"rendered":"<p>Gdzie umar\u0142 Jezus Chrystus? Jezus umar\u0142 w Ziemi \u015awi\u0119tej. Ziemia \u015awi\u0119ta to miejsce \u015bmierci Jezusa Chrystusa na krzy\u017cu bardzo cz\u0119sto odwiedzane przez pielgrzym\u00f3w. Termin Ziemia \u015awi\u0119ta zosta\u0142 zaczerpni\u0119ty z Pisma \u015awi\u0119tego i oznacza Palestyn\u0119 oraz Izrael, czyli miejsca rozgrywania si\u0119 wydarze\u0144 Starego i Nowego Testamentu. W tym miejscu w\u0142a\u015bnie umar\u0142 i zmartwychwsta\u0142 Jezus Chrystus. W &hellip;<\/p>","protected":false},"author":1,"featured_media":582,"comment_status":"open","ping_status":"closed","sticky":false,"template":"","format":"standard","meta":{"footnotes":""},"categories":[52],"tags":[],"class_list":["post-581","post","type-post","status-publish","format-standard","has-post-thumbnail","hentry","category-jezus"],"yoast_head":"<!-- This site is optimized with the Yoast SEO plugin v27.5 - https:\/\/yoast.com\/product\/yoast-seo-wordpress\/ -->\n<title>Gdzie umar\u0142 Jezus? Wszystko o tym gdzie zmar\u0142 - Chrystus<\/title>\n<meta name=\"description\" content=\"Gdzie umar\u0142 Jezus Chrystus? Jezus umar\u0142 w Ziemi \u015awi\u0119tej. Ziemia \u015awi\u0119ta to miejsce \u015bmierci Jezusa Chrystusa na krzy\u017cu bardzo cz\u0119sto odwiedzane przez\" \/>\n<meta name=\"robots\" content=\"index, follow, max-snippet:-1, max-image-preview:large, max-video-preview:-1\" \/>\n<link rel=\"canonical\" href=\"https:\/\/chrystus.pl\/hu\/where-died-jeus-all-about-where-died\/\" \/>\n<meta property=\"og:locale\" content=\"hu_HU\" \/>\n<meta property=\"og:type\" content=\"article\" \/>\n<meta property=\"og:title\" content=\"Gdzie umar\u0142 Jezus? Wszystko o tym gdzie zmar\u0142 - Chrystus\" \/>\n<meta property=\"og:description\" content=\"Gdzie umar\u0142 Jezus Chrystus? Jezus umar\u0142 w Ziemi \u015awi\u0119tej. Ziemia \u015awi\u0119ta to miejsce \u015bmierci Jezusa Chrystusa na krzy\u017cu bardzo cz\u0119sto odwiedzane przez\" \/>\n<meta property=\"og:url\" content=\"https:\/\/chrystus.pl\/hu\/where-died-jeus-all-about-where-died\/\" \/>\n<meta property=\"og:site_name\" content=\"Chrystus\" \/>\n<meta property=\"article:published_time\" content=\"2019-06-01T11:25:13+00:00\" \/>\n<meta property=\"article:modified_time\" content=\"2020-04-26T22:44:22+00:00\" \/>\n<meta property=\"og:image\" content=\"https:\/\/chrystus.pl\/wp-content\/uploads\/2019\/06\/gdzie-umarl-jezus.png\" \/>\n\t<meta property=\"og:image:width\" content=\"640\" \/>\n\t<meta property=\"og:image:height\" content=\"454\" \/>\n\t<meta property=\"og:image:type\" content=\"image\/png\" \/>\n<meta name=\"author\" content=\"Samarytanka\" \/>\n<meta name=\"twitter:card\" content=\"summary_large_image\" \/>\n<meta name=\"twitter:label1\" content=\"Szerz\u0151:\" \/>\n\t<meta name=\"twitter:data1\" content=\"Samarytanka\" \/>\n\t<meta name=\"twitter:label2\" content=\"Becs\u00fclt olvas\u00e1si id\u0151\" \/>\n\t<meta name=\"twitter:data2\" content=\"1 perc\" \/>\n<!-- \/ Yoast SEO plugin. -->","yoast_head_json":{"title":"Hol halt meg J\u00e9zus? Minden arr\u00f3l, hogy hol halt meg - Krisztus","description":"Hol halt meg J\u00e9zus Krisztus? J\u00e9zus a Szentf\u00f6ld\u00f6n halt meg. A Szentf\u00f6ld az a hely, ahol J\u00e9zus Krisztus meghalt a kereszten, \u00e9s nagyon gyakran l\u00e1togatj\u00e1k meg a","robots":{"index":"index","follow":"follow","max-snippet":"max-snippet:-1","max-image-preview":"max-image-preview:large","max-video-preview":"max-video-preview:-1"},"canonical":"https:\/\/chrystus.pl\/hu\/where-died-jeus-all-about-where-died\/","og_locale":"hu_HU","og_type":"article","og_title":"Gdzie umar\u0142 Jezus? Wszystko o tym gdzie zmar\u0142 - Chrystus","og_description":"Gdzie umar\u0142 Jezus Chrystus? Jezus umar\u0142 w Ziemi \u015awi\u0119tej. Ziemia \u015awi\u0119ta to miejsce \u015bmierci Jezusa Chrystusa na krzy\u017cu bardzo cz\u0119sto odwiedzane przez","og_url":"https:\/\/chrystus.pl\/hu\/where-died-jeus-all-about-where-died\/","og_site_name":"Chrystus","article_published_time":"2019-06-01T11:25:13+00:00","article_modified_time":"2020-04-26T22:44:22+00:00","og_image":[{"width":640,"height":454,"url":"https:\/\/chrystus.pl\/wp-content\/uploads\/2019\/06\/gdzie-umarl-jezus.png","type":"image\/png"}],"author":"Samarytanka","twitter_card":"summary_large_image","twitter_misc":{"Szerz\u0151:":"Samarytanka","Becs\u00fclt olvas\u00e1si id\u0151":"1 perc"},"schema":{"@context":"https:\/\/schema.org","@graph":[{"@type":"Article","@id":"https:\/\/chrystus.pl\/gdzie-umarl-jezus-wszystko-o-tym-gdzie-zmarl\/#article","isPartOf":{"@id":"https:\/\/chrystus.pl\/gdzie-umarl-jezus-wszystko-o-tym-gdzie-zmarl\/"},"author":{"name":"Samarytanka","@id":"https:\/\/chrystus.pl\/#\/schema\/person\/e2e742452b8b7b2bcd23ea180671d27a"},"headline":"Gdzie umar\u0142 Jezus? Wszystko o tym gdzie zmar\u0142","datePublished":"2019-06-01T11:25:13+00:00","dateModified":"2020-04-26T22:44:22+00:00","mainEntityOfPage":{"@id":"https:\/\/chrystus.pl\/gdzie-umarl-jezus-wszystko-o-tym-gdzie-zmarl\/"},"wordCount":272,"commentCount":0,"publisher":{"@id":"https:\/\/chrystus.pl\/#organization"},"image":{"@id":"https:\/\/chrystus.pl\/gdzie-umarl-jezus-wszystko-o-tym-gdzie-zmarl\/#primaryimage"},"thumbnailUrl":"https:\/\/chrystus.pl\/wp-content\/uploads\/2019\/06\/gdzie-umarl-jezus.png","articleSection":["Jezus"],"inLanguage":"hu","potentialAction":[{"@type":"CommentAction","name":"Comment","target":["https:\/\/chrystus.pl\/gdzie-umarl-jezus-wszystko-o-tym-gdzie-zmarl\/#respond"]}]},{"@type":"WebPage","@id":"https:\/\/chrystus.pl\/gdzie-umarl-jezus-wszystko-o-tym-gdzie-zmarl\/","url":"https:\/\/chrystus.pl\/gdzie-umarl-jezus-wszystko-o-tym-gdzie-zmarl\/","name":"Hol halt meg J\u00e9zus? Minden arr\u00f3l, hogy hol halt meg - Krisztus","isPartOf":{"@id":"https:\/\/chrystus.pl\/#website"},"primaryImageOfPage":{"@id":"https:\/\/chrystus.pl\/gdzie-umarl-jezus-wszystko-o-tym-gdzie-zmarl\/#primaryimage"},"image":{"@id":"https:\/\/chrystus.pl\/gdzie-umarl-jezus-wszystko-o-tym-gdzie-zmarl\/#primaryimage"},"thumbnailUrl":"https:\/\/chrystus.pl\/wp-content\/uploads\/2019\/06\/gdzie-umarl-jezus.png","datePublished":"2019-06-01T11:25:13+00:00","dateModified":"2020-04-26T22:44:22+00:00","description":"Hol halt meg J\u00e9zus Krisztus? J\u00e9zus a Szentf\u00f6ld\u00f6n halt meg. A Szentf\u00f6ld az a hely, ahol J\u00e9zus Krisztus meghalt a kereszten, \u00e9s nagyon gyakran l\u00e1togatj\u00e1k meg a","breadcrumb":{"@id":"https:\/\/chrystus.pl\/gdzie-umarl-jezus-wszystko-o-tym-gdzie-zmarl\/#breadcrumb"},"inLanguage":"hu","potentialAction":[{"@type":"ReadAction","target":["https:\/\/chrystus.pl\/gdzie-umarl-jezus-wszystko-o-tym-gdzie-zmarl\/"]}]},{"@type":"ImageObject","inLanguage":"hu","@id":"https:\/\/chrystus.pl\/gdzie-umarl-jezus-wszystko-o-tym-gdzie-zmarl\/#primaryimage","url":"https:\/\/chrystus.pl\/wp-content\/uploads\/2019\/06\/gdzie-umarl-jezus.png","contentUrl":"https:\/\/chrystus.pl\/wp-content\/uploads\/2019\/06\/gdzie-umarl-jezus.png","width":640,"height":454,"caption":"gdzie-umarl-jezus"},{"@type":"BreadcrumbList","@id":"https:\/\/chrystus.pl\/gdzie-umarl-jezus-wszystko-o-tym-gdzie-zmarl\/#breadcrumb","itemListElement":[{"@type":"ListItem","position":1,"name":"Strona g\u0142\u00f3wna","item":"https:\/\/chrystus.pl\/"},{"@type":"ListItem","position":2,"name":"Gdzie umar\u0142 Jezus? Wszystko o tym gdzie zmar\u0142"}]},{"@type":"WebSite","@id":"https:\/\/chrystus.pl\/#website","url":"https:\/\/chrystus.pl\/","name":"Krisztus","description":"Isten, M\u00e1ria, J\u00e9zus, \u00e1ldoz\u00e1s \u00e9s m\u00e9g sok minden m\u00e1s.","publisher":{"@id":"https:\/\/chrystus.pl\/#organization"},"potentialAction":[{"@type":"SearchAction","target":{"@type":"EntryPoint","urlTemplate":"https:\/\/chrystus.pl\/?s={search_term_string}"},"query-input":{"@type":"PropertyValueSpecification","valueRequired":true,"valueName":"search_term_string"}}],"inLanguage":"hu"},{"@type":"Organization","@id":"https:\/\/chrystus.pl\/#organization","name":"Christ.pl","url":"https:\/\/chrystus.pl\/","logo":{"@type":"ImageObject","inLanguage":"hu","@id":"https:\/\/chrystus.pl\/#\/schema\/logo\/image\/","url":"https:\/\/chrystus.pl\/wp-content\/uploads\/2019\/03\/chrystus-bog-maryja-komunia-bierzmowanie.jpg","contentUrl":"https:\/\/chrystus.pl\/wp-content\/uploads\/2019\/03\/chrystus-bog-maryja-komunia-bierzmowanie.jpg","width":1920,"height":1280,"caption":"Chrystus.pl"},"image":{"@id":"https:\/\/chrystus.pl\/#\/schema\/logo\/image\/"}},{"@type":"Person","@id":"https:\/\/chrystus.pl\/#\/schema\/person\/e2e742452b8b7b2bcd23ea180671d27a","name":"Szamarit\u00e1nus n\u0151"}]}},"_links":{"self":[{"href":"https:\/\/chrystus.pl\/hu\/wp-json\/wp\/v2\/posts\/581","targetHints":{"allow":["GET"]}}],"collection":[{"href":"https:\/\/chrystus.pl\/hu\/wp-json\/wp\/v2\/posts"}],"about":[{"href":"https:\/\/chrystus.pl\/hu\/wp-json\/wp\/v2\/types\/post"}],"author":[{"embeddable":true,"href":"https:\/\/chrystus.pl\/hu\/wp-json\/wp\/v2\/users\/1"}],"replies":[{"embeddable":true,"href":"https:\/\/chrystus.pl\/hu\/wp-json\/wp\/v2\/comments?post=581"}],"version-history":[{"count":0,"href":"https:\/\/chrystus.pl\/hu\/wp-json\/wp\/v2\/posts\/581\/revisions"}],"wp:featuredmedia":[{"embeddable":true,"href":"https:\/\/chrystus.pl\/hu\/wp-json\/wp\/v2\/media\/582"}],"wp:attachment":[{"href":"https:\/\/chrystus.pl\/hu\/wp-json\/wp\/v2\/media?parent=581"}],"wp:term":[{"taxonomy":"category","embeddable":true,"href":"https:\/\/chrystus.pl\/hu\/wp-json\/wp\/v2\/categories?post=581"},{"taxonomy":"post_tag","embeddable":true,"href":"https:\/\/chrystus.pl\/hu\/wp-json\/wp\/v2\/tags?post=581"}],"curies":[{"name":"wp","href":"https:\/\/api.w.org\/{rel}","templated":true}]}}