{"id":659,"date":"2019-06-01T14:08:55","date_gmt":"2019-06-01T14:08:55","guid":{"rendered":"https:\/\/chrystus.pl\/?p=659"},"modified":"2020-01-13T07:58:03","modified_gmt":"2020-01-13T07:58:03","slug":"dlaczego-jezus-musial-umrzec","status":"publish","type":"post","link":"https:\/\/chrystus.pl\/hu\/dlaczego-jezus-musial-umrzec\/","title":{"rendered":"Mi\u00e9rt kellett J\u00e9zusnak meghalnia?"},"content":{"rendered":"<p>Az \u00dar J\u00e9zus t\u00f6rt\u00e9nelmi l\u00e9tez\u00e9s\u00e9nek t\u00e9ny\u00e9t \u00e9s azt a t\u00e9nyt, hogy \u0151 egy \u00e1tlagos ember volt, aki nem t\u0171nt ki a t\u00f6megb\u0151l a megjelen\u00e9s\u00e9vel, m\u00e1r sokszor eml\u00edtett\u00fck. Ezt a tud\u00f3sok \u00e9s t\u00f6rt\u00e9n\u00e9szek is meger\u0151s\u00edtett\u00e9k, \u00e9s r\u00e9szletesen le\u00edrj\u00e1k a <span id=\"urn:enhancement-f69a5684\" class=\"textannotation disambiguated wl-other\" itemid=\"http:\/\/data.wordlift.io\/wl01857\/entity\/nowy_testament\">\u00dajsz\u00f6vets\u00e9g<\/span>. J\u00e9zus is isteni l\u00e9ny volt, de ez nem v\u00e1ltoztat azon a t\u00e9nyen, hogy fizikailag ugyan\u00fagy \u00e9lt, mint b\u00e1rmely m\u00e1s emberi l\u00e9ny abban az id\u0151ben. Ennie \u00e9s innia kellett. Fizikai f\u00e1jdalmat \u00e9rzett. Teh\u00e1t Neki is meg kellett halnia, mint b\u00e1rmely m\u00e1s emberi l\u00e9nynek. K\u00e9ts\u00e9gtelen, hogy az \u0150 hal\u00e1la <span id=\"urn:enhancement-417f3bdc\" class=\"textannotation disambiguated wl-other\" itemid=\"http:\/\/data.wordlift.io\/wl01857\/entity\/meczennik\">m\u00e1rt\u00edroms\u00e1g<\/span>. J\u00e9zus el\u0151re l\u00e1tta a sors\u00e1t, \u00e9s az utols\u00f3 vacsor\u00e1n megosztotta azt az apostolokkal. El\u00e1rult\u00e1k <span id=\"urn:enhancement-58f72e1e\" class=\"textannotation disambiguated wl-other\" itemid=\"http:\/\/data.wordlift.io\/wl01857\/entity\/judasz_iskariota\">J\u00fad\u00e1s<\/span> Elfogt\u00e1k, m\u00e1rt\u00edrhal\u00e1lt halt \u00e9s meg\u00f6lt\u00e9k a kereszten.<\/p>\n<p>Az \u00dar J\u00e9zus a vil\u00e1gra j\u00f6vetel\u00e9nek kezdet\u00e9t\u0151l fogva egy bizonyos szerepre volt hivatott. Az\u00e9rt j\u00f6tt, hogy lemossa az emberi eredend\u0151 b\u0171nt. Hal\u00e1l\u00e1val J\u00e9zus megnyitotta sz\u00e1munkra az utat a kegyelemhez. <span id=\"urn:enhancement-5488b0fc\" class=\"textannotation disambiguated wl-other\" itemid=\"http:\/\/data.wordlift.io\/wl01378\/entity\/bog_ojciec\">Atya<\/span>. Azt is bejelentett\u00e9k, hogy a v\u00e9gs\u0151 \u00edt\u00e9let el\u0151tt \u00fajra el fog j\u00f6nni. Az \u00dar J\u00e9zus m\u00e1rt\u00edrhal\u00e1la nyilv\u00e1nval\u00f3an tragikus esem\u00e9ny. Ez\u00e9rt nem szabad dics\u0151s\u00e9ges esem\u00e9nyk\u00e9nt el\u00edt\u00e9lni, de az esem\u00e9ny mindannyiunk sz\u00e1m\u00e1ra sz\u00fcks\u00e9ges volt. Az \u00dar J\u00e9zus \u00f6nk\u00e9nt adta mag\u00e1t k\u00ednvallat\u00e1sra. \u0150 bet\u00f6lt\u00f6tte a szerep\u00e9t itt a f\u00f6ld\u00f6n, \u00e9s elment az Atyj\u00e1hoz, egy jobb helyre, hogy odafent vigy\u00e1zzon \u00e9s vigy\u00e1zzon az \u00e9rdekeinkre.<\/p>\n<p>&nbsp;<\/p>","protected":false},"excerpt":{"rendered":"<p>Az \u00dar J\u00e9zus t\u00f6rt\u00e9nelmi l\u00e9tez\u00e9s\u00e9nek t\u00e9ny\u00e9t \u00e9s azt a t\u00e9nyt, hogy \u0151 egy \u00e1tlagos ember volt, aki nem t\u0171nt ki a t\u00f6megb\u0151l a megjelen\u00e9s\u00e9vel, m\u00e1r sokszor eml\u00edtett\u00fck. Ezt a tud\u00f3sok \u00e9s t\u00f6rt\u00e9n\u00e9szek is meger\u0151s\u00edtett\u00e9k, \u00e9s az \u00dajsz\u00f6vets\u00e9g is r\u00e9szletesen le\u00edrja. J\u00e9zus isteni l\u00e9ny is volt, de ez nem v\u00e1ltoztat azon a t\u00e9nyen, hogy fizikailag \u00fagy \u00e9lt, mint b\u00e1rmely m\u00e1s ember ...<\/p>","protected":false},"author":1,"featured_media":660,"comment_status":"open","ping_status":"closed","sticky":false,"template":"","format":"standard","meta":{"footnotes":""},"categories":[52],"tags":[],"class_list":["post-659","post","type-post","status-publish","format-standard","has-post-thumbnail","hentry","category-jezus"],"yoast_head":"<!-- This site is optimized with the Yoast SEO plugin v27.5 - https:\/\/yoast.com\/product\/yoast-seo-wordpress\/ -->\n<title>Dlaczego Jezus Musia\u0142 Umrze\u0107? - Chrystus<\/title>\n<meta name=\"description\" content=\"O fakcie historycznego istnienia Pana Jezusa i o tym, \u017ce by\u0142 on zwyk\u0142ym cz\u0142owiekiem, kt\u00f3ry wygl\u0105dem nie wyr\u00f3\u017cnia\u0142 si\u0119 spo\u015br\u00f3d t\u0142um\u00f3w wspominali\u015bmy ju\u017c\" \/>\n<meta name=\"robots\" content=\"index, follow, max-snippet:-1, max-image-preview:large, max-video-preview:-1\" \/>\n<link rel=\"canonical\" href=\"https:\/\/chrystus.pl\/hu\/why-jeusus-must-die-2\/\" \/>\n<meta property=\"og:locale\" content=\"hu_HU\" \/>\n<meta property=\"og:type\" content=\"article\" \/>\n<meta property=\"og:title\" content=\"Dlaczego Jezus Musia\u0142 Umrze\u0107? - Chrystus\" \/>\n<meta property=\"og:description\" content=\"O fakcie historycznego istnienia Pana Jezusa i o tym, \u017ce by\u0142 on zwyk\u0142ym cz\u0142owiekiem, kt\u00f3ry wygl\u0105dem nie wyr\u00f3\u017cnia\u0142 si\u0119 spo\u015br\u00f3d t\u0142um\u00f3w wspominali\u015bmy ju\u017c\" \/>\n<meta property=\"og:url\" content=\"https:\/\/chrystus.pl\/hu\/why-jeusus-must-die-2\/\" \/>\n<meta property=\"og:site_name\" content=\"Chrystus\" \/>\n<meta property=\"article:published_time\" content=\"2019-06-01T14:08:55+00:00\" \/>\n<meta property=\"article:modified_time\" content=\"2020-01-13T07:58:03+00:00\" \/>\n<meta property=\"og:image\" content=\"https:\/\/chrystus.pl\/wp-content\/uploads\/2019\/06\/Dlaczego-Jezus-Musia\u0142-Umrzec\u0301.jpg\" \/>\n\t<meta property=\"og:image:width\" content=\"640\" \/>\n\t<meta property=\"og:image:height\" content=\"426\" \/>\n\t<meta property=\"og:image:type\" content=\"image\/jpeg\" \/>\n<meta name=\"author\" content=\"Samarytanka\" \/>\n<meta name=\"twitter:card\" content=\"summary_large_image\" \/>\n<meta name=\"twitter:label1\" content=\"Szerz\u0151:\" \/>\n\t<meta name=\"twitter:data1\" content=\"Samarytanka\" \/>\n\t<meta name=\"twitter:label2\" content=\"Becs\u00fclt olvas\u00e1si id\u0151\" \/>\n\t<meta name=\"twitter:data2\" content=\"1 perc\" \/>\n<!-- \/ Yoast SEO plugin. -->","yoast_head_json":{"title":"Mi\u00e9rt kellett J\u00e9zusnak meghalnia? - Krisztus","description":"M\u00e1r eml\u00edtett\u00fck az \u00dar J\u00e9zus t\u00f6rt\u00e9nelmi l\u00e9tez\u00e9s\u00e9nek t\u00e9ny\u00e9t, \u00e9s azt, hogy \u0151 egy \u00e1tlagos ember volt, aki nem t\u0171nt ki a t\u00f6megb\u0151l a megjelen\u00e9s\u00e9vel.","robots":{"index":"index","follow":"follow","max-snippet":"max-snippet:-1","max-image-preview":"max-image-preview:large","max-video-preview":"max-video-preview:-1"},"canonical":"https:\/\/chrystus.pl\/hu\/why-jeusus-must-die-2\/","og_locale":"hu_HU","og_type":"article","og_title":"Dlaczego Jezus Musia\u0142 Umrze\u0107? - Chrystus","og_description":"O fakcie historycznego istnienia Pana Jezusa i o tym, \u017ce by\u0142 on zwyk\u0142ym cz\u0142owiekiem, kt\u00f3ry wygl\u0105dem nie wyr\u00f3\u017cnia\u0142 si\u0119 spo\u015br\u00f3d t\u0142um\u00f3w wspominali\u015bmy ju\u017c","og_url":"https:\/\/chrystus.pl\/hu\/why-jeusus-must-die-2\/","og_site_name":"Chrystus","article_published_time":"2019-06-01T14:08:55+00:00","article_modified_time":"2020-01-13T07:58:03+00:00","og_image":[{"width":640,"height":426,"url":"https:\/\/chrystus.pl\/wp-content\/uploads\/2019\/06\/Dlaczego-Jezus-Musia\u0142-Umrzec\u0301.jpg","type":"image\/jpeg"}],"author":"Samarytanka","twitter_card":"summary_large_image","twitter_misc":{"Szerz\u0151:":"Samarytanka","Becs\u00fclt olvas\u00e1si id\u0151":"1 perc"},"schema":{"@context":"https:\/\/schema.org","@graph":[{"@type":"Article","@id":"https:\/\/chrystus.pl\/dlaczego-jezus-musial-umrzec\/#article","isPartOf":{"@id":"https:\/\/chrystus.pl\/dlaczego-jezus-musial-umrzec\/"},"author":{"name":"Samarytanka","@id":"https:\/\/chrystus.pl\/#\/schema\/person\/e2e742452b8b7b2bcd23ea180671d27a"},"headline":"Dlaczego Jezus Musia\u0142 Umrze\u0107?","datePublished":"2019-06-01T14:08:55+00:00","dateModified":"2020-01-13T07:58:03+00:00","mainEntityOfPage":{"@id":"https:\/\/chrystus.pl\/dlaczego-jezus-musial-umrzec\/"},"wordCount":249,"commentCount":0,"publisher":{"@id":"https:\/\/chrystus.pl\/#organization"},"image":{"@id":"https:\/\/chrystus.pl\/dlaczego-jezus-musial-umrzec\/#primaryimage"},"thumbnailUrl":"https:\/\/chrystus.pl\/wp-content\/uploads\/2019\/06\/Dlaczego-Jezus-Musia\u0142-Umrzec\u0301.jpg","articleSection":["Jezus"],"inLanguage":"hu","potentialAction":[{"@type":"CommentAction","name":"Comment","target":["https:\/\/chrystus.pl\/dlaczego-jezus-musial-umrzec\/#respond"]}]},{"@type":"WebPage","@id":"https:\/\/chrystus.pl\/dlaczego-jezus-musial-umrzec\/","url":"https:\/\/chrystus.pl\/dlaczego-jezus-musial-umrzec\/","name":"Mi\u00e9rt kellett J\u00e9zusnak meghalnia? - Krisztus","isPartOf":{"@id":"https:\/\/chrystus.pl\/#website"},"primaryImageOfPage":{"@id":"https:\/\/chrystus.pl\/dlaczego-jezus-musial-umrzec\/#primaryimage"},"image":{"@id":"https:\/\/chrystus.pl\/dlaczego-jezus-musial-umrzec\/#primaryimage"},"thumbnailUrl":"https:\/\/chrystus.pl\/wp-content\/uploads\/2019\/06\/Dlaczego-Jezus-Musia\u0142-Umrzec\u0301.jpg","datePublished":"2019-06-01T14:08:55+00:00","dateModified":"2020-01-13T07:58:03+00:00","description":"M\u00e1r eml\u00edtett\u00fck az \u00dar J\u00e9zus t\u00f6rt\u00e9nelmi l\u00e9tez\u00e9s\u00e9nek t\u00e9ny\u00e9t, \u00e9s azt, hogy \u0151 egy \u00e1tlagos ember volt, aki nem t\u0171nt ki a t\u00f6megb\u0151l a megjelen\u00e9s\u00e9vel.","breadcrumb":{"@id":"https:\/\/chrystus.pl\/dlaczego-jezus-musial-umrzec\/#breadcrumb"},"inLanguage":"hu","potentialAction":[{"@type":"ReadAction","target":["https:\/\/chrystus.pl\/dlaczego-jezus-musial-umrzec\/"]}]},{"@type":"ImageObject","inLanguage":"hu","@id":"https:\/\/chrystus.pl\/dlaczego-jezus-musial-umrzec\/#primaryimage","url":"https:\/\/chrystus.pl\/wp-content\/uploads\/2019\/06\/Dlaczego-Jezus-Musia\u0142-Umrzec\u0301.jpg","contentUrl":"https:\/\/chrystus.pl\/wp-content\/uploads\/2019\/06\/Dlaczego-Jezus-Musia\u0142-Umrzec\u0301.jpg","width":640,"height":426,"caption":"Dlaczego Jezus Musia\u0142 Umrzec\u0301"},{"@type":"BreadcrumbList","@id":"https:\/\/chrystus.pl\/dlaczego-jezus-musial-umrzec\/#breadcrumb","itemListElement":[{"@type":"ListItem","position":1,"name":"Strona g\u0142\u00f3wna","item":"https:\/\/chrystus.pl\/"},{"@type":"ListItem","position":2,"name":"Dlaczego Jezus Musia\u0142 Umrze\u0107?"}]},{"@type":"WebSite","@id":"https:\/\/chrystus.pl\/#website","url":"https:\/\/chrystus.pl\/","name":"Krisztus","description":"Isten, M\u00e1ria, J\u00e9zus, \u00e1ldoz\u00e1s \u00e9s m\u00e9g sok minden m\u00e1s.","publisher":{"@id":"https:\/\/chrystus.pl\/#organization"},"potentialAction":[{"@type":"SearchAction","target":{"@type":"EntryPoint","urlTemplate":"https:\/\/chrystus.pl\/?s={search_term_string}"},"query-input":{"@type":"PropertyValueSpecification","valueRequired":true,"valueName":"search_term_string"}}],"inLanguage":"hu"},{"@type":"Organization","@id":"https:\/\/chrystus.pl\/#organization","name":"Christ.pl","url":"https:\/\/chrystus.pl\/","logo":{"@type":"ImageObject","inLanguage":"hu","@id":"https:\/\/chrystus.pl\/#\/schema\/logo\/image\/","url":"https:\/\/chrystus.pl\/wp-content\/uploads\/2019\/03\/chrystus-bog-maryja-komunia-bierzmowanie.jpg","contentUrl":"https:\/\/chrystus.pl\/wp-content\/uploads\/2019\/03\/chrystus-bog-maryja-komunia-bierzmowanie.jpg","width":1920,"height":1280,"caption":"Chrystus.pl"},"image":{"@id":"https:\/\/chrystus.pl\/#\/schema\/logo\/image\/"}},{"@type":"Person","@id":"https:\/\/chrystus.pl\/#\/schema\/person\/e2e742452b8b7b2bcd23ea180671d27a","name":"Szamarit\u00e1nus n\u0151"}]}},"_links":{"self":[{"href":"https:\/\/chrystus.pl\/hu\/wp-json\/wp\/v2\/posts\/659","targetHints":{"allow":["GET"]}}],"collection":[{"href":"https:\/\/chrystus.pl\/hu\/wp-json\/wp\/v2\/posts"}],"about":[{"href":"https:\/\/chrystus.pl\/hu\/wp-json\/wp\/v2\/types\/post"}],"author":[{"embeddable":true,"href":"https:\/\/chrystus.pl\/hu\/wp-json\/wp\/v2\/users\/1"}],"replies":[{"embeddable":true,"href":"https:\/\/chrystus.pl\/hu\/wp-json\/wp\/v2\/comments?post=659"}],"version-history":[{"count":0,"href":"https:\/\/chrystus.pl\/hu\/wp-json\/wp\/v2\/posts\/659\/revisions"}],"wp:featuredmedia":[{"embeddable":true,"href":"https:\/\/chrystus.pl\/hu\/wp-json\/wp\/v2\/media\/660"}],"wp:attachment":[{"href":"https:\/\/chrystus.pl\/hu\/wp-json\/wp\/v2\/media?parent=659"}],"wp:term":[{"taxonomy":"category","embeddable":true,"href":"https:\/\/chrystus.pl\/hu\/wp-json\/wp\/v2\/categories?post=659"},{"taxonomy":"post_tag","embeddable":true,"href":"https:\/\/chrystus.pl\/hu\/wp-json\/wp\/v2\/tags?post=659"}],"curies":[{"name":"wp","href":"https:\/\/api.w.org\/{rel}","templated":true}]}}