{"id":1567,"date":"2020-04-29T15:56:06","date_gmt":"2020-04-29T15:56:06","guid":{"rendered":"https:\/\/chrystus.pl\/?p=1567"},"modified":"2020-04-29T15:58:26","modified_gmt":"2020-04-29T15:58:26","slug":"czy-maryja-byla-dziewica","status":"publish","type":"post","link":"https:\/\/chrystus.pl\/it\/czy-maryja-byla-dziewica\/","title":{"rendered":"Maria era vergine?"},"content":{"rendered":"<p>Maria era vergine? Il fatto del grande miracolo della nascita di Ges\u00f9 Cristo dalla Vergine Maria \u00e8 uno dei dogmi indiscutibili della nostra fede. \u00c8 il cosiddetto dogma dell'Immacolata Concezione della Beata Vergine Maria.<\/p>\n<p>Definisce lo stato di santit\u00e0 in cui si trovava Maria di Nazareth e il ruolo straordinario che svolge nel Nuovo Testamento. Il dogma stesso \u00e8 stato proclamato ufficialmente dall'istituzione della Chiesa cattolica nel 1854 da Papa Pio IX. Il dogma stesso \u00e8 legato, per cos\u00ec dire, al peccato originale. L'Immacolata Concezione, infatti, \u00e8 un privilegio di Maria, che solo \u00e8 stata preservata da ogni macchia di peccato originale.<\/p>\n<p>Questa \u00e8 una verit\u00e0 rivelata da Dio e quindi tutti i credenti dovrebbero credere costantemente in questa verit\u00e0. Maria \u00e8 stata redenta dal peccato originale. La Chiesa ha sempre mantenuto la pretesa dell'immacolata concezione. Maria ha conservato la sua verginit\u00e0 sia prima che dopo la nascita di Cristo.<\/p>\n<p>Questo fu riconosciuto ufficialmente al Concilio di Costantinopoli gi\u00e0 nel 553 d.C. Un'espressione della credenza che Maria fosse vergine \u00e8 il titolo Parthenos che le \u00e8 stato applicato. Nella liturgia ortodossa, Maria \u00e8 spesso indicata come la Sempre Vergine. Alcuni studiosi ritengono che nei testi evangelici possiamo trovare la posizione di Maria, che gi\u00e0 prima dell'Annunciazione decise di custodire la sua verginit\u00e0, decidendo di donarsi completamente a Dio. L'angelo predic\u00f2 la parola di Dio a Maria, parlando della sua vocazione alla verginit\u00e0 e allo stesso tempo ad essere un segno dell'incarnazione.<\/p>","protected":false},"excerpt":{"rendered":"<p>Maria era vergine? Il fatto del grande miracolo della nascita di Ges\u00f9 Cristo dalla Vergine Maria \u00e8 uno dei dogmi indiscutibili della nostra fede. Si tratta del cosiddetto dogma dell'Immacolata Concezione della Beata Vergine Maria. Esso definisce lo stato di santit\u00e0 in cui si trovava Maria di Nazareth e il ruolo straordinario che svolge nel Nuovo Testamento. Il dogma stesso proclama ...<\/p>","protected":false},"author":1,"featured_media":1568,"comment_status":"closed","ping_status":"closed","sticky":false,"template":"","format":"standard","meta":{"footnotes":""},"categories":[64],"tags":[],"class_list":["post-1567","post","type-post","status-publish","format-standard","has-post-thumbnail","hentry","category-maryja"],"yoast_head":"<!-- This site is optimized with the Yoast SEO plugin v27.5 - https:\/\/yoast.com\/product\/yoast-seo-wordpress\/ -->\n<title>Czy Maryja by\u0142a dziewic\u0105? - Chrystus<\/title>\n<meta name=\"description\" content=\"Czy Maryja by\u0142a dziewic\u0105? Fakt wielkiego cudu jakim by\u0142y narodziny Jezusa Chrystusa z Maryi Panny jest jednym z niepodwa\u017calnych dogmat\u00f3w naszej wiary.\" \/>\n<meta name=\"robots\" content=\"index, follow, max-snippet:-1, max-image-preview:large, max-video-preview:-1\" \/>\n<link rel=\"canonical\" href=\"https:\/\/chrystus.pl\/it\/whether-mary-was-a-virgin\/\" \/>\n<meta property=\"og:locale\" content=\"it_IT\" \/>\n<meta property=\"og:type\" content=\"article\" \/>\n<meta property=\"og:title\" content=\"Czy Maryja by\u0142a dziewic\u0105?\" \/>\n<meta property=\"og:description\" content=\"Czy Maryja by\u0142a dziewic\u0105? Fakt wielkiego cudu jakim by\u0142y narodziny Jezusa Chrystusa z Maryi Panny jest jednym z niepodwa\u017calnych dogmat\u00f3w naszej wiary.\" \/>\n<meta property=\"og:url\" content=\"https:\/\/chrystus.pl\/it\/whether-mary-was-a-virgin\/\" \/>\n<meta property=\"og:site_name\" content=\"Chrystus\" \/>\n<meta property=\"article:published_time\" content=\"2020-04-29T15:56:06+00:00\" \/>\n<meta property=\"article:modified_time\" content=\"2020-04-29T15:58:26+00:00\" \/>\n<meta property=\"og:image\" content=\"https:\/\/chrystus.pl\/wp-content\/uploads\/2020\/04\/Czy-Maryja-by\u0142a-dziewica\u0328.jpg\" \/>\n\t<meta property=\"og:image:width\" content=\"640\" \/>\n\t<meta property=\"og:image:height\" content=\"426\" \/>\n\t<meta property=\"og:image:type\" content=\"image\/jpeg\" \/>\n<meta name=\"author\" content=\"Samarytanka\" \/>\n<meta name=\"twitter:card\" content=\"summary_large_image\" \/>\n<meta name=\"twitter:title\" content=\"Czy Maryja by\u0142a dziewic\u0105?\" \/>\n<meta name=\"twitter:image\" content=\"https:\/\/chrystus.pl\/wp-content\/uploads\/2020\/04\/Czy-Maryja-by\u0142a-dziewica\u0328.jpg\" \/>\n<meta name=\"twitter:label1\" content=\"Scritto da\" \/>\n\t<meta name=\"twitter:data1\" content=\"Samarytanka\" \/>\n\t<meta name=\"twitter:label2\" content=\"Tempo di lettura stimato\" \/>\n\t<meta name=\"twitter:data2\" content=\"1 minuto\" \/>\n<!-- \/ Yoast SEO plugin. -->","yoast_head_json":{"title":"Maria era vergine? - Cristo","description":"Maria era vergine? Il fatto del grande miracolo della nascita di Ges\u00f9 Cristo dalla Vergine Maria \u00e8 uno dei dogmi indiscutibili della nostra fede.","robots":{"index":"index","follow":"follow","max-snippet":"max-snippet:-1","max-image-preview":"max-image-preview:large","max-video-preview":"max-video-preview:-1"},"canonical":"https:\/\/chrystus.pl\/it\/whether-mary-was-a-virgin\/","og_locale":"it_IT","og_type":"article","og_title":"Czy Maryja by\u0142a dziewic\u0105?","og_description":"Czy Maryja by\u0142a dziewic\u0105? Fakt wielkiego cudu jakim by\u0142y narodziny Jezusa Chrystusa z Maryi Panny jest jednym z niepodwa\u017calnych dogmat\u00f3w naszej wiary.","og_url":"https:\/\/chrystus.pl\/it\/whether-mary-was-a-virgin\/","og_site_name":"Chrystus","article_published_time":"2020-04-29T15:56:06+00:00","article_modified_time":"2020-04-29T15:58:26+00:00","og_image":[{"width":640,"height":426,"url":"https:\/\/chrystus.pl\/wp-content\/uploads\/2020\/04\/Czy-Maryja-by\u0142a-dziewica\u0328.jpg","type":"image\/jpeg"}],"author":"Samarytanka","twitter_card":"summary_large_image","twitter_title":"Czy Maryja by\u0142a dziewic\u0105?","twitter_image":"https:\/\/chrystus.pl\/wp-content\/uploads\/2020\/04\/Czy-Maryja-by\u0142a-dziewica\u0328.jpg","twitter_misc":{"Scritto da":"Samarytanka","Tempo di lettura stimato":"1 minuto"},"schema":{"@context":"https:\/\/schema.org","@graph":[{"@type":"Article","@id":"https:\/\/chrystus.pl\/czy-maryja-byla-dziewica\/#article","isPartOf":{"@id":"https:\/\/chrystus.pl\/czy-maryja-byla-dziewica\/"},"author":{"name":"Samarytanka","@id":"https:\/\/chrystus.pl\/#\/schema\/person\/e2e742452b8b7b2bcd23ea180671d27a"},"headline":"Czy Maryja by\u0142a dziewic\u0105?","datePublished":"2020-04-29T15:56:06+00:00","dateModified":"2020-04-29T15:58:26+00:00","mainEntityOfPage":{"@id":"https:\/\/chrystus.pl\/czy-maryja-byla-dziewica\/"},"wordCount":257,"publisher":{"@id":"https:\/\/chrystus.pl\/#organization"},"image":{"@id":"https:\/\/chrystus.pl\/czy-maryja-byla-dziewica\/#primaryimage"},"thumbnailUrl":"https:\/\/chrystus.pl\/wp-content\/uploads\/2020\/04\/Czy-Maryja-by\u0142a-dziewica\u0328.jpg","articleSection":["Maryja"],"inLanguage":"it-IT"},{"@type":"WebPage","@id":"https:\/\/chrystus.pl\/czy-maryja-byla-dziewica\/","url":"https:\/\/chrystus.pl\/czy-maryja-byla-dziewica\/","name":"Maria era vergine? - Cristo","isPartOf":{"@id":"https:\/\/chrystus.pl\/#website"},"primaryImageOfPage":{"@id":"https:\/\/chrystus.pl\/czy-maryja-byla-dziewica\/#primaryimage"},"image":{"@id":"https:\/\/chrystus.pl\/czy-maryja-byla-dziewica\/#primaryimage"},"thumbnailUrl":"https:\/\/chrystus.pl\/wp-content\/uploads\/2020\/04\/Czy-Maryja-by\u0142a-dziewica\u0328.jpg","datePublished":"2020-04-29T15:56:06+00:00","dateModified":"2020-04-29T15:58:26+00:00","description":"Maria era vergine? Il fatto del grande miracolo della nascita di Ges\u00f9 Cristo dalla Vergine Maria \u00e8 uno dei dogmi indiscutibili della nostra fede.","breadcrumb":{"@id":"https:\/\/chrystus.pl\/czy-maryja-byla-dziewica\/#breadcrumb"},"inLanguage":"it-IT","potentialAction":[{"@type":"ReadAction","target":["https:\/\/chrystus.pl\/czy-maryja-byla-dziewica\/"]}]},{"@type":"ImageObject","inLanguage":"it-IT","@id":"https:\/\/chrystus.pl\/czy-maryja-byla-dziewica\/#primaryimage","url":"https:\/\/chrystus.pl\/wp-content\/uploads\/2020\/04\/Czy-Maryja-by\u0142a-dziewica\u0328.jpg","contentUrl":"https:\/\/chrystus.pl\/wp-content\/uploads\/2020\/04\/Czy-Maryja-by\u0142a-dziewica\u0328.jpg","width":"640","height":"426","caption":"Czy Maryja by\u0142a dziewica\u0328"},{"@type":"BreadcrumbList","@id":"https:\/\/chrystus.pl\/czy-maryja-byla-dziewica\/#breadcrumb","itemListElement":[{"@type":"ListItem","position":1,"name":"Strona g\u0142\u00f3wna","item":"https:\/\/chrystus.pl\/"},{"@type":"ListItem","position":2,"name":"Czy Maryja by\u0142a dziewic\u0105?"}]},{"@type":"WebSite","@id":"https:\/\/chrystus.pl\/#website","url":"https:\/\/chrystus.pl\/","name":"Cristo","description":"Dio, Maria, Ges\u00f9, Comunione e altro","publisher":{"@id":"https:\/\/chrystus.pl\/#organization"},"potentialAction":[{"@type":"SearchAction","target":{"@type":"EntryPoint","urlTemplate":"https:\/\/chrystus.pl\/?s={search_term_string}"},"query-input":{"@type":"PropertyValueSpecification","valueRequired":true,"valueName":"search_term_string"}}],"inLanguage":"it-IT"},{"@type":"Organization","@id":"https:\/\/chrystus.pl\/#organization","name":"Cristo.pl","url":"https:\/\/chrystus.pl\/","logo":{"@type":"ImageObject","inLanguage":"it-IT","@id":"https:\/\/chrystus.pl\/#\/schema\/logo\/image\/","url":"https:\/\/chrystus.pl\/wp-content\/uploads\/2019\/03\/chrystus-bog-maryja-komunia-bierzmowanie.jpg","contentUrl":"https:\/\/chrystus.pl\/wp-content\/uploads\/2019\/03\/chrystus-bog-maryja-komunia-bierzmowanie.jpg","width":1920,"height":1280,"caption":"Chrystus.pl"},"image":{"@id":"https:\/\/chrystus.pl\/#\/schema\/logo\/image\/"}},{"@type":"Person","@id":"https:\/\/chrystus.pl\/#\/schema\/person\/e2e742452b8b7b2bcd23ea180671d27a","name":"Donna samaritana"}]}},"_links":{"self":[{"href":"https:\/\/chrystus.pl\/it\/wp-json\/wp\/v2\/posts\/1567","targetHints":{"allow":["GET"]}}],"collection":[{"href":"https:\/\/chrystus.pl\/it\/wp-json\/wp\/v2\/posts"}],"about":[{"href":"https:\/\/chrystus.pl\/it\/wp-json\/wp\/v2\/types\/post"}],"author":[{"embeddable":true,"href":"https:\/\/chrystus.pl\/it\/wp-json\/wp\/v2\/users\/1"}],"replies":[{"embeddable":true,"href":"https:\/\/chrystus.pl\/it\/wp-json\/wp\/v2\/comments?post=1567"}],"version-history":[{"count":0,"href":"https:\/\/chrystus.pl\/it\/wp-json\/wp\/v2\/posts\/1567\/revisions"}],"wp:featuredmedia":[{"embeddable":true,"href":"https:\/\/chrystus.pl\/it\/wp-json\/wp\/v2\/media\/1568"}],"wp:attachment":[{"href":"https:\/\/chrystus.pl\/it\/wp-json\/wp\/v2\/media?parent=1567"}],"wp:term":[{"taxonomy":"category","embeddable":true,"href":"https:\/\/chrystus.pl\/it\/wp-json\/wp\/v2\/categories?post=1567"},{"taxonomy":"post_tag","embeddable":true,"href":"https:\/\/chrystus.pl\/it\/wp-json\/wp\/v2\/tags?post=1567"}],"curies":[{"name":"wp","href":"https:\/\/api.w.org\/{rel}","templated":true}]}}