{"id":163,"date":"2019-04-09T20:07:34","date_gmt":"2019-04-09T20:07:34","guid":{"rendered":"https:\/\/chrystus.pl\/?p=163"},"modified":"2019-04-09T20:07:58","modified_gmt":"2019-04-09T20:07:58","slug":"co-kosciol-mowi-o-halloween-i-podobnych-obrzadkach","status":"publish","type":"post","link":"https:\/\/chrystus.pl\/it\/co-kosciol-mowi-o-halloween-i-podobnych-obrzadkach\/","title":{"rendered":"Cosa dice la Chiesa su Halloween e riti simili?"},"content":{"rendered":"<p>Cosa <span id=\"urn:enhancement-23b1b548-9675-8117-646f-329fe87c1a8c\" class=\"textannotation disambiguated wl-thing\" itemid=\"http:\/\/data.wordlift.io\/wl01378\/entity\/kosciol_organizacja\">Chiesa<\/span> dice di <span id=\"urn:enhancement-1ff97381-ced8-4940-73fa-974364cf8395\" class=\"textannotation disambiguated wl-thing\" itemid=\"http:\/\/data.wordlift.io\/wl01378\/entity\/halloween\">Halloween<\/span> e riti simili?<\/p>\n<p><span id=\"urn:enhancement-5b5a9d73-ce56-d8fd-5af3-d347ca1259d6\" class=\"textannotation disambiguated wl-thing\" itemid=\"http:\/\/data.wordlift.io\/wl01378\/entity\/halloween\">Halloween<\/span> \u00e8 <span id=\"urn:enhancement-5b915bac-7c09-0e73-dd87-7ec9ca5441ef\" class=\"textannotation disambiguated wl-thing\" itemid=\"http:\/\/data.wordlift.io\/wl01378\/entity\/swieto\">festival<\/span> celebrato in molti paesi (pi\u00f9 sontuosamente negli Stati Uniti) il 31 ottobre. Origine <span id=\"urn:enhancement-6a8891d3-157f-5a14-8fc6-570e794d4cc6\" class=\"textannotation disambiguated wl-thing\" itemid=\"http:\/\/data.wordlift.io\/wl01378\/entity\/halloween\">Halloween<\/span> non \u00e8 del tutto chiaro oggi. Si sospetta che abbia avuto origine dalle celebrazioni romane in onore della divinit\u00e0 dei frutti e dei semi, forse dal celtico <span id=\"urn:enhancement-b3f70be2-bb35-715c-043e-a6c2b8b76884\" class=\"textannotation disambiguated wl-thing\" itemid=\"http:\/\/data.wordlift.io\/wl01378\/entity\/swieto\">vacanze<\/span> per dare il benvenuto all'inverno <span id=\"urn:enhancement-b0bbf48a-2a51-4c7f-003d-1552e1be0599\" class=\"textannotation disambiguated wl-thing\" itemid=\"http:\/\/data.wordlift.io\/wl01378\/entity\/samhain\">Samhain<\/span>. Oggi \u00e8 diffusa la convinzione che <span id=\"urn:enhancement-d99131c5-c77e-dc7d-6916-72c5826d1949\" class=\"textannotation disambiguated wl-thing\" itemid=\"http:\/\/data.wordlift.io\/wl01378\/entity\/halloween\">Halloween<\/span> \u00e8 associato a <span id=\"urn:enhancement-c05dd3f5-732b-c597-811d-080001f5b08d\" class=\"textannotation disambiguated wl-thing\" itemid=\"http:\/\/data.wordlift.io\/wl01378\/entity\/swieto\">vacanza<\/span> i morti.<\/p>\n<p>Infatti, sia i pagani che i cristiani commemoravano i loro antenati morti in primavera. Il nome stesso <span id=\"urn:enhancement-222ed2b6-a7bd-292d-c0c6-db88b4463636\" class=\"textannotation disambiguated wl-thing\" itemid=\"http:\/\/data.wordlift.io\/wl01378\/entity\/halloween\">Halloween<\/span> molto probabilmente deriva dall'espressione abbreviata - All Hallow's Eve <span id=\"urn:enhancement-973e21f4-20dc-638b-630f-4dc02f41f857\" class=\"textannotation disambiguated wl-thing\" itemid=\"http:\/\/data.wordlift.io\/wl01378\/entity\/wszystkich_swietych\">Tutti i Santi<\/span>).<\/p>\n<p>Cos\u00ec <span id=\"urn:enhancement-725c3569-b548-ed98-e5cf-ca8bb725d57f\" class=\"textannotation disambiguated wl-thing\" itemid=\"http:\/\/data.wordlift.io\/wl01378\/entity\/halloween\">Halloween<\/span> ha origine, infatti, da credenze e riti pagani. Che cosa allora <span id=\"urn:enhancement-67a8cda7-f614-0177-5667-d494ffe47d9c\" class=\"textannotation disambiguated wl-thing\" itemid=\"http:\/\/data.wordlift.io\/wl01378\/entity\/kosciol_organizacja\">Chiesa<\/span> dice di <span id=\"urn:enhancement-88485a50-77dc-9b77-090c-5b908e0f5395\" class=\"textannotation disambiguated wl-thing\" itemid=\"http:\/\/data.wordlift.io\/wl01378\/entity\/halloween\">Halloween<\/span>? Probabilmente molti cristiani non sono d'accordo con la celebrazione di questo <span id=\"urn:enhancement-9c7c0ff5-2091-cc14-553f-1daab42c6226\" class=\"textannotation disambiguated wl-thing\" itemid=\"http:\/\/data.wordlift.io\/wl01378\/entity\/swieto\">vacanze<\/span>. \u00c8 una certa novit\u00e0, una specie di deviazione dalla norma. Dopo tutto, come si fa a celebrare qualcosa che deriva da credenze in idoli stranieri? Probabilmente \u00e8 solo una questione di atteggiamento personale.<\/p>\n<p>Quando non gli attribuiamo alcun valore metafisico, quando lo trattiamo solo come un divertimento, un modo per allontanarsi dalla vita quotidiana - non c'\u00e8 alcun problema. I problemi iniziano, per\u00f2, nel momento in cui <span id=\"urn:enhancement-53c2c71c-7deb-00cb-d4da-de9f9956b90a\" class=\"textannotation disambiguated wl-thing\" itemid=\"http:\/\/data.wordlift.io\/wl01378\/entity\/halloween\">Halloween<\/span> Lo prendiamo troppo sul serio. Quando glorifichiamo gli idoli degli altri e diamo parte di noi stessi a questa festa.<\/p>\n<p><span id=\"urn:enhancement-a4d7087f-8db1-957e-c9f5-cf78a9668f27\" class=\"textannotation disambiguated wl-thing\" itemid=\"http:\/\/data.wordlift.io\/wl01378\/entity\/kosciol_organizacja\">Chiesa<\/span> La Chiesa cattolica non ha rilasciato una dichiarazione ufficiale su <span id=\"urn:enhancement-9dae1196-648e-dc21-b404-10f59d2f3277\" class=\"textannotation disambiguated wl-thing\" itemid=\"http:\/\/data.wordlift.io\/wl01378\/entity\/halloween\">Halloween<\/span>. Tuttavia <span id=\"urn:enhancement-fa7f8e23-c057-308f-e54f-11044fef5a76\" class=\"textannotation disambiguated wl-place\" itemid=\"http:\/\/data.wordlift.io\/wl01378\/entity\/watykan\">Vaticano<\/span> (specialmente sotto Papa Benedetto <span id=\"urn:enhancement-83a4fe8b-2b9b-36d3-6c4e-1025316d1f58\" class=\"textannotation disambiguated wl-thing\" itemid=\"http:\/\/data.wordlift.io\/wl01378\/entity\/xvi_wiek\">XVI<\/span>) tratta questo <span id=\"urn:enhancement-9d666f2c-d940-8310-ebd9-ca1060ab41a3\" class=\"textannotation disambiguated wl-thing\" itemid=\"http:\/\/data.wordlift.io\/wl01378\/entity\/swieto\">festival<\/span> come <span id=\"urn:enhancement-7b663174-b8a2-701a-eaae-1d17a83b6774\" class=\"textannotation disambiguated wl-thing\" itemid=\"http:\/\/data.wordlift.io\/wl01378\/entity\/zlo\">male<\/span> e avverte. Alla prima conferenza vaticana degli esorcisti, fu emesso un comunicato che metteva in guardia contro <span id=\"urn:enhancement-108fc3b0-5e28-f116-8b28-713da6cea29f\" class=\"textannotation disambiguated wl-thing\" itemid=\"http:\/\/data.wordlift.io\/wl01378\/entity\/halloween\">Halloween<\/span>, szczeg\u00f3lnie w\u015br\u00f3d dzieci. Zaproponowano r\u00f3wnie\u017c zamian\u0119 <span id=\"urn:enhancement-62e442de-d3d2-7740-d393-a39b70eb00e6\" class=\"textannotation disambiguated wl-thing\" itemid=\"http:\/\/data.wordlift.io\/wl01378\/entity\/swieto\">vacanze<\/span> su Holyween - una notte in cui i bambini partecipano alle veglie di preghiera e si vestono da santi.<\/p>\n<p>Ricordiamoci quindi di avere un approccio sano.<\/p>","protected":false},"excerpt":{"rendered":"<p>Co Ko\u015bci\u00f3\u0142 m\u00f3wi o Halloween i podobnych obrz\u0105dkach? Halloween jest to \u015bwi\u0119to obchodzone w wielu krajach (najhuczniej w Stanach Zjednoczonych) w dniu 31 pa\u017adziernika. Pochodzenie Halloween nie jest dzisiaj do ko\u0144ca jasne. Podejrzewa si\u0119, \u017ce pochodzi ono od Rzymskich obchod\u00f3w na cze\u015b\u0107 b\u00f3stwa owoc\u00f3w i nasion, ewentualnie od celtyckiego \u015bwi\u0119ta na powitanie zimy zwanego Samhain. &hellip;<\/p>","protected":false},"author":1,"featured_media":165,"comment_status":"open","ping_status":"closed","sticky":false,"template":"","format":"standard","meta":{"footnotes":""},"categories":[33],"tags":[34],"class_list":["post-163","post","type-post","status-publish","format-standard","has-post-thumbnail","hentry","category-kosciol","tag-wierzenia"],"yoast_head":"<!-- This site is optimized with the Yoast SEO plugin v27.5 - https:\/\/yoast.com\/product\/yoast-seo-wordpress\/ -->\n<title>Co Ko\u015bci\u00f3\u0142 m\u00f3wi o Halloween i podobnych obrz\u0105dkach? - Chrystus<\/title>\n<meta name=\"description\" content=\"Podejrzewa si\u0119, \u017ce pochodzi ono od Rzymskich obchod\u00f3w na cze\u015b\u0107 b\u00f3stwa owoc\u00f3w i nasion, ewentualnie od celtyckiego \u015bwi\u0119ta na powitanie zimy zwanego Samhain\" \/>\n<meta name=\"robots\" content=\"index, follow, max-snippet:-1, max-image-preview:large, max-video-preview:-1\" \/>\n<link rel=\"canonical\" href=\"https:\/\/chrystus.pl\/it\/co-cosciol-movi-o-halloween-i-possibilita-come-i-vostri-orli\/\" \/>\n<meta property=\"og:locale\" content=\"it_IT\" \/>\n<meta property=\"og:type\" content=\"article\" \/>\n<meta property=\"og:title\" content=\"Co Ko\u015bci\u00f3\u0142 m\u00f3wi o Halloween i podobnych obrz\u0105dkach? - Chrystus\" \/>\n<meta property=\"og:description\" content=\"Podejrzewa si\u0119, \u017ce pochodzi ono od Rzymskich obchod\u00f3w na cze\u015b\u0107 b\u00f3stwa owoc\u00f3w i nasion, ewentualnie od celtyckiego \u015bwi\u0119ta na powitanie zimy zwanego Samhain\" \/>\n<meta property=\"og:url\" content=\"https:\/\/chrystus.pl\/it\/co-cosciol-movi-o-halloween-i-possibilita-come-i-vostri-orli\/\" \/>\n<meta property=\"og:site_name\" content=\"Chrystus\" \/>\n<meta property=\"article:published_time\" content=\"2019-04-09T20:07:34+00:00\" \/>\n<meta property=\"article:modified_time\" content=\"2019-04-09T20:07:58+00:00\" \/>\n<meta property=\"og:image\" content=\"https:\/\/chrystus.pl\/wp-content\/uploads\/2019\/04\/co-kosciol-mowi-o-halloween.jpg\" \/>\n\t<meta property=\"og:image:width\" content=\"1280\" \/>\n\t<meta property=\"og:image:height\" content=\"853\" \/>\n\t<meta property=\"og:image:type\" content=\"image\/jpeg\" \/>\n<meta name=\"author\" content=\"Samarytanka\" \/>\n<meta name=\"twitter:card\" content=\"summary_large_image\" \/>\n<meta name=\"twitter:label1\" content=\"Scritto da\" \/>\n\t<meta name=\"twitter:data1\" content=\"Samarytanka\" \/>\n\t<meta name=\"twitter:label2\" content=\"Tempo di lettura stimato\" \/>\n\t<meta name=\"twitter:data2\" content=\"2 minuti\" \/>\n<!-- \/ Yoast SEO plugin. -->","yoast_head_json":{"title":"Cosa dice la Chiesa su Halloween e riti simili? - Cristo","description":"Si sospetta che abbia avuto origine da una celebrazione romana in onore della divinit\u00e0 dei frutti e dei semi, o forse da una festa celtica di benvenuto all'inverno chiamata Samhain","robots":{"index":"index","follow":"follow","max-snippet":"max-snippet:-1","max-image-preview":"max-image-preview:large","max-video-preview":"max-video-preview:-1"},"canonical":"https:\/\/chrystus.pl\/it\/co-cosciol-movi-o-halloween-i-possibilita-come-i-vostri-orli\/","og_locale":"it_IT","og_type":"article","og_title":"Co Ko\u015bci\u00f3\u0142 m\u00f3wi o Halloween i podobnych obrz\u0105dkach? - Chrystus","og_description":"Podejrzewa si\u0119, \u017ce pochodzi ono od Rzymskich obchod\u00f3w na cze\u015b\u0107 b\u00f3stwa owoc\u00f3w i nasion, ewentualnie od celtyckiego \u015bwi\u0119ta na powitanie zimy zwanego Samhain","og_url":"https:\/\/chrystus.pl\/it\/co-cosciol-movi-o-halloween-i-possibilita-come-i-vostri-orli\/","og_site_name":"Chrystus","article_published_time":"2019-04-09T20:07:34+00:00","article_modified_time":"2019-04-09T20:07:58+00:00","og_image":[{"width":1280,"height":853,"url":"https:\/\/chrystus.pl\/wp-content\/uploads\/2019\/04\/co-kosciol-mowi-o-halloween.jpg","type":"image\/jpeg"}],"author":"Samarytanka","twitter_card":"summary_large_image","twitter_misc":{"Scritto da":"Samarytanka","Tempo di lettura stimato":"2 minuti"},"schema":{"@context":"https:\/\/schema.org","@graph":[{"@type":"Article","@id":"https:\/\/chrystus.pl\/co-kosciol-mowi-o-halloween-i-podobnych-obrzadkach\/#article","isPartOf":{"@id":"https:\/\/chrystus.pl\/co-kosciol-mowi-o-halloween-i-podobnych-obrzadkach\/"},"author":{"name":"Samarytanka","@id":"https:\/\/chrystus.pl\/#\/schema\/person\/e2e742452b8b7b2bcd23ea180671d27a"},"headline":"Co Ko\u015bci\u00f3\u0142 m\u00f3wi o Halloween i podobnych obrz\u0105dkach?","datePublished":"2019-04-09T20:07:34+00:00","dateModified":"2019-04-09T20:07:58+00:00","mainEntityOfPage":{"@id":"https:\/\/chrystus.pl\/co-kosciol-mowi-o-halloween-i-podobnych-obrzadkach\/"},"wordCount":347,"commentCount":0,"publisher":{"@id":"https:\/\/chrystus.pl\/#organization"},"image":{"@id":"https:\/\/chrystus.pl\/co-kosciol-mowi-o-halloween-i-podobnych-obrzadkach\/#primaryimage"},"thumbnailUrl":"https:\/\/chrystus.pl\/wp-content\/uploads\/2019\/04\/co-kosciol-mowi-o-halloween.jpg","keywords":["wierzenia"],"articleSection":["Ko\u015bci\u00f3\u0142"],"inLanguage":"it-IT","potentialAction":[{"@type":"CommentAction","name":"Comment","target":["https:\/\/chrystus.pl\/co-kosciol-mowi-o-halloween-i-podobnych-obrzadkach\/#respond"]}]},{"@type":"WebPage","@id":"https:\/\/chrystus.pl\/co-kosciol-mowi-o-halloween-i-podobnych-obrzadkach\/","url":"https:\/\/chrystus.pl\/co-kosciol-mowi-o-halloween-i-podobnych-obrzadkach\/","name":"Cosa dice la Chiesa su Halloween e riti simili? - Cristo","isPartOf":{"@id":"https:\/\/chrystus.pl\/#website"},"primaryImageOfPage":{"@id":"https:\/\/chrystus.pl\/co-kosciol-mowi-o-halloween-i-podobnych-obrzadkach\/#primaryimage"},"image":{"@id":"https:\/\/chrystus.pl\/co-kosciol-mowi-o-halloween-i-podobnych-obrzadkach\/#primaryimage"},"thumbnailUrl":"https:\/\/chrystus.pl\/wp-content\/uploads\/2019\/04\/co-kosciol-mowi-o-halloween.jpg","datePublished":"2019-04-09T20:07:34+00:00","dateModified":"2019-04-09T20:07:58+00:00","description":"Si sospetta che abbia avuto origine da una celebrazione romana in onore della divinit\u00e0 dei frutti e dei semi, o forse da una festa celtica di benvenuto all'inverno chiamata Samhain","breadcrumb":{"@id":"https:\/\/chrystus.pl\/co-kosciol-mowi-o-halloween-i-podobnych-obrzadkach\/#breadcrumb"},"inLanguage":"it-IT","potentialAction":[{"@type":"ReadAction","target":["https:\/\/chrystus.pl\/co-kosciol-mowi-o-halloween-i-podobnych-obrzadkach\/"]}]},{"@type":"ImageObject","inLanguage":"it-IT","@id":"https:\/\/chrystus.pl\/co-kosciol-mowi-o-halloween-i-podobnych-obrzadkach\/#primaryimage","url":"https:\/\/chrystus.pl\/wp-content\/uploads\/2019\/04\/co-kosciol-mowi-o-halloween.jpg","contentUrl":"https:\/\/chrystus.pl\/wp-content\/uploads\/2019\/04\/co-kosciol-mowi-o-halloween.jpg","width":1280,"height":853,"caption":"co kosciol mowi o halloween"},{"@type":"BreadcrumbList","@id":"https:\/\/chrystus.pl\/co-kosciol-mowi-o-halloween-i-podobnych-obrzadkach\/#breadcrumb","itemListElement":[{"@type":"ListItem","position":1,"name":"Strona g\u0142\u00f3wna","item":"https:\/\/chrystus.pl\/"},{"@type":"ListItem","position":2,"name":"Co Ko\u015bci\u00f3\u0142 m\u00f3wi o Halloween i podobnych obrz\u0105dkach?"}]},{"@type":"WebSite","@id":"https:\/\/chrystus.pl\/#website","url":"https:\/\/chrystus.pl\/","name":"Cristo","description":"Dio, Maria, Ges\u00f9, Comunione e altro","publisher":{"@id":"https:\/\/chrystus.pl\/#organization"},"potentialAction":[{"@type":"SearchAction","target":{"@type":"EntryPoint","urlTemplate":"https:\/\/chrystus.pl\/?s={search_term_string}"},"query-input":{"@type":"PropertyValueSpecification","valueRequired":true,"valueName":"search_term_string"}}],"inLanguage":"it-IT"},{"@type":"Organization","@id":"https:\/\/chrystus.pl\/#organization","name":"Cristo.pl","url":"https:\/\/chrystus.pl\/","logo":{"@type":"ImageObject","inLanguage":"it-IT","@id":"https:\/\/chrystus.pl\/#\/schema\/logo\/image\/","url":"https:\/\/chrystus.pl\/wp-content\/uploads\/2019\/03\/chrystus-bog-maryja-komunia-bierzmowanie.jpg","contentUrl":"https:\/\/chrystus.pl\/wp-content\/uploads\/2019\/03\/chrystus-bog-maryja-komunia-bierzmowanie.jpg","width":1920,"height":1280,"caption":"Chrystus.pl"},"image":{"@id":"https:\/\/chrystus.pl\/#\/schema\/logo\/image\/"}},{"@type":"Person","@id":"https:\/\/chrystus.pl\/#\/schema\/person\/e2e742452b8b7b2bcd23ea180671d27a","name":"Donna samaritana"}]}},"_links":{"self":[{"href":"https:\/\/chrystus.pl\/it\/wp-json\/wp\/v2\/posts\/163","targetHints":{"allow":["GET"]}}],"collection":[{"href":"https:\/\/chrystus.pl\/it\/wp-json\/wp\/v2\/posts"}],"about":[{"href":"https:\/\/chrystus.pl\/it\/wp-json\/wp\/v2\/types\/post"}],"author":[{"embeddable":true,"href":"https:\/\/chrystus.pl\/it\/wp-json\/wp\/v2\/users\/1"}],"replies":[{"embeddable":true,"href":"https:\/\/chrystus.pl\/it\/wp-json\/wp\/v2\/comments?post=163"}],"version-history":[{"count":0,"href":"https:\/\/chrystus.pl\/it\/wp-json\/wp\/v2\/posts\/163\/revisions"}],"wp:featuredmedia":[{"embeddable":true,"href":"https:\/\/chrystus.pl\/it\/wp-json\/wp\/v2\/media\/165"}],"wp:attachment":[{"href":"https:\/\/chrystus.pl\/it\/wp-json\/wp\/v2\/media?parent=163"}],"wp:term":[{"taxonomy":"category","embeddable":true,"href":"https:\/\/chrystus.pl\/it\/wp-json\/wp\/v2\/categories?post=163"},{"taxonomy":"post_tag","embeddable":true,"href":"https:\/\/chrystus.pl\/it\/wp-json\/wp\/v2\/tags?post=163"}],"curies":[{"name":"wp","href":"https:\/\/api.w.org\/{rel}","templated":true}]}}