{"id":2107,"date":"2021-07-02T09:27:19","date_gmt":"2021-07-02T09:27:19","guid":{"rendered":"https:\/\/chrystus.pl\/?p=2107"},"modified":"2021-07-02T09:27:23","modified_gmt":"2021-07-02T09:27:23","slug":"czy-modlitwa-na-lezaco-to-grzech","status":"publish","type":"post","link":"https:\/\/chrystus.pl\/it\/czy-modlitwa-na-lezaco-to-grzech\/","title":{"rendered":"Pregare da sdraiati \u00e8 un peccato?"},"content":{"rendered":"<p>Alcuni ritengono che sia cos\u00ec, mentre altri sostengono che la postura assunta durante la preghiera sia irrilevante. <a href=\"https:\/\/chrystus.pl\/it\/biblia-jakuba-wujka\/\">Bibbia<\/a> non menziona questo problema, n\u00e9 ci dice se dobbiamo pregare in una posizione particolare o se dobbiamo muoverci durante la preghiera. Se si hanno dubbi su questa pratica, \u00e8 meglio consultare il proprio leader religioso.<\/p>\n\n\n\n<p>Un giorno una donna molto religiosa si \u00e8 avvicinata e mi ha mostrato un versetto della Bibbia che dice che \u00e8 peccato se non si prega in ginocchio. Le ho fatto notare che Ges\u00f9 ha pregato per met\u00e0 della sua vita, seduto davanti ai suoi discepoli!<\/p>\n\n\n\n<p>Dawni m\u0119drcy (rabini) stwierdzili, \u017ce &#8222;modlenie si\u0119 w pozycji le\u017c\u0105cej jest jak lunatykowanie&#8221;. Taka modlitwa nie jest zalecana, poniewa\u017c podczas modlitwy ca\u0142e cia\u0142o powinno by\u0107 nieruchome i znajdowa\u0107 si\u0119 w jednym miejscu &#8211; dotyczy to r\u00f3wnie\u017c oczu. Modlitwa wymaga skupienia i koncentracji. Kiedy podczas modlitwy nasze cia\u0142o jest rozlu\u017anione, mamy tendencj\u0119 do odp\u0142ywania w sen. Co wi\u0119cej, niekt\u00f3rym osobom mo\u017ce by\u0107 trudno lub niewygodnie modli\u0107 si\u0119 w tej pozycji z g\u0142ow\u0105 pochylon\u0105 w d\u00f3\u0142, w kierunku klatki piersiowej. A poniewa\u017c wykazano, \u017ce sen ma szkodliwy wp\u0142yw na jasno\u015b\u0107 my\u015blenia i rozw\u00f3j duchowy cz\u0142owieka, modlitwy skomponowane w tym stanie by\u0142yby r\u00f3wnie\u017c pozbawione tych wa\u017cnych cech.<\/p>","protected":false},"excerpt":{"rendered":"<p>Alcuni credono che sia cos\u00ec, mentre altri sostengono che la postura che si assume quando si prega \u00e8 irrilevante. La Bibbia non parla di questo argomento, n\u00e9 ci dice se dobbiamo pregare in una particolare postura o se dobbiamo muoverci mentre preghiamo. Se si hanno dubbi su questa pratica, \u00e8 meglio consultare un leader religioso. ...<\/p>","protected":false},"author":1,"featured_media":0,"comment_status":"closed","ping_status":"closed","sticky":false,"template":"","format":"standard","meta":{"footnotes":""},"categories":[61],"tags":[],"class_list":["post-2107","post","type-post","status-publish","format-standard","hentry","category-chrystus"],"yoast_head":"<!-- This site is optimized with the Yoast SEO plugin v27.4 - https:\/\/yoast.com\/product\/yoast-seo-wordpress\/ -->\n<title>Czy modlitwa na le\u017c\u0105co to grzech? - Chrystus<\/title>\n<meta name=\"description\" content=\"Niekt\u00f3rzy uwa\u017caj\u0105, \u017ce tak jest, podczas gdy inni utrzymuj\u0105, \u017ce postawa, jak\u0105 przyjmuje si\u0119 podczas modlitwy, nie ma znaczenia. Biblia nie wspomina o tej\" \/>\n<meta name=\"robots\" content=\"index, follow, max-snippet:-1, max-image-preview:large, max-video-preview:-1\" \/>\n<link rel=\"canonical\" href=\"https:\/\/chrystus.pl\/it\/whether-prayer-on-the-leash-is-a-sin\/\" \/>\n<meta property=\"og:locale\" content=\"it_IT\" \/>\n<meta property=\"og:type\" content=\"article\" \/>\n<meta property=\"og:title\" content=\"Czy modlitwa na le\u017c\u0105co to grzech? - Chrystus\" \/>\n<meta property=\"og:description\" content=\"Niekt\u00f3rzy uwa\u017caj\u0105, \u017ce tak jest, podczas gdy inni utrzymuj\u0105, \u017ce postawa, jak\u0105 przyjmuje si\u0119 podczas modlitwy, nie ma znaczenia. Biblia nie wspomina o tej\" \/>\n<meta property=\"og:url\" content=\"https:\/\/chrystus.pl\/it\/whether-prayer-on-the-leash-is-a-sin\/\" \/>\n<meta property=\"og:site_name\" content=\"Chrystus\" \/>\n<meta property=\"article:published_time\" content=\"2021-07-02T09:27:19+00:00\" \/>\n<meta property=\"article:modified_time\" content=\"2021-07-02T09:27:23+00:00\" \/>\n<meta name=\"author\" content=\"Samarytanka\" \/>\n<meta name=\"twitter:card\" content=\"summary_large_image\" \/>\n<meta name=\"twitter:label1\" content=\"Scritto da\" \/>\n\t<meta name=\"twitter:data1\" content=\"Samarytanka\" \/>\n\t<meta name=\"twitter:label2\" content=\"Tempo di lettura stimato\" \/>\n\t<meta name=\"twitter:data2\" content=\"1 minuto\" \/>\n<!-- \/ Yoast SEO plugin. -->","yoast_head_json":{"title":"Pregare da sdraiati \u00e8 un peccato? - Cristo","description":"Alcuni credono che sia cos\u00ec, mentre altri sostengono che la postura che si assume durante la preghiera \u00e8 irrilevante. La Bibbia non fa menzione di questo","robots":{"index":"index","follow":"follow","max-snippet":"max-snippet:-1","max-image-preview":"max-image-preview:large","max-video-preview":"max-video-preview:-1"},"canonical":"https:\/\/chrystus.pl\/it\/whether-prayer-on-the-leash-is-a-sin\/","og_locale":"it_IT","og_type":"article","og_title":"Czy modlitwa na le\u017c\u0105co to grzech? - Chrystus","og_description":"Niekt\u00f3rzy uwa\u017caj\u0105, \u017ce tak jest, podczas gdy inni utrzymuj\u0105, \u017ce postawa, jak\u0105 przyjmuje si\u0119 podczas modlitwy, nie ma znaczenia. Biblia nie wspomina o tej","og_url":"https:\/\/chrystus.pl\/it\/whether-prayer-on-the-leash-is-a-sin\/","og_site_name":"Chrystus","article_published_time":"2021-07-02T09:27:19+00:00","article_modified_time":"2021-07-02T09:27:23+00:00","author":"Samarytanka","twitter_card":"summary_large_image","twitter_misc":{"Scritto da":"Samarytanka","Tempo di lettura stimato":"1 minuto"},"schema":{"@context":"https:\/\/schema.org","@graph":[{"@type":"Article","@id":"https:\/\/chrystus.pl\/es\/si-la-oracion-en-la-cara-es-un-pecado\/#article","isPartOf":{"@id":"https:\/\/chrystus.pl\/es\/si-la-oracion-en-la-cara-es-un-pecado\/"},"author":{"name":"Samarytanka","@id":"https:\/\/chrystus.pl\/#\/schema\/person\/e2e742452b8b7b2bcd23ea180671d27a"},"headline":"Czy modlitwa na le\u017c\u0105co to grzech?","datePublished":"2021-07-02T09:27:19+00:00","dateModified":"2021-07-02T09:27:23+00:00","mainEntityOfPage":{"@id":"https:\/\/chrystus.pl\/es\/si-la-oracion-en-la-cara-es-un-pecado\/"},"wordCount":245,"publisher":{"@id":"https:\/\/chrystus.pl\/#organization"},"articleSection":["Chrystus"],"inLanguage":"it-IT"},{"@type":"WebPage","@id":"https:\/\/chrystus.pl\/es\/si-la-oracion-en-la-cara-es-un-pecado\/","url":"https:\/\/chrystus.pl\/es\/si-la-oracion-en-la-cara-es-un-pecado\/","name":"Pregare da sdraiati \u00e8 un peccato? - Cristo","isPartOf":{"@id":"https:\/\/chrystus.pl\/#website"},"datePublished":"2021-07-02T09:27:19+00:00","dateModified":"2021-07-02T09:27:23+00:00","description":"Alcuni credono che sia cos\u00ec, mentre altri sostengono che la postura che si assume durante la preghiera \u00e8 irrilevante. La Bibbia non fa menzione di questo","breadcrumb":{"@id":"https:\/\/chrystus.pl\/es\/si-la-oracion-en-la-cara-es-un-pecado\/#breadcrumb"},"inLanguage":"it-IT","potentialAction":[{"@type":"ReadAction","target":["https:\/\/chrystus.pl\/es\/si-la-oracion-en-la-cara-es-un-pecado\/"]}]},{"@type":"BreadcrumbList","@id":"https:\/\/chrystus.pl\/es\/si-la-oracion-en-la-cara-es-un-pecado\/#breadcrumb","itemListElement":[{"@type":"ListItem","position":1,"name":"Strona g\u0142\u00f3wna","item":"https:\/\/chrystus.pl\/"},{"@type":"ListItem","position":2,"name":"Czy modlitwa na le\u017c\u0105co to grzech?"}]},{"@type":"WebSite","@id":"https:\/\/chrystus.pl\/#website","url":"https:\/\/chrystus.pl\/","name":"Cristo","description":"Dio, Maria, Ges\u00f9, Comunione e altro","publisher":{"@id":"https:\/\/chrystus.pl\/#organization"},"potentialAction":[{"@type":"SearchAction","target":{"@type":"EntryPoint","urlTemplate":"https:\/\/chrystus.pl\/?s={search_term_string}"},"query-input":{"@type":"PropertyValueSpecification","valueRequired":true,"valueName":"search_term_string"}}],"inLanguage":"it-IT"},{"@type":"Organization","@id":"https:\/\/chrystus.pl\/#organization","name":"Cristo.pl","url":"https:\/\/chrystus.pl\/","logo":{"@type":"ImageObject","inLanguage":"it-IT","@id":"https:\/\/chrystus.pl\/#\/schema\/logo\/image\/","url":"https:\/\/chrystus.pl\/wp-content\/uploads\/2019\/03\/chrystus-bog-maryja-komunia-bierzmowanie.jpg","contentUrl":"https:\/\/chrystus.pl\/wp-content\/uploads\/2019\/03\/chrystus-bog-maryja-komunia-bierzmowanie.jpg","width":1920,"height":1280,"caption":"Chrystus.pl"},"image":{"@id":"https:\/\/chrystus.pl\/#\/schema\/logo\/image\/"}},{"@type":"Person","@id":"https:\/\/chrystus.pl\/#\/schema\/person\/e2e742452b8b7b2bcd23ea180671d27a","name":"Donna samaritana"}]}},"_links":{"self":[{"href":"https:\/\/chrystus.pl\/it\/wp-json\/wp\/v2\/posts\/2107","targetHints":{"allow":["GET"]}}],"collection":[{"href":"https:\/\/chrystus.pl\/it\/wp-json\/wp\/v2\/posts"}],"about":[{"href":"https:\/\/chrystus.pl\/it\/wp-json\/wp\/v2\/types\/post"}],"author":[{"embeddable":true,"href":"https:\/\/chrystus.pl\/it\/wp-json\/wp\/v2\/users\/1"}],"replies":[{"embeddable":true,"href":"https:\/\/chrystus.pl\/it\/wp-json\/wp\/v2\/comments?post=2107"}],"version-history":[{"count":0,"href":"https:\/\/chrystus.pl\/it\/wp-json\/wp\/v2\/posts\/2107\/revisions"}],"wp:attachment":[{"href":"https:\/\/chrystus.pl\/it\/wp-json\/wp\/v2\/media?parent=2107"}],"wp:term":[{"taxonomy":"category","embeddable":true,"href":"https:\/\/chrystus.pl\/it\/wp-json\/wp\/v2\/categories?post=2107"},{"taxonomy":"post_tag","embeddable":true,"href":"https:\/\/chrystus.pl\/it\/wp-json\/wp\/v2\/tags?post=2107"}],"curies":[{"name":"wp","href":"https:\/\/api.w.org\/{rel}","templated":true}]}}