{"id":2198,"date":"2021-11-07T10:23:14","date_gmt":"2021-11-07T10:23:14","guid":{"rendered":"https:\/\/chrystus.pl\/?p=2198"},"modified":"2021-11-07T10:23:18","modified_gmt":"2021-11-07T10:23:18","slug":"dlaczego-bog-mnie-opuscil","status":"publish","type":"post","link":"https:\/\/chrystus.pl\/it\/dlaczego-bog-mnie-opuscil\/","title":{"rendered":"Perch\u00e9 Dio mi ha abbandonato?"},"content":{"rendered":"<p>Potreste sentire che Dio non \u00e8 con voi. Che vi abbia abbandonato a voi stessi. Che sia interessato a tutti gli altri tranne che a voi. Sono sentimenti naturali per un cristiano, perch\u00e9 nel cammino di fede si incontrano varie fasi, sia di euforia che di delusione. Cosa fare quando ci si chiede: \"Perch\u00e9 Dio mi ha abbandonato\"?<\/p>\n\n\n\n<p>Nei momenti difficili, abbiamo bisogno di un sostegno che possiamo vedere e apprezzare. Non deve essere necessariamente grande, ma deve darci la speranza che le cose miglioreranno. Quando non lo riceviamo dal mondo, contiamo sul sostegno di Dio. <a href=\"https:\/\/chrystus.pl\/it\/modlitwa-ktora-zawsze-pomaga\/\">assistenza<\/a>. I sentimenti di solitudine possono manifestarsi quando anche lei non si fa vedere. <a href=\"https:\/\/chrystus.pl\/it\/modlitwa-ktora-dziala-natychmiast\/\">immediatamente<\/a>e la nostra vita prende una direzione diversa da quella che vorremmo. Questa era la situazione in cui si trovava Ges\u00f9 sulla croce quando grid\u00f2: \"<em>Mio Dio, mio Dio, perch\u00e9 mi hai abbandonato?<\/em>\".<\/p>\n\n\n\n<p>Tuttavia, Dio non si dimentica mai di te. Ha un piano che non sempre conosciamo. Ecco perch\u00e9 ci pu\u00f2 sembrare che stiamo andando controcorrente e che Dio non ci aiuti. O forse dovremmo andare da qualche altra parte...?<\/p>\n\n\n\n<p>Discernere la volont\u00e0 di Dio \u00e8 uno dei primi passi da fare per sentire la sua presenza. Pertanto, continuiamo a pregare e a lavorare su noi stessi.<\/p>","protected":false},"excerpt":{"rendered":"<p>Potreste sentire che Dio non \u00e8 con voi. Che vi abbia abbandonato a voi stessi. Che sia interessato a tutti gli altri tranne che a voi. Sono sentimenti naturali per un cristiano, perch\u00e9 nel cammino di fede si incontrano varie fasi, sia di euforia che di delusione. Cosa fare quando ci si chiede: \"Perch\u00e9 Dio mi ha abbandonato\"? Nei momenti difficili abbiamo bisogno di sostegno, ...<\/p>","protected":false},"author":1,"featured_media":0,"comment_status":"closed","ping_status":"closed","sticky":false,"template":"","format":"standard","meta":{"footnotes":""},"categories":[33],"tags":[],"class_list":["post-2198","post","type-post","status-publish","format-standard","hentry","category-kosciol"],"yoast_head":"<!-- This site is optimized with the Yoast SEO plugin v27.5 - https:\/\/yoast.com\/product\/yoast-seo-wordpress\/ -->\n<title>Dlaczego B\u00f3g mnie opu\u015bci\u0142? - Chrystus<\/title>\n<meta name=\"description\" content=\"Mo\u017cesz mie\u0107 wra\u017cenie, \u017ce nie ma przy Tobie Boga. \u017be pozostawi\u0142 Ci\u0119 samemu sobie. \u017be interesuje si\u0119 wszystkimi innymi poza Tob\u0105. S\u0105 to naturalne odczucia\" \/>\n<meta name=\"robots\" content=\"index, follow, max-snippet:-1, max-image-preview:large, max-video-preview:-1\" \/>\n<link rel=\"canonical\" href=\"https:\/\/chrystus.pl\/it\/why-did-god-leave-me\/\" \/>\n<meta property=\"og:locale\" content=\"it_IT\" \/>\n<meta property=\"og:type\" content=\"article\" \/>\n<meta property=\"og:title\" content=\"Dlaczego B\u00f3g mnie opu\u015bci\u0142? - Chrystus\" \/>\n<meta property=\"og:description\" content=\"Mo\u017cesz mie\u0107 wra\u017cenie, \u017ce nie ma przy Tobie Boga. \u017be pozostawi\u0142 Ci\u0119 samemu sobie. \u017be interesuje si\u0119 wszystkimi innymi poza Tob\u0105. S\u0105 to naturalne odczucia\" \/>\n<meta property=\"og:url\" content=\"https:\/\/chrystus.pl\/it\/why-did-god-leave-me\/\" \/>\n<meta property=\"og:site_name\" content=\"Chrystus\" \/>\n<meta property=\"article:published_time\" content=\"2021-11-07T10:23:14+00:00\" \/>\n<meta property=\"article:modified_time\" content=\"2021-11-07T10:23:18+00:00\" \/>\n<meta name=\"author\" content=\"Samarytanka\" \/>\n<meta name=\"twitter:card\" content=\"summary_large_image\" \/>\n<meta name=\"twitter:label1\" content=\"Scritto da\" \/>\n\t<meta name=\"twitter:data1\" content=\"Samarytanka\" \/>\n\t<meta name=\"twitter:label2\" content=\"Tempo di lettura stimato\" \/>\n\t<meta name=\"twitter:data2\" content=\"1 minuto\" \/>\n<!-- \/ Yoast SEO plugin. -->","yoast_head_json":{"title":"Perch\u00e9 Dio mi ha abbandonato? - Cristo","description":"Potete sentire che Dio non \u00e8 con voi. Che ti ha abbandonato a te stesso. Che \u00e8 interessato a tutti gli altri tranne che a te. Questi sono sentimenti naturali","robots":{"index":"index","follow":"follow","max-snippet":"max-snippet:-1","max-image-preview":"max-image-preview:large","max-video-preview":"max-video-preview:-1"},"canonical":"https:\/\/chrystus.pl\/it\/why-did-god-leave-me\/","og_locale":"it_IT","og_type":"article","og_title":"Dlaczego B\u00f3g mnie opu\u015bci\u0142? - Chrystus","og_description":"Mo\u017cesz mie\u0107 wra\u017cenie, \u017ce nie ma przy Tobie Boga. \u017be pozostawi\u0142 Ci\u0119 samemu sobie. \u017be interesuje si\u0119 wszystkimi innymi poza Tob\u0105. S\u0105 to naturalne odczucia","og_url":"https:\/\/chrystus.pl\/it\/why-did-god-leave-me\/","og_site_name":"Chrystus","article_published_time":"2021-11-07T10:23:14+00:00","article_modified_time":"2021-11-07T10:23:18+00:00","author":"Samarytanka","twitter_card":"summary_large_image","twitter_misc":{"Scritto da":"Samarytanka","Tempo di lettura stimato":"1 minuto"},"schema":{"@context":"https:\/\/schema.org","@graph":[{"@type":"Article","@id":"https:\/\/chrystus.pl\/dlaczego-bog-mnie-opuscil\/#article","isPartOf":{"@id":"https:\/\/chrystus.pl\/dlaczego-bog-mnie-opuscil\/"},"author":{"name":"Samarytanka","@id":"https:\/\/chrystus.pl\/#\/schema\/person\/e2e742452b8b7b2bcd23ea180671d27a"},"headline":"Dlaczego B\u00f3g mnie opu\u015bci\u0142?","datePublished":"2021-11-07T10:23:14+00:00","dateModified":"2021-11-07T10:23:18+00:00","mainEntityOfPage":{"@id":"https:\/\/chrystus.pl\/dlaczego-bog-mnie-opuscil\/"},"wordCount":220,"publisher":{"@id":"https:\/\/chrystus.pl\/#organization"},"articleSection":["Ko\u015bci\u00f3\u0142"],"inLanguage":"it-IT"},{"@type":"WebPage","@id":"https:\/\/chrystus.pl\/dlaczego-bog-mnie-opuscil\/","url":"https:\/\/chrystus.pl\/dlaczego-bog-mnie-opuscil\/","name":"Perch\u00e9 Dio mi ha abbandonato? - Cristo","isPartOf":{"@id":"https:\/\/chrystus.pl\/#website"},"datePublished":"2021-11-07T10:23:14+00:00","dateModified":"2021-11-07T10:23:18+00:00","description":"Potete sentire che Dio non \u00e8 con voi. Che ti ha abbandonato a te stesso. Che \u00e8 interessato a tutti gli altri tranne che a te. Questi sono sentimenti naturali","breadcrumb":{"@id":"https:\/\/chrystus.pl\/dlaczego-bog-mnie-opuscil\/#breadcrumb"},"inLanguage":"it-IT","potentialAction":[{"@type":"ReadAction","target":["https:\/\/chrystus.pl\/dlaczego-bog-mnie-opuscil\/"]}]},{"@type":"BreadcrumbList","@id":"https:\/\/chrystus.pl\/dlaczego-bog-mnie-opuscil\/#breadcrumb","itemListElement":[{"@type":"ListItem","position":1,"name":"Strona g\u0142\u00f3wna","item":"https:\/\/chrystus.pl\/"},{"@type":"ListItem","position":2,"name":"Dlaczego B\u00f3g mnie opu\u015bci\u0142?"}]},{"@type":"WebSite","@id":"https:\/\/chrystus.pl\/#website","url":"https:\/\/chrystus.pl\/","name":"Cristo","description":"Dio, Maria, Ges\u00f9, Comunione e altro","publisher":{"@id":"https:\/\/chrystus.pl\/#organization"},"potentialAction":[{"@type":"SearchAction","target":{"@type":"EntryPoint","urlTemplate":"https:\/\/chrystus.pl\/?s={search_term_string}"},"query-input":{"@type":"PropertyValueSpecification","valueRequired":true,"valueName":"search_term_string"}}],"inLanguage":"it-IT"},{"@type":"Organization","@id":"https:\/\/chrystus.pl\/#organization","name":"Cristo.pl","url":"https:\/\/chrystus.pl\/","logo":{"@type":"ImageObject","inLanguage":"it-IT","@id":"https:\/\/chrystus.pl\/#\/schema\/logo\/image\/","url":"https:\/\/chrystus.pl\/wp-content\/uploads\/2019\/03\/chrystus-bog-maryja-komunia-bierzmowanie.jpg","contentUrl":"https:\/\/chrystus.pl\/wp-content\/uploads\/2019\/03\/chrystus-bog-maryja-komunia-bierzmowanie.jpg","width":1920,"height":1280,"caption":"Chrystus.pl"},"image":{"@id":"https:\/\/chrystus.pl\/#\/schema\/logo\/image\/"}},{"@type":"Person","@id":"https:\/\/chrystus.pl\/#\/schema\/person\/e2e742452b8b7b2bcd23ea180671d27a","name":"Donna samaritana"}]}},"_links":{"self":[{"href":"https:\/\/chrystus.pl\/it\/wp-json\/wp\/v2\/posts\/2198","targetHints":{"allow":["GET"]}}],"collection":[{"href":"https:\/\/chrystus.pl\/it\/wp-json\/wp\/v2\/posts"}],"about":[{"href":"https:\/\/chrystus.pl\/it\/wp-json\/wp\/v2\/types\/post"}],"author":[{"embeddable":true,"href":"https:\/\/chrystus.pl\/it\/wp-json\/wp\/v2\/users\/1"}],"replies":[{"embeddable":true,"href":"https:\/\/chrystus.pl\/it\/wp-json\/wp\/v2\/comments?post=2198"}],"version-history":[{"count":0,"href":"https:\/\/chrystus.pl\/it\/wp-json\/wp\/v2\/posts\/2198\/revisions"}],"wp:attachment":[{"href":"https:\/\/chrystus.pl\/it\/wp-json\/wp\/v2\/media?parent=2198"}],"wp:term":[{"taxonomy":"category","embeddable":true,"href":"https:\/\/chrystus.pl\/it\/wp-json\/wp\/v2\/categories?post=2198"},{"taxonomy":"post_tag","embeddable":true,"href":"https:\/\/chrystus.pl\/it\/wp-json\/wp\/v2\/tags?post=2198"}],"curies":[{"name":"wp","href":"https:\/\/api.w.org\/{rel}","templated":true}]}}