{"id":2358,"date":"2022-12-07T20:47:05","date_gmt":"2022-12-07T20:47:05","guid":{"rendered":"https:\/\/chrystus.pl\/?p=2358"},"modified":"2022-12-07T20:47:08","modified_gmt":"2022-12-07T20:47:08","slug":"patriarcha-maximus-v","status":"publish","type":"post","link":"https:\/\/chrystus.pl\/it\/patriarcha-maximus-v\/","title":{"rendered":"Patriarca Massimo V"},"content":{"rendered":"<p>Dati biografici<br>Urodzi\u0142 si\u0119 26 pa\u017adziernika 1897 roku w Sinope nad Morzem Czarnym i by\u0142 synem Eleftheriosa i Catherine Vaportzis. Jego wujem by\u0142 metropolita Kirillos Mumtzis z Mytilene. Po uko\u0144czeniu studi\u00f3w w ojczy\u017anie zapisa\u0142 si\u0119 do Szko\u0142y Teologicznej w Halki, kt\u00f3r\u0105 uko\u0144czy\u0142 po rocznej przerwie spowodowanej I wojn\u0105 \u015bwiatow\u0105 w 1919 roku prac\u0105 &#8222;The Election of the Patriarchs of Constantinople in the Byzantine Era&#8221;. Zosta\u0142 wy\u015bwi\u0119cony na diakona 16 maja 1918 r., a na starszego w Nowy Rok 1928, otrzymuj\u0105c jednocze\u015bnie tytu\u0142 archimandryty.<\/p>\n\n\n\n<p>Sommo sacerdote<br>\u00c8 stato eletto metropolita di Filadelfia l'8 febbraio 1930 e metropolita di Calcedonia il 28 giugno 1932.<\/p>\n\n\n\n<p>Po \u015bmierci patriarchy Photiosa II w 1935 r. preferowanym nast\u0119pc\u0105 by\u0142 Maximos, jednak po interwencji w\u0142adz tureckich jego imi\u0119 zosta\u0142o usuni\u0119te z listy kandydat\u00f3w. Podczas II wojny \u015bwiatowej by\u0142 dwukrotnie aresztowany przez w\u0142adze tureckie, a za drugim razem (20 stycznia 1943 r.) zosta\u0142 wywieziony na kilka miesi\u0119cy do Prus.<\/p>\n\n\n\n<p>A causa dell'et\u00e0 avanzata del patriarca Beniamino, Maximos lo sostitu\u00ec in molti compiti amministrativi e fu membro permanente del Sinodo patriarcale.<\/p>\n\n\n\n<p>Patriarca<br>W lutym 1946 roku zmar\u0142 patriarcha Benjamin. Dzie\u0144 po jego pogrzebie, 20 lutego, Maksymin zosta\u0142 wybrany przez Synod Patriarchalny na patriarch\u0119 ekumenicznego. Warto zauwa\u017cy\u0107, \u017ce rz\u0105d turecki zachowa\u0142 neutralne stanowisko, nie tworz\u0105c przeszk\u00f3d dla jego wyboru, jak to mia\u0142o miejsce poprzednim razem. Wydawa\u0142o si\u0119 zreszt\u0105, \u017ce klimat mi\u0119dzy w\u0142adzami tureckimi a patriarchatem uleg\u0142 zmianie. Wska\u017anikiem poprawy sytuacji w tym czasie by\u0142a wizyta \u00f3wczesnego prezydenta Republiki Tureckiej Ismeta Inonu w Szkole Teologicznej w Halki, gdzie zosta\u0142 serdecznie przyj\u0119ty przez \u00f3wczesnego dyrektora, metropolit\u0119 Chrysostomosa z Neocaesarei i student\u00f3w.<\/p>\n\n\n\n<p>Fin dai primi mesi del suo patriarcato, Maximos ha gi\u00e0 messo in atto un'operazione di <a href=\"https:\/\/chrystus.pl\/it\/jak-wyglada-pieklo-2\/\">incendio<\/a> stampa turca a causa dei suoi contatti con la Chiesa ortodossa russa, interpretati come un sostegno indiretto all'Unione Sovietica. I diplomatici americani e britannici sembrano aver nutrito sospetti simili. Sembra che egli non abbia compreso appieno il cambiamento delle relazioni dopo la guerra e le sue dichiarazioni incaute hanno lasciato spazio all'interpretazione come filo-russa.<\/p>\n\n\n\n<p>Malattia<br>Pod koniec 1946 roku u Patriarchy zacz\u0119\u0142y pojawia\u0107 si\u0119 objawy \u0142agodnej melancholii. Po pewnym czasie patriarcha wyrazi\u0142 zamiar rezygnacji, natomiast z kr\u0119g\u00f3w tureckich wyciek\u0142y informacje, \u017ce w przypadku zdiagnozowania u niego choroby terminalnej nale\u017cy go <a href=\"https:\/\/chrystus.pl\/it\/modlitwa-ktora-dziala-natychmiast\/\">immediatamente<\/a> usun\u0105\u0107 i wybra\u0107 nast\u0119pc\u0119. Greckie MSZ zosta\u0142o poinformowane przez greckiego ambasadora Peryklesa Skeferisa o zamiarach patriarchy, a rz\u0105d grecki zaleci\u0142 czekanie.<\/p>\n\n\n\n<p>W celu odzyskania si\u0142 postanowiono przenie\u015b\u0107 patriarch\u0119 do jego letniej rezydencji w Halki, a nast\u0119pnie, w maju 1947 roku, do Aten. W ten spos\u00f3b, w towarzystwie trzech cz\u0142onk\u00f3w swojej \u015bwity, przyby\u0142 poci\u0105giem ze stacji Sikertzi w Pythio na Evrosie, sk\u0105d zosta\u0142 przewieziony motorem do Alexandroupolis, gdzie przyj\u0119li go biskupi Fthiotidy Ambrosios i Attyki oraz Megaridos Iakovos, reprezentuj\u0105cy Ko\u015bci\u00f3\u0142 Grecji. Nast\u0119pnie wraz ze swoj\u0105 \u015bwit\u0105 wsiad\u0142 na pok\u0142ad greckiego niszczyciela &#8222;Kreta&#8221; p\u0142yn\u0105cego do Pireusu, gdzie wyp\u0142yn\u0105\u0142 o 13:30 21 maja 1947 roku, w\u015br\u00f3d sza\u0142u podnoszenia flagi, syczenia zadokowanych statk\u00f3w, radosnego bicia w dzwony i wiwat\u00f3w mieszka\u0144c\u00f3w Pireusu zgromadzonych wok\u00f3\u0142 portu. Tam zosta\u0142 przyj\u0119ty przez Aleksandra Papagosa, arcybiskupa Damascena, gabinet itp. a nast\u0119pnie uda\u0142 si\u0119 do Kifissii, gdzie si\u0119 osiedli\u0142. Leczenie, kt\u00f3re nast\u0105pi\u0142o, jest scharakteryzowane jako pobie\u017cne i niezorganizowane, i z tego wnioskuje si\u0119, \u017ce rz\u0105d grecki by\u0142 prawdopodobnie bardziej zainteresowany przekonaniem patriarchy do rezygnacji ni\u017c jego wyzdrowieniem.<\/p>\n\n\n\n<p>Nonostante le forti voci sulle sue dimissioni durante la cura ad Atene, il Patriarca Maximos torn\u00f2 a Costantinopoli nell'agosto dello stesso anno senza decidere di dimettersi.<\/p>\n\n\n\n<p>Processi<br>Przed\u0142u\u017caj\u0105ca si\u0119 choroba Patriarchy i intensywne spekulacje na temat jego nast\u0119pcy stworzy\u0142y klimat konfliktu w Fanarze. Rz\u0105d grecki, w porozumieniu z rz\u0105dem USA, kontynuowa\u0142 poszukiwania nowej &#8222;silnej osobowo\u015bci&#8221; o wyra\u017anej orientacji &#8222;antyrosyjskiej&#8221;, kt\u00f3ra mog\u0142aby przekszta\u0142ci\u0107 patriarchat w &#8222;antykomunistyczny bastion&#8221;, cechy zgodne r\u00f3wnie\u017c z polityk\u0105 Turcji. Ostatecznie rz\u0105d grecki zdecydowa\u0142 si\u0119 na kandydatur\u0119 Athenagorasa, kt\u00f3ry z czasem zyska\u0142 poparcie zar\u00f3wno hierarch\u00f3w, jak i zagranicznych rz\u0105d\u00f3w. Ankara i prasa turecka popar\u0142a propozycj\u0119 Athenagorasa, okre\u015blaj\u0105c go nawet jako &#8222;wiernego przyjaciela Turcji&#8221;.<\/p>\n\n\n\n<p>Reakcje jednak metropolit\u00f3w patriarchatu, gdy zacz\u0119\u0142y by\u0107 znane posuni\u0119cia wspomnianych rz\u0105d\u00f3w, by\u0142y zdecydowane. Na czele reaguj\u0105cych hierarch\u00f3w, kt\u00f3rzy dostrzegli zewn\u0119trzn\u0105 manipulacj\u0119 patriarchatem, stali metropolici Derki Joachim, Laodycei Maksymos, Neocaesarei Chryzostomos, Pergamum Adamantios, Sardei Maksymos i Chaldii Kirillos, kt\u00f3rzy w odpowiedzi na uwagi przedstawicieli Aten o konieczno\u015bci wymiany patriarchy, z powodu choroby, broni\u0105c niezale\u017cno\u015bci Patriarchatu, odpowiedzia\u0142, \u017ce wiele razy w swojej d\u0142ugiej historii Patriarchat stawa\u0142 w obliczu podobnych sytuacji, kt\u00f3re sam zdo\u0142a\u0142 przezwyci\u0119\u017cy\u0107, dlatego te\u017c nie ma potrzeby, aby czynniki zewn\u0119trzne mia\u0142y wp\u0142yw na wewn\u0119trzne ustalenia.<\/p>\n\n\n\n<p>Allo stesso tempo, le pressioni da parte del governo greco e degli ambienti di Phanar continuarono senza sosta affinch\u00e9 Maximos si dimettesse. Nel 1948, presumibilmente per respingere le accuse di russofilia, rifiut\u00f2 di affiliare la Chiesa cecoslovacca al Patriarcato di Mosca, come richiesto dall'arcivescovo Savatius di Praga.<\/p>\n\n\n\n<p>Dimissioni e morte<br>Il 18 ottobre 1948 si dimise definitivamente, dopo che i governi greco e turco favorirono l'elezione di Atenagora al trono patriarcale. Si sostiene che la sua malattia sia stata un pretesto per costringerlo alle dimissioni e che il vero motivo siano le voci sui suoi legami con la Chiesa russa e quindi con l'Unione Sovietica.<\/p>\n\n\n\n<p>Mantenne il titolo di Presidente di Efeso, conferitogli dal Concilio patriarcale. Nel 1971 si ammal\u00f2 di bronchite acuta e mor\u00ec in Svizzera il giorno di Capodanno del 1972. Il suo corpo fu portato a Costantinopoli, dove fu sepolto con gli onori nel cortile del monastero patriarcale di Zoodochos Pigi Baluklis.<\/p>\n\n\n\n<p>W li\u015bcie z 25\/5\/1962 r. (kt\u00f3ry p\u00f3\u017aniej zosta\u0142 opublikowany w gazecie &#8222;Orthodox Press&#8221; (Vol. 191-192, 1 &amp; 15 Aug 1973)) zdetronizowany Maximos V oskar\u017cy\u0142 Athenagorasa o podst\u0119p, z jakim go obali\u0142, a zw\u0142aszcza o jego ekumeniczne uwertury.<\/p>","protected":false},"excerpt":{"rendered":"<p>Dane biograficzneUrodzi\u0142 si\u0119 26 pa\u017adziernika 1897 roku w Sinope nad Morzem Czarnym i by\u0142 synem Eleftheriosa i Catherine Vaportzis. Jego wujem by\u0142 metropolita Kirillos Mumtzis z Mytilene. Po uko\u0144czeniu studi\u00f3w w ojczy\u017anie zapisa\u0142 si\u0119 do Szko\u0142y Teologicznej w Halki, kt\u00f3r\u0105 uko\u0144czy\u0142 po rocznej przerwie spowodowanej I wojn\u0105 \u015bwiatow\u0105 w 1919 roku prac\u0105 &#8222;The Election of &hellip;<\/p>","protected":false},"author":1,"featured_media":0,"comment_status":"closed","ping_status":"closed","sticky":false,"template":"","format":"standard","meta":{"footnotes":""},"categories":[33],"tags":[],"class_list":["post-2358","post","type-post","status-publish","format-standard","hentry","category-kosciol"],"yoast_head":"<!-- This site is optimized with the Yoast SEO plugin v27.5 - https:\/\/yoast.com\/product\/yoast-seo-wordpress\/ -->\n<title>Patriarcha Maximus V - Chrystus<\/title>\n<meta name=\"description\" content=\"Dane biograficzneUrodzi\u0142 si\u0119 26 pa\u017adziernika 1897 roku w Sinope nad Morzem Czarnym i by\u0142 synem Eleftheriosa i Catherine Vaportzis. Jego wujem by\u0142\" \/>\n<meta name=\"robots\" content=\"index, follow, max-snippet:-1, max-image-preview:large, max-video-preview:-1\" \/>\n<link rel=\"canonical\" href=\"https:\/\/chrystus.pl\/it\/patriarca-massimo-v-2\/\" \/>\n<meta property=\"og:locale\" content=\"it_IT\" \/>\n<meta property=\"og:type\" content=\"article\" \/>\n<meta property=\"og:title\" content=\"Patriarcha Maximus V - Chrystus\" \/>\n<meta property=\"og:description\" content=\"Dane biograficzneUrodzi\u0142 si\u0119 26 pa\u017adziernika 1897 roku w Sinope nad Morzem Czarnym i by\u0142 synem Eleftheriosa i Catherine Vaportzis. Jego wujem by\u0142\" \/>\n<meta property=\"og:url\" content=\"https:\/\/chrystus.pl\/it\/patriarca-massimo-v-2\/\" \/>\n<meta property=\"og:site_name\" content=\"Chrystus\" \/>\n<meta property=\"article:published_time\" content=\"2022-12-07T20:47:05+00:00\" \/>\n<meta property=\"article:modified_time\" content=\"2022-12-07T20:47:08+00:00\" \/>\n<meta name=\"author\" content=\"Samarytanka\" \/>\n<meta name=\"twitter:card\" content=\"summary_large_image\" \/>\n<meta name=\"twitter:label1\" content=\"Scritto da\" \/>\n\t<meta name=\"twitter:data1\" content=\"Samarytanka\" \/>\n\t<meta name=\"twitter:label2\" content=\"Tempo di lettura stimato\" \/>\n\t<meta name=\"twitter:data2\" content=\"6 minuti\" \/>\n<!-- \/ Yoast SEO plugin. -->","yoast_head_json":{"title":"Patriarca Massimo V - Cristo","description":"Dati biografici\u00c8 nato il 26 ottobre 1897 a Sinope, sul Mar Nero, ed era figlio di Eleftherios e Catherine Vaportzis. Suo zio era","robots":{"index":"index","follow":"follow","max-snippet":"max-snippet:-1","max-image-preview":"max-image-preview:large","max-video-preview":"max-video-preview:-1"},"canonical":"https:\/\/chrystus.pl\/it\/patriarca-massimo-v-2\/","og_locale":"it_IT","og_type":"article","og_title":"Patriarcha Maximus V - Chrystus","og_description":"Dane biograficzneUrodzi\u0142 si\u0119 26 pa\u017adziernika 1897 roku w Sinope nad Morzem Czarnym i by\u0142 synem Eleftheriosa i Catherine Vaportzis. Jego wujem by\u0142","og_url":"https:\/\/chrystus.pl\/it\/patriarca-massimo-v-2\/","og_site_name":"Chrystus","article_published_time":"2022-12-07T20:47:05+00:00","article_modified_time":"2022-12-07T20:47:08+00:00","author":"Samarytanka","twitter_card":"summary_large_image","twitter_misc":{"Scritto da":"Samarytanka","Tempo di lettura stimato":"6 minuti"},"schema":{"@context":"https:\/\/schema.org","@graph":[{"@type":"Article","@id":"https:\/\/chrystus.pl\/patriarcha-maximus-v\/#article","isPartOf":{"@id":"https:\/\/chrystus.pl\/patriarcha-maximus-v\/"},"author":{"name":"Samarytanka","@id":"https:\/\/chrystus.pl\/#\/schema\/person\/e2e742452b8b7b2bcd23ea180671d27a"},"headline":"Patriarcha Maximus V","datePublished":"2022-12-07T20:47:05+00:00","dateModified":"2022-12-07T20:47:08+00:00","mainEntityOfPage":{"@id":"https:\/\/chrystus.pl\/patriarcha-maximus-v\/"},"wordCount":1011,"publisher":{"@id":"https:\/\/chrystus.pl\/#organization"},"articleSection":["Ko\u015bci\u00f3\u0142"],"inLanguage":"it-IT"},{"@type":"WebPage","@id":"https:\/\/chrystus.pl\/patriarcha-maximus-v\/","url":"https:\/\/chrystus.pl\/patriarcha-maximus-v\/","name":"Patriarca Massimo V - Cristo","isPartOf":{"@id":"https:\/\/chrystus.pl\/#website"},"datePublished":"2022-12-07T20:47:05+00:00","dateModified":"2022-12-07T20:47:08+00:00","description":"Dati biografici\u00c8 nato il 26 ottobre 1897 a Sinope, sul Mar Nero, ed era figlio di Eleftherios e Catherine Vaportzis. Suo zio era","breadcrumb":{"@id":"https:\/\/chrystus.pl\/patriarcha-maximus-v\/#breadcrumb"},"inLanguage":"it-IT","potentialAction":[{"@type":"ReadAction","target":["https:\/\/chrystus.pl\/patriarcha-maximus-v\/"]}]},{"@type":"BreadcrumbList","@id":"https:\/\/chrystus.pl\/patriarcha-maximus-v\/#breadcrumb","itemListElement":[{"@type":"ListItem","position":1,"name":"Strona g\u0142\u00f3wna","item":"https:\/\/chrystus.pl\/"},{"@type":"ListItem","position":2,"name":"Patriarcha Maximus V"}]},{"@type":"WebSite","@id":"https:\/\/chrystus.pl\/#website","url":"https:\/\/chrystus.pl\/","name":"Cristo","description":"Dio, Maria, Ges\u00f9, Comunione e altro","publisher":{"@id":"https:\/\/chrystus.pl\/#organization"},"potentialAction":[{"@type":"SearchAction","target":{"@type":"EntryPoint","urlTemplate":"https:\/\/chrystus.pl\/?s={search_term_string}"},"query-input":{"@type":"PropertyValueSpecification","valueRequired":true,"valueName":"search_term_string"}}],"inLanguage":"it-IT"},{"@type":"Organization","@id":"https:\/\/chrystus.pl\/#organization","name":"Cristo.pl","url":"https:\/\/chrystus.pl\/","logo":{"@type":"ImageObject","inLanguage":"it-IT","@id":"https:\/\/chrystus.pl\/#\/schema\/logo\/image\/","url":"https:\/\/chrystus.pl\/wp-content\/uploads\/2019\/03\/chrystus-bog-maryja-komunia-bierzmowanie.jpg","contentUrl":"https:\/\/chrystus.pl\/wp-content\/uploads\/2019\/03\/chrystus-bog-maryja-komunia-bierzmowanie.jpg","width":1920,"height":1280,"caption":"Chrystus.pl"},"image":{"@id":"https:\/\/chrystus.pl\/#\/schema\/logo\/image\/"}},{"@type":"Person","@id":"https:\/\/chrystus.pl\/#\/schema\/person\/e2e742452b8b7b2bcd23ea180671d27a","name":"Donna samaritana"}]}},"_links":{"self":[{"href":"https:\/\/chrystus.pl\/it\/wp-json\/wp\/v2\/posts\/2358","targetHints":{"allow":["GET"]}}],"collection":[{"href":"https:\/\/chrystus.pl\/it\/wp-json\/wp\/v2\/posts"}],"about":[{"href":"https:\/\/chrystus.pl\/it\/wp-json\/wp\/v2\/types\/post"}],"author":[{"embeddable":true,"href":"https:\/\/chrystus.pl\/it\/wp-json\/wp\/v2\/users\/1"}],"replies":[{"embeddable":true,"href":"https:\/\/chrystus.pl\/it\/wp-json\/wp\/v2\/comments?post=2358"}],"version-history":[{"count":0,"href":"https:\/\/chrystus.pl\/it\/wp-json\/wp\/v2\/posts\/2358\/revisions"}],"wp:attachment":[{"href":"https:\/\/chrystus.pl\/it\/wp-json\/wp\/v2\/media?parent=2358"}],"wp:term":[{"taxonomy":"category","embeddable":true,"href":"https:\/\/chrystus.pl\/it\/wp-json\/wp\/v2\/categories?post=2358"},{"taxonomy":"post_tag","embeddable":true,"href":"https:\/\/chrystus.pl\/it\/wp-json\/wp\/v2\/tags?post=2358"}],"curies":[{"name":"wp","href":"https:\/\/api.w.org\/{rel}","templated":true}]}}