{"id":2390,"date":"2023-02-12T21:25:43","date_gmt":"2023-02-12T21:25:43","guid":{"rendered":"https:\/\/chrystus.pl\/?p=2390"},"modified":"2023-02-12T21:25:46","modified_gmt":"2023-02-12T21:25:46","slug":"maksymalny-wiek-wstapienia-do-zakonu","status":"publish","type":"post","link":"https:\/\/chrystus.pl\/it\/maksymalny-wiek-wstapienia-do-zakonu\/","title":{"rendered":"Et\u00e0 massima di iscrizione all'ordine"},"content":{"rendered":"<p>B\u00f3g powo\u0142uje do \u017cycia konsekrowanego w r\u00f3\u017cnym wieku. Wa\u017cne jest, aby dobrze rozezna\u0107 wol\u0119 Bo\u017c\u0105 i za ni\u0105 pod\u0105\u017ca\u0107.<\/p>\n\n\n\n<p>Ci sono controindicazioni legate all'et\u00e0 per entrare in un ordine religioso? \u00c8 possibile entrare in un ordine religioso a 40 anni?<\/p>\n\n\n\n<div id=\"ez-toc-container\" class=\"ez-toc-v2_0_82_2 counter-hierarchy ez-toc-counter ez-toc-custom ez-toc-container-direction\">\n<p class=\"ez-toc-title\" style=\"cursor:inherit\">Indice dei contenuti<\/p>\n<label for=\"ez-toc-cssicon-toggle-item-69f119ceb3c42\" class=\"ez-toc-cssicon-toggle-label\"><span class=\"\"><span class=\"eztoc-hide\" style=\"display:none;\">Toggle<\/span><span class=\"ez-toc-icon-toggle-span\"><svg style=\"fill: #ffffff;color:#ffffff\" xmlns=\"http:\/\/www.w3.org\/2000\/svg\" class=\"list-377408\" width=\"20px\" height=\"20px\" viewbox=\"0 0 24 24\" fill=\"none\"><path d=\"M6 6H4v2h2V6zm14 0H8v2h12V6zM4 11h2v2H4v-2zm16 0H8v2h12v-2zM4 16h2v2H4v-2zm16 0H8v2h12v-2z\" fill=\"currentColor\"><\/path><\/svg><svg style=\"fill: #ffffff;color:#ffffff\" class=\"arrow-unsorted-368013\" xmlns=\"http:\/\/www.w3.org\/2000\/svg\" width=\"10px\" height=\"10px\" viewbox=\"0 0 24 24\" version=\"1.2\" baseprofile=\"tiny\"><path d=\"M18.2 9.3l-6.2-6.3-6.2 6.3c-.2.2-.3.4-.3.7s.1.5.3.7c.2.2.4.3.7.3h11c.3 0 .5-.1.7-.3.2-.2.3-.5.3-.7s-.1-.5-.3-.7zM5.8 14.7l6.2 6.3 6.2-6.3c.2-.2.3-.5.3-.7s-.1-.5-.3-.7c-.2-.2-.4-.3-.7-.3h-11c-.3 0-.5.1-.7.3-.2.2-.3.5-.3.7s.1.5.3.7z\"\/><\/svg><\/span><\/span><\/label><input type=\"checkbox\"  id=\"ez-toc-cssicon-toggle-item-69f119ceb3c42\"  aria-label=\"Toggle\" \/><nav><ul class='ez-toc-list ez-toc-list-level-1' ><li class='ez-toc-page-1 ez-toc-heading-level-2'><a class=\"ez-toc-link ez-toc-heading-1\" href=\"https:\/\/chrystus.pl\/it\/maksymalny-wiek-wstapienia-do-zakonu\/#Do_jakiego_wieku_mozna_wstapic_do_zakonu\" >Fino a che et\u00e0 si pu\u00f2 entrare in un ordine religioso?<\/a><\/li><li class='ez-toc-page-1 ez-toc-heading-level-2'><a class=\"ez-toc-link ez-toc-heading-2\" href=\"https:\/\/chrystus.pl\/it\/maksymalny-wiek-wstapienia-do-zakonu\/#Czy_w_wieku_50_lat_mozna_wstapic_do_zakonu\" >\u00c8 possibile entrare in un ordine religioso a 50 anni?<\/a><\/li><\/ul><\/nav><\/div>\n<h2 class=\"wp-block-heading\"><span class=\"ez-toc-section\" id=\"Do_jakiego_wieku_mozna_wstapic_do_zakonu\"><\/span><a><\/a>Fino a che et\u00e0 si pu\u00f2 entrare in un ordine religioso?<span class=\"ez-toc-section-end\"><\/span><\/h2>\n\n\n\n<p>In linea di principio, l'et\u00e0 \u00e8 un criterio che viene preso in considerazione, soprattutto il suo limite inferiore.<\/p>\n\n\n\n<p>In Polonia ci sono moltissimi ordini religiosi, ma questi hanno regole e condizioni proprie che un candidato deve soddisfare per essere accettato.<\/p>\n\n\n\n<p>Prima dell'ammissione vera e propria, devono essere soddisfatti alcuni requisiti formali, che dipendono dalla congregazione specifica.<\/p>\n\n\n\n<h2 class=\"wp-block-heading\"><span class=\"ez-toc-section\" id=\"Czy_w_wieku_50_lat_mozna_wstapic_do_zakonu\"><\/span><a><\/a>\u00c8 possibile entrare in un ordine religioso a 50 anni?<span class=\"ez-toc-section-end\"><\/span><\/h2>\n\n\n\n<p>Come gi\u00e0 detto, dipende dalla congregazione specifica e dalle sue regole.<\/p>\n\n\n\n<p>Nulla vieta di fare domanda di ammissione a cinquant'anni. Tuttavia, \u00e8 bene ricordare che le motivazioni, l'et\u00e0, l'istruzione e la decisione finale si basano sulle attitudini individuali e sui fattori che le determinano.<\/p>","protected":false},"excerpt":{"rendered":"<p>B\u00f3g powo\u0142uje do \u017cycia konsekrowanego w r\u00f3\u017cnym wieku. Wa\u017cne jest, aby dobrze rozezna\u0107 wol\u0119 Bo\u017c\u0105 i za ni\u0105 pod\u0105\u017ca\u0107. Czy istniej\u0105 jakie\u015b przeciwwskazania do do wieku, aby wst\u0105pi\u0107 do zakonu? Czy mo\u017cna wst\u0105pi\u0107 do zakonu w wieku 40 lat? Do jakiego wieku mo\u017cna wst\u0105pi\u0107 do zakonu? W zasadzie wiek jest kryterium, kt\u00f3re jest brane pod &hellip;<\/p>","protected":false},"author":1,"featured_media":0,"comment_status":"closed","ping_status":"closed","sticky":false,"template":"","format":"standard","meta":{"footnotes":""},"categories":[61],"tags":[],"class_list":["post-2390","post","type-post","status-publish","format-standard","hentry","category-chrystus"],"yoast_head":"<!-- This site is optimized with the Yoast SEO plugin v27.5 - https:\/\/yoast.com\/product\/yoast-seo-wordpress\/ -->\n<title>Maksymalny wiek wst\u0105pienia do zakonu - Chrystus<\/title>\n<meta name=\"description\" content=\"B\u00f3g powo\u0142uje do \u017cycia konsekrowanego w r\u00f3\u017cnym wieku. Wa\u017cne jest, aby dobrze rozezna\u0107 wol\u0119 Bo\u017c\u0105 i za ni\u0105 pod\u0105\u017ca\u0107. Czy istniej\u0105 jakie\u015b przeciwwskazania do\" \/>\n<meta name=\"robots\" content=\"index, follow, max-snippet:-1, max-image-preview:large, max-video-preview:-1\" \/>\n<link rel=\"canonical\" href=\"https:\/\/chrystus.pl\/it\/eta-massima-di-ingresso-nellordine\/\" \/>\n<meta property=\"og:locale\" content=\"it_IT\" \/>\n<meta property=\"og:type\" content=\"article\" \/>\n<meta property=\"og:title\" content=\"Maksymalny wiek wst\u0105pienia do zakonu - Chrystus\" \/>\n<meta property=\"og:description\" content=\"B\u00f3g powo\u0142uje do \u017cycia konsekrowanego w r\u00f3\u017cnym wieku. Wa\u017cne jest, aby dobrze rozezna\u0107 wol\u0119 Bo\u017c\u0105 i za ni\u0105 pod\u0105\u017ca\u0107. Czy istniej\u0105 jakie\u015b przeciwwskazania do\" \/>\n<meta property=\"og:url\" content=\"https:\/\/chrystus.pl\/it\/eta-massima-di-ingresso-nellordine\/\" \/>\n<meta property=\"og:site_name\" content=\"Chrystus\" \/>\n<meta property=\"article:published_time\" content=\"2023-02-12T21:25:43+00:00\" \/>\n<meta property=\"article:modified_time\" content=\"2023-02-12T21:25:46+00:00\" \/>\n<meta name=\"author\" content=\"Samarytanka\" \/>\n<meta name=\"twitter:card\" content=\"summary_large_image\" \/>\n<meta name=\"twitter:label1\" content=\"Scritto da\" \/>\n\t<meta name=\"twitter:data1\" content=\"Samarytanka\" \/>\n\t<meta name=\"twitter:label2\" content=\"Tempo di lettura stimato\" \/>\n\t<meta name=\"twitter:data2\" content=\"1 minuto\" \/>\n<!-- \/ Yoast SEO plugin. -->","yoast_head_json":{"title":"Et\u00e0 massima per entrare nell'Ordine - Cristo","description":"Dio chiama alla vita consacrata a et\u00e0 diverse. \u00c8 importante discernere bene la volont\u00e0 di Dio e seguirla. Ci sono controindicazioni a","robots":{"index":"index","follow":"follow","max-snippet":"max-snippet:-1","max-image-preview":"max-image-preview:large","max-video-preview":"max-video-preview:-1"},"canonical":"https:\/\/chrystus.pl\/it\/eta-massima-di-ingresso-nellordine\/","og_locale":"it_IT","og_type":"article","og_title":"Maksymalny wiek wst\u0105pienia do zakonu - Chrystus","og_description":"B\u00f3g powo\u0142uje do \u017cycia konsekrowanego w r\u00f3\u017cnym wieku. Wa\u017cne jest, aby dobrze rozezna\u0107 wol\u0119 Bo\u017c\u0105 i za ni\u0105 pod\u0105\u017ca\u0107. Czy istniej\u0105 jakie\u015b przeciwwskazania do","og_url":"https:\/\/chrystus.pl\/it\/eta-massima-di-ingresso-nellordine\/","og_site_name":"Chrystus","article_published_time":"2023-02-12T21:25:43+00:00","article_modified_time":"2023-02-12T21:25:46+00:00","author":"Samarytanka","twitter_card":"summary_large_image","twitter_misc":{"Scritto da":"Samarytanka","Tempo di lettura stimato":"1 minuto"},"schema":{"@context":"https:\/\/schema.org","@graph":[{"@type":"Article","@id":"https:\/\/chrystus.pl\/es\/edad-maxima-de-entrada-en-el-orden\/#article","isPartOf":{"@id":"https:\/\/chrystus.pl\/es\/edad-maxima-de-entrada-en-el-orden\/"},"author":{"name":"Samarytanka","@id":"https:\/\/chrystus.pl\/#\/schema\/person\/e2e742452b8b7b2bcd23ea180671d27a"},"headline":"Maksymalny wiek wst\u0105pienia do zakonu","datePublished":"2023-02-12T21:25:43+00:00","dateModified":"2023-02-12T21:25:46+00:00","mainEntityOfPage":{"@id":"https:\/\/chrystus.pl\/es\/edad-maxima-de-entrada-en-el-orden\/"},"wordCount":189,"publisher":{"@id":"https:\/\/chrystus.pl\/#organization"},"articleSection":["Chrystus"],"inLanguage":"it-IT"},{"@type":"WebPage","@id":"https:\/\/chrystus.pl\/es\/edad-maxima-de-entrada-en-el-orden\/","url":"https:\/\/chrystus.pl\/es\/edad-maxima-de-entrada-en-el-orden\/","name":"Et\u00e0 massima per entrare nell'Ordine - Cristo","isPartOf":{"@id":"https:\/\/chrystus.pl\/#website"},"datePublished":"2023-02-12T21:25:43+00:00","dateModified":"2023-02-12T21:25:46+00:00","description":"Dio chiama alla vita consacrata a et\u00e0 diverse. \u00c8 importante discernere bene la volont\u00e0 di Dio e seguirla. Ci sono controindicazioni a","breadcrumb":{"@id":"https:\/\/chrystus.pl\/es\/edad-maxima-de-entrada-en-el-orden\/#breadcrumb"},"inLanguage":"it-IT","potentialAction":[{"@type":"ReadAction","target":["https:\/\/chrystus.pl\/es\/edad-maxima-de-entrada-en-el-orden\/"]}]},{"@type":"BreadcrumbList","@id":"https:\/\/chrystus.pl\/es\/edad-maxima-de-entrada-en-el-orden\/#breadcrumb","itemListElement":[{"@type":"ListItem","position":1,"name":"Strona g\u0142\u00f3wna","item":"https:\/\/chrystus.pl\/"},{"@type":"ListItem","position":2,"name":"Maksymalny wiek wst\u0105pienia do zakonu"}]},{"@type":"WebSite","@id":"https:\/\/chrystus.pl\/#website","url":"https:\/\/chrystus.pl\/","name":"Cristo","description":"Dio, Maria, Ges\u00f9, Comunione e altro","publisher":{"@id":"https:\/\/chrystus.pl\/#organization"},"potentialAction":[{"@type":"SearchAction","target":{"@type":"EntryPoint","urlTemplate":"https:\/\/chrystus.pl\/?s={search_term_string}"},"query-input":{"@type":"PropertyValueSpecification","valueRequired":true,"valueName":"search_term_string"}}],"inLanguage":"it-IT"},{"@type":"Organization","@id":"https:\/\/chrystus.pl\/#organization","name":"Cristo.pl","url":"https:\/\/chrystus.pl\/","logo":{"@type":"ImageObject","inLanguage":"it-IT","@id":"https:\/\/chrystus.pl\/#\/schema\/logo\/image\/","url":"https:\/\/chrystus.pl\/wp-content\/uploads\/2019\/03\/chrystus-bog-maryja-komunia-bierzmowanie.jpg","contentUrl":"https:\/\/chrystus.pl\/wp-content\/uploads\/2019\/03\/chrystus-bog-maryja-komunia-bierzmowanie.jpg","width":1920,"height":1280,"caption":"Chrystus.pl"},"image":{"@id":"https:\/\/chrystus.pl\/#\/schema\/logo\/image\/"}},{"@type":"Person","@id":"https:\/\/chrystus.pl\/#\/schema\/person\/e2e742452b8b7b2bcd23ea180671d27a","name":"Donna samaritana"}]}},"_links":{"self":[{"href":"https:\/\/chrystus.pl\/it\/wp-json\/wp\/v2\/posts\/2390","targetHints":{"allow":["GET"]}}],"collection":[{"href":"https:\/\/chrystus.pl\/it\/wp-json\/wp\/v2\/posts"}],"about":[{"href":"https:\/\/chrystus.pl\/it\/wp-json\/wp\/v2\/types\/post"}],"author":[{"embeddable":true,"href":"https:\/\/chrystus.pl\/it\/wp-json\/wp\/v2\/users\/1"}],"replies":[{"embeddable":true,"href":"https:\/\/chrystus.pl\/it\/wp-json\/wp\/v2\/comments?post=2390"}],"version-history":[{"count":0,"href":"https:\/\/chrystus.pl\/it\/wp-json\/wp\/v2\/posts\/2390\/revisions"}],"wp:attachment":[{"href":"https:\/\/chrystus.pl\/it\/wp-json\/wp\/v2\/media?parent=2390"}],"wp:term":[{"taxonomy":"category","embeddable":true,"href":"https:\/\/chrystus.pl\/it\/wp-json\/wp\/v2\/categories?post=2390"},{"taxonomy":"post_tag","embeddable":true,"href":"https:\/\/chrystus.pl\/it\/wp-json\/wp\/v2\/tags?post=2390"}],"curies":[{"name":"wp","href":"https:\/\/api.w.org\/{rel}","templated":true}]}}