{"id":662,"date":"2019-06-01T14:10:12","date_gmt":"2019-06-01T14:10:12","guid":{"rendered":"https:\/\/chrystus.pl\/?p=662"},"modified":"2020-01-13T07:57:57","modified_gmt":"2020-01-13T07:57:57","slug":"dlaczego-jezus-przyjal-chrzest-czym-byl-chrzest-panski","status":"publish","type":"post","link":"https:\/\/chrystus.pl\/it\/dlaczego-jezus-przyjal-chrzest-czym-byl-chrzest-panski\/","title":{"rendered":"Perch\u00e9 Ges\u00f9 ha ricevuto il battesimo? Cos'era il Battesimo del Signore?"},"content":{"rendered":"<p>Dlaczego Jezus przyj\u0105\u0142 <span id=\"urn:enhancement-9d20e614\" class=\"textannotation disambiguated wl-other\" itemid=\"http:\/\/data.wordlift.io\/wl01857\/entity\/chrzest\">battesimo<\/span>? Che cosa \u00e8 stato <span id=\"urn:enhancement-12e1cab7\" class=\"textannotation disambiguated wl-other\" itemid=\"http:\/\/data.wordlift.io\/wl01857\/entity\/chrzest\">Battesimo<\/span> Il tuo? <span id=\"urn:enhancement-932c9d41\" class=\"textannotation disambiguated wl-other\" itemid=\"http:\/\/data.wordlift.io\/wl01857\/entity\/chrzest\">Battesimo<\/span> Chrystusa jest w chrze\u015bcija\u0144stwie wa\u017cnym wydarzeniem, kt\u00f3re tak naprawd\u0119 rozpoczyna wa\u017cny okres nauczania i duchowej dzia\u0142alno\u015bci Jezusa. W dzisiejszym <span id=\"urn:enhancement-d83ad424\" class=\"textannotation disambiguated wl-other\" itemid=\"http:\/\/data.wordlift.io\/wl01378\/entity\/kosciol_teologia_2\">Chiesa<\/span> \u00e8 anche la festa che chiude il periodo <span id=\"urn:enhancement-37360614\" class=\"textannotation disambiguated wl-other\" itemid=\"http:\/\/data.wordlift.io\/wl01857\/entity\/boze_narodzenie\">Natale<\/span>. W <span id=\"urn:enhancement-362de95b\" class=\"textannotation disambiguated wl-other\" itemid=\"http:\/\/data.wordlift.io\/wl01378\/entity\/kosciol_teologia_2\">Chiesa<\/span> Sia nelle Chiese cattoliche romane che in quelle greco-cattoliche, cade la domenica successiva alla festa dell'Epifania (<span id=\"urn:enhancement-36ab2225\" class=\"textannotation disambiguated wl-other\" itemid=\"http:\/\/data.wordlift.io\/wl01857\/entity\/trzej_krolowie\">Epifania<\/span>). \u015awi\u0119ty Jan podaje, \u017ce miejscem, w kt\u00f3rym Jezus Chrystus zosta\u0142 <span id=\"urn:enhancement-426a27dc\" class=\"textannotation disambiguated wl-other\" itemid=\"http:\/\/data.wordlift.io\/wl01857\/entity\/chrzest\">battezzato<\/span> doveva essere Betania, dall'altra parte del Giordano.<\/p>\n<p>Come Betania zajordana, i ricercatori indicano l'odierna Chirbet el Medesh, dove possiamo trovare un ruscello che sfocia nel fiume <span id=\"urn:enhancement-85a605ae\" class=\"textannotation disambiguated wl-place\" itemid=\"http:\/\/data.wordlift.io\/wl01857\/entity\/jordan_rzeka\">Jordan<\/span>. L'atto stesso <span id=\"urn:enhancement-fae9a052\" class=\"textannotation disambiguated wl-other\" itemid=\"http:\/\/data.wordlift.io\/wl01857\/entity\/chrzest\">battesimo<\/span> Pana Jezusa Chrystusa mia\u0142 dokona\u0107 <span id=\"urn:enhancement-ce588736\" class=\"textannotation disambiguated wl-person\" itemid=\"http:\/\/data.wordlift.io\/wl01857\/entity\/jan_chrzciciel\">Giovanni Battista<\/span>. Yach il Battista, noto anche come <span id=\"urn:enhancement-66242f2\" class=\"textannotation disambiguated wl-person\" itemid=\"http:\/\/data.wordlift.io\/wl01378\/entity\/jan_ewangelista\">Jan<\/span> Un battista era un eremita ebreo. Per i cristiani (e <span id=\"urn:enhancement-8af73b58\" class=\"textannotation disambiguated wl-other\" itemid=\"http:\/\/data.wordlift.io\/wl01857\/entity\/muzulmanin\">Musulmani<\/span>) \u00e8 un profeta. Secondo il Santo <span id=\"urn:enhancement-891142b1\" class=\"textannotation disambiguated wl-person\" itemid=\"http:\/\/data.wordlift.io\/wl01857\/entity\/lukasz_ewangelista\">Luke<\/span> era nato sei mesi prima di Cristo, quindi avevano un'et\u00e0 simile.<\/p>\n<p>Era il figlio di <span id=\"urn:enhancement-2b7c35be\" class=\"textannotation disambiguated wl-other\" itemid=\"http:\/\/data.wordlift.io\/wl01378\/entity\/zydzi\">Ebreo<\/span> prete <span id=\"urn:enhancement-dc217b75\" class=\"textannotation disambiguated wl-person\" itemid=\"http:\/\/data.wordlift.io\/wl01857\/entity\/zachariasz_nowotestamentowy_kaplan\">Zachariah<\/span> e una donna sterile. Sua madre, <a href=\"https:\/\/chrystus.pl\/it\/jakie-polecenie-otrzymali-adam-i-ewa-w-raju\/\">Ewa<\/a>era probabilmente un parente di <span id=\"urn:enhancement-6a8f78cf\" class=\"textannotation disambiguated wl-person\" itemid=\"http:\/\/data.wordlift.io\/wl01378\/entity\/maria_z_nazaretu\">Maria<\/span>. Giovanni, dopo la partenza dei genitori, rinuncia alla possibilit\u00e0 di diventare sacerdote e intraprende un cammino eremitico nel deserto della Giudea.<\/p>\n<p>Ges\u00f9, accettando <span id=\"urn:enhancement-c119f190\" class=\"textannotation disambiguated wl-other\" itemid=\"http:\/\/data.wordlift.io\/wl01857\/entity\/chrzest\">battesimo<\/span> da <span id=\"urn:enhancement-a607cd1d\" class=\"textannotation disambiguated wl-person\" itemid=\"http:\/\/data.wordlift.io\/wl01378\/entity\/jan_ewangelista\">Jana<\/span> Il Battista \u00e8 solidale con tutti i peccatori che \u00e8 venuto a salvare. Questo evento \u00e8 quindi simbolico, dato che \u00e8 stato l'evento che ha dato inizio alla sua attivit\u00e0 spirituale. Ges\u00f9 si rende cos\u00ec simile ai peccatori.<\/p>","protected":false},"excerpt":{"rendered":"<p>Dlaczego Jezus przyj\u0105\u0142 chrzest? Czym by\u0142 Chrzest Pa\u0144ski? Chrzest Chrystusa jest w chrze\u015bcija\u0144stwie wa\u017cnym wydarzeniem, kt\u00f3re tak naprawd\u0119 rozpoczyna wa\u017cny okres nauczania i duchowej dzia\u0142alno\u015bci Jezusa. W dzisiejszym Ko\u015bciele jest r\u00f3wnie\u017c \u015bwi\u0119tem, kt\u00f3re zamyka okres \u015awi\u0105t Bo\u017cego Narodzenia. W Ko\u015bciele rzymskokatolickim, jak i Ko\u015bcio\u0142ach greckokatolickich, przypada w najbli\u017csz\u0105 niedziel\u0119 po uroczysto\u015bci Objawienia Pa\u0144skiego (Trzech Kr\u00f3li). &hellip;<\/p>","protected":false},"author":1,"featured_media":663,"comment_status":"open","ping_status":"closed","sticky":false,"template":"","format":"standard","meta":{"footnotes":""},"categories":[52],"tags":[],"class_list":["post-662","post","type-post","status-publish","format-standard","has-post-thumbnail","hentry","category-jezus"],"yoast_head":"<!-- This site is optimized with the Yoast SEO plugin v27.4 - https:\/\/yoast.com\/product\/yoast-seo-wordpress\/ -->\n<title>Dlaczego Jezus przyj\u0105\u0142 chrzest? Czym by\u0142 Chrzest Pa\u0144ski? - Chrystus<\/title>\n<meta name=\"description\" content=\"Dlaczego Jezus przyj\u0105\u0142 chrzest? Czym by\u0142 Chrzest Pa\u0144ski? Chrzest Chrystusa jest w chrze\u015bcija\u0144stwie wa\u017cnym wydarzeniem, kt\u00f3re tak naprawd\u0119 rozpoczyna wa\u017cny\" \/>\n<meta name=\"robots\" content=\"index, follow, max-snippet:-1, max-image-preview:large, max-video-preview:-1\" \/>\n<link rel=\"canonical\" href=\"https:\/\/chrystus.pl\/it\/why-jezus-your-face-byl-christening-byl-christening-your-face\/\" \/>\n<meta property=\"og:locale\" content=\"it_IT\" \/>\n<meta property=\"og:type\" content=\"article\" \/>\n<meta property=\"og:title\" content=\"Dlaczego Jezus przyj\u0105\u0142 chrzest? Czym by\u0142 Chrzest Pa\u0144ski? - Chrystus\" \/>\n<meta property=\"og:description\" content=\"Dlaczego Jezus przyj\u0105\u0142 chrzest? Czym by\u0142 Chrzest Pa\u0144ski? Chrzest Chrystusa jest w chrze\u015bcija\u0144stwie wa\u017cnym wydarzeniem, kt\u00f3re tak naprawd\u0119 rozpoczyna wa\u017cny\" \/>\n<meta property=\"og:url\" content=\"https:\/\/chrystus.pl\/it\/why-jezus-your-face-byl-christening-byl-christening-your-face\/\" \/>\n<meta property=\"og:site_name\" content=\"Chrystus\" \/>\n<meta property=\"article:published_time\" content=\"2019-06-01T14:10:12+00:00\" \/>\n<meta property=\"article:modified_time\" content=\"2020-01-13T07:57:57+00:00\" \/>\n<meta property=\"og:image\" content=\"https:\/\/chrystus.pl\/wp-content\/uploads\/2019\/06\/Czym-by\u0142-Chrzest-Pan\u0301ski.jpg\" \/>\n\t<meta property=\"og:image:width\" content=\"640\" \/>\n\t<meta property=\"og:image:height\" content=\"485\" \/>\n\t<meta property=\"og:image:type\" content=\"image\/jpeg\" \/>\n<meta name=\"author\" content=\"Samarytanka\" \/>\n<meta name=\"twitter:card\" content=\"summary_large_image\" \/>\n<meta name=\"twitter:label1\" content=\"Scritto da\" \/>\n\t<meta name=\"twitter:data1\" content=\"Samarytanka\" \/>\n\t<meta name=\"twitter:label2\" content=\"Tempo di lettura stimato\" \/>\n\t<meta name=\"twitter:data2\" content=\"1 minuto\" \/>\n<!-- \/ Yoast SEO plugin. -->","yoast_head_json":{"title":"Perch\u00e9 Ges\u00f9 ha ricevuto il battesimo? Cos'era il Battesimo del Signore? - Cristo","description":"Perch\u00e9 Ges\u00f9 ha ricevuto il battesimo? Cos'era il Battesimo del Signore? Il battesimo di Cristo \u00e8 un evento importante nel cristianesimo, che in realt\u00e0 segna l'inizio di un importante","robots":{"index":"index","follow":"follow","max-snippet":"max-snippet:-1","max-image-preview":"max-image-preview:large","max-video-preview":"max-video-preview:-1"},"canonical":"https:\/\/chrystus.pl\/it\/why-jezus-your-face-byl-christening-byl-christening-your-face\/","og_locale":"it_IT","og_type":"article","og_title":"Dlaczego Jezus przyj\u0105\u0142 chrzest? Czym by\u0142 Chrzest Pa\u0144ski? - Chrystus","og_description":"Dlaczego Jezus przyj\u0105\u0142 chrzest? Czym by\u0142 Chrzest Pa\u0144ski? Chrzest Chrystusa jest w chrze\u015bcija\u0144stwie wa\u017cnym wydarzeniem, kt\u00f3re tak naprawd\u0119 rozpoczyna wa\u017cny","og_url":"https:\/\/chrystus.pl\/it\/why-jezus-your-face-byl-christening-byl-christening-your-face\/","og_site_name":"Chrystus","article_published_time":"2019-06-01T14:10:12+00:00","article_modified_time":"2020-01-13T07:57:57+00:00","og_image":[{"width":640,"height":485,"url":"https:\/\/chrystus.pl\/wp-content\/uploads\/2019\/06\/Czym-by\u0142-Chrzest-Pan\u0301ski.jpg","type":"image\/jpeg"}],"author":"Samarytanka","twitter_card":"summary_large_image","twitter_misc":{"Scritto da":"Samarytanka","Tempo di lettura stimato":"1 minuto"},"schema":{"@context":"https:\/\/schema.org","@graph":[{"@type":"Article","@id":"https:\/\/chrystus.pl\/dlaczego-jezus-przyjal-chrzest-czym-byl-chrzest-panski\/#article","isPartOf":{"@id":"https:\/\/chrystus.pl\/dlaczego-jezus-przyjal-chrzest-czym-byl-chrzest-panski\/"},"author":{"name":"Samarytanka","@id":"https:\/\/chrystus.pl\/#\/schema\/person\/e2e742452b8b7b2bcd23ea180671d27a"},"headline":"Dlaczego Jezus przyj\u0105\u0142 chrzest? Czym by\u0142 Chrzest Pa\u0144ski?","datePublished":"2019-06-01T14:10:12+00:00","dateModified":"2020-01-13T07:57:57+00:00","mainEntityOfPage":{"@id":"https:\/\/chrystus.pl\/dlaczego-jezus-przyjal-chrzest-czym-byl-chrzest-panski\/"},"wordCount":268,"commentCount":0,"publisher":{"@id":"https:\/\/chrystus.pl\/#organization"},"image":{"@id":"https:\/\/chrystus.pl\/dlaczego-jezus-przyjal-chrzest-czym-byl-chrzest-panski\/#primaryimage"},"thumbnailUrl":"https:\/\/chrystus.pl\/wp-content\/uploads\/2019\/06\/Czym-by\u0142-Chrzest-Pan\u0301ski.jpg","articleSection":["Jezus"],"inLanguage":"it-IT","potentialAction":[{"@type":"CommentAction","name":"Comment","target":["https:\/\/chrystus.pl\/dlaczego-jezus-przyjal-chrzest-czym-byl-chrzest-panski\/#respond"]}]},{"@type":"WebPage","@id":"https:\/\/chrystus.pl\/dlaczego-jezus-przyjal-chrzest-czym-byl-chrzest-panski\/","url":"https:\/\/chrystus.pl\/dlaczego-jezus-przyjal-chrzest-czym-byl-chrzest-panski\/","name":"Perch\u00e9 Ges\u00f9 ha ricevuto il battesimo? Cos'era il Battesimo del Signore? - Cristo","isPartOf":{"@id":"https:\/\/chrystus.pl\/#website"},"primaryImageOfPage":{"@id":"https:\/\/chrystus.pl\/dlaczego-jezus-przyjal-chrzest-czym-byl-chrzest-panski\/#primaryimage"},"image":{"@id":"https:\/\/chrystus.pl\/dlaczego-jezus-przyjal-chrzest-czym-byl-chrzest-panski\/#primaryimage"},"thumbnailUrl":"https:\/\/chrystus.pl\/wp-content\/uploads\/2019\/06\/Czym-by\u0142-Chrzest-Pan\u0301ski.jpg","datePublished":"2019-06-01T14:10:12+00:00","dateModified":"2020-01-13T07:57:57+00:00","description":"Perch\u00e9 Ges\u00f9 ha ricevuto il battesimo? Cos'era il Battesimo del Signore? Il battesimo di Cristo \u00e8 un evento importante nel cristianesimo, che in realt\u00e0 segna l'inizio di un importante","breadcrumb":{"@id":"https:\/\/chrystus.pl\/dlaczego-jezus-przyjal-chrzest-czym-byl-chrzest-panski\/#breadcrumb"},"inLanguage":"it-IT","potentialAction":[{"@type":"ReadAction","target":["https:\/\/chrystus.pl\/dlaczego-jezus-przyjal-chrzest-czym-byl-chrzest-panski\/"]}]},{"@type":"ImageObject","inLanguage":"it-IT","@id":"https:\/\/chrystus.pl\/dlaczego-jezus-przyjal-chrzest-czym-byl-chrzest-panski\/#primaryimage","url":"https:\/\/chrystus.pl\/wp-content\/uploads\/2019\/06\/Czym-by\u0142-Chrzest-Pan\u0301ski.jpg","contentUrl":"https:\/\/chrystus.pl\/wp-content\/uploads\/2019\/06\/Czym-by\u0142-Chrzest-Pan\u0301ski.jpg","width":640,"height":485,"caption":"Czym by\u0142 Chrzest Pan\u0301ski"},{"@type":"BreadcrumbList","@id":"https:\/\/chrystus.pl\/dlaczego-jezus-przyjal-chrzest-czym-byl-chrzest-panski\/#breadcrumb","itemListElement":[{"@type":"ListItem","position":1,"name":"Strona g\u0142\u00f3wna","item":"https:\/\/chrystus.pl\/"},{"@type":"ListItem","position":2,"name":"Dlaczego Jezus przyj\u0105\u0142 chrzest? Czym by\u0142 Chrzest Pa\u0144ski?"}]},{"@type":"WebSite","@id":"https:\/\/chrystus.pl\/#website","url":"https:\/\/chrystus.pl\/","name":"Cristo","description":"Dio, Maria, Ges\u00f9, Comunione e altro","publisher":{"@id":"https:\/\/chrystus.pl\/#organization"},"potentialAction":[{"@type":"SearchAction","target":{"@type":"EntryPoint","urlTemplate":"https:\/\/chrystus.pl\/?s={search_term_string}"},"query-input":{"@type":"PropertyValueSpecification","valueRequired":true,"valueName":"search_term_string"}}],"inLanguage":"it-IT"},{"@type":"Organization","@id":"https:\/\/chrystus.pl\/#organization","name":"Cristo.pl","url":"https:\/\/chrystus.pl\/","logo":{"@type":"ImageObject","inLanguage":"it-IT","@id":"https:\/\/chrystus.pl\/#\/schema\/logo\/image\/","url":"https:\/\/chrystus.pl\/wp-content\/uploads\/2019\/03\/chrystus-bog-maryja-komunia-bierzmowanie.jpg","contentUrl":"https:\/\/chrystus.pl\/wp-content\/uploads\/2019\/03\/chrystus-bog-maryja-komunia-bierzmowanie.jpg","width":1920,"height":1280,"caption":"Chrystus.pl"},"image":{"@id":"https:\/\/chrystus.pl\/#\/schema\/logo\/image\/"}},{"@type":"Person","@id":"https:\/\/chrystus.pl\/#\/schema\/person\/e2e742452b8b7b2bcd23ea180671d27a","name":"Donna samaritana"}]}},"_links":{"self":[{"href":"https:\/\/chrystus.pl\/it\/wp-json\/wp\/v2\/posts\/662","targetHints":{"allow":["GET"]}}],"collection":[{"href":"https:\/\/chrystus.pl\/it\/wp-json\/wp\/v2\/posts"}],"about":[{"href":"https:\/\/chrystus.pl\/it\/wp-json\/wp\/v2\/types\/post"}],"author":[{"embeddable":true,"href":"https:\/\/chrystus.pl\/it\/wp-json\/wp\/v2\/users\/1"}],"replies":[{"embeddable":true,"href":"https:\/\/chrystus.pl\/it\/wp-json\/wp\/v2\/comments?post=662"}],"version-history":[{"count":0,"href":"https:\/\/chrystus.pl\/it\/wp-json\/wp\/v2\/posts\/662\/revisions"}],"wp:featuredmedia":[{"embeddable":true,"href":"https:\/\/chrystus.pl\/it\/wp-json\/wp\/v2\/media\/663"}],"wp:attachment":[{"href":"https:\/\/chrystus.pl\/it\/wp-json\/wp\/v2\/media?parent=662"}],"wp:term":[{"taxonomy":"category","embeddable":true,"href":"https:\/\/chrystus.pl\/it\/wp-json\/wp\/v2\/categories?post=662"},{"taxonomy":"post_tag","embeddable":true,"href":"https:\/\/chrystus.pl\/it\/wp-json\/wp\/v2\/tags?post=662"}],"curies":[{"name":"wp","href":"https:\/\/api.w.org\/{rel}","templated":true}]}}