{"id":814,"date":"2019-12-27T20:36:29","date_gmt":"2019-12-27T20:36:29","guid":{"rendered":"https:\/\/chrystus.pl\/?p=814"},"modified":"2019-12-27T20:36:37","modified_gmt":"2019-12-27T20:36:37","slug":"co-oznacza-i-czym-jest-wielkanoc","status":"publish","type":"post","link":"https:\/\/chrystus.pl\/it\/co-oznacza-i-czym-jest-wielkanoc\/","title":{"rendered":"Cosa significa e cos'\u00e8 la Pasqua?"},"content":{"rendered":"<div id=\"ez-toc-container\" class=\"ez-toc-v2_0_82_2 counter-hierarchy ez-toc-counter ez-toc-custom ez-toc-container-direction\">\n<p class=\"ez-toc-title\" style=\"cursor:inherit\">Indice dei contenuti<\/p>\n<label for=\"ez-toc-cssicon-toggle-item-69f17ce9de9ab\" class=\"ez-toc-cssicon-toggle-label\"><span class=\"\"><span class=\"eztoc-hide\" style=\"display:none;\">Toggle<\/span><span class=\"ez-toc-icon-toggle-span\"><svg style=\"fill: #ffffff;color:#ffffff\" xmlns=\"http:\/\/www.w3.org\/2000\/svg\" class=\"list-377408\" width=\"20px\" height=\"20px\" viewbox=\"0 0 24 24\" fill=\"none\"><path d=\"M6 6H4v2h2V6zm14 0H8v2h12V6zM4 11h2v2H4v-2zm16 0H8v2h12v-2zM4 16h2v2H4v-2zm16 0H8v2h12v-2z\" fill=\"currentColor\"><\/path><\/svg><svg style=\"fill: #ffffff;color:#ffffff\" class=\"arrow-unsorted-368013\" xmlns=\"http:\/\/www.w3.org\/2000\/svg\" width=\"10px\" height=\"10px\" viewbox=\"0 0 24 24\" version=\"1.2\" baseprofile=\"tiny\"><path d=\"M18.2 9.3l-6.2-6.3-6.2 6.3c-.2.2-.3.4-.3.7s.1.5.3.7c.2.2.4.3.7.3h11c.3 0 .5-.1.7-.3.2-.2.3-.5.3-.7s-.1-.5-.3-.7zM5.8 14.7l6.2 6.3 6.2-6.3c.2-.2.3-.5.3-.7s-.1-.5-.3-.7c-.2-.2-.4-.3-.7-.3h-11c-.3 0-.5.1-.7.3-.2.2-.3.5-.3.7s.1.5.3.7z\"\/><\/svg><\/span><\/span><\/label><input type=\"checkbox\"  id=\"ez-toc-cssicon-toggle-item-69f17ce9de9ab\"  aria-label=\"Toggle\" \/><nav><ul class='ez-toc-list ez-toc-list-level-1' ><li class='ez-toc-page-1 ez-toc-heading-level-2'><a class=\"ez-toc-link ez-toc-heading-1\" href=\"https:\/\/chrystus.pl\/it\/co-oznacza-i-czym-jest-wielkanoc\/#Co_to_jest_wielkanoc\" >Cos'\u00e8 la Pasqua?<\/a><\/li><li class='ez-toc-page-1 ez-toc-heading-level-2'><a class=\"ez-toc-link ez-toc-heading-2\" href=\"https:\/\/chrystus.pl\/it\/co-oznacza-i-czym-jest-wielkanoc\/#Co_to_wielkanoc\" >Cos'\u00e8 la Pasqua?<\/a><\/li><li class='ez-toc-page-1 ez-toc-heading-level-2'><a class=\"ez-toc-link ez-toc-heading-3\" href=\"https:\/\/chrystus.pl\/it\/co-oznacza-i-czym-jest-wielkanoc\/#Co_to_wielkanoc_Co_oznacza_Wielkanoc\" >Cos'\u00e8 la Pasqua? Cosa significa la Pasqua?<\/a><\/li><\/ul><\/nav><\/div>\n<h2><span class=\"ez-toc-section\" id=\"Co_to_jest_wielkanoc\"><\/span>Cos'\u00e8 la Pasqua?<span class=\"ez-toc-section-end\"><\/span><\/h2>\n<h2><span class=\"ez-toc-section\" id=\"Co_to_wielkanoc\"><\/span>Cos'\u00e8 la Pasqua?<span class=\"ez-toc-section-end\"><\/span><\/h2>\n<p><span id=\"urn:enhancement-3e17ab8b\" class=\"textannotation disambiguated wl-other\" itemid=\"http:\/\/data.wordlift.io\/wl01857\/entity\/wielkanoc\">Pasqua<\/span> o <span id=\"urn:enhancement-267bc3db\" class=\"textannotation disambiguated wl-other\" itemid=\"http:\/\/data.wordlift.io\/wl01857\/entity\/wielkanoc\">Domenica di Pasqua<\/span>La domenica di Pasqua, conosciuta anche come domenica di Pasqua o domenica di risurrezione (o Pascha in ortodossia), \u00e8 una delle pi\u00f9 antiche e importanti feste celebrate dai cristiani, che commemora il cosiddetto mistero pasquale del Figlio di Dio, cio\u00e8 la sua passione, morte e risurrezione.<\/p>\n<p><span id=\"urn:enhancement-baf8e279\" class=\"textannotation disambiguated wl-other\" itemid=\"http:\/\/data.wordlift.io\/wl01857\/entity\/wielkanoc\">Pasqua<\/span> \u00e8 celebrata dalle Chiese cristiane a partire dal cosiddetto Credo niceno. Sono tutte le Chiese che, nel primo Concilio di Nicea, hanno accettato l'unit\u00e0 del Figlio di Dio nel Padre. La festa \u00e8 sempre preceduta da giorni di digiuno, inizialmente come veglia notturna durante la quale veniva raccontata la storia della salvezza, che poi si \u00e8 sviluppata nella celebrazione del cosiddetto Triduo Pasquale, preceduto da un periodo di preparazione di quattro giorni sotto forma di Quaresima.<\/p>\n<p><span id=\"urn:enhancement-a4ab8f5f\" class=\"textannotation disambiguated wl-other\" itemid=\"http:\/\/data.wordlift.io\/wl01857\/entity\/wielkanoc\">Pasqua<\/span> segna anche l'inizio del periodo pasquale di cinquanta giorni, che culmina nella festa di <span id=\"urn:enhancement-9524a929\" class=\"textannotation disambiguated wl-other\" itemid=\"http:\/\/data.wordlift.io\/wl01378\/entity\/zeslanie_ducha_swietego\">Pentecoste<\/span>.<\/p>\n<p>L'intera settimana prima di Pasqua si chiama <span id=\"urn:enhancement-caf34248\" class=\"textannotation disambiguated wl-other\" itemid=\"http:\/\/data.wordlift.io\/wl01857\/entity\/wielki_tydzien\">Settimana Santa<\/span>. \u00c8 un momento per ricordare gli eventi pi\u00f9 importanti per la fede cristiana. Gli ultimi tre giorni (<span id=\"urn:enhancement-7e3def6a\" class=\"textannotation disambiguated wl-other\" itemid=\"http:\/\/data.wordlift.io\/wl01857\/entity\/wielki_czwartek\">Gioved\u00ec Santo<\/span> sera, <span id=\"urn:enhancement-c782bb4b\" class=\"textannotation disambiguated wl-other\" itemid=\"http:\/\/data.wordlift.io\/wl01857\/entity\/wielki_piatek\">Venerd\u00ec Santo<\/span>, <span id=\"urn:enhancement-2ee885ac\" class=\"textannotation disambiguated wl-other\" itemid=\"http:\/\/data.wordlift.io\/wl01857\/entity\/wielka_sobota\">Sabato Santo<\/span> i <span id=\"urn:enhancement-ebf5739c\" class=\"textannotation disambiguated wl-other\" itemid=\"http:\/\/data.wordlift.io\/wl01857\/entity\/wielkanoc\">Domenica di Pasqua<\/span>) sono chiamati il Triduo Pasquale. Dopo che l'oscurit\u00e0 \u00e8 scesa nel <span id=\"urn:enhancement-78bf4cef\" class=\"textannotation disambiguated wl-other\" itemid=\"http:\/\/data.wordlift.io\/wl01857\/entity\/wielka_sobota\">Sabato Santo<\/span>Nelle chiese si accende una pasqua per simboleggiare il Cristo risorto.<\/p>\n<p>Dopo la domenica di Pasqua, le celebrazioni continuano per altri otto giorni. Si tratta del cosiddetto ottavario pasquale. Successivamente, il periodo si estende per altri 50 giorni. Il quarantesimo giorno si celebra l'Ascensione di Ges\u00f9. Il periodo si conclude con la domenica di Pentecoste (giorno numero 50). I sacerdoti, durante tutto il periodo, usano il colore bianco dei loro paramenti liturgici.<\/p>\n<p>Lo stesso giorno di Pasqua \u00e8 certamente inseparabile dal Venerd\u00ec Santo. In primo luogo, tutta la Chiesa, insieme a tutti i fedeli, rivive la morte in croce del Signore (morire con lui) per poi risorgere con lui.<\/p>\n<h2><span class=\"ez-toc-section\" id=\"Co_to_wielkanoc_Co_oznacza_Wielkanoc\"><\/span>Cos'\u00e8 la Pasqua? Cosa significa la Pasqua?<span class=\"ez-toc-section-end\"><\/span><\/h2>\n<p><span id=\"urn:enhancement-bd47663f\" class=\"textannotation disambiguated wl-other\" itemid=\"http:\/\/data.wordlift.io\/wl01857\/entity\/wielkanoc\">Pasqua<\/span> \u00e8 un simbolo della vittoria di Ges\u00f9 sulla morte. \u00c8 il superamento della morte e la realizzazione del potere divino. \u00c8 importante ricordare che egli \u00e8 stato crocifisso ed \u00e8 morto per i nostri peccati. Cos\u00ec siamo noi stessi, per cos\u00ec dire, a morire e a rinascere. Il periodo pasquale rappresenta il mistero pi\u00f9 grande e pi\u00f9 importante della nostra vita cristiana. <span id=\"urn:enhancement-5ec0303\" class=\"textannotation disambiguated wl-other\" itemid=\"http:\/\/data.wordlift.io\/wl01378\/entity\/wiara_chrzescijanstwo\">fede<\/span>. Dobbiamo quindi celebrarlo con particolare cura e, durante di esso, darci pienamente a <span id=\"urn:enhancement-a84896d4\" class=\"textannotation disambiguated wl-other\" itemid=\"http:\/\/data.wordlift.io\/wl01378\/entity\/bog_ojciec\">Signor<\/span> e riflessioni sulla vita e la morte.<\/p>\n<p>Vale la pena ricordare, a proposito, che in <span id=\"urn:enhancement-49811b13\" class=\"textannotation disambiguated wl-other\" itemid=\"http:\/\/data.wordlift.io\/wl01378\/entity\/wiara_chrzescijanstwo\">credere<\/span> Chiesa ortodossa, si celebra anche <span id=\"urn:enhancement-ec0649da\" class=\"textannotation disambiguated wl-other\" itemid=\"http:\/\/data.wordlift.io\/wl01857\/entity\/wielkanoc\">Pasqua<\/span>. Si chiama l\u00ec <span id=\"urn:enhancement-1d314ff7\" class=\"textannotation disambiguated wl-other\" itemid=\"http:\/\/data.wordlift.io\/wl01857\/entity\/pesach\">Pascha<\/span>e tutta la settimana precedente, la settimana pasquale. La notte del <span id=\"urn:enhancement-ae2d036d\" class=\"textannotation disambiguated wl-other\" itemid=\"http:\/\/data.wordlift.io\/wl01857\/entity\/soboty\">Sabato<\/span> su <span id=\"urn:enhancement-8caa8e44\" class=\"textannotation disambiguated wl-other\" itemid=\"http:\/\/data.wordlift.io\/wl01857\/entity\/niedziela\">Domenica<\/span> <span id=\"urn:enhancement-b95534af\" class=\"textannotation disambiguated wl-other\" itemid=\"http:\/\/data.wordlift.io\/wl01378\/entity\/kosciol_budynek\">chiese<\/span> Le chiese ortodosse celebrano il cosiddetto Mattutino <span id=\"urn:enhancement-37ca3b0f\" class=\"textannotation disambiguated wl-other\" itemid=\"http:\/\/data.wordlift.io\/wl01857\/entity\/wielkanoc\">pasquale<\/span>. <span id=\"urn:enhancement-b793121c\" class=\"textannotation disambiguated wl-other\" itemid=\"http:\/\/data.wordlift.io\/wl01378\/entity\/wierni\">Fedele<\/span> per tutta la settimana sono soliti salutarsi con le parole: \"<span id=\"urn:enhancement-6982be19\" class=\"textannotation disambiguated wl-person\" itemid=\"http:\/\/data.wordlift.io\/wl01378\/entity\/jezus_chrystus\">Cristo<\/span> risorto dai morti\". Cos\u00ec si pu\u00f2 vedere che in <span id=\"urn:enhancement-70a8826d\" class=\"textannotation disambiguated wl-other\" itemid=\"http:\/\/data.wordlift.io\/wl01378\/entity\/kosciol_budynek\">chiesa<\/span> Ortodosso, <span id=\"urn:enhancement-eabd542c\" class=\"textannotation disambiguated wl-other\" itemid=\"http:\/\/data.wordlift.io\/wl01857\/entity\/wigilia\">Vigilia di Natale<\/span> e il periodo della resurrezione del Signore giocano un ruolo altrettanto significativo nel nostro <span id=\"urn:enhancement-a2b34573\" class=\"textannotation disambiguated wl-other\" itemid=\"http:\/\/data.wordlift.io\/wl01378\/entity\/kosciol_budynek\">chiesa<\/span> cattolico.<\/p>\n<p>&nbsp;<\/p>","protected":false},"excerpt":{"rendered":"<p>Che cos'\u00e8 la Pasqua? Che cos'\u00e8 la Pasqua? La Pasqua o Domenica di Pasqua, conosciuta anche come Domenica di Pasqua o Domenica di Risurrezione (chiamata Pascha nella Chiesa ortodossa) \u00e8 una delle feste pi\u00f9 antiche e importanti celebrate dai cristiani, che commemora il cosiddetto mistero pasquale del Figlio di Dio, cio\u00e8 la sua passione, morte e risurrezione. La Pasqua \u00e8 celebrata dalle Chiese cristiane con ...<\/p>","protected":false},"author":1,"featured_media":816,"comment_status":"open","ping_status":"closed","sticky":false,"template":"","format":"standard","meta":{"footnotes":""},"categories":[53],"tags":[],"class_list":["post-814","post","type-post","status-publish","format-standard","has-post-thumbnail","hentry","category-wielkanoc"],"yoast_head":"<!-- This site is optimized with the Yoast SEO plugin v27.5 - https:\/\/yoast.com\/product\/yoast-seo-wordpress\/ -->\n<title>Co oznacza i czym jest Wielkanoc? - Chrystus<\/title>\n<meta name=\"description\" content=\"Co to jest wielkanoc? Co to wielkanoc? Wielkanoc lub Niedziela Wielkanocna, nazywana tak\u017ce Wielk\u0105 Niedziel\u0105 czy Zmartwychwstaniem Pa\u0144skim (w prawos\u0142awiu\" \/>\n<meta name=\"robots\" content=\"index, follow, max-snippet:-1, max-image-preview:large, max-video-preview:-1\" \/>\n<link rel=\"canonical\" href=\"https:\/\/chrystus.pl\/it\/cosa-cosa-cosa-cosa-cosa-cosa-cosa-cosa-ruota\/\" \/>\n<meta property=\"og:locale\" content=\"it_IT\" \/>\n<meta property=\"og:type\" content=\"article\" \/>\n<meta property=\"og:title\" content=\"Co oznacza i czym jest Wielkanoc? - Chrystus\" \/>\n<meta property=\"og:description\" content=\"Co to jest wielkanoc? Co to wielkanoc? Wielkanoc lub Niedziela Wielkanocna, nazywana tak\u017ce Wielk\u0105 Niedziel\u0105 czy Zmartwychwstaniem Pa\u0144skim (w prawos\u0142awiu\" \/>\n<meta property=\"og:url\" content=\"https:\/\/chrystus.pl\/it\/cosa-cosa-cosa-cosa-cosa-cosa-cosa-cosa-ruota\/\" \/>\n<meta property=\"og:site_name\" content=\"Chrystus\" \/>\n<meta property=\"article:published_time\" content=\"2019-12-27T20:36:29+00:00\" \/>\n<meta property=\"article:modified_time\" content=\"2019-12-27T20:36:37+00:00\" \/>\n<meta property=\"og:image\" content=\"https:\/\/chrystus.pl\/wp-content\/uploads\/2019\/12\/co-oznacza-wielkanoc.jpg\" \/>\n\t<meta property=\"og:image:width\" content=\"1280\" \/>\n\t<meta property=\"og:image:height\" content=\"782\" \/>\n\t<meta property=\"og:image:type\" content=\"image\/jpeg\" \/>\n<meta name=\"author\" content=\"Samarytanka\" \/>\n<meta name=\"twitter:card\" content=\"summary_large_image\" \/>\n<meta name=\"twitter:label1\" content=\"Scritto da\" \/>\n\t<meta name=\"twitter:data1\" content=\"Samarytanka\" \/>\n\t<meta name=\"twitter:label2\" content=\"Tempo di lettura stimato\" \/>\n\t<meta name=\"twitter:data2\" content=\"3 minuti\" \/>\n<!-- \/ Yoast SEO plugin. -->","yoast_head_json":{"title":"Cosa significa e cos'\u00e8 la Pasqua? - Cristo","description":"Cos'\u00e8 la Pasqua? Cos'\u00e8 la Pasqua? Pasqua o domenica di Pasqua, chiamata anche domenica di Pasqua o domenica di risurrezione (nell'ortodossia","robots":{"index":"index","follow":"follow","max-snippet":"max-snippet:-1","max-image-preview":"max-image-preview:large","max-video-preview":"max-video-preview:-1"},"canonical":"https:\/\/chrystus.pl\/it\/cosa-cosa-cosa-cosa-cosa-cosa-cosa-cosa-ruota\/","og_locale":"it_IT","og_type":"article","og_title":"Co oznacza i czym jest Wielkanoc? - Chrystus","og_description":"Co to jest wielkanoc? Co to wielkanoc? Wielkanoc lub Niedziela Wielkanocna, nazywana tak\u017ce Wielk\u0105 Niedziel\u0105 czy Zmartwychwstaniem Pa\u0144skim (w prawos\u0142awiu","og_url":"https:\/\/chrystus.pl\/it\/cosa-cosa-cosa-cosa-cosa-cosa-cosa-cosa-ruota\/","og_site_name":"Chrystus","article_published_time":"2019-12-27T20:36:29+00:00","article_modified_time":"2019-12-27T20:36:37+00:00","og_image":[{"width":1280,"height":782,"url":"https:\/\/chrystus.pl\/wp-content\/uploads\/2019\/12\/co-oznacza-wielkanoc.jpg","type":"image\/jpeg"}],"author":"Samarytanka","twitter_card":"summary_large_image","twitter_misc":{"Scritto da":"Samarytanka","Tempo di lettura stimato":"3 minuti"},"schema":{"@context":"https:\/\/schema.org","@graph":[{"@type":"Article","@id":"https:\/\/chrystus.pl\/co-oznacza-i-czym-jest-wielkanoc\/#article","isPartOf":{"@id":"https:\/\/chrystus.pl\/co-oznacza-i-czym-jest-wielkanoc\/"},"author":{"name":"Samarytanka","@id":"https:\/\/chrystus.pl\/#\/schema\/person\/e2e742452b8b7b2bcd23ea180671d27a"},"headline":"Co oznacza i czym jest Wielkanoc?","datePublished":"2019-12-27T20:36:29+00:00","dateModified":"2019-12-27T20:36:37+00:00","mainEntityOfPage":{"@id":"https:\/\/chrystus.pl\/co-oznacza-i-czym-jest-wielkanoc\/"},"wordCount":508,"commentCount":0,"publisher":{"@id":"https:\/\/chrystus.pl\/#organization"},"image":{"@id":"https:\/\/chrystus.pl\/co-oznacza-i-czym-jest-wielkanoc\/#primaryimage"},"thumbnailUrl":"https:\/\/chrystus.pl\/wp-content\/uploads\/2019\/12\/co-oznacza-wielkanoc.jpg","articleSection":["Wielkanoc"],"inLanguage":"it-IT","potentialAction":[{"@type":"CommentAction","name":"Comment","target":["https:\/\/chrystus.pl\/co-oznacza-i-czym-jest-wielkanoc\/#respond"]}]},{"@type":"WebPage","@id":"https:\/\/chrystus.pl\/co-oznacza-i-czym-jest-wielkanoc\/","url":"https:\/\/chrystus.pl\/co-oznacza-i-czym-jest-wielkanoc\/","name":"Cosa significa e cos'\u00e8 la Pasqua? - Cristo","isPartOf":{"@id":"https:\/\/chrystus.pl\/#website"},"primaryImageOfPage":{"@id":"https:\/\/chrystus.pl\/co-oznacza-i-czym-jest-wielkanoc\/#primaryimage"},"image":{"@id":"https:\/\/chrystus.pl\/co-oznacza-i-czym-jest-wielkanoc\/#primaryimage"},"thumbnailUrl":"https:\/\/chrystus.pl\/wp-content\/uploads\/2019\/12\/co-oznacza-wielkanoc.jpg","datePublished":"2019-12-27T20:36:29+00:00","dateModified":"2019-12-27T20:36:37+00:00","description":"Cos'\u00e8 la Pasqua? Cos'\u00e8 la Pasqua? Pasqua o domenica di Pasqua, chiamata anche domenica di Pasqua o domenica di risurrezione (nell'ortodossia","breadcrumb":{"@id":"https:\/\/chrystus.pl\/co-oznacza-i-czym-jest-wielkanoc\/#breadcrumb"},"inLanguage":"it-IT","potentialAction":[{"@type":"ReadAction","target":["https:\/\/chrystus.pl\/co-oznacza-i-czym-jest-wielkanoc\/"]}]},{"@type":"ImageObject","inLanguage":"it-IT","@id":"https:\/\/chrystus.pl\/co-oznacza-i-czym-jest-wielkanoc\/#primaryimage","url":"https:\/\/chrystus.pl\/wp-content\/uploads\/2019\/12\/co-oznacza-wielkanoc.jpg","contentUrl":"https:\/\/chrystus.pl\/wp-content\/uploads\/2019\/12\/co-oznacza-wielkanoc.jpg","width":1280,"height":782,"caption":"co oznacza wielkanoc"},{"@type":"BreadcrumbList","@id":"https:\/\/chrystus.pl\/co-oznacza-i-czym-jest-wielkanoc\/#breadcrumb","itemListElement":[{"@type":"ListItem","position":1,"name":"Strona g\u0142\u00f3wna","item":"https:\/\/chrystus.pl\/"},{"@type":"ListItem","position":2,"name":"Co oznacza i czym jest Wielkanoc?"}]},{"@type":"WebSite","@id":"https:\/\/chrystus.pl\/#website","url":"https:\/\/chrystus.pl\/","name":"Cristo","description":"Dio, Maria, Ges\u00f9, Comunione e altro","publisher":{"@id":"https:\/\/chrystus.pl\/#organization"},"potentialAction":[{"@type":"SearchAction","target":{"@type":"EntryPoint","urlTemplate":"https:\/\/chrystus.pl\/?s={search_term_string}"},"query-input":{"@type":"PropertyValueSpecification","valueRequired":true,"valueName":"search_term_string"}}],"inLanguage":"it-IT"},{"@type":"Organization","@id":"https:\/\/chrystus.pl\/#organization","name":"Cristo.pl","url":"https:\/\/chrystus.pl\/","logo":{"@type":"ImageObject","inLanguage":"it-IT","@id":"https:\/\/chrystus.pl\/#\/schema\/logo\/image\/","url":"https:\/\/chrystus.pl\/wp-content\/uploads\/2019\/03\/chrystus-bog-maryja-komunia-bierzmowanie.jpg","contentUrl":"https:\/\/chrystus.pl\/wp-content\/uploads\/2019\/03\/chrystus-bog-maryja-komunia-bierzmowanie.jpg","width":1920,"height":1280,"caption":"Chrystus.pl"},"image":{"@id":"https:\/\/chrystus.pl\/#\/schema\/logo\/image\/"}},{"@type":"Person","@id":"https:\/\/chrystus.pl\/#\/schema\/person\/e2e742452b8b7b2bcd23ea180671d27a","name":"Donna samaritana"}]}},"_links":{"self":[{"href":"https:\/\/chrystus.pl\/it\/wp-json\/wp\/v2\/posts\/814","targetHints":{"allow":["GET"]}}],"collection":[{"href":"https:\/\/chrystus.pl\/it\/wp-json\/wp\/v2\/posts"}],"about":[{"href":"https:\/\/chrystus.pl\/it\/wp-json\/wp\/v2\/types\/post"}],"author":[{"embeddable":true,"href":"https:\/\/chrystus.pl\/it\/wp-json\/wp\/v2\/users\/1"}],"replies":[{"embeddable":true,"href":"https:\/\/chrystus.pl\/it\/wp-json\/wp\/v2\/comments?post=814"}],"version-history":[{"count":0,"href":"https:\/\/chrystus.pl\/it\/wp-json\/wp\/v2\/posts\/814\/revisions"}],"wp:featuredmedia":[{"embeddable":true,"href":"https:\/\/chrystus.pl\/it\/wp-json\/wp\/v2\/media\/816"}],"wp:attachment":[{"href":"https:\/\/chrystus.pl\/it\/wp-json\/wp\/v2\/media?parent=814"}],"wp:term":[{"taxonomy":"category","embeddable":true,"href":"https:\/\/chrystus.pl\/it\/wp-json\/wp\/v2\/categories?post=814"},{"taxonomy":"post_tag","embeddable":true,"href":"https:\/\/chrystus.pl\/it\/wp-json\/wp\/v2\/tags?post=814"}],"curies":[{"name":"wp","href":"https:\/\/api.w.org\/{rel}","templated":true}]}}