{"id":1527,"date":"2020-04-26T23:57:26","date_gmt":"2020-04-26T23:57:26","guid":{"rendered":"https:\/\/chrystus.pl\/?p=1527"},"modified":"2020-04-26T23:58:53","modified_gmt":"2020-04-26T23:58:53","slug":"kim-byl-chrystus","status":"publish","type":"post","link":"https:\/\/chrystus.pl\/jp\/kim-byl-chrystus\/","title":{"rendered":"\u30ad\u30ea\u30b9\u30c8\u3068\u306f\uff1f"},"content":{"rendered":"<p><span>Kim by\u0142 Chrystus? Urodzony w Betlejem, jest centraln\u0105 postaci\u0105 religii chrze\u015bcija\u0144skiej. Chrystus uznawany jest za posta\u0107 Bosk\u0105 jako jedna z trzech os\u00f3b wsp\u00f3\u0142istotnych ojcu. Chrystus uznawany jest za ludzk\u0105 posta\u0107 Boga. Jego obecno\u015b\u0107 i dzia\u0142alno\u015b\u0107 w I wieku naszej ery potwierdzana jest r\u00f3wnie\u017c przez \u00f3wczesnych historyk\u00f3w. Chrystus za swojego \u017cycia by\u0142 cie\u015bl\u0105 i kaznodziej\u0105 w rzymskiej prowincji Judea.<\/span><\/p>\n<p>\u8056\u66f8\u306b\u3088\u308c\u3070\u3001\u30de\u30ea\u30a2\u306f\u30e6\u30c0\u30e4\u4eba\u306e\u5bb6\u5ead\u306b\u751f\u307e\u308c\u305f\u3002 <a href=\"https:\/\/chrystus.pl\/jp\/modlitwa-w-sprawach-trudnych-i-beznadziejnych-do-sw-jozefa\/\">\u30e8\u30fc\u30bc\u30d5<\/a>. Chrzest przyj\u0105\u0142 z r\u0105k Jana Chrzciciela. Rola Chrystusa na ziemi jako Syna Bo\u017cego jest bardzo ogromna. Po przyj\u0119ciu Chrztu zacz\u0105\u0142 swoj\u0105 dzia\u0142alno\u015b\u0107 jako nauczyciel i pos\u0142aniec s\u0142owa swojego Ojca. Podr\u00f3\u017cowa\u0142 i gromadzi\u0142 wok\u00f3\u0142 siebie uczni\u00f3w, dokonuj\u0105c w tym czasie wielu cud\u00f3w, wliczaj\u0105c w to liczne uzdrowienia. Sam Chrystus nazywa\u0142 si\u0119 Mesjaszem, czym sprowadzi\u0142 na siebie wrogo\u015b\u0107 faryzeuszy i saduceuszy. Jednym z najwa\u017cniejszych dzia\u0142a\u0144 Chrystusa na ziemi by\u0142o nauczanie, w trakcie kt\u00f3rego przekazywa\u0142 najwa\u017cniejsze idee chrze\u015bcija\u0144stwa.<\/p>\n<p>Kim by\u0142 Chrystus wed\u0142ug wiary chrze\u015bcija\u0144skiej? By\u0142 on wcielonym Synem Bo\u017cym i zarazem drug\u0105 osob\u0105 w Tr\u00f3jcy \u015awi\u0119tej, zrodzony z Ojca przed wszystkimi wiekami. Zgodnie z nauczaniem chrze\u015bcija\u0144skim, Chrystus zosta\u0142 pocz\u0119ty z Ducha \u015awi\u0119tego. Zosta\u0142 skazany na \u015bmier\u0107 przez Poncjusza Pi\u0142ata. Zosta\u0142 um\u0119czony, odkupuj\u0105c tym samym ludzkie grzechy. Chrystus by\u0142 jedn\u0105 osob\u0105 o dw\u00f3ch naturach: boskiej i ludzkiej.<\/p>","protected":false},"excerpt":{"rendered":"<p>Kim by\u0142 Chrystus? Urodzony w Betlejem, jest centraln\u0105 postaci\u0105 religii chrze\u015bcija\u0144skiej. Chrystus uznawany jest za posta\u0107 Bosk\u0105 jako jedna z trzech os\u00f3b wsp\u00f3\u0142istotnych ojcu. Chrystus uznawany jest za ludzk\u0105 posta\u0107 Boga. Jego obecno\u015b\u0107 i dzia\u0142alno\u015b\u0107 w I wieku naszej ery potwierdzana jest r\u00f3wnie\u017c przez \u00f3wczesnych historyk\u00f3w. Chrystus za swojego \u017cycia by\u0142 cie\u015bl\u0105 i kaznodziej\u0105 w rzymskiej prowincji Judea. Wed\u0142ug Biblii urodzi\u0142 si\u0119 w \u017cydowskiej rodzinie jako syn Maryi, \u017cony J\u00f3zefa. Chrzest przyj\u0105\u0142 z r\u0105k Jana Chrzciciela. Rola Chrystusa na ziemi jako Syna Bo\u017cego jest bardzo ogromna. Po przyj\u0119ciu Chrztu zacz\u0105\u0142 swoj\u0105 dzia\u0142alno\u015b\u0107 jako nauczyciel i pos\u0142aniec s\u0142owa swojego Ojca. Podr\u00f3\u017cowa\u0142 i gromadzi\u0142 wok\u00f3\u0142 siebie uczni\u00f3w, dokonuj\u0105c w tym czasie wielu &hellip;<\/p>","protected":false},"author":1,"featured_media":1528,"comment_status":"closed","ping_status":"closed","sticky":false,"template":"","format":"standard","meta":{"footnotes":""},"categories":[61],"tags":[],"class_list":["post-1527","post","type-post","status-publish","format-standard","has-post-thumbnail","hentry","category-chrystus"],"yoast_head":"<!-- This site is optimized with the Yoast SEO plugin v27.5 - https:\/\/yoast.com\/product\/yoast-seo-wordpress\/ -->\n<title>Kim by\u0142 Chrystus? - Chrystus<\/title>\n<meta name=\"description\" content=\"Kim by\u0142 Chrystus? Urodzony w Betlejem, jest centraln\u0105 postaci\u0105 religii\" \/>\n<meta name=\"robots\" content=\"index, follow, max-snippet:-1, max-image-preview:large, max-video-preview:-1\" \/>\n<link rel=\"canonical\" href=\"https:\/\/chrystus.pl\/jp\/\u30ad\u30e0\u30fb\u30d3\u30eb\u30fb\u30af\u30e9\u30a4\u30b9\u30c8\/\" \/>\n<meta property=\"og:locale\" content=\"ja_JP\" \/>\n<meta property=\"og:type\" content=\"article\" \/>\n<meta property=\"og:title\" content=\"Kim by\u0142 Chrystus?\" \/>\n<meta property=\"og:description\" content=\"Chrystus uznawany jest za posta\u0107 Bosk\u0105 jako jedna z trzech os\u00f3b wsp\u00f3\u0142istotnych ojcu.\" \/>\n<meta property=\"og:url\" content=\"https:\/\/chrystus.pl\/jp\/\u30ad\u30e0\u30fb\u30d3\u30eb\u30fb\u30af\u30e9\u30a4\u30b9\u30c8\/\" \/>\n<meta property=\"og:site_name\" content=\"Chrystus\" \/>\n<meta property=\"article:published_time\" content=\"2020-04-26T23:57:26+00:00\" \/>\n<meta property=\"article:modified_time\" content=\"2020-04-26T23:58:53+00:00\" \/>\n<meta property=\"og:image\" content=\"https:\/\/chrystus.pl\/wp-content\/uploads\/2020\/04\/kim-byl-chrystus.jpg\" \/>\n\t<meta property=\"og:image:width\" content=\"640\" \/>\n\t<meta property=\"og:image:height\" content=\"426\" \/>\n\t<meta property=\"og:image:type\" content=\"image\/jpeg\" \/>\n<meta name=\"author\" content=\"Samarytanka\" \/>\n<meta name=\"twitter:card\" content=\"summary_large_image\" \/>\n<meta name=\"twitter:title\" content=\"Kim by\u0142 Chrystus?\" \/>\n<meta name=\"twitter:description\" content=\"Chrystus uznawany jest za posta\u0107 Bosk\u0105 jako jedna z trzech os\u00f3b wsp\u00f3\u0142istotnych ojcu.\" \/>\n<meta name=\"twitter:image\" content=\"https:\/\/chrystus.pl\/wp-content\/uploads\/2020\/04\/kim-byl-chrystus.jpg\" \/>\n<meta name=\"twitter:label1\" content=\"\u57f7\u7b46\u8005\" \/>\n\t<meta name=\"twitter:data1\" content=\"Samarytanka\" \/>\n\t<meta name=\"twitter:label2\" content=\"\u63a8\u5b9a\u8aad\u307f\u53d6\u308a\u6642\u9593\" \/>\n\t<meta name=\"twitter:data2\" content=\"1\u5206\" \/>\n<!-- \/ Yoast SEO plugin. -->","yoast_head_json":{"title":"\u30ad\u30ea\u30b9\u30c8\u3068\u306f\uff1f- \u30ad\u30ea\u30b9\u30c8","description":"\u30ad\u30ea\u30b9\u30c8\u3068\u306f\u4f55\u8005\u304b\uff1f\u30d9\u30c4\u30ec\u30d8\u30e0\u3067\u751f\u307e\u308c\u3001\u5b97\u6559\u306e\u4e2d\u5fc3\u4eba\u7269\u3068\u306a\u308b","robots":{"index":"index","follow":"follow","max-snippet":"max-snippet:-1","max-image-preview":"max-image-preview:large","max-video-preview":"max-video-preview:-1"},"canonical":"https:\/\/chrystus.pl\/jp\/\u30ad\u30e0\u30fb\u30d3\u30eb\u30fb\u30af\u30e9\u30a4\u30b9\u30c8\/","og_locale":"ja_JP","og_type":"article","og_title":"Kim by\u0142 Chrystus?","og_description":"Chrystus uznawany jest za posta\u0107 Bosk\u0105 jako jedna z trzech os\u00f3b wsp\u00f3\u0142istotnych ojcu.","og_url":"https:\/\/chrystus.pl\/jp\/\u30ad\u30e0\u30fb\u30d3\u30eb\u30fb\u30af\u30e9\u30a4\u30b9\u30c8\/","og_site_name":"Chrystus","article_published_time":"2020-04-26T23:57:26+00:00","article_modified_time":"2020-04-26T23:58:53+00:00","og_image":[{"width":640,"height":426,"url":"https:\/\/chrystus.pl\/wp-content\/uploads\/2020\/04\/kim-byl-chrystus.jpg","type":"image\/jpeg"}],"author":"Samarytanka","twitter_card":"summary_large_image","twitter_title":"Kim by\u0142 Chrystus?","twitter_description":"Chrystus uznawany jest za posta\u0107 Bosk\u0105 jako jedna z trzech os\u00f3b wsp\u00f3\u0142istotnych ojcu.","twitter_image":"https:\/\/chrystus.pl\/wp-content\/uploads\/2020\/04\/kim-byl-chrystus.jpg","twitter_misc":{"\u57f7\u7b46\u8005":"Samarytanka","\u63a8\u5b9a\u8aad\u307f\u53d6\u308a\u6642\u9593":"1\u5206"},"schema":{"@context":"https:\/\/schema.org","@graph":[{"@type":"Article","@id":"https:\/\/chrystus.pl\/kim-byl-chrystus\/#article","isPartOf":{"@id":"https:\/\/chrystus.pl\/kim-byl-chrystus\/"},"author":{"name":"Samarytanka","@id":"https:\/\/chrystus.pl\/#\/schema\/person\/e2e742452b8b7b2bcd23ea180671d27a"},"headline":"Kim by\u0142 Chrystus?","datePublished":"2020-04-26T23:57:26+00:00","dateModified":"2020-04-26T23:58:53+00:00","mainEntityOfPage":{"@id":"https:\/\/chrystus.pl\/kim-byl-chrystus\/"},"wordCount":248,"publisher":{"@id":"https:\/\/chrystus.pl\/#organization"},"image":{"@id":"https:\/\/chrystus.pl\/kim-byl-chrystus\/#primaryimage"},"thumbnailUrl":"https:\/\/chrystus.pl\/wp-content\/uploads\/2020\/04\/kim-byl-chrystus.jpg","articleSection":["Chrystus"],"inLanguage":"ja"},{"@type":"WebPage","@id":"https:\/\/chrystus.pl\/kim-byl-chrystus\/","url":"https:\/\/chrystus.pl\/kim-byl-chrystus\/","name":"\u30ad\u30ea\u30b9\u30c8\u3068\u306f\uff1f- \u30ad\u30ea\u30b9\u30c8","isPartOf":{"@id":"https:\/\/chrystus.pl\/#website"},"primaryImageOfPage":{"@id":"https:\/\/chrystus.pl\/kim-byl-chrystus\/#primaryimage"},"image":{"@id":"https:\/\/chrystus.pl\/kim-byl-chrystus\/#primaryimage"},"thumbnailUrl":"https:\/\/chrystus.pl\/wp-content\/uploads\/2020\/04\/kim-byl-chrystus.jpg","datePublished":"2020-04-26T23:57:26+00:00","dateModified":"2020-04-26T23:58:53+00:00","description":"\u30ad\u30ea\u30b9\u30c8\u3068\u306f\u4f55\u8005\u304b\uff1f\u30d9\u30c4\u30ec\u30d8\u30e0\u3067\u751f\u307e\u308c\u3001\u5b97\u6559\u306e\u4e2d\u5fc3\u4eba\u7269\u3068\u306a\u308b","breadcrumb":{"@id":"https:\/\/chrystus.pl\/kim-byl-chrystus\/#breadcrumb"},"inLanguage":"ja","potentialAction":[{"@type":"ReadAction","target":["https:\/\/chrystus.pl\/kim-byl-chrystus\/"]}]},{"@type":"ImageObject","inLanguage":"ja","@id":"https:\/\/chrystus.pl\/kim-byl-chrystus\/#primaryimage","url":"https:\/\/chrystus.pl\/wp-content\/uploads\/2020\/04\/kim-byl-chrystus.jpg","contentUrl":"https:\/\/chrystus.pl\/wp-content\/uploads\/2020\/04\/kim-byl-chrystus.jpg","width":640,"height":426,"caption":"kim-byl-chrystus"},{"@type":"BreadcrumbList","@id":"https:\/\/chrystus.pl\/kim-byl-chrystus\/#breadcrumb","itemListElement":[{"@type":"ListItem","position":1,"name":"Strona g\u0142\u00f3wna","item":"https:\/\/chrystus.pl\/"},{"@type":"ListItem","position":2,"name":"Kim by\u0142 Chrystus?"}]},{"@type":"WebSite","@id":"https:\/\/chrystus.pl\/#website","url":"https:\/\/chrystus.pl\/","name":"\u30ad\u30ea\u30b9\u30c8","description":"\u795e\u3001\u30de\u30ea\u30a2\u3001\u30a4\u30a8\u30b9\u3001\u8056\u4f53\u62dd\u9818\u306a\u3069","publisher":{"@id":"https:\/\/chrystus.pl\/#organization"},"potentialAction":[{"@type":"SearchAction","target":{"@type":"EntryPoint","urlTemplate":"https:\/\/chrystus.pl\/?s={search_term_string}"},"query-input":{"@type":"PropertyValueSpecification","valueRequired":true,"valueName":"search_term_string"}}],"inLanguage":"ja"},{"@type":"Organization","@id":"https:\/\/chrystus.pl\/#organization","name":"\u30ad\u30ea\u30b9\u30c8.pl","url":"https:\/\/chrystus.pl\/","logo":{"@type":"ImageObject","inLanguage":"ja","@id":"https:\/\/chrystus.pl\/#\/schema\/logo\/image\/","url":"https:\/\/chrystus.pl\/wp-content\/uploads\/2019\/03\/chrystus-bog-maryja-komunia-bierzmowanie.jpg","contentUrl":"https:\/\/chrystus.pl\/wp-content\/uploads\/2019\/03\/chrystus-bog-maryja-komunia-bierzmowanie.jpg","width":1920,"height":1280,"caption":"Chrystus.pl"},"image":{"@id":"https:\/\/chrystus.pl\/#\/schema\/logo\/image\/"}},{"@type":"Person","@id":"https:\/\/chrystus.pl\/#\/schema\/person\/e2e742452b8b7b2bcd23ea180671d27a","name":"\u30b5\u30de\u30ea\u30bf\u30f3\u306e\u5973"}]}},"_links":{"self":[{"href":"https:\/\/chrystus.pl\/jp\/wp-json\/wp\/v2\/posts\/1527","targetHints":{"allow":["GET"]}}],"collection":[{"href":"https:\/\/chrystus.pl\/jp\/wp-json\/wp\/v2\/posts"}],"about":[{"href":"https:\/\/chrystus.pl\/jp\/wp-json\/wp\/v2\/types\/post"}],"author":[{"embeddable":true,"href":"https:\/\/chrystus.pl\/jp\/wp-json\/wp\/v2\/users\/1"}],"replies":[{"embeddable":true,"href":"https:\/\/chrystus.pl\/jp\/wp-json\/wp\/v2\/comments?post=1527"}],"version-history":[{"count":0,"href":"https:\/\/chrystus.pl\/jp\/wp-json\/wp\/v2\/posts\/1527\/revisions"}],"wp:featuredmedia":[{"embeddable":true,"href":"https:\/\/chrystus.pl\/jp\/wp-json\/wp\/v2\/media\/1528"}],"wp:attachment":[{"href":"https:\/\/chrystus.pl\/jp\/wp-json\/wp\/v2\/media?parent=1527"}],"wp:term":[{"taxonomy":"category","embeddable":true,"href":"https:\/\/chrystus.pl\/jp\/wp-json\/wp\/v2\/categories?post=1527"},{"taxonomy":"post_tag","embeddable":true,"href":"https:\/\/chrystus.pl\/jp\/wp-json\/wp\/v2\/tags?post=1527"}],"curies":[{"name":"wp","href":"https:\/\/api.w.org\/{rel}","templated":true}]}}