{"id":1824,"date":"2020-07-11T10:53:28","date_gmt":"2020-07-11T10:53:28","guid":{"rendered":"https:\/\/chrystus.pl\/?p=1824"},"modified":"2020-07-11T10:53:28","modified_gmt":"2020-07-11T10:53:28","slug":"czy-w-poniedzialek-wielkanocny-trzeba-isc-do-kosciola","status":"publish","type":"post","link":"https:\/\/chrystus.pl\/jp\/czy-w-poniedzialek-wielkanocny-trzeba-isc-do-kosciola\/","title":{"rendered":"\u30a4\u30fc\u30b9\u30bf\u30fc\u30de\u30f3\u30c7\u30fc\u306b\u6559\u4f1a\u306b\u884c\u304f\u5fc5\u8981\u304c\u3042\u308b\u306e\u3067\u3057\u3087\u3046\u304b\uff1f"},"content":{"rendered":"<p>Czy w poniedzia\u0142ek wielkanocny trzeba i\u015b\u0107 do Ko\u015bcio\u0142a? Jakie obowi\u0105zki ma chrze\u015bcijanin w trakcie \u015bwi\u0105t wielkanocnych? Kiedy przypada poniedzia\u0142ek wielkanocny? Poniedzia\u0142ek Wielkanocny jest drugim dniem \u015bwiat. W Polsce jest to dzie\u0144 wolny od pracy. Nie jest on \u015bwi\u0119tem nakazanym i nie ma obowi\u0105zku w tym dniu uczestniczenia we mszy \u015bwi\u0119tej. W naszej tradycji chrze\u015bcija\u0144skiej w Poniedzia\u0142ek Wielkanocny kontynuuje si\u0119 \u015bwi\u0119towanie zmartwychwstania Chrystusa. Jednak zar\u00f3wno przepisy prawa kanonicznego jak i nakazanie Konferencji Episkopatu nie wymieniaj\u0105 poniedzia\u0142ku wielkanocnego jak dnia, w kt\u00f3rym trzeba i\u015b\u0107 do Ko\u015bcio\u0142a. Namawiamy jednak do wzi\u0119cia udzia\u0142u w liturgii w tym szczeg\u00f3lnym dniu, poniewa\u017c jest to bardzo wa\u017cy okres Ko\u015bcielny. W polskiej tradycji tego dnia polewa si\u0119 dla \u017cart\u00f3w wod\u0105 inne osoby. Do dzi\u015b zwyczaj kropienia wod\u0105 \u015bwi\u0119con\u0105 p\u00f3l w poniedzia\u0142kowy ranek przez gospodarzy jest spotykany we wsiach na po\u0142udniu Polski.<\/p>","protected":false},"excerpt":{"rendered":"<p>Czy w poniedzia\u0142ek wielkanocny trzeba i\u015b\u0107 do Ko\u015bcio\u0142a? Jakie obowi\u0105zki ma chrze\u015bcijanin w trakcie \u015bwi\u0105t wielkanocnych? Kiedy przypada poniedzia\u0142ek wielkanocny? Poniedzia\u0142ek Wielkanocny jest drugim dniem \u015bwiat. W Polsce jest to dzie\u0144 wolny od pracy. Nie jest on \u015bwi\u0119tem nakazanym i nie ma obowi\u0105zku w tym dniu uczestniczenia we mszy \u015bwi\u0119tej. W naszej tradycji chrze\u015bcija\u0144skiej w Poniedzia\u0142ek Wielkanocny kontynuuje si\u0119 \u015bwi\u0119towanie zmartwychwstania Chrystusa. Jednak zar\u00f3wno przepisy prawa kanonicznego jak i nakazanie Konferencji Episkopatu nie wymieniaj\u0105 poniedzia\u0142ku wielkanocnego jak dnia, w kt\u00f3rym trzeba i\u015b\u0107 do Ko\u015bcio\u0142a. Namawiamy jednak do wzi\u0119cia udzia\u0142u w liturgii w tym szczeg\u00f3lnym dniu, poniewa\u017c jest to bardzo wa\u017cy okres Ko\u015bcielny. W polskiej tradycji tego dnia polewa si\u0119 dla &hellip;<\/p>","protected":false},"author":1,"featured_media":0,"comment_status":"closed","ping_status":"closed","sticky":false,"template":"","format":"standard","meta":{"footnotes":""},"categories":[69],"tags":[],"class_list":["post-1824","post","type-post","status-publish","format-standard","hentry","category-swieta"],"yoast_head":"<!-- This site is optimized with the Yoast SEO plugin v27.4 - https:\/\/yoast.com\/product\/yoast-seo-wordpress\/ -->\n<title>Czy w poniedzia\u0142ek wielkanocny trzeba i\u015b\u0107 do Ko\u015bcio\u0142a? - Chrystus<\/title>\n<meta name=\"description\" content=\"Czy w poniedzia\u0142ek wielkanocny trzeba i\u015b\u0107 do Ko\u015bcio\u0142a? Jakie obowi\u0105zki ma\" \/>\n<meta name=\"robots\" content=\"index, follow, max-snippet:-1, max-image-preview:large, max-video-preview:-1\" \/>\n<link rel=\"canonical\" href=\"https:\/\/chrystus.pl\/jp\/\u5fa9\u6d3b\u796d\u306e\u65e5\u66dc\u65e5\u306f\u6559\u4f1a\u306b\u884c\u304f\u5fc5\u8981\u304c\u3042\u308a\u307e\u3059\u3002\/\" \/>\n<meta property=\"og:locale\" content=\"ja_JP\" \/>\n<meta property=\"og:type\" content=\"article\" \/>\n<meta property=\"og:title\" content=\"Czy w poniedzia\u0142ek wielkanocny trzeba i\u015b\u0107 do Ko\u015bcio\u0142a? - Chrystus\" \/>\n<meta property=\"og:description\" content=\"Czy w poniedzia\u0142ek wielkanocny trzeba i\u015b\u0107 do Ko\u015bcio\u0142a? Jakie obowi\u0105zki ma\" \/>\n<meta property=\"og:url\" content=\"https:\/\/chrystus.pl\/jp\/\u5fa9\u6d3b\u796d\u306e\u65e5\u66dc\u65e5\u306f\u6559\u4f1a\u306b\u884c\u304f\u5fc5\u8981\u304c\u3042\u308a\u307e\u3059\u3002\/\" \/>\n<meta property=\"og:site_name\" content=\"Chrystus\" \/>\n<meta property=\"article:published_time\" content=\"2020-07-11T10:53:28+00:00\" \/>\n<meta name=\"author\" content=\"Samarytanka\" \/>\n<meta name=\"twitter:card\" content=\"summary_large_image\" \/>\n<meta name=\"twitter:label1\" content=\"\u57f7\u7b46\u8005\" \/>\n\t<meta name=\"twitter:data1\" content=\"Samarytanka\" \/>\n\t<meta name=\"twitter:label2\" content=\"\u63a8\u5b9a\u8aad\u307f\u53d6\u308a\u6642\u9593\" \/>\n\t<meta name=\"twitter:data2\" content=\"1\u5206\" \/>\n<!-- \/ Yoast SEO plugin. -->","yoast_head_json":{"title":"\u30a4\u30fc\u30b9\u30bf\u30fc\u30de\u30f3\u30c7\u30fc\u306b\u6559\u4f1a\u306b\u884c\u304f\u5fc5\u8981\u304c\u3042\u308b\u306e\u3067\u3057\u3087\u3046\u304b\uff1f- \u30ad\u30ea\u30b9\u30c8","description":"\u30a4\u30fc\u30b9\u30bf\u30fc\u30de\u30f3\u30c7\u30fc\u306b\u6559\u4f1a\u306b\u884c\u304f\u5fc5\u8981\u304c\u3042\u308b\u306e\u3067\u3057\u3087\u3046\u304b\uff1f\u3069\u306e\u3088\u3046\u306a\u8cac\u4efb\u3092\u8ca0\u3046\u306e\u3067\u3059\u304b\uff1f","robots":{"index":"index","follow":"follow","max-snippet":"max-snippet:-1","max-image-preview":"max-image-preview:large","max-video-preview":"max-video-preview:-1"},"canonical":"https:\/\/chrystus.pl\/jp\/\u5fa9\u6d3b\u796d\u306e\u65e5\u66dc\u65e5\u306f\u6559\u4f1a\u306b\u884c\u304f\u5fc5\u8981\u304c\u3042\u308a\u307e\u3059\u3002\/","og_locale":"ja_JP","og_type":"article","og_title":"Czy w poniedzia\u0142ek wielkanocny trzeba i\u015b\u0107 do Ko\u015bcio\u0142a? - Chrystus","og_description":"Czy w poniedzia\u0142ek wielkanocny trzeba i\u015b\u0107 do Ko\u015bcio\u0142a? Jakie obowi\u0105zki ma","og_url":"https:\/\/chrystus.pl\/jp\/\u5fa9\u6d3b\u796d\u306e\u65e5\u66dc\u65e5\u306f\u6559\u4f1a\u306b\u884c\u304f\u5fc5\u8981\u304c\u3042\u308a\u307e\u3059\u3002\/","og_site_name":"Chrystus","article_published_time":"2020-07-11T10:53:28+00:00","author":"Samarytanka","twitter_card":"summary_large_image","twitter_misc":{"\u57f7\u7b46\u8005":"Samarytanka","\u63a8\u5b9a\u8aad\u307f\u53d6\u308a\u6642\u9593":"1\u5206"},"schema":{"@context":"https:\/\/schema.org","@graph":[{"@type":"Article","@id":"https:\/\/chrystus.pl\/pt\/do-easter-sunday-you-need-to-keeper-church\/#article","isPartOf":{"@id":"https:\/\/chrystus.pl\/pt\/do-easter-sunday-you-need-to-keeper-church\/"},"author":{"name":"Samarytanka","@id":"https:\/\/chrystus.pl\/#\/schema\/person\/e2e742452b8b7b2bcd23ea180671d27a"},"headline":"Czy w poniedzia\u0142ek wielkanocny trzeba i\u015b\u0107 do Ko\u015bcio\u0142a?","datePublished":"2020-07-11T10:53:28+00:00","mainEntityOfPage":{"@id":"https:\/\/chrystus.pl\/pt\/do-easter-sunday-you-need-to-keeper-church\/"},"wordCount":174,"publisher":{"@id":"https:\/\/chrystus.pl\/#organization"},"articleSection":["\u015awi\u0119ta"],"inLanguage":"ja"},{"@type":"WebPage","@id":"https:\/\/chrystus.pl\/pt\/do-easter-sunday-you-need-to-keeper-church\/","url":"https:\/\/chrystus.pl\/pt\/do-easter-sunday-you-need-to-keeper-church\/","name":"\u30a4\u30fc\u30b9\u30bf\u30fc\u30de\u30f3\u30c7\u30fc\u306b\u6559\u4f1a\u306b\u884c\u304f\u5fc5\u8981\u304c\u3042\u308b\u306e\u3067\u3057\u3087\u3046\u304b\uff1f- \u30ad\u30ea\u30b9\u30c8","isPartOf":{"@id":"https:\/\/chrystus.pl\/#website"},"datePublished":"2020-07-11T10:53:28+00:00","description":"\u30a4\u30fc\u30b9\u30bf\u30fc\u30de\u30f3\u30c7\u30fc\u306b\u6559\u4f1a\u306b\u884c\u304f\u5fc5\u8981\u304c\u3042\u308b\u306e\u3067\u3057\u3087\u3046\u304b\uff1f\u3069\u306e\u3088\u3046\u306a\u8cac\u4efb\u3092\u8ca0\u3046\u306e\u3067\u3059\u304b\uff1f","breadcrumb":{"@id":"https:\/\/chrystus.pl\/pt\/do-easter-sunday-you-need-to-keeper-church\/#breadcrumb"},"inLanguage":"ja","potentialAction":[{"@type":"ReadAction","target":["https:\/\/chrystus.pl\/pt\/do-easter-sunday-you-need-to-keeper-church\/"]}]},{"@type":"BreadcrumbList","@id":"https:\/\/chrystus.pl\/pt\/do-easter-sunday-you-need-to-keeper-church\/#breadcrumb","itemListElement":[{"@type":"ListItem","position":1,"name":"Strona g\u0142\u00f3wna","item":"https:\/\/chrystus.pl\/"},{"@type":"ListItem","position":2,"name":"Czy w poniedzia\u0142ek wielkanocny trzeba i\u015b\u0107 do Ko\u015bcio\u0142a?"}]},{"@type":"WebSite","@id":"https:\/\/chrystus.pl\/#website","url":"https:\/\/chrystus.pl\/","name":"\u30ad\u30ea\u30b9\u30c8","description":"\u795e\u3001\u30de\u30ea\u30a2\u3001\u30a4\u30a8\u30b9\u3001\u8056\u4f53\u62dd\u9818\u306a\u3069","publisher":{"@id":"https:\/\/chrystus.pl\/#organization"},"potentialAction":[{"@type":"SearchAction","target":{"@type":"EntryPoint","urlTemplate":"https:\/\/chrystus.pl\/?s={search_term_string}"},"query-input":{"@type":"PropertyValueSpecification","valueRequired":true,"valueName":"search_term_string"}}],"inLanguage":"ja"},{"@type":"Organization","@id":"https:\/\/chrystus.pl\/#organization","name":"\u30ad\u30ea\u30b9\u30c8.pl","url":"https:\/\/chrystus.pl\/","logo":{"@type":"ImageObject","inLanguage":"ja","@id":"https:\/\/chrystus.pl\/#\/schema\/logo\/image\/","url":"https:\/\/chrystus.pl\/wp-content\/uploads\/2019\/03\/chrystus-bog-maryja-komunia-bierzmowanie.jpg","contentUrl":"https:\/\/chrystus.pl\/wp-content\/uploads\/2019\/03\/chrystus-bog-maryja-komunia-bierzmowanie.jpg","width":1920,"height":1280,"caption":"Chrystus.pl"},"image":{"@id":"https:\/\/chrystus.pl\/#\/schema\/logo\/image\/"}},{"@type":"Person","@id":"https:\/\/chrystus.pl\/#\/schema\/person\/e2e742452b8b7b2bcd23ea180671d27a","name":"\u30b5\u30de\u30ea\u30bf\u30f3\u306e\u5973"}]}},"_links":{"self":[{"href":"https:\/\/chrystus.pl\/jp\/wp-json\/wp\/v2\/posts\/1824","targetHints":{"allow":["GET"]}}],"collection":[{"href":"https:\/\/chrystus.pl\/jp\/wp-json\/wp\/v2\/posts"}],"about":[{"href":"https:\/\/chrystus.pl\/jp\/wp-json\/wp\/v2\/types\/post"}],"author":[{"embeddable":true,"href":"https:\/\/chrystus.pl\/jp\/wp-json\/wp\/v2\/users\/1"}],"replies":[{"embeddable":true,"href":"https:\/\/chrystus.pl\/jp\/wp-json\/wp\/v2\/comments?post=1824"}],"version-history":[{"count":0,"href":"https:\/\/chrystus.pl\/jp\/wp-json\/wp\/v2\/posts\/1824\/revisions"}],"wp:attachment":[{"href":"https:\/\/chrystus.pl\/jp\/wp-json\/wp\/v2\/media?parent=1824"}],"wp:term":[{"taxonomy":"category","embeddable":true,"href":"https:\/\/chrystus.pl\/jp\/wp-json\/wp\/v2\/categories?post=1824"},{"taxonomy":"post_tag","embeddable":true,"href":"https:\/\/chrystus.pl\/jp\/wp-json\/wp\/v2\/tags?post=1824"}],"curies":[{"name":"wp","href":"https:\/\/api.w.org\/{rel}","templated":true}]}}