{"id":2385,"date":"2023-02-12T21:23:20","date_gmt":"2023-02-12T21:23:20","guid":{"rendered":"https:\/\/chrystus.pl\/?p=2385"},"modified":"2023-02-12T21:24:04","modified_gmt":"2023-02-12T21:24:04","slug":"jak-nosic-szkaplerz","status":"publish","type":"post","link":"https:\/\/chrystus.pl\/jp\/jak-nosic-szkaplerz\/","title":{"rendered":"\u80a9\u7532\u9aa8\u306f\u3069\u306e\u3088\u3046\u306b\u88c5\u7740\u3059\u308b\u306e\u3067\u3059\u304b\uff1f"},"content":{"rendered":"<p>Szkaplerz jest widocznym znakiem po\u015bwi\u0119cenia si\u0119 Niepokalanemu Sercu Maryi i na\u015bladowania Jej cn\u00f3t. Zrobiony jest z prostok\u0105tnych p\u0142at\u00f3w sukna we\u0142nianego i przedstawia na jednej cz\u0119\u015bci wizerunek Matki Bo\u017cej Szkaplerznej, a na drugiej Naj\u015bwi\u0119tsze Serce Pana Jezusa.<\/p>\n\n\n\n<p>\u00a0\u80a9\u7532\u9aa8\u306e\u4e00\u90e8\u304c\u80f8\u306b\u3001\u3082\u3046\u4e00\u90e8\u304c\u80cc\u4e2d\u306b\u304f\u308b\u3088\u3046\u306b\u3001\u9996\u306e\u5468\u308a\u306b\u7740\u3051\u308b\u3002\u80a9\u7532\u9aa8\u3092\u53d7\u3051\u308b\u5100\u5f0f\u304c\u7d42\u308f\u308b\u3068\u3001\u663c\u3082\u591c\u3082\u305d\u308c\u3092\u8eab\u306b\u3064\u3051\u3001\u6bce\u65e5\u8056\u6bcd\u306b\u7948\u308a\u3001\u8056\u6bcd\u306e\u5fb3\u306b\u5023\u3046\u3053\u3068\u304c\u7fa9\u52d9\u3065\u3051\u3089\u308c\u3066\u3044\u308b\u3002<\/p>\n\n\n\n<h2 class=\"wp-block-heading\"><a><\/a>\u80a9\u7532\u9aa8\u306f\u591c\u9593\u3067\u3082\u5916\u305b\u308b\u306e\u3067\u3059\u304b\uff1f<\/h2>\n\n\n\n<p>\u4fe1\u5fc3\u306e\u7fa9\u52d9\u306e\u4e00\u3064\u306f\u3001\u80a9\u7532\u9aa8\u3092\u5e38\u306b\u9996\u306b\u304b\u3051\u308b\u3053\u3068\u3067\u3042\u308b\u3002\u5165\u6d74\u3084\u30b9\u30dd\u30fc\u30c4\u3092\u3059\u308b\u3068\u304d\u306a\u3069\u3001\u77ed\u6642\u9593\u306a\u3089\u5916\u3057\u3066\u3082\u7279\u5178\u3092\u5931\u3046\u3053\u3068\u306f\u306a\u3044\u3002\u80a9\u7532\u9aa8\u3092\u4e00\u65e5\u4e2d\u7740\u3051\u3066\u3044\u306a\u3051\u308c\u3070\u3001\u305d\u306e\u65e5\u306e\u7279\u6a29\u306f\u5931\u308f\u308c\u308b\u3002\u3057\u304b\u3057\u3001\u8457\u3057\u304f\u9577\u3044\u9593\u7740\u7528\u3057\u306a\u304b\u3063\u305f\u5834\u5408\u306f\u3001\u53f8\u796d\u306e\u624b\u304b\u3089\u518d\u3073\u53d7\u3051\u53d6\u3089\u306a\u3051\u308c\u3070\u306a\u3089\u306a\u3044\u3002<\/p>","protected":false},"excerpt":{"rendered":"<p>Szkaplerz jest widocznym znakiem po\u015bwi\u0119cenia si\u0119 Niepokalanemu Sercu Maryi i na\u015bladowania Jej cn\u00f3t. Zrobiony jest z prostok\u0105tnych p\u0142at\u00f3w sukna we\u0142nianego i przedstawia na jednej cz\u0119\u015bci wizerunek Matki Bo\u017cej Szkaplerznej, a na drugiej Naj\u015bwi\u0119tsze Serce Pana Jezusa. \u00a0Nosi si\u0119 go na szyi, w taki spos\u00f3b, aby jedna cz\u0119\u015b\u0107 by\u0142a na piersiach, a druga na plecach. Po obrz\u0119dzie, podczas kt\u00f3rego nast\u0119puje przyj\u0119cie szkaplerza, nak\u0142ada si\u0119 na siebie obowi\u0105zek noszenia go za dnia jak i w nocy, codziennej modlitwy do Matki Bo\u017cej oraz na\u015bladowania Jej cn\u00f3t. Czy szkaplerz mo\u017cna zdejmowa\u0107 na noc? Jednym z obowi\u0105zk\u00f3w nabo\u017ce\u0144stwa jest noszenie szkaplerza zawsze na szyi. Nie traci przywilej\u00f3w ten, kto \u015bci\u0105gnie go na kr\u00f3tki czas, na &hellip;<\/p>","protected":false},"author":1,"featured_media":0,"comment_status":"closed","ping_status":"closed","sticky":false,"template":"","format":"standard","meta":{"footnotes":""},"categories":[61],"tags":[],"class_list":["post-2385","post","type-post","status-publish","format-standard","hentry","category-chrystus"],"yoast_head":"<!-- This site is optimized with the Yoast SEO plugin v27.5 - https:\/\/yoast.com\/product\/yoast-seo-wordpress\/ -->\n<title>Jak nosi\u0107 szkaplerz? - Chrystus<\/title>\n<meta name=\"description\" content=\"Szkaplerz jest widocznym znakiem po\u015bwi\u0119cenia si\u0119 Niepokalanemu Sercu Maryi i\" \/>\n<meta name=\"robots\" content=\"index, follow, max-snippet:-1, max-image-preview:large, max-video-preview:-1\" \/>\n<link rel=\"canonical\" href=\"https:\/\/chrystus.pl\/jp\/\u80a9\u7ae0\u306e\u4ed8\u3051\u65b9\/\" \/>\n<meta property=\"og:locale\" content=\"ja_JP\" \/>\n<meta property=\"og:type\" content=\"article\" \/>\n<meta property=\"og:title\" content=\"Jak nosi\u0107 szkaplerz? - Chrystus\" \/>\n<meta property=\"og:description\" content=\"Szkaplerz jest widocznym znakiem po\u015bwi\u0119cenia si\u0119 Niepokalanemu Sercu Maryi i\" \/>\n<meta property=\"og:url\" content=\"https:\/\/chrystus.pl\/jp\/\u80a9\u7ae0\u306e\u4ed8\u3051\u65b9\/\" \/>\n<meta property=\"og:site_name\" content=\"Chrystus\" \/>\n<meta property=\"article:published_time\" content=\"2023-02-12T21:23:20+00:00\" \/>\n<meta property=\"article:modified_time\" content=\"2023-02-12T21:24:04+00:00\" \/>\n<meta name=\"author\" content=\"Samarytanka\" \/>\n<meta name=\"twitter:card\" content=\"summary_large_image\" \/>\n<meta name=\"twitter:label1\" content=\"\u57f7\u7b46\u8005\" \/>\n\t<meta name=\"twitter:data1\" content=\"Samarytanka\" \/>\n\t<meta name=\"twitter:label2\" content=\"\u63a8\u5b9a\u8aad\u307f\u53d6\u308a\u6642\u9593\" \/>\n\t<meta name=\"twitter:data2\" content=\"1\u5206\" \/>\n<!-- \/ Yoast SEO plugin. -->","yoast_head_json":{"title":"\u80a9\u7532\u9aa8\u3092\u3069\u306e\u3088\u3046\u306b\u8eab\u306b\u3064\u3051\u308b\u304b\uff1f- \u30ad\u30ea\u30b9\u30c8","description":"\u80a9\u7532\u9aa8\u306f\u3001\u30de\u30ea\u30a2\u306e\u7121\u539f\u7f6a\u306e\u5fa1\u5fc3\u3078\u306e\u5949\u732e\u306e\u76ee\u306b\u898b\u3048\u308b\u3057\u308b\u3057\u3067\u3042\u308a\u3001\u307e\u305f","robots":{"index":"index","follow":"follow","max-snippet":"max-snippet:-1","max-image-preview":"max-image-preview:large","max-video-preview":"max-video-preview:-1"},"canonical":"https:\/\/chrystus.pl\/jp\/\u80a9\u7ae0\u306e\u4ed8\u3051\u65b9\/","og_locale":"ja_JP","og_type":"article","og_title":"Jak nosi\u0107 szkaplerz? - Chrystus","og_description":"Szkaplerz jest widocznym znakiem po\u015bwi\u0119cenia si\u0119 Niepokalanemu Sercu Maryi i","og_url":"https:\/\/chrystus.pl\/jp\/\u80a9\u7ae0\u306e\u4ed8\u3051\u65b9\/","og_site_name":"Chrystus","article_published_time":"2023-02-12T21:23:20+00:00","article_modified_time":"2023-02-12T21:24:04+00:00","author":"Samarytanka","twitter_card":"summary_large_image","twitter_misc":{"\u57f7\u7b46\u8005":"Samarytanka","\u63a8\u5b9a\u8aad\u307f\u53d6\u308a\u6642\u9593":"1\u5206"},"schema":{"@context":"https:\/\/schema.org","@graph":[{"@type":"Article","@id":"https:\/\/chrystus.pl\/jak-nosic-szkaplerz\/#article","isPartOf":{"@id":"https:\/\/chrystus.pl\/jak-nosic-szkaplerz\/"},"author":{"name":"Samarytanka","@id":"https:\/\/chrystus.pl\/#\/schema\/person\/e2e742452b8b7b2bcd23ea180671d27a"},"headline":"Jak nosi\u0107 szkaplerz?","datePublished":"2023-02-12T21:23:20+00:00","dateModified":"2023-02-12T21:24:04+00:00","mainEntityOfPage":{"@id":"https:\/\/chrystus.pl\/jak-nosic-szkaplerz\/"},"wordCount":194,"publisher":{"@id":"https:\/\/chrystus.pl\/#organization"},"articleSection":["Chrystus"],"inLanguage":"ja"},{"@type":"WebPage","@id":"https:\/\/chrystus.pl\/jak-nosic-szkaplerz\/","url":"https:\/\/chrystus.pl\/jak-nosic-szkaplerz\/","name":"\u80a9\u7532\u9aa8\u3092\u3069\u306e\u3088\u3046\u306b\u8eab\u306b\u3064\u3051\u308b\u304b\uff1f- \u30ad\u30ea\u30b9\u30c8","isPartOf":{"@id":"https:\/\/chrystus.pl\/#website"},"datePublished":"2023-02-12T21:23:20+00:00","dateModified":"2023-02-12T21:24:04+00:00","description":"\u80a9\u7532\u9aa8\u306f\u3001\u30de\u30ea\u30a2\u306e\u7121\u539f\u7f6a\u306e\u5fa1\u5fc3\u3078\u306e\u5949\u732e\u306e\u76ee\u306b\u898b\u3048\u308b\u3057\u308b\u3057\u3067\u3042\u308a\u3001\u307e\u305f","breadcrumb":{"@id":"https:\/\/chrystus.pl\/jak-nosic-szkaplerz\/#breadcrumb"},"inLanguage":"ja","potentialAction":[{"@type":"ReadAction","target":["https:\/\/chrystus.pl\/jak-nosic-szkaplerz\/"]}]},{"@type":"BreadcrumbList","@id":"https:\/\/chrystus.pl\/jak-nosic-szkaplerz\/#breadcrumb","itemListElement":[{"@type":"ListItem","position":1,"name":"Strona g\u0142\u00f3wna","item":"https:\/\/chrystus.pl\/"},{"@type":"ListItem","position":2,"name":"Jak nosi\u0107 szkaplerz?"}]},{"@type":"WebSite","@id":"https:\/\/chrystus.pl\/#website","url":"https:\/\/chrystus.pl\/","name":"\u30ad\u30ea\u30b9\u30c8","description":"\u795e\u3001\u30de\u30ea\u30a2\u3001\u30a4\u30a8\u30b9\u3001\u8056\u4f53\u62dd\u9818\u306a\u3069","publisher":{"@id":"https:\/\/chrystus.pl\/#organization"},"potentialAction":[{"@type":"SearchAction","target":{"@type":"EntryPoint","urlTemplate":"https:\/\/chrystus.pl\/?s={search_term_string}"},"query-input":{"@type":"PropertyValueSpecification","valueRequired":true,"valueName":"search_term_string"}}],"inLanguage":"ja"},{"@type":"Organization","@id":"https:\/\/chrystus.pl\/#organization","name":"\u30ad\u30ea\u30b9\u30c8.pl","url":"https:\/\/chrystus.pl\/","logo":{"@type":"ImageObject","inLanguage":"ja","@id":"https:\/\/chrystus.pl\/#\/schema\/logo\/image\/","url":"https:\/\/chrystus.pl\/wp-content\/uploads\/2019\/03\/chrystus-bog-maryja-komunia-bierzmowanie.jpg","contentUrl":"https:\/\/chrystus.pl\/wp-content\/uploads\/2019\/03\/chrystus-bog-maryja-komunia-bierzmowanie.jpg","width":1920,"height":1280,"caption":"Chrystus.pl"},"image":{"@id":"https:\/\/chrystus.pl\/#\/schema\/logo\/image\/"}},{"@type":"Person","@id":"https:\/\/chrystus.pl\/#\/schema\/person\/e2e742452b8b7b2bcd23ea180671d27a","name":"\u30b5\u30de\u30ea\u30bf\u30f3\u306e\u5973"}]}},"_links":{"self":[{"href":"https:\/\/chrystus.pl\/jp\/wp-json\/wp\/v2\/posts\/2385","targetHints":{"allow":["GET"]}}],"collection":[{"href":"https:\/\/chrystus.pl\/jp\/wp-json\/wp\/v2\/posts"}],"about":[{"href":"https:\/\/chrystus.pl\/jp\/wp-json\/wp\/v2\/types\/post"}],"author":[{"embeddable":true,"href":"https:\/\/chrystus.pl\/jp\/wp-json\/wp\/v2\/users\/1"}],"replies":[{"embeddable":true,"href":"https:\/\/chrystus.pl\/jp\/wp-json\/wp\/v2\/comments?post=2385"}],"version-history":[{"count":0,"href":"https:\/\/chrystus.pl\/jp\/wp-json\/wp\/v2\/posts\/2385\/revisions"}],"wp:attachment":[{"href":"https:\/\/chrystus.pl\/jp\/wp-json\/wp\/v2\/media?parent=2385"}],"wp:term":[{"taxonomy":"category","embeddable":true,"href":"https:\/\/chrystus.pl\/jp\/wp-json\/wp\/v2\/categories?post=2385"},{"taxonomy":"post_tag","embeddable":true,"href":"https:\/\/chrystus.pl\/jp\/wp-json\/wp\/v2\/tags?post=2385"}],"curies":[{"name":"wp","href":"https:\/\/api.w.org\/{rel}","templated":true}]}}