{"id":2421,"date":"2023-10-20T18:12:06","date_gmt":"2023-10-20T18:12:06","guid":{"rendered":"https:\/\/chrystus.pl\/?p=2421"},"modified":"2023-10-20T18:14:32","modified_gmt":"2023-10-20T18:14:32","slug":"%e3%82%a4%e3%82%a8%e3%82%b9%e6%a7%98%e3%80%81%e3%82%88%e3%82%8d%e3%81%97%e3%81%8f%e3%81%8a%e9%a1%98%e3%81%84%e3%81%97%e3%81%be%e3%81%99","status":"publish","type":"post","link":"https:\/\/chrystus.pl\/jp\/jezu-ty-sie-tym-zajmij\/","title":{"rendered":"\u30a4\u30a8\u30b9\u69d8\u3001\u3088\u308d\u3057\u304f\u304a\u9858\u3044\u3057\u307e\u3059"},"content":{"rendered":"<p>W \u015bwiecie pe\u0142nym stresu, niepokoju i przyt\u0142aczaj\u0105cych obowi\u0105zk\u00f3w, wielu z nas szuka sposob\u00f3w na odnalezienie spokoju b\u0105d\u017a wola i ufno\u015bci. Jedn\u0105 z dr\u00f3g mog\u0105 by\u0107 modlitwy, a szczeg\u00f3lnie ta o wdzi\u0119cznej nazwie &#8222;Jezu, Ty si\u0119 tym zajmij&#8221;. Jest to wyra\u017cenie ufno\u015bci grupy wierz\u0105cych w Bosk\u0105 moc radzenia sobie z trudno\u015bciami, kt\u00f3re wydaj\u0105 si\u0119 nam nieosi\u0105galne. Pragn\u0119 zaprosi\u0107 Ci\u0119 do lektury tego artyku\u0142u, kt\u00f3ry pomo\u017ce Ci g\u0142\u0119biej zrozumie\u0107 t\u0119 pi\u0119knie prozaiczn\u0105 modlitw\u0119 oraz pokazuje jak stosowa\u0107 jej m\u0105dro\u015b\u0107 w codziennym \u017cyciu.<\/p>\n\n\n\n<div id=\"ez-toc-container\" class=\"ez-toc-v2_0_82_2 counter-hierarchy ez-toc-counter ez-toc-custom ez-toc-container-direction\">\n<p class=\"ez-toc-title\" style=\"cursor:inherit\">\u76ee\u6b21<\/p>\n<label for=\"ez-toc-cssicon-toggle-item-69f17b1ba0f7f\" class=\"ez-toc-cssicon-toggle-label\"><span class=\"\"><span class=\"eztoc-hide\" style=\"display:none;\">\u30c8\u30b0\u30eb<\/span><span class=\"ez-toc-icon-toggle-span\"><svg style=\"fill: #ffffff;color:#ffffff\" xmlns=\"http:\/\/www.w3.org\/2000\/svg\" class=\"list-377408\" width=\"20px\" height=\"20px\" viewbox=\"0 0 24 24\" fill=\"none\"><path d=\"M6 6H4v2h2V6zm14 0H8v2h12V6zM4 11h2v2H4v-2zm16 0H8v2h12v-2zM4 16h2v2H4v-2zm16 0H8v2h12v-2z\" fill=\"currentColor\"><\/path><\/svg><svg style=\"fill: #ffffff;color:#ffffff\" class=\"arrow-unsorted-368013\" xmlns=\"http:\/\/www.w3.org\/2000\/svg\" width=\"10px\" height=\"10px\" viewbox=\"0 0 24 24\" version=\"1.2\" baseprofile=\"tiny\"><path d=\"M18.2 9.3l-6.2-6.3-6.2 6.3c-.2.2-.3.4-.3.7s.1.5.3.7c.2.2.4.3.7.3h11c.3 0 .5-.1.7-.3.2-.2.3-.5.3-.7s-.1-.5-.3-.7zM5.8 14.7l6.2 6.3 6.2-6.3c.2-.2.3-.5.3-.7s-.1-.5-.3-.7c-.2-.2-.4-.3-.7-.3h-11c-.3 0-.5.1-.7.3-.2.2-.3.5-.3.7s.1.5.3.7z\"\/><\/svg><\/span><\/span><\/label><input type=\"checkbox\"  id=\"ez-toc-cssicon-toggle-item-69f17b1ba0f7f\"  aria-label=\"\u30c8\u30b0\u30eb\" \/><nav><ul class='ez-toc-list ez-toc-list-level-1' ><li class='ez-toc-page-1 ez-toc-heading-level-2'><a class=\"ez-toc-link ez-toc-heading-1\" href=\"https:\/\/chrystus.pl\/jp\/jezu-ty-sie-tym-zajmij\/#Wprowadzenie_%E2%80%93_Jezu_Ty_sie_tym_zajmij_wprowadzenie_do_tematu_artykulu\" >\u30a4\u30f3\u30c8\u30ed\u30c0\u30af\u30b7\u30e7\u30f3 - \u30a4\u30a8\u30b9\u3001\u3042\u306a\u305f\u306f\u305d\u308c\u3092\u4e16\u8a71\u3059\u308b\uff1a\u8a18\u4e8b\u306e\u30c8\u30d4\u30c3\u30af\u306e\u7d39\u4ecb\u3002<\/a><\/li><li class='ez-toc-page-1 ez-toc-heading-level-2'><a class=\"ez-toc-link ez-toc-heading-2\" href=\"https:\/\/chrystus.pl\/jp\/jezu-ty-sie-tym-zajmij\/#Historia_i_znaczenie_modlitwy_%E2%80%9EJezu_Ty_sie_tym_zajmij%E2%80%9D_przedstawienie_historii_i_znaczenia_tej_modlitwy_w_kontekscie_wiary_chrzescijanskiej\" >Historia i znaczenie modlitwy &#8222;Jezu, Ty si\u0119 tym zajmij&#8221;: przedstawienie historii i znaczenia tej modlitwy w kontek\u015bcie wiary chrze\u015bcija\u0144skiej.<\/a><\/li><li class='ez-toc-page-1 ez-toc-heading-level-2'><a class=\"ez-toc-link ez-toc-heading-3\" href=\"https:\/\/chrystus.pl\/jp\/jezu-ty-sie-tym-zajmij\/#Ojciec_Dolindo_nauczycielem_ufnosci\" >\u30c9\u30ea\u30f3\u30c9\u795e\u7236\u306f\u81ea\u4fe1\u306e\u6559\u5e2b<\/a><ul class='ez-toc-list-level-3' ><li class='ez-toc-heading-level-3'><a class=\"ez-toc-link ez-toc-heading-4\" href=\"https:\/\/chrystus.pl\/jp\/jezu-ty-sie-tym-zajmij\/#Zyciorys\" >\u304b\u304f\u306e\u3046<\/a><\/li><li class='ez-toc-page-1 ez-toc-heading-level-3'><a class=\"ez-toc-link ez-toc-heading-5\" href=\"https:\/\/chrystus.pl\/jp\/jezu-ty-sie-tym-zajmij\/#Slawny_prorok\" >\u6709\u540d\u306a\u9810\u8a00\u8005\uff1f<\/a><\/li><li class='ez-toc-page-1 ez-toc-heading-level-3'><a class=\"ez-toc-link ez-toc-heading-6\" href=\"https:\/\/chrystus.pl\/jp\/jezu-ty-sie-tym-zajmij\/#Tworca_modlitwy_%E2%80%9EJezu_ty_sie_tym_zajmij%E2%80%9D\" >Tw\u00f3rca modlitwy &#8222;Jezu ty si\u0119 tym zajmij&#8221;<\/a><\/li><li class='ez-toc-page-1 ez-toc-heading-level-3'><a class=\"ez-toc-link ez-toc-heading-7\" href=\"https:\/\/chrystus.pl\/jp\/jezu-ty-sie-tym-zajmij\/#Smierc_i_dalsze_dziedzictwo\" >\u6b7b\u3068\u3055\u3089\u306a\u308b\u907a\u7523<\/a><\/li><\/ul><\/li><li class='ez-toc-page-1 ez-toc-heading-level-2'><a class=\"ez-toc-link ez-toc-heading-8\" href=\"https:\/\/chrystus.pl\/jp\/jezu-ty-sie-tym-zajmij\/#Jak_brzmi_Modlitwa_Jezu_Ty_sie_tym_zajmij\" >\u30b8\u30fc\u30b6\u30b9\u306e\u7948\u308a\u306f\u3069\u306e\u3088\u3046\u306b\u805e\u3053\u3048\u308b\u3060\u308d\u3046\u304b\uff1f<\/a><\/li><li class='ez-toc-page-1 ez-toc-heading-level-2'><a class=\"ez-toc-link ez-toc-heading-9\" href=\"https:\/\/chrystus.pl\/jp\/jezu-ty-sie-tym-zajmij\/#Co_to_znaczy_Jezu_Ty_sie_tym_zajmij\" >\u3042\u306a\u305f\u304c\u305d\u308c\u3092\u5927\u5207\u306b\u3059\u308b\u30a4\u30a8\u30b9\u3068\u306f\u3069\u3046\u3044\u3046\u610f\u5473\u3067\u3059\u304b\uff1f<\/a><ul class='ez-toc-list-level-3' ><li class='ez-toc-heading-level-3'><a class=\"ez-toc-link ez-toc-heading-10\" href=\"https:\/\/chrystus.pl\/jp\/jezu-ty-sie-tym-zajmij\/#Wierzenia_chrzescijanskie\" >\u30ad\u30ea\u30b9\u30c8\u6559\u4fe1\u4ef0<\/a><\/li><li class='ez-toc-page-1 ez-toc-heading-level-3'><a class=\"ez-toc-link ez-toc-heading-11\" href=\"https:\/\/chrystus.pl\/jp\/jezu-ty-sie-tym-zajmij\/#Twoj_stosunek_do_Boga\" >\u795e\u3068\u306e\u95a2\u4fc2<\/a><\/li><li class='ez-toc-page-1 ez-toc-heading-level-3'><a class=\"ez-toc-link ez-toc-heading-12\" href=\"https:\/\/chrystus.pl\/jp\/jezu-ty-sie-tym-zajmij\/#Kapitulacja_przed_Opatrznoscia\" >\u6442\u7406\u306e\u524d\u306e\u964d\u4f0f<\/a><\/li><\/ul><\/li><li class='ez-toc-page-1 ez-toc-heading-level-2'><a class=\"ez-toc-link ez-toc-heading-13\" href=\"https:\/\/chrystus.pl\/jp\/jezu-ty-sie-tym-zajmij\/#Kto_powiedzial_%E2%80%9EJezu_Ty_sie_tym_zajmij%E2%80%9D\" >Kto powiedzia\u0142 &#8222;Jezu Ty si\u0119 tym zajmij&#8221;?<\/a><\/li><\/ul><\/nav><\/div>\n<h2 class=\"wp-block-heading\"><span class=\"ez-toc-section\" id=\"Wprowadzenie_%E2%80%93_Jezu_Ty_sie_tym_zajmij_wprowadzenie_do_tematu_artykulu\"><\/span>\u30a4\u30f3\u30c8\u30ed\u30c0\u30af\u30b7\u30e7\u30f3 - \u30a4\u30a8\u30b9\u3001\u3042\u306a\u305f\u306f\u305d\u308c\u3092\u4e16\u8a71\u3059\u308b\uff1a\u8a18\u4e8b\u306e\u30c8\u30d4\u30c3\u30af\u306e\u7d39\u4ecb\u3002<span class=\"ez-toc-section-end\"><\/span><\/h2>\n\n\n\n<p>&#8222;Jezu, Ty si\u0119 tym zajmij&#8221; \u2013 te s\u0142owa dla wielu os\u00f3b sta\u0142y si\u0119 niezale\u017cnym symbolem \u0142agodzenia l\u0119k\u00f3w i ofiarowania swoich problem\u00f3w Bogu. Pozwalaj\u0105 uwolni\u0107 nas od ci\u0119\u017caru obaw i niepewno\u015bci dzi\u0119ki absolutnej ufno\u015bci w Bo\u017ce prowadzenie. Co jednak kryje si\u0119 za tym kr\u00f3tkim wyra\u017ceniem? Jakie s\u0105 jego korzenie i znaczenie? Czy jest to naprawd\u0119 skuteczny spos\u00f3b radzenia sobie ze stresem i przeciwno\u015bciami losu? A mo\u017ce stanowi cenny przekaz duchowy, kt\u00f3ry rozszerza nasze zrozumienie wiary i relacji z Bogiem? Nim ruszymy dalej, przyjrzyjmy si\u0119 kr\u00f3tko genezie tego wyra\u017cenia.<\/p>\n\n\n\n<h2 class=\"wp-block-heading\"><span class=\"ez-toc-section\" id=\"Historia_i_znaczenie_modlitwy_%E2%80%9EJezu_Ty_sie_tym_zajmij%E2%80%9D_przedstawienie_historii_i_znaczenia_tej_modlitwy_w_kontekscie_wiary_chrzescijanskiej\"><\/span>Historia i znaczenie modlitwy &#8222;Jezu, Ty si\u0119 tym zajmij&#8221;: przedstawienie historii i znaczenia tej modlitwy w kontek\u015bcie wiary chrze\u015bcija\u0144skiej.<span class=\"ez-toc-section-end\"><\/span><\/h2>\n\n\n\n<p>\u30a4\u30a8\u30b9\u3088\u3001\u3042\u306a\u305f\u306b\u304a\u4efb\u305b\u3057\u307e\u3059\u300d\u3068\u3044\u3046\u7948\u308a\u306f\u77ed\u3044\u7948\u308a\u306e\u30d5\u30ec\u30fc\u30ba\u3067\u3042\u308a\u3001\u4eba\u751f\u3092\u795e\u306e\u624b\u306b\u59d4\u306d\u308b\u3068\u3044\u3046\u8056\u66f8\u306e\u539f\u5247\u306e\u5b9f\u73fe\u3067\u3082\u3042\u308b\u3002\u3053\u306e\u539f\u5247\u306e\u7b2c\u4e8c\u90e8\u5206\u306f\u3001\u795e\u306e\u6551\u3044\u306e\u8a08\u753b\u306b\u4eba\u9593\u304c\u795e\u3068\u3068\u3082\u306b\u7279\u5225\u306b\u53c2\u52a0\u3059\u308b\u3053\u3068\u3092\u8a9e\u3063\u3066\u3044\u308b\u3002\u3057\u304b\u3057\u3001\u3053\u306e\u8a00\u8449\u306f\u3069\u3053\u304b\u3089\u6765\u305f\u306e\u3060\u308d\u3046\u304b\uff1f\u65b0\u5947\u306a\u3082\u306e\u306a\u306e\u304b\u3001\u305d\u308c\u3068\u3082\u6df1\u3044\u30ad\u30ea\u30b9\u30c8\u6559\u306e\u4f1d\u7d71\u306b\u30eb\u30fc\u30c4\u3092\u9061\u308b\u3082\u306e\u306a\u306e\u304b\u3002<\/p>\n\n\n\n<p>W staro\u017cytno\u015bci pierwszymi chrze\u015bcijanami nazywano sympatyk\u00f3w uwagi Jezusa Chrystusa. Byli oni cz\u0119sto odwa\u017cni i gotowi na wiele wyzwa\u0144 w swoim codziennym \u017cyciu, tak jak ludzie dzi\u015b. Powszechne dla nich by\u0142y problemy, troski i niepewno\u015bci co do przysz\u0142o\u015bci &#8211; te same do\u015bwiadczenia i emocje, kt\u00f3re mog\u0105 nas spotka\u0107 teraz.<\/p>\n\n\n\n<p>\u81ea\u5206\u306e\u904b\u547d\u3092\u5fc3\u914d\u3057\u3066\u304f\u3060\u3055\u308b\u7236\u3068\u3057\u3066\u306e\u795e\u3078\u306e\u4fe1\u983c\u3067\u3042\u308b\u3002\u3053\u306e\u4fe1\u983c\u306e\u7d50\u5b9f\u304c\u3001\u300c\u307f\u3053\u3053\u308d\u306e\u307e\u307e\u306b......\u300d\u3068\u3044\u3046\u8a00\u8449\u3092\u542b\u3080\u300c\u308f\u308c\u3089\u306e\u7236\u3088\u300d\u3068\u3044\u3046\u7948\u308a\u3060\u3063\u305f\u3002\u3053\u308c\u306f\u795e\u3092\u3088\u308a\u5049\u5927\u306a\u65b9\u3068\u3057\u3066\u7406\u89e3\u3057\u305f\u7d50\u679c\u3067\u3042\u308a\u3001\u3059\u3079\u3066\u306f\u795e\u306e\u5fa1\u624b\u306e\u4e2d\u306b\u3042\u308b\u3053\u3068\u3092\u793a\u3057\u3066\u3044\u308b\u3002<\/p>\n\n\n\n<p>\u300c\u30a4\u30a8\u30b9\u3088\u3001\u3042\u306a\u305f\u306b\u304a\u4efb\u305b\u3057\u307e\u3059\u300d\u306f\u3001\u53e4\u4ee3\u30ad\u30ea\u30b9\u30c8\u6559\u5f92\u304c\u300c\u6211\u3089\u306e\u7236\u3088\u300d\u3068\u3044\u3046\u7948\u308a\u3067\u8868\u73fe\u3057\u305f\u795e\u3078\u306e\u4fe1\u983c\u306e\u8a00\u8449\u3068\u540c\u7fa9\u3067\u3042\u308b\u3002\u3053\u306e\u8a00\u8449\u306f\u3001\u30a4\u30bf\u30ea\u30a2\u306e\u53f8\u796d\u3001\u30d5\u30e9\u30f3\u30b7\u30b9\u30b3\u4f1a\u4fee\u9053\u58eb\u3001\u30a8\u30af\u30bd\u30b7\u30b9\u30c8\u3067\u3042\u3063\u305f\u30c9\u30ea\u30f3\u30c9\u30fb\u30eb\u30aa\u30c8\u30ed\u795e\u7236\u304c\u521d\u3081\u3066\u4f7f\u7528\u3057\u305f\u30d5\u30ec\u30fc\u30ba\u306e\u3072\u3068\u3064\u3067\u3042\u308b\u3002<\/p>\n\n\n\n<p>Tw\u00f3rca tej modlitwy nie by\u0142 jednak Ojciec Dolindo. W\u0142asne uj\u0119cie frazy &#8222;Jezu, ty si\u0119 tym zajmij&#8221; g\u0142o\u015bno promowa\u0142 pod koniec \u017cycia. \u0141\u0105cznie mniej wi\u0119cej oko\u0142o sto lat temu.<\/p>\n\n\n\n<p>\u3053\u306e\u4eba\u7269\u306f\u30ab\u30c8\u30ea\u30c3\u30af\u6559\u4f1a\u3067\u306f\u8056\u4eba\u3068\u3055\u3048\u307f\u306a\u3055\u308c\u3066\u3044\u308b\u3002\u6559\u7687\u30e8\u30cf\u30cd\u30fb\u30d1\u30a6\u30ed\u4e8c\u4e16\u81ea\u8eab\u304c\u8a00\u3046\u3088\u3046\u306b\u3001\u82e6\u60a9\u306e\u59ff\u3001\u5341\u5b57\u67b6\u306e\u4fa1\u5024\u3092\u75db\u5207\u306b\u7406\u89e3\u3059\u308b\u59ff\u306f\u3001\u5f7c\u81ea\u8eab\u306e\u6a21\u7bc4\u3068\u3055\u308c\u3066\u3044\u308b\u3002\u3053\u306e\u4eba\u7269\u306f\u3001\u795e\u306b\u3064\u3044\u3066\u306e\u771f\u7406\u3092\u77e5\u308d\u3046\u3068\u3059\u308b\u591a\u304f\u306e\u4eba\u3005\u306e\u30a4\u30f3\u30b9\u30d4\u30ec\u30fc\u30b7\u30e7\u30f3\u3068\u306a\u3063\u3066\u3044\u308b\u3002<\/p>\n\n\n\n<p>\u7d50\u8ad6\u306f\u3072\u3068\u3064\u3057\u304b\u306a\u3044\u3002\u300e\u30a4\u30a8\u30b9\u3088\u3001\u3042\u306a\u305f\u304c\u4f55\u3068\u304b\u3057\u3066\u304f\u3060\u3055\u3044\u300f\u3068\u306f\u3001\u79c1\u305f\u3061\u81ea\u8eab\u306e\u4eba\u751f\u306b\u304a\u3051\u308b\u795e\u306e\u50cd\u304d\u304b\u3051\u306b\u5bfe\u3057\u3066\u958b\u304b\u308c\u305f\u59ff\u52e2\u306e\u4e00\u5f62\u614b\u306a\u306e\u3060\u3002\u305d\u308c\u306f\u3001\u795e\u306e\u610f\u5fd7\u306b\u8eab\u3092\u59d4\u306d\u3001\u4e16\u754c\u3092\u5275\u9020\u3059\u308b\u3068\u3044\u3046\u884c\u70ba\u306b\u3088\u3063\u3066\u79c1\u305f\u3061\u306b\u624b\u6e21\u3055\u308c\u305f\u795e\u306e\u8a08\u753b\u306b\u5bfe\u3059\u308b\u4fe1\u983c\u306e\u8868\u73fe\u306a\u306e\u3060\u3002<\/p>\n\n\n\n<h2 class=\"wp-block-heading\"><span class=\"ez-toc-section\" id=\"Ojciec_Dolindo_nauczycielem_ufnosci\"><\/span>\u30c9\u30ea\u30f3\u30c9\u795e\u7236\u306f\u81ea\u4fe1\u306e\u6559\u5e2b<span class=\"ez-toc-section-end\"><\/span><\/h2>\n\n\n\n<h3 class=\"wp-block-heading\"><span class=\"ez-toc-section\" id=\"Zyciorys\"><\/span>\u304b\u304f\u306e\u3046<span class=\"ez-toc-section-end\"><\/span><\/h3>\n\n\n\n<p>Ojciec Dolindo Ruotolo, to w\u0142a\u015bnie osoba zwi\u0105zana ze sformu\u0142owaniem modlitwy &#8222;Jezu, Ty si\u0119 tym zajmij&#8221;. Urodzony w 1882 roku we W\u0142oszech, by\u0142 kap\u0142anem katolickim i autorem wielu prac teologicznych. Jego \u017cycie by\u0142o niew\u0105tpliwie przepe\u0142nione g\u0142\u0119bokim zaufaniem do Boga.<\/p>\n\n\n\n<h3 class=\"wp-block-heading\"><span class=\"ez-toc-section\" id=\"Slawny_prorok\"><\/span>\u6709\u540d\u306a\u9810\u8a00\u8005\uff1f<span class=\"ez-toc-section-end\"><\/span><\/h3>\n\n\n\n<p>\u3057\u3070\u3057\u3070\u5947\u8de1\u306e\u4eba\u3068\u547c\u3070\u308c\u308b\u30c9\u30ea\u30f3\u30c9\u795e\u7236\u306f\u3001\u305d\u306e\u751f\u6daf\u3092\u901a\u3058\u3066\u3001\u4e16\u754c\u898f\u6a21\u306e\u5c0f\u3055\u306a\u51fa\u6765\u4e8b\u304b\u3089\u500b\u4eba\u7684\u306a\u3082\u306e\u307e\u3067\u3001\u591a\u304f\u306e\u91cd\u8981\u306a\u51fa\u6765\u4e8b\u3092\u4e88\u898b\u3057\u3066\u3044\u305f\u3002\u3053\u308c\u3089\u306e\u51fa\u6765\u4e8b\u306e\u3044\u304f\u3064\u304b\u306f\u3001\u5f7c\u306e\u6587\u5b66\u4f5c\u54c1\u3084\u4eba\u3005\u3078\u306e\u624b\u7d19\u306b\u53cd\u6620\u3055\u308c\u3066\u3044\u308b\u3002\u9593\u9055\u3044\u306a\u304f\u3001\u5f7c\u306f\u795e\u306e\u3055\u307e\u3056\u307e\u306a\u8a08\u753b\u306b\u5bfe\u3059\u308b\u63fa\u308b\u304e\u306a\u3044\u78ba\u4fe1\u3092\u3082\u3063\u3066\u3001\u4eba\u3005\u3092\u9f13\u821e\u3059\u308b\u3053\u3068\u304c\u3067\u304d\u305f\u306e\u3067\u3042\u308b\u3002<\/p>\n\n\n\n<h3 class=\"wp-block-heading\"><span class=\"ez-toc-section\" id=\"Tworca_modlitwy_%E2%80%9EJezu_ty_sie_tym_zajmij%E2%80%9D\"><\/span>Tw\u00f3rca modlitwy &#8222;Jezu ty si\u0119 tym zajmij&#8221;<span class=\"ez-toc-section-end\"><\/span><\/h3>\n\n\n\n<p>Oczywi\u015bcie najbardziej jest znany jako tw\u00f3rca popularnej modlitwy &#8211; &#8222;Jezu, Ty si\u0119 tym zajmij&#8221;. Ta prosta formu\u0142a uroczystego oddania spraw Bogu sta\u0142a si\u0119 dla wielu symbolem wiary i relacji z Chrystusem. To dzi\u0119ki jego ogromnej ufno\u015bci w mi\u0142o\u015b\u0107 Bo\u017c\u0105, \u017ce ta modlitwa na sta\u0142e wpisa\u0142a si\u0119 do kanonu chrze\u015bcija\u0144skiego religijnego \u017cycia.<\/p>\n\n\n\n<h3 class=\"wp-block-heading\"><span class=\"ez-toc-section\" id=\"Smierc_i_dalsze_dziedzictwo\"><\/span>\u6b7b\u3068\u3055\u3089\u306a\u308b\u907a\u7523<span class=\"ez-toc-section-end\"><\/span><\/h3>\n\n\n\n<p>Ojciec Dolindo zmar\u0142 w 1970 roku, pozostawiaj\u0105c po sobie jednak pot\u0119\u017cne dziedzictwo. Wsp\u00f3\u0142czesne pokolenie wiernych stale korzysta z jego nauczania dotycz\u0105cego ufno\u015bci, a tak\u017ce czerpie si\u0142y z modlitwy &#8222;Jezu, Ty si\u0119 tym zajmij&#8221;. Jego wp\u0142yw jest niezaprzeczalny &#8211; dowodzi tego chocia\u017cby liczba os\u00f3b odmawiaj\u0105cych codziennie jego s\u0142ynn\u0105 modlitw\u0119.<\/p>\n\n\n\n<h2 class=\"wp-block-heading\"><span class=\"ez-toc-section\" id=\"Jak_brzmi_Modlitwa_Jezu_Ty_sie_tym_zajmij\"><\/span>\u30b8\u30fc\u30b6\u30b9\u306e\u7948\u308a\u306f\u3069\u306e\u3088\u3046\u306b\u805e\u3053\u3048\u308b\u3060\u308d\u3046\u304b\uff1f<span class=\"ez-toc-section-end\"><\/span><\/h2>\n\n\n\n<p>Po nawi\u0105zaniu dialogu z czytelnikami dotycz\u0105cego genezy i znaczenia modlitwy &#8222;Jezu, ty si\u0119 tym zajmij&#8221;, przechodz\u0119 teraz do prezentacji integralnej tre\u015bci tej historycznej formy duchowej ekspresji.<\/p>\n\n\n\n<ol class=\"wp-block-list\">\n<li>Modlitwa rozpoczyna si\u0119 od zaufania wst\u0119pnego: &#8222;O Jezu, przekazuj\u0119 Ci to wszystko, teraz Ty si\u0119 tym zajmij.&#8221; Ta szczeg\u00f3lna fraza stanowi kluczowy pierwiastek modlitwy, podkre\u015blaj\u0105 one absolutne zdanie si\u0119 na wol\u0119 Bo\u017c\u0105.<\/li>\n\n\n\n<li>Nast\u0119pnie wypowiadane s\u0105 s\u0142owa g\u0142\u0119bokiego oddania, kt\u00f3re zmierzaj\u0105 ku totalnemu oddaniu inicjatywy Bogu: &#8222;Bo\u017ce m\u00f3j, pokornie prosz\u0119 o <a href=\"https:\/\/chrystus.pl\/jp\/modlitwa-ktora-zawsze-pomaga\/\">\u30a2\u30b7\u30b9\u30bf\u30f3\u30b9<\/a> \u305d\u3057\u3066\u3001\u79c1\u306f\u3059\u3079\u3066\u306e\u3053\u3068\u3092\u3042\u306a\u305f\u306e\u6442\u7406\u306b\u4fe1\u983c\u3057\u307e\u3059\"\u3053\u306e\u4e8b\u5b9f\u306f\u3001\u3053\u306e\u7948\u308a\u3092\u5531\u3048\u308b\u8005\u306e\u6c7a\u65ad\u306e\u8a3c\u3067\u3042\u308b\u3002<\/li>\n\n\n\n<li>Trzecia cz\u0119\u015b\u0107 sk\u0142ada si\u0119 z bardzo prostego wezwania: &#8222;Przekazuj\u0119 Ci wszystkie moje sprawy i jestem pewien, \u017ce zaopiekujesz si\u0119 nimi.&#8221; Egzystencjalna wymowa tego fragmentu widoczna jest bezpo\u015brednio &#8211; tu nie ma miejsca dla wyrafinowanej teologii ani dla filozoficznych dygresji.<\/li>\n\n\n\n<li>Na zako\u0144czenie mamy linijk\u0119 afirmuj\u0105c\u0105 ca\u0142kowita uleg\u0142o\u015b\u0107 woli Jezusa: &#8222;Jezu, ufam Tobie.&#8221; Jest to wyraz pe\u0142nej ufno\u015bci, a zarazem poddania si\u0119 Bo\u017cej woli.<\/li>\n<\/ol>\n\n\n\n<p>Jak mo\u017cecie widzie\u0107, &#8222;Jezu ty si\u0119 tym zajmij&#8221; to modlitwa prosta, ale g\u0142\u0119boka. Zosta\u0142a stworzona z my\u015bl\u0105 o tych, kt\u00f3rzy pragn\u0105 pozostawi\u0107 sw\u00f3j los w r\u0119kach Opatrzno\u015bci Bo\u017cej.<\/p>\n\n\n\n<h2 class=\"wp-block-heading\"><span class=\"ez-toc-section\" id=\"Co_to_znaczy_Jezu_Ty_sie_tym_zajmij\"><\/span>\u3042\u306a\u305f\u304c\u305d\u308c\u3092\u5927\u5207\u306b\u3059\u308b\u30a4\u30a8\u30b9\u3068\u306f\u3069\u3046\u3044\u3046\u610f\u5473\u3067\u3059\u304b\uff1f<span class=\"ez-toc-section-end\"><\/span><\/h2>\n\n\n\n<p>Pod poj\u0119ciem &#8222;Jezu Ty si\u0119 tym zajmij&#8221; kryje si\u0119 pot\u0119\u017cna modlitwa katolicka, b\u0119d\u0105ca wyrazem zaufania do dzia\u0142ania Bo\u017cej Opatrzno\u015bci. Je\u017celi jednak roz\u0142o\u017cymy na czynniki pierwsze jej sens i symboliczne znaczenie, oka\u017ce si\u0119, \u017ce jest ona zdecydowanie bardziej rozbudowana.<\/p>\n\n\n\n<h3 class=\"wp-block-heading\"><span class=\"ez-toc-section\" id=\"Wierzenia_chrzescijanskie\"><\/span>\u30ad\u30ea\u30b9\u30c8\u6559\u4fe1\u4ef0<span class=\"ez-toc-section-end\"><\/span><\/h3>\n\n\n\n<p>Z punktu widzenia wierze\u0144 chrze\u015bcija\u0144skich, to proste zdanie zawiera w sobie wielk\u0105 prawd\u0119 o ufno\u015bci w powiedz Boga. Gdy m\u00f3wimy &#8222;Jezu Ty si\u0119 tym zajmij&#8221;, przyznajemy, \u017ce sami nie jeste\u015bmy w stanie sprosta\u0107 zadaniu czy przezwyci\u0119\u017cy\u0107 trudno\u015bci. Przekazujemy kontrol\u0119 nad sytuacj\u0105 Bogu &#8211; obdarowujemy go pe\u0142nym zaufaniem.<\/p>\n\n\n\n<h3 class=\"wp-block-heading\"><span class=\"ez-toc-section\" id=\"Twoj_stosunek_do_Boga\"><\/span>\u795e\u3068\u306e\u95a2\u4fc2<span class=\"ez-toc-section-end\"><\/span><\/h3>\n\n\n\n<p>Co wi\u0119cej, ta modlitwa ma r\u00f3wnie\u017c refleksje na tw\u00f3j osobisty stosunek do Boga. M\u00f3wi\u0105c &#8222;Jezu Ty si\u0119 tym zajmij&#8221;, pokornie przyznajesz swoj\u0105 niemo\u017cno\u015b\u0107 i uzale\u017cnienie od Jego mi\u0142osierdzia. To przejaw skromno\u015bci i w\u0142a\u015bciwej samooceny w kontek\u015bcie duchowych reali\u00f3w.<\/p>\n\n\n\n<h3 class=\"wp-block-heading\"><span class=\"ez-toc-section\" id=\"Kapitulacja_przed_Opatrznoscia\"><\/span>\u6442\u7406\u306e\u524d\u306e\u964d\u4f0f<span class=\"ez-toc-section-end\"><\/span><\/h3>\n\n\n\n<p>W praktyce za\u015b, powiedzenie &#8222;Jezu ty si\u0119 tym zajmij&#8221; oznacza kapitulacj\u0119 przed Opatrzno\u015bci\u0105 i otwieranie i zawierzenie si\u0119 na Bo\u017ce prowadzenie. Cz\u0119sto \u0142\u0105czy si\u0119 to ze zrozumieniem, \u017ce nie wszystko da si\u0119 kontrolowa\u0107, a niekt\u00f3re sprawy mo\u017cna i nale\u017cy odda\u0107 w r\u0119ce Boga.<\/p>\n\n\n\n<p>&#8222;Jezu ty si\u0119 tym zajmij&#8221; funkcjonuje wi\u0119c jako swoiste wyznanie wiary, kt\u00f3re daje ludziom poczucie wsparcia i nadziei, kiedy w\u0142a\u015bciwie nic innego ju\u017c tego nie czyni. Przenosi one ich uwag\u0119 z codziennych trosk na wi\u0119ksz\u0105 perspektyw\u0119 i niewidzialn\u0105 moc dzia\u0142aj\u0105c\u0105 w tle naszego \u017cycia: mi\u0142o\u015b\u0107 Boga do ka\u017cdego cz\u0142owieka.<\/p>\n\n\n\n<h2 class=\"wp-block-heading\"><span class=\"ez-toc-section\" id=\"Kto_powiedzial_%E2%80%9EJezu_Ty_sie_tym_zajmij%E2%80%9D\"><\/span>Kto powiedzia\u0142 &#8222;Jezu Ty si\u0119 tym zajmij&#8221;?<span class=\"ez-toc-section-end\"><\/span><\/h2>\n\n\n\n<p>Spr\u00f3bujmy odpowiedzie\u0107 na jedno z najcz\u0119\u015bciej pojawiaj\u0105cych si\u0119 pyta\u0144 dotycz\u0105cych tej modlitwy: Kto powiedzia\u0142 &#8222;Jezu Ty si\u0119 tym zajmij&#8221;? Osob\u0105, kt\u00f3ra jest autorem tych s\u0142\u00f3w i jednocze\u015bnie przypisywane mu s\u0105 jako pierwszego, kt\u00f3ry je wypowiedzia\u0142, by\u0142 Ojciec Dolindo Ruotolo.<\/p>\n\n\n\n<ol class=\"wp-block-list\">\n<li><strong>\u30c9\u30ea\u30f3\u30c9\u30fb\u30eb\u30aa\u30c8\u30ed<\/strong> - \u30ca\u30dd\u30ea\u51fa\u8eab\u306e\u30ab\u30c8\u30ea\u30c3\u30af\u53f8\u796d\u3001\u795e\u79d8\u4e3b\u7fa9\u8005<\/li>\n<\/ol>\n\n\n\n<p>Pochodz\u0105cy z Italii, kap\u0142an i teolog o niepospolitej duchowo\u015bci. Urodzi\u0142 si\u0119 w 1882 roku w Neapolu. Swoje \u017cycie po\u015bwi\u0119ci\u0142 g\u0142oszeniu Ewangelii i niesieniu pomocy ubogim. Przyja\u017ani\u0142 go bliski kontakt z Papie\u017cem Pius X.<\/p>\n\n\n\n<ol class=\"wp-block-list\">\n<li><strong>\u795e\u3078\u306e\u4fe1\u983c\u306e\u8aac\u6559\u8005<\/strong><\/li>\n<\/ol>\n\n\n\n<p>Pomimo wieloletniego cierpienia wynikaj\u0105cego z r\u00f3\u017cnych chor\u00f3b oraz problem\u00f3w personanych, Ojciec Dolindo nigdy nie podda\u0142 swojej wiary na pr\u00f3b\u0119 sceptycyzmu. By\u0142 on znany ze swojej bezgranicznej ufno\u015bci w Bo\u017ce prowadzenie, kt\u00f3r\u0105 cz\u0119sto wyra\u017ca\u0142a dopiero co om\u00f3wiona modlitwa &#8211; &#8222;Jezu Ty si\u0119 tym zajmij&#8221;.<\/p>\n\n\n\n<ol class=\"wp-block-list\">\n<li><strong>\u5f7c\u306e\u8a00\u8449\u306e\u610f\u5473<\/strong><\/li>\n<\/ol>\n\n\n\n<p>Sformu\u0142owanie &#8222;Jezu Ty si\u0119 tym zajmij&#8221; to streszczenie nauki o oddaniu si\u0119 Bogu, kt\u00f3r\u0105 wyznawa\u0142 i g\u0142osi\u0142 Ojciec Dolindo. Pokazuje on, jak mo\u017cemy zachowa\u0107 ufno\u015b\u0107 moj\u0105 dobro\u0107 w Bo\u017ce prowadzenie mimo przeciwno\u015bci losu.<\/p>\n\n\n\n<p>By dok\u0142adnie zrozumie\u0107 ten temat, konieczne jest g\u0142\u0119bsze wg\u0142\u0119bienie si\u0119, zar\u00f3wno w \u017cyciorys Autora tej modlitwy jak i w sam\u0105 tre\u015b\u0107 tych s\u0142\u00f3w. I to jest w\u0142a\u015bnie priorytet moich dalszych rozwa\u017ca\u0144 na temat &#8222;Jezu Ty si\u0119 tym zajmij&#8221;.<\/p>","protected":false},"excerpt":{"rendered":"<p>W \u015bwiecie pe\u0142nym stresu, niepokoju i przyt\u0142aczaj\u0105cych obowi\u0105zk\u00f3w, wielu z nas szuka sposob\u00f3w na odnalezienie spokoju b\u0105d\u017a wola i ufno\u015bci. Jedn\u0105 z dr\u00f3g mog\u0105 by\u0107 modlitwy, a szczeg\u00f3lnie ta o wdzi\u0119cznej nazwie &#8222;Jezu, Ty si\u0119 tym zajmij&#8221;. Jest to wyra\u017cenie ufno\u015bci grupy wierz\u0105cych w Bosk\u0105 moc radzenia sobie z trudno\u015bciami, kt\u00f3re wydaj\u0105 si\u0119 nam nieosi\u0105galne. Pragn\u0119 zaprosi\u0107 Ci\u0119 do lektury tego artyku\u0142u, kt\u00f3ry pomo\u017ce Ci g\u0142\u0119biej zrozumie\u0107 t\u0119 pi\u0119knie prozaiczn\u0105 modlitw\u0119 oraz pokazuje jak stosowa\u0107 jej m\u0105dro\u015b\u0107 w codziennym \u017cyciu. Wprowadzenie &#8211; Jezu, Ty si\u0119 tym zajmij: wprowadzenie do tematu artyku\u0142u. &#8222;Jezu, Ty si\u0119 tym zajmij&#8221; \u2013 te s\u0142owa dla wielu os\u00f3b sta\u0142y si\u0119 niezale\u017cnym symbolem \u0142agodzenia l\u0119k\u00f3w i ofiarowania &hellip;<\/p>","protected":false},"author":1,"featured_media":0,"comment_status":"closed","ping_status":"closed","sticky":false,"template":"","format":"standard","meta":{"footnotes":""},"categories":[52],"tags":[],"class_list":["post-2421","post","type-post","status-publish","format-standard","hentry","category-jezus"],"yoast_head":"<!-- This site is optimized with the Yoast SEO plugin v27.5 - https:\/\/yoast.com\/product\/yoast-seo-wordpress\/ -->\n<title>Jezu ty si\u0119 tym zajmij - Chrystus<\/title>\n<meta name=\"description\" content=\"W \u015bwiecie pe\u0142nym stresu, niepokoju i przyt\u0142aczaj\u0105cych obowi\u0105zk\u00f3w, wielu z nas\" \/>\n<meta name=\"robots\" content=\"index, follow, max-snippet:-1, max-image-preview:large, max-video-preview:-1\" \/>\n<link rel=\"canonical\" href=\"https:\/\/chrystus.pl\/jp\/\u30a4\u30a8\u30b9\u69d8\u3001\u3088\u308d\u3057\u304f\u304a\u9858\u3044\u3057\u307e\u3059\/\" \/>\n<meta property=\"og:locale\" content=\"ja_JP\" \/>\n<meta property=\"og:type\" content=\"article\" \/>\n<meta property=\"og:title\" content=\"Jezu ty si\u0119 tym zajmij - Chrystus\" \/>\n<meta property=\"og:description\" content=\"W \u015bwiecie pe\u0142nym stresu, niepokoju i przyt\u0142aczaj\u0105cych obowi\u0105zk\u00f3w, wielu z nas\" \/>\n<meta property=\"og:url\" content=\"https:\/\/chrystus.pl\/jp\/\u30a4\u30a8\u30b9\u69d8\u3001\u3088\u308d\u3057\u304f\u304a\u9858\u3044\u3057\u307e\u3059\/\" \/>\n<meta property=\"og:site_name\" content=\"Chrystus\" \/>\n<meta property=\"article:published_time\" content=\"2023-10-20T18:12:06+00:00\" \/>\n<meta property=\"article:modified_time\" content=\"2023-10-20T18:14:32+00:00\" \/>\n<meta name=\"author\" content=\"Samarytanka\" \/>\n<meta name=\"twitter:card\" content=\"summary_large_image\" \/>\n<meta name=\"twitter:label1\" content=\"\u57f7\u7b46\u8005\" \/>\n\t<meta name=\"twitter:data1\" content=\"Samarytanka\" \/>\n\t<meta name=\"twitter:label2\" content=\"\u63a8\u5b9a\u8aad\u307f\u53d6\u308a\u6642\u9593\" \/>\n\t<meta name=\"twitter:data2\" content=\"8\u5206\" \/>\n<!-- \/ Yoast SEO plugin. -->","yoast_head_json":{"title":"\u30a4\u30a8\u30b9\u3088\u3001\u3042\u306a\u305f\u306f\u305d\u308c\u3092\u4e16\u8a71\u3059\u308b - \u30ad\u30ea\u30b9\u30c8","description":"\u30b9\u30c8\u30ec\u30b9\u3084\u4e0d\u5b89\u3001\u904e\u91cd\u306a\u8cac\u4efb\u306b\u6e80\u3061\u305f\u4e16\u306e\u4e2d\u3067\u3001\u79c1\u305f\u3061\u306e\u591a\u304f\u306f\u3001\u3053\u306e\u3088\u3046\u306b\u8003\u3048\u3066\u3044\u308b\u3002","robots":{"index":"index","follow":"follow","max-snippet":"max-snippet:-1","max-image-preview":"max-image-preview:large","max-video-preview":"max-video-preview:-1"},"canonical":"https:\/\/chrystus.pl\/jp\/\u30a4\u30a8\u30b9\u69d8\u3001\u3088\u308d\u3057\u304f\u304a\u9858\u3044\u3057\u307e\u3059\/","og_locale":"ja_JP","og_type":"article","og_title":"Jezu ty si\u0119 tym zajmij - Chrystus","og_description":"W \u015bwiecie pe\u0142nym stresu, niepokoju i przyt\u0142aczaj\u0105cych obowi\u0105zk\u00f3w, wielu z nas","og_url":"https:\/\/chrystus.pl\/jp\/\u30a4\u30a8\u30b9\u69d8\u3001\u3088\u308d\u3057\u304f\u304a\u9858\u3044\u3057\u307e\u3059\/","og_site_name":"Chrystus","article_published_time":"2023-10-20T18:12:06+00:00","article_modified_time":"2023-10-20T18:14:32+00:00","author":"Samarytanka","twitter_card":"summary_large_image","twitter_misc":{"\u57f7\u7b46\u8005":"Samarytanka","\u63a8\u5b9a\u8aad\u307f\u53d6\u308a\u6642\u9593":"8\u5206"},"schema":{"@context":"https:\/\/schema.org","@graph":[{"@type":"Article","@id":"https:\/\/chrystus.pl\/jezu-ty-sie-tym-zajmij\/#article","isPartOf":{"@id":"https:\/\/chrystus.pl\/jezu-ty-sie-tym-zajmij\/"},"author":{"name":"Samarytanka","@id":"https:\/\/chrystus.pl\/#\/schema\/person\/e2e742452b8b7b2bcd23ea180671d27a"},"headline":"Jezu ty si\u0119 tym zajmij","datePublished":"2023-10-20T18:12:06+00:00","dateModified":"2023-10-20T18:14:32+00:00","mainEntityOfPage":{"@id":"https:\/\/chrystus.pl\/jezu-ty-sie-tym-zajmij\/"},"wordCount":1621,"publisher":{"@id":"https:\/\/chrystus.pl\/#organization"},"articleSection":["Jezus"],"inLanguage":"ja"},{"@type":"WebPage","@id":"https:\/\/chrystus.pl\/jezu-ty-sie-tym-zajmij\/","url":"https:\/\/chrystus.pl\/jezu-ty-sie-tym-zajmij\/","name":"\u30a4\u30a8\u30b9\u3088\u3001\u3042\u306a\u305f\u306f\u305d\u308c\u3092\u4e16\u8a71\u3059\u308b - \u30ad\u30ea\u30b9\u30c8","isPartOf":{"@id":"https:\/\/chrystus.pl\/#website"},"datePublished":"2023-10-20T18:12:06+00:00","dateModified":"2023-10-20T18:14:32+00:00","description":"\u30b9\u30c8\u30ec\u30b9\u3084\u4e0d\u5b89\u3001\u904e\u91cd\u306a\u8cac\u4efb\u306b\u6e80\u3061\u305f\u4e16\u306e\u4e2d\u3067\u3001\u79c1\u305f\u3061\u306e\u591a\u304f\u306f\u3001\u3053\u306e\u3088\u3046\u306b\u8003\u3048\u3066\u3044\u308b\u3002","breadcrumb":{"@id":"https:\/\/chrystus.pl\/jezu-ty-sie-tym-zajmij\/#breadcrumb"},"inLanguage":"ja","potentialAction":[{"@type":"ReadAction","target":["https:\/\/chrystus.pl\/jezu-ty-sie-tym-zajmij\/"]}]},{"@type":"BreadcrumbList","@id":"https:\/\/chrystus.pl\/jezu-ty-sie-tym-zajmij\/#breadcrumb","itemListElement":[{"@type":"ListItem","position":1,"name":"Strona g\u0142\u00f3wna","item":"https:\/\/chrystus.pl\/"},{"@type":"ListItem","position":2,"name":"Jezu ty si\u0119 tym zajmij"}]},{"@type":"WebSite","@id":"https:\/\/chrystus.pl\/#website","url":"https:\/\/chrystus.pl\/","name":"\u30ad\u30ea\u30b9\u30c8","description":"\u795e\u3001\u30de\u30ea\u30a2\u3001\u30a4\u30a8\u30b9\u3001\u8056\u4f53\u62dd\u9818\u306a\u3069","publisher":{"@id":"https:\/\/chrystus.pl\/#organization"},"potentialAction":[{"@type":"SearchAction","target":{"@type":"EntryPoint","urlTemplate":"https:\/\/chrystus.pl\/?s={search_term_string}"},"query-input":{"@type":"PropertyValueSpecification","valueRequired":true,"valueName":"search_term_string"}}],"inLanguage":"ja"},{"@type":"Organization","@id":"https:\/\/chrystus.pl\/#organization","name":"\u30ad\u30ea\u30b9\u30c8.pl","url":"https:\/\/chrystus.pl\/","logo":{"@type":"ImageObject","inLanguage":"ja","@id":"https:\/\/chrystus.pl\/#\/schema\/logo\/image\/","url":"https:\/\/chrystus.pl\/wp-content\/uploads\/2019\/03\/chrystus-bog-maryja-komunia-bierzmowanie.jpg","contentUrl":"https:\/\/chrystus.pl\/wp-content\/uploads\/2019\/03\/chrystus-bog-maryja-komunia-bierzmowanie.jpg","width":1920,"height":1280,"caption":"Chrystus.pl"},"image":{"@id":"https:\/\/chrystus.pl\/#\/schema\/logo\/image\/"}},{"@type":"Person","@id":"https:\/\/chrystus.pl\/#\/schema\/person\/e2e742452b8b7b2bcd23ea180671d27a","name":"\u30b5\u30de\u30ea\u30bf\u30f3\u306e\u5973"}]}},"_links":{"self":[{"href":"https:\/\/chrystus.pl\/jp\/wp-json\/wp\/v2\/posts\/2421","targetHints":{"allow":["GET"]}}],"collection":[{"href":"https:\/\/chrystus.pl\/jp\/wp-json\/wp\/v2\/posts"}],"about":[{"href":"https:\/\/chrystus.pl\/jp\/wp-json\/wp\/v2\/types\/post"}],"author":[{"embeddable":true,"href":"https:\/\/chrystus.pl\/jp\/wp-json\/wp\/v2\/users\/1"}],"replies":[{"embeddable":true,"href":"https:\/\/chrystus.pl\/jp\/wp-json\/wp\/v2\/comments?post=2421"}],"version-history":[{"count":0,"href":"https:\/\/chrystus.pl\/jp\/wp-json\/wp\/v2\/posts\/2421\/revisions"}],"wp:attachment":[{"href":"https:\/\/chrystus.pl\/jp\/wp-json\/wp\/v2\/media?parent=2421"}],"wp:term":[{"taxonomy":"category","embeddable":true,"href":"https:\/\/chrystus.pl\/jp\/wp-json\/wp\/v2\/categories?post=2421"},{"taxonomy":"post_tag","embeddable":true,"href":"https:\/\/chrystus.pl\/jp\/wp-json\/wp\/v2\/tags?post=2421"}],"curies":[{"name":"wp","href":"https:\/\/api.w.org\/{rel}","templated":true}]}}