{"id":1564,"date":"2020-04-29T15:54:15","date_gmt":"2020-04-29T15:54:15","guid":{"rendered":"https:\/\/chrystus.pl\/?p=1564"},"modified":"2020-04-29T15:54:15","modified_gmt":"2020-04-29T15:54:15","slug":"co-maryja-rzekla-do-aniola","status":"publish","type":"post","link":"https:\/\/chrystus.pl\/ko-kr\/co-maryja-rzekla-do-aniola\/","title":{"rendered":"\ub9c8\ub9ac\uc544\ub294 \ucc9c\uc0ac\uc5d0\uac8c \ubb50\ub77c\uace0 \ub9d0\ud588\ub098\uc694?"},"content":{"rendered":"<p>Co Maryja rzek\u0142a do Anio\u0142a? Scena ta jest zwi\u0105zana z objawieniem jakiego dozna\u0142a Maryja, w kt\u00f3rym to dowiedzia\u0142a si\u0119 o roli do jakiej przeznaczy\u0142 j\u0105 Pan B\u00f3g. Mowa tutaj oczywi\u015bcie o niepokalanym pocz\u0119ciu i wychowaniu Syna Bo\u017cego, Jezusa Chrystusa.<\/p>\n<p>\ucc9c\uc0ac\uac00 \ub180\ub77c\uc6b4 \uc18c\uc2dd\uc744 \uc804\ud558\uc790 \ub9c8\ub9ac\uc544\ub294 \uae5c\uc9dd \ub180\ub77c\uba70 \"\uc81c\uac8c \ub0a8\ud3b8\uc774 \uc5c6\ub294\ub370 \uc5b4\ub5bb\uac8c \uc774\ub7f0 \uc77c\uc774 \uc77c\uc5b4\ub0a0 \uc218 \uc788\uc2b5\ub2c8\uae4c?\"\ub77c\uace0 \ub9d0\ud588\uc2b5\ub2c8\ub2e4. \ucc9c\uc0ac\ub294 \uadf8\ub140\uc5d0\uac8c \"\uc131\ub839\uc774 \ub124\uac8c \uc784\ud558\uc2e4 \uac83\uc774\uba70 \uc9c0\uadf9\ud788 \ub192\uc73c\uc2e0 \ubd84\uc758 \ub2a5\ub825\uc774 \ub108\ub97c \ubcf4\ud638\ud558\uc2e4 \uac83\uc774\ub2e4. \uadf8\ub7ec\ubbc0\ub85c \ud0dc\uc5b4\ub0a0 \uac70\ub8e9\ud55c \uc774\ub294 \ud558\ub290\ub2d8\uc758 \uc544\ub4e4\uc774\ub77c\uace0 \ubd88\ub9b4 \uac83\uc785\ub2c8\ub2e4. 36 \uadf8\ub9ac\uace0 \ubcf4\ub77c, \ub2f9\uc2e0\uc758 \uce5c\ucc99 \uc5d8\ub9ac\uc0ac\ubcb3\ub3c4 \ub178\ub144\uc5d0 \uc544\ub4e4\uc744 \uc789\ud0dc\ud558\uc5ec \uc774\ubbf8 \uc5ec\uc12f \ub2ec\uc9f8\uc778\ub370, \uadf8\ub140\ub294 \ubd88\uc784\uc73c\ub85c \uac04\uc8fc\ub429\ub2c8\ub2e4.<\/p>\n<p>\uc2e0\uc5d0\uac8c\ub294 \ubd88\uac00\ub2a5\ud55c \uc77c\uc774 \uc5c6\uc73c\ub2c8\".<br \/>\n\ub9c8\ub9ac\uc544\ub294 \ucc9c\uc0ac\uc5d0\uac8c \ubb50\ub77c\uace0 \ub9d0\ud588\ub098\uc694? \"\ubcf4\ub77c, \uc8fc\uc758 \uc5ec\uc885\uc778 \ub0b4\uac00 \uc8fc\uc758 \ub9d0\uc500\ub300\ub85c \ub0b4\uac8c \uc774\ub8e8\uc5b4\uc9c0\uac8c \ud558\uc635\uc18c\uc11c.\" \uc774\uac83\uc740 \uc8fc\ub2d8\uc758 \ub73b\uc5d0 \uc804\uc801\uc73c\ub85c \uc21c\ubcf5\ud558\uace0 \ubcf5\uc885\ud558\ub294 \ud589\uc704\uc600\uc73c\uba70, \ub3d9\uc2dc\uc5d0 \uc131\ubaa8 \ub9c8\ub9ac\uc544\uc758 \ud070 \uae30\uc068\uc758 \ud45c\uc2dc\uc774\uae30\ub3c4 \ud588\uc2b5\ub2c8\ub2e4.<\/p>","protected":false},"excerpt":{"rendered":"<p>Co Maryja rzek\u0142a do Anio\u0142a? Scena ta jest zwi\u0105zana z objawieniem jakiego dozna\u0142a Maryja, w kt\u00f3rym to dowiedzia\u0142a si\u0119 o roli do jakiej przeznaczy\u0142 j\u0105 Pan B\u00f3g. Mowa tutaj oczywi\u015bcie o niepokalanym pocz\u0119ciu i wychowaniu Syna Bo\u017cego, Jezusa Chrystusa. Maryja zaskoczona tym co si\u0119 sta\u0142o rzek\u0142a do Anio\u0142a, kiedy ten przekaza\u0142 jej wspania\u0142\u0105 nowin\u0119: jak\u017ce &hellip;<\/p>","protected":false},"author":1,"featured_media":1565,"comment_status":"closed","ping_status":"closed","sticky":false,"template":"","format":"standard","meta":{"footnotes":""},"categories":[1],"tags":[],"class_list":["post-1564","post","type-post","status-publish","format-standard","has-post-thumbnail","hentry","category-uncategorized"],"yoast_head":"<!-- This site is optimized with the Yoast SEO plugin v27.5 - https:\/\/yoast.com\/product\/yoast-seo-wordpress\/ -->\n<title>Co Maryja rzek\u0142a do Anio\u0142a? - Chrystus<\/title>\n<meta name=\"description\" content=\"Co Maryja rzek\u0142a do Anio\u0142a? Scena ta jest zwi\u0105zana z objawieniem jakiego dozna\u0142a Maryja, w kt\u00f3rym to dowiedzia\u0142a si\u0119 o roli do jakiej przeznaczy\u0142 j\u0105 Pan\" \/>\n<meta name=\"robots\" content=\"index, follow, max-snippet:-1, max-image-preview:large, max-video-preview:-1\" \/>\n<link rel=\"canonical\" href=\"https:\/\/chrystus.pl\/ko-kr\/\uacf5\ub3d9-\ub9c8\ub9ac\uc57c-\ub974\uc81c\ud074\ub77c-\ub3c4-\uc544\ub2c8\uc62c\ub77c\/\" \/>\n<meta property=\"og:locale\" content=\"ko_KR\" \/>\n<meta property=\"og:type\" content=\"article\" \/>\n<meta property=\"og:title\" content=\"Co Maryja rzek\u0142a do Anio\u0142a\" \/>\n<meta property=\"og:description\" content=\"Co Maryja rzek\u0142a do Anio\u0142a? Scena ta jest zwi\u0105zana z objawieniem jakiego dozna\u0142a Maryja, w kt\u00f3rym to dowiedzia\u0142a si\u0119 o roli do jakiej przeznaczy\u0142 j\u0105 Pan\" \/>\n<meta property=\"og:url\" content=\"https:\/\/chrystus.pl\/ko-kr\/\uacf5\ub3d9-\ub9c8\ub9ac\uc57c-\ub974\uc81c\ud074\ub77c-\ub3c4-\uc544\ub2c8\uc62c\ub77c\/\" \/>\n<meta property=\"og:site_name\" content=\"Chrystus\" \/>\n<meta property=\"article:published_time\" content=\"2020-04-29T15:54:15+00:00\" \/>\n<meta property=\"og:image\" content=\"https:\/\/chrystus.pl\/wp-content\/uploads\/2020\/04\/Co-Maryja-rzek\u0142a-do-Anio\u0142a.jpg\" \/>\n\t<meta property=\"og:image:width\" content=\"640\" \/>\n\t<meta property=\"og:image:height\" content=\"290\" \/>\n\t<meta property=\"og:image:type\" content=\"image\/jpeg\" \/>\n<meta name=\"author\" content=\"Samarytanka\" \/>\n<meta name=\"twitter:card\" content=\"summary_large_image\" \/>\n<meta name=\"twitter:title\" content=\"Co Maryja rzek\u0142a do Anio\u0142a\" \/>\n<meta name=\"twitter:image\" content=\"https:\/\/chrystus.pl\/wp-content\/uploads\/2020\/04\/Co-Maryja-rzek\u0142a-do-Anio\u0142a.jpg\" \/>\n<meta name=\"twitter:label1\" content=\"\uae00\uc4f4\uc774\" \/>\n\t<meta name=\"twitter:data1\" content=\"Samarytanka\" \/>\n\t<meta name=\"twitter:label2\" content=\"\uc608\uc0c1 \ub418\ub294 \ud310\ub3c5 \uc2dc\uac04\" \/>\n\t<meta name=\"twitter:data2\" content=\"1\ubd84\" \/>\n<!-- \/ Yoast SEO plugin. -->","yoast_head_json":{"title":"\ub9c8\ub9ac\uc544\ub294 \ucc9c\uc0ac\uc5d0\uac8c \ubb50\ub77c\uace0 \ub9d0\ud588\ub098\uc694? - \uadf8\ub9ac\uc2a4\ub3c4","description":"\ub9c8\ub9ac\uc544\ub294 \ucc9c\uc0ac\uc5d0\uac8c \ubb50\ub77c\uace0 \ub9d0\ud588\ub098\uc694? \uc774 \uc7a5\uba74\uc740 \ub9c8\ub9ac\uc544\uac00 \uacbd\ud5d8 \ud55c \uacc4\uc2dc\uc640 \uad00\ub828\uc774 \uc788\uc73c\uba70, \uc8fc\ub2d8 \uaed8\uc11c \uadf8\ub140\ub97c \uc608\uc815\ud558\uc2e0 \uc5ed\ud560\uc744 \uc54c\uac8c\ub418\uc5c8\uc2b5\ub2c8\ub2e4.","robots":{"index":"index","follow":"follow","max-snippet":"max-snippet:-1","max-image-preview":"max-image-preview:large","max-video-preview":"max-video-preview:-1"},"canonical":"https:\/\/chrystus.pl\/ko-kr\/\uacf5\ub3d9-\ub9c8\ub9ac\uc57c-\ub974\uc81c\ud074\ub77c-\ub3c4-\uc544\ub2c8\uc62c\ub77c\/","og_locale":"ko_KR","og_type":"article","og_title":"Co Maryja rzek\u0142a do Anio\u0142a","og_description":"Co Maryja rzek\u0142a do Anio\u0142a? Scena ta jest zwi\u0105zana z objawieniem jakiego dozna\u0142a Maryja, w kt\u00f3rym to dowiedzia\u0142a si\u0119 o roli do jakiej przeznaczy\u0142 j\u0105 Pan","og_url":"https:\/\/chrystus.pl\/ko-kr\/\uacf5\ub3d9-\ub9c8\ub9ac\uc57c-\ub974\uc81c\ud074\ub77c-\ub3c4-\uc544\ub2c8\uc62c\ub77c\/","og_site_name":"Chrystus","article_published_time":"2020-04-29T15:54:15+00:00","og_image":[{"width":640,"height":290,"url":"https:\/\/chrystus.pl\/wp-content\/uploads\/2020\/04\/Co-Maryja-rzek\u0142a-do-Anio\u0142a.jpg","type":"image\/jpeg"}],"author":"Samarytanka","twitter_card":"summary_large_image","twitter_title":"Co Maryja rzek\u0142a do Anio\u0142a","twitter_image":"https:\/\/chrystus.pl\/wp-content\/uploads\/2020\/04\/Co-Maryja-rzek\u0142a-do-Anio\u0142a.jpg","twitter_misc":{"\uae00\uc4f4\uc774":"Samarytanka","\uc608\uc0c1 \ub418\ub294 \ud310\ub3c5 \uc2dc\uac04":"1\ubd84"},"schema":{"@context":"https:\/\/schema.org","@graph":[{"@type":"Article","@id":"https:\/\/chrystus.pl\/co-maryja-rzekla-do-aniola\/#article","isPartOf":{"@id":"https:\/\/chrystus.pl\/co-maryja-rzekla-do-aniola\/"},"author":{"name":"Samarytanka","@id":"https:\/\/chrystus.pl\/#\/schema\/person\/e2e742452b8b7b2bcd23ea180671d27a"},"headline":"Co Maryja rzek\u0142a do Anio\u0142a?","datePublished":"2020-04-29T15:54:15+00:00","mainEntityOfPage":{"@id":"https:\/\/chrystus.pl\/co-maryja-rzekla-do-aniola\/"},"wordCount":201,"publisher":{"@id":"https:\/\/chrystus.pl\/#organization"},"image":{"@id":"https:\/\/chrystus.pl\/co-maryja-rzekla-do-aniola\/#primaryimage"},"thumbnailUrl":"https:\/\/chrystus.pl\/wp-content\/uploads\/2020\/04\/Co-Maryja-rzek\u0142a-do-Anio\u0142a.jpg","articleSection":["Uncategorized"],"inLanguage":"ko-KR"},{"@type":"WebPage","@id":"https:\/\/chrystus.pl\/co-maryja-rzekla-do-aniola\/","url":"https:\/\/chrystus.pl\/co-maryja-rzekla-do-aniola\/","name":"\ub9c8\ub9ac\uc544\ub294 \ucc9c\uc0ac\uc5d0\uac8c \ubb50\ub77c\uace0 \ub9d0\ud588\ub098\uc694? - \uadf8\ub9ac\uc2a4\ub3c4","isPartOf":{"@id":"https:\/\/chrystus.pl\/#website"},"primaryImageOfPage":{"@id":"https:\/\/chrystus.pl\/co-maryja-rzekla-do-aniola\/#primaryimage"},"image":{"@id":"https:\/\/chrystus.pl\/co-maryja-rzekla-do-aniola\/#primaryimage"},"thumbnailUrl":"https:\/\/chrystus.pl\/wp-content\/uploads\/2020\/04\/Co-Maryja-rzek\u0142a-do-Anio\u0142a.jpg","datePublished":"2020-04-29T15:54:15+00:00","description":"\ub9c8\ub9ac\uc544\ub294 \ucc9c\uc0ac\uc5d0\uac8c \ubb50\ub77c\uace0 \ub9d0\ud588\ub098\uc694? \uc774 \uc7a5\uba74\uc740 \ub9c8\ub9ac\uc544\uac00 \uacbd\ud5d8 \ud55c \uacc4\uc2dc\uc640 \uad00\ub828\uc774 \uc788\uc73c\uba70, \uc8fc\ub2d8 \uaed8\uc11c \uadf8\ub140\ub97c \uc608\uc815\ud558\uc2e0 \uc5ed\ud560\uc744 \uc54c\uac8c\ub418\uc5c8\uc2b5\ub2c8\ub2e4.","breadcrumb":{"@id":"https:\/\/chrystus.pl\/co-maryja-rzekla-do-aniola\/#breadcrumb"},"inLanguage":"ko-KR","potentialAction":[{"@type":"ReadAction","target":["https:\/\/chrystus.pl\/co-maryja-rzekla-do-aniola\/"]}]},{"@type":"ImageObject","inLanguage":"ko-KR","@id":"https:\/\/chrystus.pl\/co-maryja-rzekla-do-aniola\/#primaryimage","url":"https:\/\/chrystus.pl\/wp-content\/uploads\/2020\/04\/Co-Maryja-rzek\u0142a-do-Anio\u0142a.jpg","contentUrl":"https:\/\/chrystus.pl\/wp-content\/uploads\/2020\/04\/Co-Maryja-rzek\u0142a-do-Anio\u0142a.jpg","width":"640","height":"290","caption":"Co Maryja rzek\u0142a do Anio\u0142a"},{"@type":"BreadcrumbList","@id":"https:\/\/chrystus.pl\/co-maryja-rzekla-do-aniola\/#breadcrumb","itemListElement":[{"@type":"ListItem","position":1,"name":"Strona g\u0142\u00f3wna","item":"https:\/\/chrystus.pl\/"},{"@type":"ListItem","position":2,"name":"Co Maryja rzek\u0142a do Anio\u0142a?"}]},{"@type":"WebSite","@id":"https:\/\/chrystus.pl\/#website","url":"https:\/\/chrystus.pl\/","name":"Christ","description":"\ud558\ub098\ub2d8, \ub9c8\ub9ac\uc544, \uc608\uc218\ub2d8, \uc601\uc131\uccb4 \ub4f1","publisher":{"@id":"https:\/\/chrystus.pl\/#organization"},"potentialAction":[{"@type":"SearchAction","target":{"@type":"EntryPoint","urlTemplate":"https:\/\/chrystus.pl\/?s={search_term_string}"},"query-input":{"@type":"PropertyValueSpecification","valueRequired":true,"valueName":"search_term_string"}}],"inLanguage":"ko-KR"},{"@type":"Organization","@id":"https:\/\/chrystus.pl\/#organization","name":"Christ.pl","url":"https:\/\/chrystus.pl\/","logo":{"@type":"ImageObject","inLanguage":"ko-KR","@id":"https:\/\/chrystus.pl\/#\/schema\/logo\/image\/","url":"https:\/\/chrystus.pl\/wp-content\/uploads\/2019\/03\/chrystus-bog-maryja-komunia-bierzmowanie.jpg","contentUrl":"https:\/\/chrystus.pl\/wp-content\/uploads\/2019\/03\/chrystus-bog-maryja-komunia-bierzmowanie.jpg","width":1920,"height":1280,"caption":"Chrystus.pl"},"image":{"@id":"https:\/\/chrystus.pl\/#\/schema\/logo\/image\/"}},{"@type":"Person","@id":"https:\/\/chrystus.pl\/#\/schema\/person\/e2e742452b8b7b2bcd23ea180671d27a","name":"\uc0ac\ub9c8\ub9ac\uc544\uc778 \uc5ec\uc790"}]}},"_links":{"self":[{"href":"https:\/\/chrystus.pl\/ko-kr\/wp-json\/wp\/v2\/posts\/1564","targetHints":{"allow":["GET"]}}],"collection":[{"href":"https:\/\/chrystus.pl\/ko-kr\/wp-json\/wp\/v2\/posts"}],"about":[{"href":"https:\/\/chrystus.pl\/ko-kr\/wp-json\/wp\/v2\/types\/post"}],"author":[{"embeddable":true,"href":"https:\/\/chrystus.pl\/ko-kr\/wp-json\/wp\/v2\/users\/1"}],"replies":[{"embeddable":true,"href":"https:\/\/chrystus.pl\/ko-kr\/wp-json\/wp\/v2\/comments?post=1564"}],"version-history":[{"count":0,"href":"https:\/\/chrystus.pl\/ko-kr\/wp-json\/wp\/v2\/posts\/1564\/revisions"}],"wp:featuredmedia":[{"embeddable":true,"href":"https:\/\/chrystus.pl\/ko-kr\/wp-json\/wp\/v2\/media\/1565"}],"wp:attachment":[{"href":"https:\/\/chrystus.pl\/ko-kr\/wp-json\/wp\/v2\/media?parent=1564"}],"wp:term":[{"taxonomy":"category","embeddable":true,"href":"https:\/\/chrystus.pl\/ko-kr\/wp-json\/wp\/v2\/categories?post=1564"},{"taxonomy":"post_tag","embeddable":true,"href":"https:\/\/chrystus.pl\/ko-kr\/wp-json\/wp\/v2\/tags?post=1564"}],"curies":[{"name":"wp","href":"https:\/\/api.w.org\/{rel}","templated":true}]}}