{"id":1857,"date":"2020-08-17T12:52:46","date_gmt":"2020-08-17T12:52:46","guid":{"rendered":"https:\/\/chrystus.pl\/?p=1857"},"modified":"2020-11-12T21:12:20","modified_gmt":"2020-11-12T21:12:20","slug":"biografie-i-zyciorysy-swietych-zobacz-propozycje-swietywojciech-pl","status":"publish","type":"post","link":"https:\/\/chrystus.pl\/ko-kr\/biografie-i-zyciorysy-swietych-zobacz-propozycje-swietywojciech-pl\/","title":{"rendered":"\uc131\ub3c4\ub4e4\uc758 \uc804\uae30 \ubc0f \uc804\uae30-\uc81c\uc548 \ucc38\uc870 SwietyWojciech.pl"},"content":{"rendered":"<figure class=\"wp-block-image size-large\"><img decoding=\"async\" width=\"1024\" height=\"893\" src=\"https:\/\/chrystus.pl\/wp-content\/uploads\/2020\/08\/swwojeciech-1024x893.jpg\" alt=\"\" class=\"wp-image-1859\" srcset=\"https:\/\/chrystus.pl\/wp-content\/uploads\/2020\/08\/swwojeciech-1024x893.jpg 1024w, https:\/\/chrystus.pl\/wp-content\/uploads\/2020\/08\/swwojeciech-300x262.jpg 300w, https:\/\/chrystus.pl\/wp-content\/uploads\/2020\/08\/swwojeciech-768x670.jpg 768w, https:\/\/chrystus.pl\/wp-content\/uploads\/2020\/08\/swwojeciech-1536x1340.jpg 1536w, https:\/\/chrystus.pl\/wp-content\/uploads\/2020\/08\/swwojeciech-150x131.jpg 150w, https:\/\/chrystus.pl\/wp-content\/uploads\/2020\/08\/swwojeciech-366x319.jpg 366w, https:\/\/chrystus.pl\/wp-content\/uploads\/2020\/08\/swwojeciech-770x672.jpg 770w, https:\/\/chrystus.pl\/wp-content\/uploads\/2020\/08\/swwojeciech.jpg 1920w\" sizes=\"(max-width: 1024px) 100vw, 1024px\" \/><\/figure>\n\n\n\n<p>\uc131\uc778 \uc804\uae30\ub294 \ubaa8\ub4e0 \uac00\ud1a8\ub9ad \uc2e0\uc790\uc758 \uac00\uc815 \uc11c\uc7ac\uc5d0 \uc788\uc5b4\uc57c \ud560 \ucc45\uc785\ub2c8\ub2e4. \uc774 \uc720\ud615\uc758 \uad8c\uc7a5 \ucd9c\ud310\ubb3c\uc740 \ubb34\uc5c7\uc778\uac00\uc694?<\/p>\n\n\n\n<p>\uc131\uc778\ub4e4\uc758 \uc804\uae30 \ubc0f \uc57d\ub825<\/p>\n\n\n\n<p>\uc5f0\ub9d0\uc5f0\uc2dc\ub098 \uadf8 \uc774\ud6c4\uc5d0 \uc77d\uc744 \ub9cc\ud55c \ud765\ubbf8\ub85c\uc6b4 \uc77d\uc744\uac70\ub9ac\ub97c \ucc3e\uace0 \uc788\ub2e4\uba74 \ub2e4\uc74c \uc0ac\ud56d\uc5d0 \uad00\uc2ec\uc744 \uac00\uc838\ubcfc \ub9cc\ud569\ub2c8\ub2e4. <a href=\"https:\/\/www.swietywojciech.pl\/Ksiazki\/Kategoria\/Biografie-Swieci-Swiadectwa\"><strong>\uc131\uc778 \uc804\uae30<\/strong><\/a>. \uc774\ub7ec\ud55c \uc720\ud615\uc758 \ucc45\ub4e4\uc740 \uadf8\ub4e4\uc758 \uc0b6\uacfc \uc131\uacb0\uc744 \ud5a5\ud55c \uc5ec\uc815\uc5d0 \ub300\ud55c \uc774\uc57c\uae30\ub97c \ub4e4\ub824\uc90d\ub2c8\ub2e4. \uc6b0\ub9ac\uac00 \ub530\ub77c\uc57c \ud560 \ubcf8\ubcf4\uae30\uac00 \ub420 \uc218 \uc788\uc2b5\ub2c8\ub2e4. \uc9c0\uc18d\uc801\uc778 \uc790\uae30 \uacc4\ubc1c\uc744 \uc704\ud55c \ub3d9\uae30 \ubd80\uc5ec. \uc11c\uc810 \uc9c4\uc5f4\ub300\uc5d0\uc11c \ub2e4\uc74c \ub450 \uac00\uc9c0\ub97c \ubaa8\ub450 \ucc3e\uc744 \uc218 \uc788\uc2b5\ub2c8\ub2e4. <strong>\uc131\uc778 \uc804\uae30 <\/strong>\uc131\uc778 \uc804\uc6a9 \uc0c1\ud488\uacfc \uc5b4\ub9b0 \uc790\ub140\ub97c \uc704\ud55c \uc0c1\ud488\ub3c4 \uc900\ube44\ub418\uc5b4 \uc788\uc2b5\ub2c8\ub2e4.<\/p>\n\n\n\n<p>\uc138\uc778\ud2b8 \ud30c\uc6b0\uc2a4\ud2f0\ub098 \ucf54\uc648\uc2a4\uce74 - \uc804\uae30<\/p>\n\n\n\n<p>\ub9e4\uc6b0 \ud765\ubbf8\ub86d\uc2b5\ub2c8\ub2e4. <strong>\uc131\ub3c4\ub4e4\uc758 \uc804\uae30<\/strong> \ub294 \ub2e4\uc74c\uacfc \uac19\uc740 \uc774\uc57c\uae30\ub97c \ub2f4\uc740 \ucc45\uc785\ub2c8\ub2e4. <strong>\ud30c\uc6b0\uc2a4\ud2f0\ub098 \ucf54\uc648\uc2a4\uce74<\/strong>. \ud574\ub2f9 \ud56d\ubaa9\uc740 \"<a href=\"https:\/\/www.swietywojciech.pl\/Ksiazki\/Literatura-dla-dzieci-i-mlodziezy\/Ksiazki-dla-dzieci\/Swieta-Faustyna-Kowalska\"><strong>\uc138\uc778\ud2b8 \ud30c\uc6b0\uc2a4\ud2f0\ub098 \ucf54\uc648\uc2a4\uce74<\/strong><\/a>' \uc5d8\ub9ac\uc790 \ud53c\uc624\ud2b8\ub85c\ube0c\uc2a4\uce74\uc758 \uace1\uc785\ub2c8\ub2e4. \uc6b4\uc728\uc774 \uc88b\uc740 <strong>\ud30c\uc6b0\uc2a4\ud2f0\ub098 \ucf54\uc648\uc2a4\uce74\uc758 \uc804\uae30<\/strong> 5\uc138\uc5d0\uc11c 10\uc138 \uc5b4\ub9b0\uc774 \uc804\uc6a9\uc785\ub2c8\ub2e4. \uc774 \ucc45\uc740 \uc5b4\ub9b4 \uc801\ubd80\ud130 \uc8fc \ud558\ub290\ub2d8\uc744 \uc12c\uae30\ub294 \uac83\uc774 \uafc8\uc774\uc5c8\ub358 \uac00\ub09c\ud55c \uc9d1\uc548\uc758 \uba85\ub791\ud55c \uc18c\ub140 \ud5ec\ub77c\uc758 \uc774\uc57c\uae30\ub97c \ub2f4\uace0 \uc788\uc2b5\ub2c8\ub2e4. \ud5ec\ub77c\uac00 \ud30c\uc6b0\uc2a4\ud2f0\ub098 \uc218\ub140\uac00 \ub41c \ud6c4, \uadf8\ub140\uc5d0\uac8c \ub180\ub77c\uc6b4 \uc77c\uc774 \uc77c\uc5b4\ub0ac\ub294\ub370, \ubc14\ub85c \uc8fc \ud558\ub290\ub2d8\uacfc \ub300\ud654\ud560 \uae30\ud68c\ub97c \uac16\uac8c \ub41c \uac83\uc785\ub2c8\ub2e4. \uc774 \uc18c\ucc45\uc790\ub294 \uc5ed\uc0ac\uc801 \uc9c4\uc2e4\uc5d0 \ucda9\uc2e4\ud558\uba74\uc11c \uac1c\ubcc4 \uc131\uc778\ub4e4\uc758 \uc0b6\uc5d0\uc11c \ub098\uc628 \uc5ec\ub7ec \uac00\uc9c0 \uc0ac\uc2e4\uacfc \uc77c\ud654\ub97c \uc18c\uac1c\ud558\ub294 '\uc6c3\ub294 \uc131\uc778\ub4e4' \uc2dc\ub9ac\uc988\uc5d0 \uc18d\ud569\ub2c8\ub2e4. \uc774\ud574\ud558\uae30 \uc27d\uace0 \uc6b4\uc728\uc774 \uc788\ub294 \uc5b8\uc5b4, \uc120\uba85\ud558\uace0 \uac04\uaca9\uc744 \ub454 \ud65c\uc790, \ud654\ub824\ud558\uace0 \ub208\uae38\uc744 \ub044\ub294 \uc0bd\ud654 \ub4f1\uc774 \uc8fc\ubaa9\ud560 \ub9cc\ud569\ub2c8\ub2e4. '\ubbf8\ub77c\uc758 \uc131 \ub2c8\ucf5c\ub77c\uc2a4', '\uc131 \uc54c\ubc84\ud2b8 \ud615\uc81c', '\uc131 \uc694\ud55c \ubc14\uc624\ub85c 2\uc138'\uc640 \uac19\uc740 \ucc45\ub3c4 \uc774 \uc2dc\ub9ac\uc988\ub85c \ucd9c\uac04\ub418\uc5c8\uc2b5\ub2c8\ub2e4. \uc774 \uc720\ud615\uc758 <strong>\uc131\uc778 \uc804\uae30<\/strong> \ub294 \uc5b4\ub9b0 \uac00\ud1a8\ub9ad \uc2e0\uc790\ub97c \uc704\ud55c \ud6cc\ub96d\ud55c \uc120\ubb3c \uc544\uc774\ub514\uc5b4\uc785\ub2c8\ub2e4.<\/p>\n\n\n\n<p>\uc138\uc778\ud2b8 \ud544\ub85c\ubbf8\ub098 - \uc804\uae30 \ubc0f \uc804\uae30<\/p>\n\n\n\n<p>\ub610 \ub2e4\ub978 \uc8fc\ubaa9\ud560 \ub9cc\ud55c \uc81c\uc548\uc740 \"<a href=\"https:\/\/www.swietywojciech.pl\/Ksiazki\/Biografie-Swieci-Swiadectwa\/Swieta-Filomena\"><strong>\uc131 \ud544\ub85c\ubbf8\ub098<\/strong><\/a>\" \uc791\uc131\uc790 Ma\u0142gorzata Pabis. O <strong>\uc138\uc778\ud2b8 \ud544\ub85c\ubbf8\ub098<\/strong> \uc131\ub140\ub294 \uc2e0\uc774 \uc544\ubb34 \ub9d0\ub3c4 \ud558\uc9c0 \uc54a\ub294 \uc131\uc778\uc774\ub77c\ub294 \ub73b\uc73c\ub85c \uc4f0\uc785\ub2c8\ub2e4. \uadf8\ub140\ub294 \ud55c \uc138\uae30 \uc804\uc5d0 \uc0b4\uc558\uc9c0\ub9cc \uc6b0\ub9ac\uc758 \uc218\ud638 \uc131\uc778\uc73c\ub85c \uc778\uc815\ubc1b\uace0 \uc788\uc2b5\ub2c8\ub2e4. \uc624\ub298\ub0a0 \uadf8\ub140\ub294 \uc7ac\ubc1c\uacac\ub418\uace0 \uc788\uc2b5\ub2c8\ub2e4. \uacfc\uac70\uc5d0\ub294 \uc8fc\ub85c \uc131\uc778\uacfc \uad50\ud669\uc774 \uc131\ub140\uc758 \uc804\uad6c\ub97c \uc704\ud574 \uae30\ub3c4\ud588\uc2b5\ub2c8\ub2e4. \uc624\ub298\ub0a0 \uc6b0\ub9ac\ub3c4 \uc131\ubaa8\ub2d8\uaed8 \ub2e4\uc74c\uacfc \uac19\uc774 \uae30\ub3c4\ud560 \uc218 \uc788\uc2b5\ub2c8\ub2e4. <a href=\"https:\/\/chrystus.pl\/ko-kr\/modlitwa-ktora-zawsze-pomaga\/\">\uc9c0\uc6d0<\/a>. \uc5d0\uc11c \uac15\uc870 \ud45c\uc2dc\ub41c \uac83\ucc98\ub7fc <strong>\uc131 \ud544\ub85c\ubbf8\ub098\uc758 \uc804\uae30<\/strong>\uc774 \ucc45\uc758 \uc800\uc790\ub294 \ucd95\ubcf5\ubc1b\uc740 \uc131\ubaa8 \ub9c8\ub9ac\uc544\uc758 \uc911\ubcf4\uae30\ub3c4\uc5d0 \ub300\ud574 \ub354 \ub9ce\uc774 \ubc30\uc6b0\ub294 \uac83\uc774 \uac00\uce58\uac00 \uc788\ub2e4\uace0 \uac15\uc870\ud569\ub2c8\ub2e4. \uc774 \ucc45\uc758 \uc800\uc790\ub294 \ub2e4\uc74c\uc744 \uc54c\uc544\ubcfc \uac00\uce58\uac00 \uc788\ub2e4\uace0 \uac15\uc870\ud569\ub2c8\ub2e4. <strong>\uc131 \ud544\ub85c\ubbf8\ub098<\/strong>\ub97c \ud074\ub9ad\ud558\uace0 \uadf8\ub140\ub97c \uc911\ubcf4\uae30\ub3c4\uc790\ub85c \uc0bc\uc544 \ub9e4\uc77c\uc758 \uae30\ub3c4 \uc81c\ubaa9\uc5d0 \uadf8\ub140\ub97c \uc704\ud55c \uae30\ub3c4\ub97c \ud3ec\ud568\ud558\uc138\uc694.<\/p>","protected":false},"excerpt":{"rendered":"<p>\uc131\uc778 \uc804\uae30\ub294 \ubaa8\ub4e0 \uac00\ud1a8\ub9ad \uc2e0\uc790\uc758 \uac00\uc815 \uc11c\uc7ac\uc5d0 \uc788\uc5b4\uc57c \ud560 \ucc45\uc785\ub2c8\ub2e4. \uc774 \uc720\ud615\uc758 \uad8c\uc7a5 \ucd9c\ud310\ubb3c\uc740 \ubb34\uc5c7\uc785\ub2c8\uae4c? \uc131\uc778\uc758 \uc804\uae30 \ubc0f \uc804\uae30 \uc5f0\ub9d0\uc5f0\uc2dc\ub97c \ub9de\uc544 \ud765\ubbf8\ub85c\uc6b4 \uc77d\uc744\uac70\ub9ac\ub97c \ucc3e\uace0 \uc788\ub2e4\uba74 \uc131\uc778\uc758 \uc804\uae30\uc5d0 \uad00\uc2ec\uc744 \uac00\uc838\ubcfc \ub9cc\ud569\ub2c8\ub2e4. \uc774\ub7ec\ud55c \uc720\ud615\uc758 \ucc45\uc740 \uadf8\ub4e4\uc758 \uc0b6\uacfc \uac70\ub8e9\ud568\uc744 \ud5a5\ud55c \uc5ec\uc815\uc5d0 \ub300\ud55c \uc774\uc57c\uae30\ub97c \ub4e4\ub824\uc90d\ub2c8\ub2e4. \uadf8\ub4e4\uc740 \uc6b0\ub9ac\uc5d0\uac8c \ubaa8\ubc94\uc774 \ub420 \uc218 \uc788\uc2b5\ub2c8\ub2e4 ...<\/p>","protected":false},"author":1,"featured_media":1859,"comment_status":"closed","ping_status":"closed","sticky":false,"template":"","format":"standard","meta":{"footnotes":""},"categories":[61],"tags":[],"class_list":["post-1857","post","type-post","status-publish","format-standard","has-post-thumbnail","hentry","category-chrystus"],"yoast_head":"<!-- This site is optimized with the Yoast SEO plugin v27.5 - https:\/\/yoast.com\/product\/yoast-seo-wordpress\/ -->\n<title>Biografie i \u017cyciorysy \u015bwi\u0119tych \u2014 SwietyWojciech.pl<\/title>\n<meta name=\"description\" content=\"Biografie \u015bwi\u0119tych to ksi\u0105\u017cki, kt\u00f3re znale\u017a\u0107 powinny si\u0119 w domowej biblioteczce ka\u017cdego katolika. Jakie s\u0105 godne polecenia wydawnictwa tego typu?\" \/>\n<meta name=\"robots\" content=\"index, follow, max-snippet:-1, max-image-preview:large, max-video-preview:-1\" \/>\n<link rel=\"canonical\" href=\"https:\/\/chrystus.pl\/ko-kr\/\uc131\ub3c4\ub4e4\uc758-\uc804\uae30-\ubc0f-\uc774\ub825\uc11c-\uc81c\uc548\uc11c-\uc2a4\uc704\ud2f0\uc6b0\uce58\uce58-pl\/\" \/>\n<meta property=\"og:locale\" content=\"ko_KR\" \/>\n<meta property=\"og:type\" content=\"article\" \/>\n<meta property=\"og:title\" content=\"Biografie i \u017cyciorysy \u015bwi\u0119tych \u2014 zobacz propozycje SwietyWojciech.pl\" \/>\n<meta property=\"og:description\" content=\"Biografie \u015bwi\u0119tych to ksi\u0105\u017cki, kt\u00f3re znale\u017a\u0107 powinny si\u0119 w domowej biblioteczce ka\u017cdego katolika. Jakie s\u0105 godne polecenia wydawnictwa tego typu?\" \/>\n<meta property=\"og:url\" content=\"https:\/\/chrystus.pl\/ko-kr\/\uc131\ub3c4\ub4e4\uc758-\uc804\uae30-\ubc0f-\uc774\ub825\uc11c-\uc81c\uc548\uc11c-\uc2a4\uc704\ud2f0\uc6b0\uce58\uce58-pl\/\" \/>\n<meta property=\"og:site_name\" content=\"Chrystus\" \/>\n<meta property=\"article:published_time\" content=\"2020-08-17T12:52:46+00:00\" \/>\n<meta property=\"article:modified_time\" content=\"2020-11-12T21:12:20+00:00\" \/>\n<meta property=\"og:image\" content=\"https:\/\/chrystus.pl\/wp-content\/uploads\/2020\/08\/swwojeciech.jpg\" \/>\n\t<meta property=\"og:image:width\" content=\"1920\" \/>\n\t<meta property=\"og:image:height\" content=\"1675\" \/>\n\t<meta property=\"og:image:type\" content=\"image\/jpeg\" \/>\n<meta name=\"author\" content=\"Samarytanka\" \/>\n<meta name=\"twitter:card\" content=\"summary_large_image\" \/>\n<meta name=\"twitter:title\" content=\"Biografie i \u017cyciorysy \u015bwi\u0119tych \u2014 zobacz propozycje SwietyWojciech.pl\" \/>\n<meta name=\"twitter:description\" content=\"Biografie \u015bwi\u0119tych to ksi\u0105\u017cki, kt\u00f3re znale\u017a\u0107 powinny si\u0119 w domowej biblioteczce ka\u017cdego katolika. Jakie s\u0105 godne polecenia wydawnictwa tego typu?\" \/>\n<meta name=\"twitter:image\" content=\"https:\/\/chrystus.pl\/wp-content\/uploads\/2020\/08\/swwojeciech.jpg\" \/>\n<meta name=\"twitter:label1\" content=\"\uae00\uc4f4\uc774\" \/>\n\t<meta name=\"twitter:data1\" content=\"Samarytanka\" \/>\n\t<meta name=\"twitter:label2\" content=\"\uc608\uc0c1 \ub418\ub294 \ud310\ub3c5 \uc2dc\uac04\" \/>\n\t<meta name=\"twitter:data2\" content=\"2\ubd84\" \/>\n<!-- \/ Yoast SEO plugin. -->","yoast_head_json":{"title":"\uc131\ub3c4\ub4e4\uc758 \uc804\uae30 \ubc0f \uc804\uae30-SwietyWojciech.pl","description":"\uc131\uc778 \uc804\uae30\ub294 \ubaa8\ub4e0 \uac00\ud1a8\ub9ad \uc2e0\uc790\uc758 \uac00\uc815 \uc11c\uc7ac\uc5d0 \uc788\uc5b4\uc57c \ud560 \ucc45\uc785\ub2c8\ub2e4. \uc774 \uc720\ud615\uc758 \uad8c\uc7a5 \ucd9c\ud310\ubb3c\uc740 \ubb34\uc5c7\uc778\uac00\uc694?","robots":{"index":"index","follow":"follow","max-snippet":"max-snippet:-1","max-image-preview":"max-image-preview:large","max-video-preview":"max-video-preview:-1"},"canonical":"https:\/\/chrystus.pl\/ko-kr\/\uc131\ub3c4\ub4e4\uc758-\uc804\uae30-\ubc0f-\uc774\ub825\uc11c-\uc81c\uc548\uc11c-\uc2a4\uc704\ud2f0\uc6b0\uce58\uce58-pl\/","og_locale":"ko_KR","og_type":"article","og_title":"Biografie i \u017cyciorysy \u015bwi\u0119tych \u2014 zobacz propozycje SwietyWojciech.pl","og_description":"Biografie \u015bwi\u0119tych to ksi\u0105\u017cki, kt\u00f3re znale\u017a\u0107 powinny si\u0119 w domowej biblioteczce ka\u017cdego katolika. Jakie s\u0105 godne polecenia wydawnictwa tego typu?","og_url":"https:\/\/chrystus.pl\/ko-kr\/\uc131\ub3c4\ub4e4\uc758-\uc804\uae30-\ubc0f-\uc774\ub825\uc11c-\uc81c\uc548\uc11c-\uc2a4\uc704\ud2f0\uc6b0\uce58\uce58-pl\/","og_site_name":"Chrystus","article_published_time":"2020-08-17T12:52:46+00:00","article_modified_time":"2020-11-12T21:12:20+00:00","og_image":[{"width":1920,"height":1675,"url":"https:\/\/chrystus.pl\/wp-content\/uploads\/2020\/08\/swwojeciech.jpg","type":"image\/jpeg"}],"author":"Samarytanka","twitter_card":"summary_large_image","twitter_title":"Biografie i \u017cyciorysy \u015bwi\u0119tych \u2014 zobacz propozycje SwietyWojciech.pl","twitter_description":"Biografie \u015bwi\u0119tych to ksi\u0105\u017cki, kt\u00f3re znale\u017a\u0107 powinny si\u0119 w domowej biblioteczce ka\u017cdego katolika. Jakie s\u0105 godne polecenia wydawnictwa tego typu?","twitter_image":"https:\/\/chrystus.pl\/wp-content\/uploads\/2020\/08\/swwojeciech.jpg","twitter_misc":{"\uae00\uc4f4\uc774":"Samarytanka","\uc608\uc0c1 \ub418\ub294 \ud310\ub3c5 \uc2dc\uac04":"2\ubd84"},"schema":{"@context":"https:\/\/schema.org","@graph":[{"@type":"Article","@id":"https:\/\/chrystus.pl\/biografie-i-zyciorysy-swietych-zobacz-propozycje-swietywojciech-pl\/#article","isPartOf":{"@id":"https:\/\/chrystus.pl\/biografie-i-zyciorysy-swietych-zobacz-propozycje-swietywojciech-pl\/"},"author":{"name":"Samarytanka","@id":"https:\/\/chrystus.pl\/#\/schema\/person\/e2e742452b8b7b2bcd23ea180671d27a"},"headline":"Biografie i \u017cyciorysy \u015bwi\u0119tych \u2014 zobacz propozycje SwietyWojciech.pl","datePublished":"2020-08-17T12:52:46+00:00","dateModified":"2020-11-12T21:12:20+00:00","mainEntityOfPage":{"@id":"https:\/\/chrystus.pl\/biografie-i-zyciorysy-swietych-zobacz-propozycje-swietywojciech-pl\/"},"wordCount":444,"publisher":{"@id":"https:\/\/chrystus.pl\/#organization"},"image":{"@id":"https:\/\/chrystus.pl\/biografie-i-zyciorysy-swietych-zobacz-propozycje-swietywojciech-pl\/#primaryimage"},"thumbnailUrl":"https:\/\/chrystus.pl\/wp-content\/uploads\/2020\/08\/swwojeciech.jpg","articleSection":["Chrystus"],"inLanguage":"ko-KR"},{"@type":"WebPage","@id":"https:\/\/chrystus.pl\/biografie-i-zyciorysy-swietych-zobacz-propozycje-swietywojciech-pl\/","url":"https:\/\/chrystus.pl\/biografie-i-zyciorysy-swietych-zobacz-propozycje-swietywojciech-pl\/","name":"\uc131\ub3c4\ub4e4\uc758 \uc804\uae30 \ubc0f \uc804\uae30-SwietyWojciech.pl","isPartOf":{"@id":"https:\/\/chrystus.pl\/#website"},"primaryImageOfPage":{"@id":"https:\/\/chrystus.pl\/biografie-i-zyciorysy-swietych-zobacz-propozycje-swietywojciech-pl\/#primaryimage"},"image":{"@id":"https:\/\/chrystus.pl\/biografie-i-zyciorysy-swietych-zobacz-propozycje-swietywojciech-pl\/#primaryimage"},"thumbnailUrl":"https:\/\/chrystus.pl\/wp-content\/uploads\/2020\/08\/swwojeciech.jpg","datePublished":"2020-08-17T12:52:46+00:00","dateModified":"2020-11-12T21:12:20+00:00","description":"\uc131\uc778 \uc804\uae30\ub294 \ubaa8\ub4e0 \uac00\ud1a8\ub9ad \uc2e0\uc790\uc758 \uac00\uc815 \uc11c\uc7ac\uc5d0 \uc788\uc5b4\uc57c \ud560 \ucc45\uc785\ub2c8\ub2e4. \uc774 \uc720\ud615\uc758 \uad8c\uc7a5 \ucd9c\ud310\ubb3c\uc740 \ubb34\uc5c7\uc778\uac00\uc694?","breadcrumb":{"@id":"https:\/\/chrystus.pl\/biografie-i-zyciorysy-swietych-zobacz-propozycje-swietywojciech-pl\/#breadcrumb"},"inLanguage":"ko-KR","potentialAction":[{"@type":"ReadAction","target":["https:\/\/chrystus.pl\/biografie-i-zyciorysy-swietych-zobacz-propozycje-swietywojciech-pl\/"]}]},{"@type":"ImageObject","inLanguage":"ko-KR","@id":"https:\/\/chrystus.pl\/biografie-i-zyciorysy-swietych-zobacz-propozycje-swietywojciech-pl\/#primaryimage","url":"https:\/\/chrystus.pl\/wp-content\/uploads\/2020\/08\/swwojeciech.jpg","contentUrl":"https:\/\/chrystus.pl\/wp-content\/uploads\/2020\/08\/swwojeciech.jpg","width":1920,"height":1675},{"@type":"BreadcrumbList","@id":"https:\/\/chrystus.pl\/biografie-i-zyciorysy-swietych-zobacz-propozycje-swietywojciech-pl\/#breadcrumb","itemListElement":[{"@type":"ListItem","position":1,"name":"Strona g\u0142\u00f3wna","item":"https:\/\/chrystus.pl\/"},{"@type":"ListItem","position":2,"name":"Biografie i \u017cyciorysy \u015bwi\u0119tych \u2014 zobacz propozycje SwietyWojciech.pl"}]},{"@type":"WebSite","@id":"https:\/\/chrystus.pl\/#website","url":"https:\/\/chrystus.pl\/","name":"Christ","description":"\ud558\ub098\ub2d8, \ub9c8\ub9ac\uc544, \uc608\uc218\ub2d8, \uc601\uc131\uccb4 \ub4f1","publisher":{"@id":"https:\/\/chrystus.pl\/#organization"},"potentialAction":[{"@type":"SearchAction","target":{"@type":"EntryPoint","urlTemplate":"https:\/\/chrystus.pl\/?s={search_term_string}"},"query-input":{"@type":"PropertyValueSpecification","valueRequired":true,"valueName":"search_term_string"}}],"inLanguage":"ko-KR"},{"@type":"Organization","@id":"https:\/\/chrystus.pl\/#organization","name":"Christ.pl","url":"https:\/\/chrystus.pl\/","logo":{"@type":"ImageObject","inLanguage":"ko-KR","@id":"https:\/\/chrystus.pl\/#\/schema\/logo\/image\/","url":"https:\/\/chrystus.pl\/wp-content\/uploads\/2019\/03\/chrystus-bog-maryja-komunia-bierzmowanie.jpg","contentUrl":"https:\/\/chrystus.pl\/wp-content\/uploads\/2019\/03\/chrystus-bog-maryja-komunia-bierzmowanie.jpg","width":1920,"height":1280,"caption":"Chrystus.pl"},"image":{"@id":"https:\/\/chrystus.pl\/#\/schema\/logo\/image\/"}},{"@type":"Person","@id":"https:\/\/chrystus.pl\/#\/schema\/person\/e2e742452b8b7b2bcd23ea180671d27a","name":"\uc0ac\ub9c8\ub9ac\uc544\uc778 \uc5ec\uc790"}]}},"_links":{"self":[{"href":"https:\/\/chrystus.pl\/ko-kr\/wp-json\/wp\/v2\/posts\/1857","targetHints":{"allow":["GET"]}}],"collection":[{"href":"https:\/\/chrystus.pl\/ko-kr\/wp-json\/wp\/v2\/posts"}],"about":[{"href":"https:\/\/chrystus.pl\/ko-kr\/wp-json\/wp\/v2\/types\/post"}],"author":[{"embeddable":true,"href":"https:\/\/chrystus.pl\/ko-kr\/wp-json\/wp\/v2\/users\/1"}],"replies":[{"embeddable":true,"href":"https:\/\/chrystus.pl\/ko-kr\/wp-json\/wp\/v2\/comments?post=1857"}],"version-history":[{"count":0,"href":"https:\/\/chrystus.pl\/ko-kr\/wp-json\/wp\/v2\/posts\/1857\/revisions"}],"wp:featuredmedia":[{"embeddable":true,"href":"https:\/\/chrystus.pl\/ko-kr\/wp-json\/wp\/v2\/media\/1859"}],"wp:attachment":[{"href":"https:\/\/chrystus.pl\/ko-kr\/wp-json\/wp\/v2\/media?parent=1857"}],"wp:term":[{"taxonomy":"category","embeddable":true,"href":"https:\/\/chrystus.pl\/ko-kr\/wp-json\/wp\/v2\/categories?post=1857"},{"taxonomy":"post_tag","embeddable":true,"href":"https:\/\/chrystus.pl\/ko-kr\/wp-json\/wp\/v2\/tags?post=1857"}],"curies":[{"name":"wp","href":"https:\/\/api.w.org\/{rel}","templated":true}]}}