{"id":2201,"date":"2021-11-07T10:24:54","date_gmt":"2021-11-07T10:24:54","guid":{"rendered":"https:\/\/chrystus.pl\/?p=2201"},"modified":"2021-11-07T10:24:57","modified_gmt":"2021-11-07T10:24:57","slug":"dlaczego-ryba-jest-znakiem-chrzescijan","status":"publish","type":"post","link":"https:\/\/chrystus.pl\/ko-kr\/dlaczego-ryba-jest-znakiem-chrzescijan\/","title":{"rendered":"\ubb3c\uace0\uae30\uac00 \uae30\ub3c5\uad50\uc778\uc758 \uc0c1\uc9d5\uc778 \uc774\uc720\ub294 \ubb34\uc5c7\uc778\uac00\uc694?"},"content":{"rendered":"<p>\ud5e8\ub9ac\ud06c \uc2dc\uc5d4\ud0a4\uc5d0\ube44\uce20\uc758 '\ucffc\ubc14\ub514\uc2a4'\ub77c\ub294 \ucc45\uc5d0\ub294 \ube44\ub2c8\uc2dc\uc6b0\uc2a4\uac00 \ub9ac\uc9c0\uc544\uc640 \ub300\ud654\ud558\ub294 \uc7a5\uba74\uc774 \ub098\uc624\ub294\ub370, \ub9ac\uc9c0\uc544\ub294 \uc774\uc5d0 \ub300\ud55c \uc751\ub2f5\uc73c\ub85c \ubaa8\ub798 \uc704\uc5d0 \ubb3c\uace0\uae30\ub77c\ub294 \ud45c\uc2dc\ub97c \uadf8\ub9bd\ub2c8\ub2e4. \ucc98\uc74c\uc5d0\ub294 \uc8fc\uc778\uacf5\uc774 \uadf8\uac83\uc744 \uc774\ud574\ud558\uc9c0 \ubabb\ud558\uc9c0\ub9cc \uc2dc\uac04\uc774 \uc9c0\ub098\uba74 \uadf8\ub294 \uc0c8\ub85c\uc6b4 \uc885\uad50 \uc778 \uadf8 \uc758\ubbf8\ub97c \ud30c\uc545\ud569\ub2c8\ub2e4. \uadf8\ub7ec\ub098\uc774 \uc0c1\uc9d5\uc740 \uc5b4\ub514\uc5d0\uc11c \uc654\uc2b5\ub2c8\uae4c? \ubb3c\uace0\uae30\uac00 \uae30\ub3c5\uad50\uc778\uc758 \ud45c\uc9d5 \uc778 \uc774\uc720\ub294 \ubb34\uc5c7\uc785\ub2c8\uae4c?<\/p>\n\n\n\n<p>Symbolika ryby jest bardzo rozbudowana. Mo\u017cna doszukiwa\u0107 si\u0119 w niej odniesienia do pierwszych aposto\u0142\u00f3w, kt\u00f3rzy przewa\u017cnie trudnili si\u0119 rybo\u0142\u00f3wstwem. Jezus powiedzia\u0142 Piotrowi i Andrzejowi: \u201eChod\u017acie za Mn\u0105, a uczyni\u0119 was rybakami ludzi\u201d (Mt 4, 19).&nbsp; Inne znaczenie mo\u017ce by\u0107 pami\u0105tk\u0105 cudownego rozmno\u017cenia chleba i ryb nad Jeziorem Galilejskim \u2013 ryba sta\u0142a si\u0119 cudownym pokarmem, kt\u00f3ry nakarmi\u0142 tysi\u0105ce ludzi. Id\u0105c dalej tym tropem mo\u017cemy zauwa\u017cy\u0107 powi\u0105zanie z&nbsp;Eucharysti\u0105, kt\u00f3ra jest w\u0142a\u015bnie takim pokarmem, kt\u00f3ry karmi wszystkich. A przecie\u017c jest r\u00f3wnie\u017c \u017cywym cia\u0142em Chrystusa, kt\u00f3re fizycznie by\u0142o tylko jedno. Kolejnym wymiarem znaczenia ryby jest powi\u0105zanie z wod\u0105, w kt\u00f3rej \u017cyje. Woda pozostaje w \u015bcis\u0142ym zwi\u0105zku z oczyszczaj\u0105cym chrztem \u015bwi\u0119tym, kt\u00f3ry jest jednym z fundament\u00f3w wiary chrze\u015bcija\u0144skiej.<\/p>\n\n\n\n<p>\ucc38\uace0\ub85c, \uadf8\ub9ac\uc2a4\ub3c4\ub97c \ub530\ub974\ub294 \uc0ac\ub78c\ub4e4\uc758 \uc2dd\ubcc4 \ud45c\uc2dc\uc778 \ubb3c\uace0\uae30\ub294 \uc2ed\uc790\uac00\ubcf4\ub2e4 \ud6e8\uc52c \uc77c\ucc0d\ubd80\ud130 \uc0ac\uc6a9\ub418\uae30 \uc2dc\uc791\ud588\uc2b5\ub2c8\ub2e4.<\/p>","protected":false},"excerpt":{"rendered":"<p>W ksi\u0105\u017cce \u201eQuo vadis\u201d Henryka Sienkiewicza pokazana jest scena, w kt\u00f3rej Winicjusz rozmawia z\u00a0Ligi\u0105, a ta w odpowiedzi rysuje na piasku znak \u2013 ryb\u0119. Z pocz\u0105tku bohater go nie rozumie, jednak z czasem pojmuje jego znaczenie, jakim jest nowa religia. Jednak sk\u0105d si\u0119 wzi\u0105\u0142 ten symbol? Dlaczego ryba jest znakiem chrze\u015bcijan? Symbolika ryby jest bardzo &hellip;<\/p>","protected":false},"author":1,"featured_media":0,"comment_status":"closed","ping_status":"closed","sticky":false,"template":"","format":"standard","meta":{"footnotes":""},"categories":[33],"tags":[],"class_list":["post-2201","post","type-post","status-publish","format-standard","hentry","category-kosciol"],"yoast_head":"<!-- This site is optimized with the Yoast SEO plugin v27.5 - https:\/\/yoast.com\/product\/yoast-seo-wordpress\/ -->\n<title>Dlaczego ryba jest znakiem chrze\u015bcijan? - Chrystus<\/title>\n<meta name=\"description\" content=\"W ksi\u0105\u017cce \u201eQuo vadis\u201d Henryka Sienkiewicza pokazana jest scena, w kt\u00f3rej Winicjusz rozmawia z\u00a0Ligi\u0105, a ta w odpowiedzi rysuje na piasku znak \u2013 ryb\u0119. Z\" \/>\n<meta name=\"robots\" content=\"index, follow, max-snippet:-1, max-image-preview:large, max-video-preview:-1\" \/>\n<link rel=\"canonical\" href=\"https:\/\/chrystus.pl\/ko-kr\/\uc65c-\ubb3c\uace0\uae30\uac00-\ud06c\ub9ac\uc2a4\ucc9c\uc758-\uc0c1\uc9d5\uc778\uac00\/\" \/>\n<meta property=\"og:locale\" content=\"ko_KR\" \/>\n<meta property=\"og:type\" content=\"article\" \/>\n<meta property=\"og:title\" content=\"Dlaczego ryba jest znakiem chrze\u015bcijan? - Chrystus\" \/>\n<meta property=\"og:description\" content=\"W ksi\u0105\u017cce \u201eQuo vadis\u201d Henryka Sienkiewicza pokazana jest scena, w kt\u00f3rej Winicjusz rozmawia z\u00a0Ligi\u0105, a ta w odpowiedzi rysuje na piasku znak \u2013 ryb\u0119. Z\" \/>\n<meta property=\"og:url\" content=\"https:\/\/chrystus.pl\/ko-kr\/\uc65c-\ubb3c\uace0\uae30\uac00-\ud06c\ub9ac\uc2a4\ucc9c\uc758-\uc0c1\uc9d5\uc778\uac00\/\" \/>\n<meta property=\"og:site_name\" content=\"Chrystus\" \/>\n<meta property=\"article:published_time\" content=\"2021-11-07T10:24:54+00:00\" \/>\n<meta property=\"article:modified_time\" content=\"2021-11-07T10:24:57+00:00\" \/>\n<meta name=\"author\" content=\"Samarytanka\" \/>\n<meta name=\"twitter:card\" content=\"summary_large_image\" \/>\n<meta name=\"twitter:label1\" content=\"\uae00\uc4f4\uc774\" \/>\n\t<meta name=\"twitter:data1\" content=\"Samarytanka\" \/>\n\t<meta name=\"twitter:label2\" content=\"\uc608\uc0c1 \ub418\ub294 \ud310\ub3c5 \uc2dc\uac04\" \/>\n\t<meta name=\"twitter:data2\" content=\"1\ubd84\" \/>\n<!-- \/ Yoast SEO plugin. -->","yoast_head_json":{"title":"\ubb3c\uace0\uae30\uac00 \uae30\ub3c5\uad50\uc778\uc758 \uc0c1\uc9d5\uc778 \uc774\uc720\ub294 \ubb34\uc5c7\uc778\uac00\uc694? - \uadf8\ub9ac\uc2a4\ub3c4","description":"\ud5e8\ub9ac\ud06c \uc2dc\uc5d4\ud0a4\uc5d0\ube44\uce20\uc758 '\ucffc\ubc14\ub514\uc2a4'\ub77c\ub294 \ucc45\uc5d0\ub294 \ube44\ub2c8\uc2dc\uc6b0\uc2a4\uac00 \ub9ac\uc9c0\uc544\uc5d0\uac8c \ub9d0\uc744 \uac78\uace0, \ub9ac\uc9c0\uc544\ub294 \uc774\uc5d0 \ud654\ub2f5\ud558\ub4ef \ubaa8\ub798 \uc704\uc5d0 \ubb3c\uace0\uae30\ub77c\ub294 \ud45c\uc2dc\ub97c \uadf8\ub9ac\ub294 \uc7a5\uba74\uc774 \ub098\uc635\ub2c8\ub2e4. Z","robots":{"index":"index","follow":"follow","max-snippet":"max-snippet:-1","max-image-preview":"max-image-preview:large","max-video-preview":"max-video-preview:-1"},"canonical":"https:\/\/chrystus.pl\/ko-kr\/\uc65c-\ubb3c\uace0\uae30\uac00-\ud06c\ub9ac\uc2a4\ucc9c\uc758-\uc0c1\uc9d5\uc778\uac00\/","og_locale":"ko_KR","og_type":"article","og_title":"Dlaczego ryba jest znakiem chrze\u015bcijan? - Chrystus","og_description":"W ksi\u0105\u017cce \u201eQuo vadis\u201d Henryka Sienkiewicza pokazana jest scena, w kt\u00f3rej Winicjusz rozmawia z\u00a0Ligi\u0105, a ta w odpowiedzi rysuje na piasku znak \u2013 ryb\u0119. Z","og_url":"https:\/\/chrystus.pl\/ko-kr\/\uc65c-\ubb3c\uace0\uae30\uac00-\ud06c\ub9ac\uc2a4\ucc9c\uc758-\uc0c1\uc9d5\uc778\uac00\/","og_site_name":"Chrystus","article_published_time":"2021-11-07T10:24:54+00:00","article_modified_time":"2021-11-07T10:24:57+00:00","author":"Samarytanka","twitter_card":"summary_large_image","twitter_misc":{"\uae00\uc4f4\uc774":"Samarytanka","\uc608\uc0c1 \ub418\ub294 \ud310\ub3c5 \uc2dc\uac04":"1\ubd84"},"schema":{"@context":"https:\/\/schema.org","@graph":[{"@type":"Article","@id":"https:\/\/chrystus.pl\/nl\/waarom-vissen-is-een-christelijk-teken\/#article","isPartOf":{"@id":"https:\/\/chrystus.pl\/nl\/waarom-vissen-is-een-christelijk-teken\/"},"author":{"name":"Samarytanka","@id":"https:\/\/chrystus.pl\/#\/schema\/person\/e2e742452b8b7b2bcd23ea180671d27a"},"headline":"Dlaczego ryba jest znakiem chrze\u015bcijan?","datePublished":"2021-11-07T10:24:54+00:00","dateModified":"2021-11-07T10:24:57+00:00","mainEntityOfPage":{"@id":"https:\/\/chrystus.pl\/nl\/waarom-vissen-is-een-christelijk-teken\/"},"wordCount":228,"publisher":{"@id":"https:\/\/chrystus.pl\/#organization"},"articleSection":["Ko\u015bci\u00f3\u0142"],"inLanguage":"ko-KR"},{"@type":"WebPage","@id":"https:\/\/chrystus.pl\/nl\/waarom-vissen-is-een-christelijk-teken\/","url":"https:\/\/chrystus.pl\/nl\/waarom-vissen-is-een-christelijk-teken\/","name":"\ubb3c\uace0\uae30\uac00 \uae30\ub3c5\uad50\uc778\uc758 \uc0c1\uc9d5\uc778 \uc774\uc720\ub294 \ubb34\uc5c7\uc778\uac00\uc694? - \uadf8\ub9ac\uc2a4\ub3c4","isPartOf":{"@id":"https:\/\/chrystus.pl\/#website"},"datePublished":"2021-11-07T10:24:54+00:00","dateModified":"2021-11-07T10:24:57+00:00","description":"\ud5e8\ub9ac\ud06c \uc2dc\uc5d4\ud0a4\uc5d0\ube44\uce20\uc758 '\ucffc\ubc14\ub514\uc2a4'\ub77c\ub294 \ucc45\uc5d0\ub294 \ube44\ub2c8\uc2dc\uc6b0\uc2a4\uac00 \ub9ac\uc9c0\uc544\uc5d0\uac8c \ub9d0\uc744 \uac78\uace0, \ub9ac\uc9c0\uc544\ub294 \uc774\uc5d0 \ud654\ub2f5\ud558\ub4ef \ubaa8\ub798 \uc704\uc5d0 \ubb3c\uace0\uae30\ub77c\ub294 \ud45c\uc2dc\ub97c \uadf8\ub9ac\ub294 \uc7a5\uba74\uc774 \ub098\uc635\ub2c8\ub2e4. Z","breadcrumb":{"@id":"https:\/\/chrystus.pl\/nl\/waarom-vissen-is-een-christelijk-teken\/#breadcrumb"},"inLanguage":"ko-KR","potentialAction":[{"@type":"ReadAction","target":["https:\/\/chrystus.pl\/nl\/waarom-vissen-is-een-christelijk-teken\/"]}]},{"@type":"BreadcrumbList","@id":"https:\/\/chrystus.pl\/nl\/waarom-vissen-is-een-christelijk-teken\/#breadcrumb","itemListElement":[{"@type":"ListItem","position":1,"name":"Strona g\u0142\u00f3wna","item":"https:\/\/chrystus.pl\/"},{"@type":"ListItem","position":2,"name":"Dlaczego ryba jest znakiem chrze\u015bcijan?"}]},{"@type":"WebSite","@id":"https:\/\/chrystus.pl\/#website","url":"https:\/\/chrystus.pl\/","name":"Christ","description":"\ud558\ub098\ub2d8, \ub9c8\ub9ac\uc544, \uc608\uc218\ub2d8, \uc601\uc131\uccb4 \ub4f1","publisher":{"@id":"https:\/\/chrystus.pl\/#organization"},"potentialAction":[{"@type":"SearchAction","target":{"@type":"EntryPoint","urlTemplate":"https:\/\/chrystus.pl\/?s={search_term_string}"},"query-input":{"@type":"PropertyValueSpecification","valueRequired":true,"valueName":"search_term_string"}}],"inLanguage":"ko-KR"},{"@type":"Organization","@id":"https:\/\/chrystus.pl\/#organization","name":"Christ.pl","url":"https:\/\/chrystus.pl\/","logo":{"@type":"ImageObject","inLanguage":"ko-KR","@id":"https:\/\/chrystus.pl\/#\/schema\/logo\/image\/","url":"https:\/\/chrystus.pl\/wp-content\/uploads\/2019\/03\/chrystus-bog-maryja-komunia-bierzmowanie.jpg","contentUrl":"https:\/\/chrystus.pl\/wp-content\/uploads\/2019\/03\/chrystus-bog-maryja-komunia-bierzmowanie.jpg","width":1920,"height":1280,"caption":"Chrystus.pl"},"image":{"@id":"https:\/\/chrystus.pl\/#\/schema\/logo\/image\/"}},{"@type":"Person","@id":"https:\/\/chrystus.pl\/#\/schema\/person\/e2e742452b8b7b2bcd23ea180671d27a","name":"\uc0ac\ub9c8\ub9ac\uc544\uc778 \uc5ec\uc790"}]}},"_links":{"self":[{"href":"https:\/\/chrystus.pl\/ko-kr\/wp-json\/wp\/v2\/posts\/2201","targetHints":{"allow":["GET"]}}],"collection":[{"href":"https:\/\/chrystus.pl\/ko-kr\/wp-json\/wp\/v2\/posts"}],"about":[{"href":"https:\/\/chrystus.pl\/ko-kr\/wp-json\/wp\/v2\/types\/post"}],"author":[{"embeddable":true,"href":"https:\/\/chrystus.pl\/ko-kr\/wp-json\/wp\/v2\/users\/1"}],"replies":[{"embeddable":true,"href":"https:\/\/chrystus.pl\/ko-kr\/wp-json\/wp\/v2\/comments?post=2201"}],"version-history":[{"count":0,"href":"https:\/\/chrystus.pl\/ko-kr\/wp-json\/wp\/v2\/posts\/2201\/revisions"}],"wp:attachment":[{"href":"https:\/\/chrystus.pl\/ko-kr\/wp-json\/wp\/v2\/media?parent=2201"}],"wp:term":[{"taxonomy":"category","embeddable":true,"href":"https:\/\/chrystus.pl\/ko-kr\/wp-json\/wp\/v2\/categories?post=2201"},{"taxonomy":"post_tag","embeddable":true,"href":"https:\/\/chrystus.pl\/ko-kr\/wp-json\/wp\/v2\/tags?post=2201"}],"curies":[{"name":"wp","href":"https:\/\/api.w.org\/{rel}","templated":true}]}}