{"id":2312,"date":"2022-05-10T20:23:13","date_gmt":"2022-05-10T20:23:13","guid":{"rendered":"https:\/\/chrystus.pl\/?p=2312"},"modified":"2022-05-10T20:23:18","modified_gmt":"2022-05-10T20:23:18","slug":"kim-byl-prorok-melchizedech","status":"publish","type":"post","link":"https:\/\/chrystus.pl\/ko-kr\/kim-byl-prorok-melchizedech\/","title":{"rendered":"\uba5c\uae30\uc138\ub371 \uc120\uc9c0\uc790\ub294 \ub204\uad6c\uc600\ub098\uc694?"},"content":{"rendered":"<p>\ud558\ub098\ub2d8 \ub098\ub77c\uc758 \ub3c4\ub798\ub97c \ubcf8 \uc0ac\ub78c.<\/p>\n\n\n\n<p>\uba5c\uae30\uc138\ub371\uc740 \uc774\uc9d1\ud2b8\uc5d0\uc11c \ucd9c\uc560\uad7d\ud560 \ub2f9\uc2dc \uc0b4\ub818\uc5d0 \uc0b4\uc558\ub358 \uc120\uc9c0\uc790\uc600\uc2b5\ub2c8\ub2e4. \uadf8\ub294 \ubaa8\uc138\uc640 \uc544\ub860\uacfc \ud568\uaed8 \uacf5\uc720\ud55c \uc774\uc2a4\ub77c\uc5d8\uc758 \ubbf8\ub798\uc5d0 \ub300\ud55c \ube44\uc804\uc73c\ub85c \uac00\uc7a5 \uc798 \uc54c\ub824\uc838 \uc788\uc2b5\ub2c8\ub2e4. \uadf8\ub294 \ub610\ud55c \ub2e4\uc74c\uacfc \uac19\uc774 \uc608\uc5b8\ud588\uc2b5\ub2c8\ub2e4. <a href=\"https:\/\/chrystus.pl\/ko-kr\/co-to-jest-paruzja-i-co-znaczy\/\">\ub3c4\ucc29<\/a> \uba54\uc2dc\uc544\uc640 \uc774 \ub545\uc5d0 \ud558\ub098\ub2d8\uc758 \uc655\uad6d\uc744 \uc138\uc6b0\ub294 \uc77c.<\/p>\n\n\n\n<p>\uba5c\uae30\uc138\ub371 \uc120\uc9c0\uc790\ub294 \ubaa8\uc138\uc640 \uc544\ub860\uacfc \ud568\uaed8 \uc774\uc2a4\ub77c\uc5d8\uc758 \ubbf8\ub798\uc5d0 \ub300\ud55c \ube44\uc804\uc744 \uacf5\uc720\ud55c \uac83\uc73c\ub85c \uac00\uc7a5 \uc798 \uc54c\ub824\uc838 \uc788\uc2b5\ub2c8\ub2e4. \uc774 \uc120\uc9c0\uc790\ub294 \ub610\ud55c \uba54\uc2dc\uc544\uc758 \uc624\uc2ec\uacfc \uc9c0\uc0c1\uc5d0 \ud558\ub098\ub2d8\uc758 \uc655\uad6d\uc774 \uc138\uc6cc\uc9c8 \uac83\uc744 \uc608\uc5b8\ud588\uc2b5\ub2c8\ub2e4.<\/p>\n\n\n\n<p>Melchizedech by\u0142 cz\u0142owiekiem, kt\u00f3ry mieszka\u0142 w mie\u015bcie Salem w czasie Wyj\u015bcia z Egiptu. Jest on wa\u017cn\u0105 postaci\u0105 w tradycji \u017cydowskiej i chrze\u015bcija\u0144skiej. W Biblii hebrajskiej jest przedstawiony jako kap\u0142an-kr\u00f3l, kt\u00f3ry przynosi narodowi izraelskiemu or\u0119dzie nadziei i zbawienia. W Nowym Testamencie jest on postrzegany jako prefiguracja Jezusa Chrystusa.<\/p>\n\n\n\n<p>Od wczesnego chrze\u015bcija\u0144stwa Melchizedech by\u0142 wp\u0142ywow\u0105 postaci\u0105 w zachodniej my\u015bli religijnej. Jego imi\u0119 pojawia si\u0119 wliturgii Ko\u015bcio\u0142a katolickiego i jest czczony przez wielu protestant\u00f3w. We wschodnim Ko\u015bciele prawos\u0142awnym Melchizedech jest czczony jako \u015bwi\u0119ty.<\/p>\n\n\n\n<div id=\"ez-toc-container\" class=\"ez-toc-v2_0_82_2 counter-hierarchy ez-toc-counter ez-toc-custom ez-toc-container-direction\">\n<p class=\"ez-toc-title\" style=\"cursor:inherit\">\ubaa9\ucc28<\/p>\n<label for=\"ez-toc-cssicon-toggle-item-69f7019c79457\" class=\"ez-toc-cssicon-toggle-label\"><span class=\"\"><span class=\"eztoc-hide\" style=\"display:none;\">\ud1a0\uae00<\/span><span class=\"ez-toc-icon-toggle-span\"><svg style=\"fill: #ffffff;color:#ffffff\" xmlns=\"http:\/\/www.w3.org\/2000\/svg\" class=\"list-377408\" width=\"20px\" height=\"20px\" viewbox=\"0 0 24 24\" fill=\"none\"><path d=\"M6 6H4v2h2V6zm14 0H8v2h12V6zM4 11h2v2H4v-2zm16 0H8v2h12v-2zM4 16h2v2H4v-2zm16 0H8v2h12v-2z\" fill=\"currentColor\"><\/path><\/svg><svg style=\"fill: #ffffff;color:#ffffff\" class=\"arrow-unsorted-368013\" xmlns=\"http:\/\/www.w3.org\/2000\/svg\" width=\"10px\" height=\"10px\" viewbox=\"0 0 24 24\" version=\"1.2\" baseprofile=\"tiny\"><path d=\"M18.2 9.3l-6.2-6.3-6.2 6.3c-.2.2-.3.4-.3.7s.1.5.3.7c.2.2.4.3.7.3h11c.3 0 .5-.1.7-.3.2-.2.3-.5.3-.7s-.1-.5-.3-.7zM5.8 14.7l6.2 6.3 6.2-6.3c.2-.2.3-.5.3-.7s-.1-.5-.3-.7c-.2-.2-.4-.3-.7-.3h-11c-.3 0-.5.1-.7.3-.2.2-.3.5-.3.7s.1.5.3.7z\"\/><\/svg><\/span><\/span><\/label><input type=\"checkbox\"  id=\"ez-toc-cssicon-toggle-item-69f7019c79457\"  aria-label=\"\ud1a0\uae00\" \/><nav><ul class='ez-toc-list ez-toc-list-level-1' ><li class='ez-toc-page-1 ez-toc-heading-level-2'><a class=\"ez-toc-link ez-toc-heading-1\" href=\"https:\/\/chrystus.pl\/ko-kr\/kim-byl-prorok-melchizedech\/#Co_wiadomo_o_proroku_Melchizedechu\" >\uc120\uc9c0\uc790 \uba5c\uae30\uc138\ub371\uc5d0 \ub300\ud574 \uc54c\ub824\uc9c4 \uac83\uc740 \ubb34\uc5c7\uc778\uac00\uc694?<\/a><\/li><li class='ez-toc-page-1 ez-toc-heading-level-2'><a class=\"ez-toc-link ez-toc-heading-2\" href=\"https:\/\/chrystus.pl\/ko-kr\/kim-byl-prorok-melchizedech\/#Dlaczego_Melchizedech_tak_wazny_w_tradycji_religijnej\" >\uc885\uad50 \uc804\ud1b5\uc5d0\uc11c \uba5c\uae30\uc138\ub371\uc774 \uc911\uc694\ud55c \uc774\uc720\ub294 \ubb34\uc5c7\uc778\uac00\uc694?<\/a><\/li><li class='ez-toc-page-1 ez-toc-heading-level-2'><a class=\"ez-toc-link ez-toc-heading-3\" href=\"https:\/\/chrystus.pl\/ko-kr\/kim-byl-prorok-melchizedech\/#W_jaki_sposob_wplynal_na_mysl_zachodnia\" >\uadf8\ub294 \uc11c\uc591 \uc0ac\uc0c1\uc5d0 \uc5b4\ub5a4 \uc601\ud5a5\uc744 \ubbf8\ucce4\ub098\uc694?<\/a><\/li><\/ul><\/nav><\/div>\n<h2 class=\"wp-block-heading\"><span class=\"ez-toc-section\" id=\"Co_wiadomo_o_proroku_Melchizedechu\"><\/span>\uc120\uc9c0\uc790 \uba5c\uae30\uc138\ub371\uc5d0 \ub300\ud574 \uc54c\ub824\uc9c4 \uac83\uc740 \ubb34\uc5c7\uc778\uac00\uc694?<span class=\"ez-toc-section-end\"><\/span><\/h2>\n\n\n\n<p>\uc120\uc9c0\uc790 \uba5c\uae30\uc138\ub371\uc5d0 \ub300\ud574\uc11c\ub294 \uc5ed\uc0ac\uc801 \uae30\ub85d\uc5d0\uc11c \uc54c\ub824\uc9c4 \ubc14\uac00 \uac70\uc758 \uc5c6\uc2b5\ub2c8\ub2e4. \uadf8\uc5d0 \ub300\ud55c \uccab \uc5b8\uae09\uc740 \ucc3d\uc138\uae30\uc5d0 \ub098\uc624\ub294\ub370, \uc0b4\ub818(\uace0\ub300 \uc608\ub8e8\uc0b4\ub818\uc73c\ub85c \ucd94\uc815\ub418\ub294 \ub3c4\uc2dc)\uc758 \uc81c\uc0ac\uc7a5 \uc655\uc73c\ub85c \ubb18\uc0ac\ub418\uc5b4 \uc788\uc2b5\ub2c8\ub2e4. \uc774\ud6c4 \ucd9c\uc560\uad7d\uae30\uc5d0 \ub4f1\uc7a5\ud558\uc5ec \ubaa8\uc138\uc640 \uc544\ub860\uacfc \ud568\uaed8 \uc774\uc2a4\ub77c\uc5d8\uc758 \ubbf8\ub798\uc5d0 \ub300\ud55c \ube44\uc804\uc744 \uacf5\uc720\ud569\ub2c8\ub2e4.<\/p>\n\n\n\n<p>\ud788\ube0c\ub9ac\uc5b4 \uc131\uacbd\uc5d0\uc11c \uba5c\uae30\uc138\ub371\uc740 \uc774\uc2a4\ub77c\uc5d8 \ubc31\uc131\uc5d0\uac8c \ud76c\ub9dd\uacfc \uad6c\uc6d0\uc758 \uba54\uc2dc\uc9c0\ub97c \uc804\ud558\ub294 \uae0d\uc815\uc801\uc778 \uc778\ubb3c\ub85c \ubb18\uc0ac\ub429\ub2c8\ub2e4. \uc2e0\uc57d \uc131\uacbd\uc5d0\uc11c\ub294 \uc608\uc218 \uadf8\ub9ac\uc2a4\ub3c4\uc758 \uc608\ud45c\ub85c \uc5ec\uaca8\uc9c0\uae30\ub3c4 \ud569\ub2c8\ub2e4. \ucd08\uae30 \uae30\ub3c5\uad50\uc778\ub4e4\uc740 \uba5c\uae30\uc138\ub371\uc774 \uc2e0\uc131\ud55c \uc874\uc7ac\ub77c\uace0 \ubbff\uc5c8\uc73c\uba70, \uadf8\uc758 \uc774\ub984\uc740 \uc5ec\ub7ec \ucd08\uae30 \uae30\ub3c5\uad50 \ubb38\ud5cc\uc5d0 \ub4f1\uc7a5\ud569\ub2c8\ub2e4.<\/p>\n\n\n\n<h2 class=\"wp-block-heading\"><span class=\"ez-toc-section\" id=\"Dlaczego_Melchizedech_tak_wazny_w_tradycji_religijnej\"><\/span>\uc885\uad50 \uc804\ud1b5\uc5d0\uc11c \uba5c\uae30\uc138\ub371\uc774 \uc911\uc694\ud55c \uc774\uc720\ub294 \ubb34\uc5c7\uc778\uac00\uc694?<span class=\"ez-toc-section-end\"><\/span><\/h2>\n\n\n\n<p>\uba5c\uae30\uc138\ub371\uc740 \uc774\uc2a4\ub77c\uc5d8\uc758 \ubbf8\ub798\uc640 \uba54\uc2dc\uc544\uc758 \uc624\uc2ec\uc5d0 \uad00\ud55c \uc608\uc5b8\uc73c\ub85c \uc778\ud574 \uc885\uad50 \uc804\ud1b5\uc5d0\uc11c \uc911\uc694\ud55c \uc778\ubb3c\uc785\ub2c8\ub2e4. \uba5c\uae30\uc138\ub371\uc740 \ubaa8\uc138\uc640 \uc544\ub860\uacfc \ud568\uaed8 \ubbf8\ub798\uc5d0 \ub300\ud55c \ube44\uc804\uc744 \uacf5\uc720\ud588\uc73c\uba70, \uc9c0\uc0c1\uc5d0 \ud558\ub098\ub2d8\uc758 \uc655\uad6d\uc774 \uc138\uc6cc\uc9c8 \uac83\uc744 \uc608\uc5b8\ud55c \uac83\uc73c\ub85c\ub3c4 \uc720\uba85\ud569\ub2c8\ub2e4. \uc885\uad50 \uc5ed\uc0ac\uc5d0\uc11c \uc911\uc694\ud55c \uc5ed\ud560\uc744 \ud55c \uba5c\uae30\uc138\ub371\uc740 \uc120\uc9c0\uc790\uc774\uc790 \uc2a4\uc2b9\uc73c\ub85c \ub9ce\uc740 \uc0ac\ub78c\ub4e4\uc758 \uc874\uacbd\uc744 \ubc1b\uace0 \uc788\uc2b5\ub2c8\ub2e4.<\/p>\n\n\n\n<h2 class=\"wp-block-heading\"><span class=\"ez-toc-section\" id=\"W_jaki_sposob_wplynal_na_mysl_zachodnia\"><\/span>\uadf8\ub294 \uc11c\uc591 \uc0ac\uc0c1\uc5d0 \uc5b4\ub5a4 \uc601\ud5a5\uc744 \ubbf8\ucce4\ub098\uc694?<span class=\"ez-toc-section-end\"><\/span><\/h2>\n\n\n\n<p>\uba5c\uae30\uc138\ub371\uc758 \ubbf8\ub798\uc5d0 \ub300\ud55c \ube44\uc804\uc740 \uc11c\uc591 \uc0ac\uc0c1\uc5d0 \ub2e4\uc591\ud55c \ubc29\uc2dd\uc73c\ub85c \uc601\ud5a5\uc744 \ubbf8\ucce4\uc2b5\ub2c8\ub2e4. \uadf8\ub294 \uba54\uc2dc\uc544\uc758 \uc624\uc2ec\uacfc \uc9c0\uc0c1\uc5d0 \ud558\ub098\ub2d8\uc758 \uc655\uad6d\uc774 \uc138\uc6cc\uc9c8 \uac83\uc744 \uc608\uc5b8\ud588\uc73c\uba70, \uc774\ub294 \uae30\ub3c5\uad50 \uc2e0\ud559\uc5d0 \ud070 \uc601\ud5a5\uc744 \ubbf8\ucce4\uc2b5\ub2c8\ub2e4. \ud604\uc2e4\uc758 \ubcf8\uc9c8\uc5d0 \ub300\ud55c \uadf8\uc758 \uc0dd\uac01\uc740 \ud50c\ub77c\ud1a4\uacfc \uc544\ub9ac\uc2a4\ud1a0\ud154\ub808\uc2a4 \uac19\uc740 \ucca0\ud559\uc790\ub4e4\uc5d0\uac8c\ub3c4 \uc601\ud5a5\uc744 \ubbf8\ucce4\uc2b5\ub2c8\ub2e4. \uc6b4\uba85\uacfc \uc790\uc720\uc758\uc9c0\uc5d0 \ub300\ud55c \uba5c\uae30\uc138\ub371\uc758 \uacac\ud574\ub294 \ud2b9\ud788 \uc2a4\ud1a0\uc544\uc8fc\uc758\uc758 \ubc1c\uc804\uc5d0\ub3c4 \uc601\ud5a5\uc744 \ubbf8\ucce4\uc2b5\ub2c8\ub2e4. \uc694\ucee8\ub300 \uba5c\uae30\uc138\ub371\uc740 \uc11c\uc591 \uc0ac\uc0c1\uc0ac\uc5d0\uc11c \uc911\uc694\ud55c \uc778\ubb3c\uc774\uc5c8\uc2b5\ub2c8\ub2e4.<\/p>\n\n\n\n<p>\uba5c\uae30\uc138\ub371\uc740 \uc11c\uc591 \uc0ac\uc0c1\uc0ac\uc5d0\uc11c \uc911\uc694\ud55c \uc778\ubb3c\uc774\uc5c8\uc2b5\ub2c8\ub2e4. \ubbf8\ub798\uc5d0 \ub300\ud55c \uadf8\uc758 \uc0dd\uac01\uc740 \uae30\ub3c5\uad50 \uc2e0\ud559\uc5d0 \uc601\ud5a5\uc744 \ubbf8\ucce4\uc73c\uba70 \uc6b4\uba85\uacfc \uc790\uc720 \uc758\uc9c0\uc5d0 \ub300\ud55c \uadf8\uc758 \uacac\ud574\ub294 \uc2a4\ud1a0\uc544\uc8fc\uc758\uc758 \ubc1c\uc804\uc5d0 \uc9c0\ub300\ud55c \uc601\ud5a5\uc744 \ubbf8\ucce4\uc2b5\ub2c8\ub2e4. \uba5c\uae30\uc138\ub371\uc740 \uc6b0\ub9ac \uc2dc\ub300\uc758 \uc9c4\uc815\ud55c \uc120\uc9c0\uc790\uc600\uc2b5\ub2c8\ub2e4.<\/p>","protected":false},"excerpt":{"rendered":"<p>Cz\u0142owiek, kt\u00f3ry widzia\u0142 nadej\u015bcie Kr\u00f3lestwa Bo\u017cego. Melchizedech by\u0142 prorokiem, kt\u00f3ry \u017cy\u0142 w mie\u015bcie Salem w czasach Wyj\u015bcia z Egiptu. Najbardziej znany jest ze swojej wizji przysz\u0142o\u015bci Izraela, kt\u00f3r\u0105 podzieli\u0142 si\u0119 z Moj\u017ceszem i Aaronem. Przepowiedzia\u0142 r\u00f3wnie\u017c przyj\u015bcie Mesjasza i ustanowienie Kr\u00f3lestwa Bo\u017cego na ziemi. Prorok Melchizedech jest najbardziej znany ze swojej wizji przysz\u0142o\u015bci Izraela, kt\u00f3r\u0105 &hellip;<\/p>","protected":false},"author":1,"featured_media":0,"comment_status":"closed","ping_status":"closed","sticky":false,"template":"","format":"standard","meta":{"footnotes":""},"categories":[33],"tags":[],"class_list":["post-2312","post","type-post","status-publish","format-standard","hentry","category-kosciol"],"yoast_head":"<!-- This site is optimized with the Yoast SEO plugin v27.5 - https:\/\/yoast.com\/product\/yoast-seo-wordpress\/ -->\n<title>Kim by\u0142 prorok Melchizedech? - Chrystus<\/title>\n<meta name=\"description\" content=\"Cz\u0142owiek, kt\u00f3ry widzia\u0142 nadej\u015bcie Kr\u00f3lestwa Bo\u017cego. Melchizedech by\u0142 prorokiem, kt\u00f3ry \u017cy\u0142 w mie\u015bcie Salem w czasach Wyj\u015bcia z Egiptu. Najbardziej znany\" \/>\n<meta name=\"robots\" content=\"index, follow, max-snippet:-1, max-image-preview:large, max-video-preview:-1\" \/>\n<link rel=\"canonical\" href=\"https:\/\/chrystus.pl\/ko-kr\/\uae40\ubcc4-\ud504\ub85c\ub85d-\uba5c\uce58\ub370\ud06c\/\" \/>\n<meta property=\"og:locale\" content=\"ko_KR\" \/>\n<meta property=\"og:type\" content=\"article\" \/>\n<meta property=\"og:title\" content=\"Kim by\u0142 prorok Melchizedech? - Chrystus\" \/>\n<meta property=\"og:description\" content=\"Cz\u0142owiek, kt\u00f3ry widzia\u0142 nadej\u015bcie Kr\u00f3lestwa Bo\u017cego. Melchizedech by\u0142 prorokiem, kt\u00f3ry \u017cy\u0142 w mie\u015bcie Salem w czasach Wyj\u015bcia z Egiptu. Najbardziej znany\" \/>\n<meta property=\"og:url\" content=\"https:\/\/chrystus.pl\/ko-kr\/\uae40\ubcc4-\ud504\ub85c\ub85d-\uba5c\uce58\ub370\ud06c\/\" \/>\n<meta property=\"og:site_name\" content=\"Chrystus\" \/>\n<meta property=\"article:published_time\" content=\"2022-05-10T20:23:13+00:00\" \/>\n<meta property=\"article:modified_time\" content=\"2022-05-10T20:23:18+00:00\" \/>\n<meta name=\"author\" content=\"Samarytanka\" \/>\n<meta name=\"twitter:card\" content=\"summary_large_image\" \/>\n<meta name=\"twitter:label1\" content=\"\uae00\uc4f4\uc774\" \/>\n\t<meta name=\"twitter:data1\" content=\"Samarytanka\" \/>\n\t<meta name=\"twitter:label2\" content=\"\uc608\uc0c1 \ub418\ub294 \ud310\ub3c5 \uc2dc\uac04\" \/>\n\t<meta name=\"twitter:data2\" content=\"3\ubd84\" \/>\n<!-- \/ Yoast SEO plugin. -->","yoast_head_json":{"title":"\uba5c\uae30\uc138\ub371 \uc120\uc9c0\uc790\ub294 \ub204\uad6c\uc600\ub098\uc694? - \uadf8\ub9ac\uc2a4\ub3c4","description":"\ud558\ub098\ub2d8 \ub098\ub77c\uc758 \ub3c4\ub798\ub97c \ubcf8 \uc0ac\ub78c. \uba5c\uae30\uc138\ub371\uc740 \uc774\uc9d1\ud2b8\uc5d0\uc11c \ucd9c\uc560\uad7d\ud560 \ub2f9\uc2dc \uc0b4\ub818\uc5d0 \uc0b4\uc558\ub358 \uc120\uc9c0\uc790\uc600\uc2b5\ub2c8\ub2e4. \uac00\uc7a5 \uc720\uba85\ud55c","robots":{"index":"index","follow":"follow","max-snippet":"max-snippet:-1","max-image-preview":"max-image-preview:large","max-video-preview":"max-video-preview:-1"},"canonical":"https:\/\/chrystus.pl\/ko-kr\/\uae40\ubcc4-\ud504\ub85c\ub85d-\uba5c\uce58\ub370\ud06c\/","og_locale":"ko_KR","og_type":"article","og_title":"Kim by\u0142 prorok Melchizedech? - Chrystus","og_description":"Cz\u0142owiek, kt\u00f3ry widzia\u0142 nadej\u015bcie Kr\u00f3lestwa Bo\u017cego. Melchizedech by\u0142 prorokiem, kt\u00f3ry \u017cy\u0142 w mie\u015bcie Salem w czasach Wyj\u015bcia z Egiptu. Najbardziej znany","og_url":"https:\/\/chrystus.pl\/ko-kr\/\uae40\ubcc4-\ud504\ub85c\ub85d-\uba5c\uce58\ub370\ud06c\/","og_site_name":"Chrystus","article_published_time":"2022-05-10T20:23:13+00:00","article_modified_time":"2022-05-10T20:23:18+00:00","author":"Samarytanka","twitter_card":"summary_large_image","twitter_misc":{"\uae00\uc4f4\uc774":"Samarytanka","\uc608\uc0c1 \ub418\ub294 \ud310\ub3c5 \uc2dc\uac04":"3\ubd84"},"schema":{"@context":"https:\/\/schema.org","@graph":[{"@type":"Article","@id":"https:\/\/chrystus.pl\/kim-byl-prorok-melchizedech\/#article","isPartOf":{"@id":"https:\/\/chrystus.pl\/kim-byl-prorok-melchizedech\/"},"author":{"name":"Samarytanka","@id":"https:\/\/chrystus.pl\/#\/schema\/person\/e2e742452b8b7b2bcd23ea180671d27a"},"headline":"Kim by\u0142 prorok Melchizedech?","datePublished":"2022-05-10T20:23:13+00:00","dateModified":"2022-05-10T20:23:18+00:00","mainEntityOfPage":{"@id":"https:\/\/chrystus.pl\/kim-byl-prorok-melchizedech\/"},"wordCount":562,"publisher":{"@id":"https:\/\/chrystus.pl\/#organization"},"articleSection":["Ko\u015bci\u00f3\u0142"],"inLanguage":"ko-KR"},{"@type":"WebPage","@id":"https:\/\/chrystus.pl\/kim-byl-prorok-melchizedech\/","url":"https:\/\/chrystus.pl\/kim-byl-prorok-melchizedech\/","name":"\uba5c\uae30\uc138\ub371 \uc120\uc9c0\uc790\ub294 \ub204\uad6c\uc600\ub098\uc694? - \uadf8\ub9ac\uc2a4\ub3c4","isPartOf":{"@id":"https:\/\/chrystus.pl\/#website"},"datePublished":"2022-05-10T20:23:13+00:00","dateModified":"2022-05-10T20:23:18+00:00","description":"\ud558\ub098\ub2d8 \ub098\ub77c\uc758 \ub3c4\ub798\ub97c \ubcf8 \uc0ac\ub78c. \uba5c\uae30\uc138\ub371\uc740 \uc774\uc9d1\ud2b8\uc5d0\uc11c \ucd9c\uc560\uad7d\ud560 \ub2f9\uc2dc \uc0b4\ub818\uc5d0 \uc0b4\uc558\ub358 \uc120\uc9c0\uc790\uc600\uc2b5\ub2c8\ub2e4. \uac00\uc7a5 \uc720\uba85\ud55c","breadcrumb":{"@id":"https:\/\/chrystus.pl\/kim-byl-prorok-melchizedech\/#breadcrumb"},"inLanguage":"ko-KR","potentialAction":[{"@type":"ReadAction","target":["https:\/\/chrystus.pl\/kim-byl-prorok-melchizedech\/"]}]},{"@type":"BreadcrumbList","@id":"https:\/\/chrystus.pl\/kim-byl-prorok-melchizedech\/#breadcrumb","itemListElement":[{"@type":"ListItem","position":1,"name":"Strona g\u0142\u00f3wna","item":"https:\/\/chrystus.pl\/"},{"@type":"ListItem","position":2,"name":"Kim by\u0142 prorok Melchizedech?"}]},{"@type":"WebSite","@id":"https:\/\/chrystus.pl\/#website","url":"https:\/\/chrystus.pl\/","name":"Christ","description":"\ud558\ub098\ub2d8, \ub9c8\ub9ac\uc544, \uc608\uc218\ub2d8, \uc601\uc131\uccb4 \ub4f1","publisher":{"@id":"https:\/\/chrystus.pl\/#organization"},"potentialAction":[{"@type":"SearchAction","target":{"@type":"EntryPoint","urlTemplate":"https:\/\/chrystus.pl\/?s={search_term_string}"},"query-input":{"@type":"PropertyValueSpecification","valueRequired":true,"valueName":"search_term_string"}}],"inLanguage":"ko-KR"},{"@type":"Organization","@id":"https:\/\/chrystus.pl\/#organization","name":"Christ.pl","url":"https:\/\/chrystus.pl\/","logo":{"@type":"ImageObject","inLanguage":"ko-KR","@id":"https:\/\/chrystus.pl\/#\/schema\/logo\/image\/","url":"https:\/\/chrystus.pl\/wp-content\/uploads\/2019\/03\/chrystus-bog-maryja-komunia-bierzmowanie.jpg","contentUrl":"https:\/\/chrystus.pl\/wp-content\/uploads\/2019\/03\/chrystus-bog-maryja-komunia-bierzmowanie.jpg","width":1920,"height":1280,"caption":"Chrystus.pl"},"image":{"@id":"https:\/\/chrystus.pl\/#\/schema\/logo\/image\/"}},{"@type":"Person","@id":"https:\/\/chrystus.pl\/#\/schema\/person\/e2e742452b8b7b2bcd23ea180671d27a","name":"\uc0ac\ub9c8\ub9ac\uc544\uc778 \uc5ec\uc790"}]}},"_links":{"self":[{"href":"https:\/\/chrystus.pl\/ko-kr\/wp-json\/wp\/v2\/posts\/2312","targetHints":{"allow":["GET"]}}],"collection":[{"href":"https:\/\/chrystus.pl\/ko-kr\/wp-json\/wp\/v2\/posts"}],"about":[{"href":"https:\/\/chrystus.pl\/ko-kr\/wp-json\/wp\/v2\/types\/post"}],"author":[{"embeddable":true,"href":"https:\/\/chrystus.pl\/ko-kr\/wp-json\/wp\/v2\/users\/1"}],"replies":[{"embeddable":true,"href":"https:\/\/chrystus.pl\/ko-kr\/wp-json\/wp\/v2\/comments?post=2312"}],"version-history":[{"count":0,"href":"https:\/\/chrystus.pl\/ko-kr\/wp-json\/wp\/v2\/posts\/2312\/revisions"}],"wp:attachment":[{"href":"https:\/\/chrystus.pl\/ko-kr\/wp-json\/wp\/v2\/media?parent=2312"}],"wp:term":[{"taxonomy":"category","embeddable":true,"href":"https:\/\/chrystus.pl\/ko-kr\/wp-json\/wp\/v2\/categories?post=2312"},{"taxonomy":"post_tag","embeddable":true,"href":"https:\/\/chrystus.pl\/ko-kr\/wp-json\/wp\/v2\/tags?post=2312"}],"curies":[{"name":"wp","href":"https:\/\/api.w.org\/{rel}","templated":true}]}}