{"id":665,"date":"2019-06-01T14:11:13","date_gmt":"2019-06-01T14:11:13","guid":{"rendered":"https:\/\/chrystus.pl\/?p=665"},"modified":"2020-01-13T07:57:46","modified_gmt":"2020-01-13T07:57:46","slug":"dlaczego-jezus-umarl-na-krzyzu","status":"publish","type":"post","link":"https:\/\/chrystus.pl\/ko-kr\/dlaczego-jezus-umarl-na-krzyzu\/","title":{"rendered":"\uc608\uc218\ub2d8\uc740 \uc65c \uc2ed\uc790\uac00\uc5d0\uc11c \uc8fd\uc73c\uc168\ub098\uc694?"},"content":{"rendered":"<p>Dlaczego Jezus umar\u0142 na krzy\u017cu? Czym jest \u015bmier\u0107 krzy\u017cowa? Jakie mia\u0142a ona znaczenie dla chrze\u015bcijan?<\/p>\n<p><span id=\"urn:enhancement-5bd9ac12\" class=\"textannotation disambiguated wl-other\" itemid=\"http:\/\/data.wordlift.io\/wl01857\/entity\/ukrzyzowanie\">\uc2ed\uc790\uac00 \ucc98\ud615<\/span> \ub294 \uace0\ub300 \ud398\ub974\uc2dc\uc544\uc778\ub4e4\uc774 \uc0ac\uc6a9\ud588\ub358 \uc0ac\ud615 \uc81c\ub3c4\uc758 \uc77c\uc885\uc785\ub2c8\ub2e4, <span id=\"urn:enhancement-18f60953\" class=\"textannotation disambiguated wl-other\" itemid=\"http:\/\/data.wordlift.io\/wl01857\/entity\/starozytny_rzym\">Romans<\/span>, \ud398\ub2c8\ud0a4\uc544 \ubc0f \uce74\ub974\ud0c0\uace0\uc5d0\uc11c \ub178\uc608, \ubc18\ub780\uad70 \ubc0f \uc644\uc804\ud55c \uc2dc\ubbfc\uc774 \uc544\ub2cc \ub2e4\ub978 \uc0ac\ub78c\ub4e4\uc744 \ubd88\uba85\uc608\uc2a4\ub7fd\uac8c \ucc98\ud615\ud558\ub294 \ud55c \ud615\ud0dc\ub85c \uc0ac\uc6a9\ub418\uc5c8\uc2b5\ub2c8\ub2e4. \uc2ed\uc790\ud615 \uc0ac\ud615\uc740 \uc11c\uae30 337\ub144 \ub85c\ub9c8 \uc81c\uad6d\uc758 <span id=\"urn:enhancement-fe0d3bb6\" class=\"textannotation disambiguated wl-person\" itemid=\"http:\/\/data.wordlift.io\/wl01857\/entity\/konstantyn_i_wielki\">\ucf58\uc2a4\ud0c4\ud2f4<\/span> Wielkiego. Co ciekawe edykt znosz\u0105cy krzy\u017cowanie by\u0142 podyktowany szacunkiem dla \u015bmierci samego Jezusa Chrystusa.<\/p>\n<p>Przyjmuje si\u0119, \u017ce \u015bmier\u0107 krzy\u017cowa i wielka m\u0119ka Chrystusa by\u0142a konieczna aby odkupi\u0107 i zado\u015b\u0107uczyni\u0107 sprawiedliwo\u015b\u0107 Bo\u017c\u0105. Nie jest to jednak do ko\u0144ca prawd\u0105, gdy\u017c nie mo\u017cna patrze\u0107 na \u015bmier\u0107 i m\u0119k\u0119 jak na spos\u00f3b pewnej sp\u0142aty zobowi\u0105zania. Jest tu jedynie miejsce na rozwa\u017canie, \u017ce <span id=\"urn:enhancement-fdc1bf40\" class=\"textannotation disambiguated wl-other\" itemid=\"http:\/\/data.wordlift.io\/wl01378\/entity\/bog\">God<\/span> \ub530\ub77c\uc11c \uadf8\ub294 \uc790\uc2e0\uacfc \uba40\ub9ac \ub5a8\uc5b4\uc838 \uc788\uace0 \uac70\uc808\ub2f9\ud558\uace0 \ub2e8\uc808\ub41c \uc0ac\ub78c\ub4e4\uc744 \uadf8\uc758 \uc5bc\uad74 \uc55e\uc5d0 \ub370\ub824\uc654\uc2b5\ub2c8\ub2e4. <span id=\"urn:enhancement-91cabc0d\" class=\"textannotation disambiguated wl-other\" itemid=\"http:\/\/data.wordlift.io\/wl01857\/entity\/ukrzyzowanie\">\uc2ed\uc790\uac00 \ucc98\ud615<\/span> \uc740 \ud654\ud574\uc758 \uc0c1\uc9d5\uc785\ub2c8\ub2e4. \uc0ac\ub78c\ub4e4\uc744 \uc8c4\uc758 \uad74\ub808\uc5d0\uc11c \ud574\ubc29\uc2dc\ud0b5\ub2c8\ub2e4. \uc8fd\uc74c <span id=\"urn:enhancement-7f0a6742\" class=\"textannotation disambiguated wl-other\" itemid=\"http:\/\/data.wordlift.io\/wl01378\/entity\/syn_bozy\">\uc2e0\uc758 \uc544\ub4e4<\/span> \uc758 \ud654\ud574\ub294 \uc0ac\uc2e4 <span id=\"urn:enhancement-3386974f\" class=\"textannotation disambiguated wl-other\" itemid=\"http:\/\/data.wordlift.io\/wl01378\/entity\/bog\">God<\/span> \uadf8\ub9ac\uace0 \uc0ac\ub78c\ub4e4. \uadf8\uac83\uc740 \uc0c8\ub85c\uc6b4 \uc7a5\uc744 \uc5f4\uace0 \ubaa8\ub4e0 \uc0ac\ub78c\ub4e4\uc774 \uc8fc\ub2d8 \uc55e\uc5d0 \ub098\uc544\uac08 \uc218 \uc788\ub294 \uae38\uc744 \uc5f4\uc5b4\uc90d\ub2c8\ub2e4. \uc5d0 \ub530\ub974\uba74 <span id=\"urn:enhancement-65786e3e\" class=\"textannotation disambiguated wl-other\" itemid=\"http:\/\/data.wordlift.io\/wl01857\/entity\/nowy_testament\">\uc2e0\uc57d \uc131\uacbd<\/span> <span id=\"urn:enhancement-1686417d\" class=\"textannotation disambiguated wl-other\" itemid=\"http:\/\/data.wordlift.io\/wl01378\/entity\/bog\">God<\/span> \uc138\uc0c1\uacfc \ud558\ub098\uac00 \uc544\ub2c8\ub77c <span id=\"urn:enhancement-edc6e7cc\" class=\"textannotation disambiguated wl-other\" itemid=\"http:\/\/data.wordlift.io\/wl01378\/entity\/bog\">God<\/span> \uc774 \uc138\uc0c1\uacfc \ud558\ub098\uac00 \ub41c \uac83\uc740 \uc778\uac04\uc774\uae30 \ub54c\ubb38\uc785\ub2c8\ub2e4. <span id=\"urn:enhancement-2f0c4cd4\" class=\"textannotation disambiguated wl-other\" itemid=\"http:\/\/data.wordlift.io\/wl01378\/entity\/bog\">God<\/span>. \ub530\ub77c\uc11c \uadf8\ub7ec\ud55c \uc0ac\uac74\uc740 \ud544\uc694\ud588\uc73c\uba70 \uc77c\uc885\uc758 \uc815\ud654\uc758 \uc0c1\uc9d5\uc785\ub2c8\ub2e4. \uc5ec\uae30\uc5d0\ub294 \uc18d\uc8c4 \ub098 \ubd80\ucc44 \uc0c1\ud658\uc5d0 \ub300\ud55c \uc758\ubb38\uc758 \uc5ec\uc9c0\uac00 \uc5c6\uc2b5\ub2c8\ub2e4. \ub610\ud55c \uc608\uc218\ub97c \uadf8\ub7ec\ud55c \uc8fd\uc74c\uc73c\ub85c \uc815\uc8c4\ud558\ub294 \uac83\uc740 \uc790\uc720 \uc758\uc9c0\ub97c \ubd80\uc5ec\ubc1b\uc740 \uc0ac\ub78c\ub4e4\uc5d0 \uc758\ud574 \uc774\ub8e8\uc5b4 \uc84c\ub2e4\ub294 \uac83\uc744 \uc78a\uc9c0 \ub9d0\uc790.<\/p>","protected":false},"excerpt":{"rendered":"<p>Dlaczego Jezus umar\u0142 na krzy\u017cu? Czym jest \u015bmier\u0107 krzy\u017cowa? Jakie mia\u0142a ona znaczenie dla chrze\u015bcijan? Ukrzy\u017cowanie by\u0142o rodzajem kary \u015bmierci stosowanej w staro\u017cytno\u015bci m.in. przez Pers\u00f3w, Rzymian, Fenicjan i Kartagi\u0144czyk\u00f3w, jako forma ha\u0144bi\u0105cej egzekucji na niewolnikach, buntownikach i innych osobach, kt\u00f3re nie by\u0142y pe\u0142noprawnymi obywatelami. Kara \u015bmierci krzy\u017cowej zniesiona zosta\u0142a w 337 roku naszej ery &hellip;<\/p>","protected":false},"author":1,"featured_media":666,"comment_status":"open","ping_status":"closed","sticky":false,"template":"","format":"standard","meta":{"footnotes":""},"categories":[52],"tags":[],"class_list":["post-665","post","type-post","status-publish","format-standard","has-post-thumbnail","hentry","category-jezus"],"yoast_head":"<!-- This site is optimized with the Yoast SEO plugin v27.4 - https:\/\/yoast.com\/product\/yoast-seo-wordpress\/ -->\n<title>Dlaczego Jezus umar\u0142 na krzy\u017cu? - Chrystus<\/title>\n<meta name=\"description\" content=\"Dlaczego Jezus umar\u0142 na krzy\u017cu? Czym jest \u015bmier\u0107 krzy\u017cowa? Jakie mia\u0142a ona znaczenie dla chrze\u015bcijan? Ukrzy\u017cowanie by\u0142o rodzajem kary \u015bmierci stosowanej w\" \/>\n<meta name=\"robots\" content=\"index, follow, max-snippet:-1, max-image-preview:large, max-video-preview:-1\" \/>\n<link rel=\"canonical\" href=\"https:\/\/chrystus.pl\/ko-kr\/\uc65c-\uc608\uc218\ub2d8\uc774-\uc2ed\uc790\uac00\uc5d0\uc11c-\uc8fd\uc73c\uc168\ub294\uc9c0-2\/\" \/>\n<meta property=\"og:locale\" content=\"ko_KR\" \/>\n<meta property=\"og:type\" content=\"article\" \/>\n<meta property=\"og:title\" content=\"Dlaczego Jezus umar\u0142 na krzy\u017cu? - Chrystus\" \/>\n<meta property=\"og:description\" content=\"Dlaczego Jezus umar\u0142 na krzy\u017cu? Czym jest \u015bmier\u0107 krzy\u017cowa? Jakie mia\u0142a ona znaczenie dla chrze\u015bcijan? Ukrzy\u017cowanie by\u0142o rodzajem kary \u015bmierci stosowanej w\" \/>\n<meta property=\"og:url\" content=\"https:\/\/chrystus.pl\/ko-kr\/\uc65c-\uc608\uc218\ub2d8\uc774-\uc2ed\uc790\uac00\uc5d0\uc11c-\uc8fd\uc73c\uc168\ub294\uc9c0-2\/\" \/>\n<meta property=\"og:site_name\" content=\"Chrystus\" \/>\n<meta property=\"article:published_time\" content=\"2019-06-01T14:11:13+00:00\" \/>\n<meta property=\"article:modified_time\" content=\"2020-01-13T07:57:46+00:00\" \/>\n<meta property=\"og:image\" content=\"https:\/\/chrystus.pl\/wp-content\/uploads\/2019\/06\/Dlaczego-Jezus-umar\u0142-na-krzyz\u0307u-e1611195026124.jpg\" \/>\n\t<meta property=\"og:image:width\" content=\"121\" \/>\n\t<meta property=\"og:image:height\" content=\"68\" \/>\n\t<meta property=\"og:image:type\" content=\"image\/jpeg\" \/>\n<meta name=\"author\" content=\"Samarytanka\" \/>\n<meta name=\"twitter:card\" content=\"summary_large_image\" \/>\n<meta name=\"twitter:label1\" content=\"\uae00\uc4f4\uc774\" \/>\n\t<meta name=\"twitter:data1\" content=\"Samarytanka\" \/>\n\t<meta name=\"twitter:label2\" content=\"\uc608\uc0c1 \ub418\ub294 \ud310\ub3c5 \uc2dc\uac04\" \/>\n\t<meta name=\"twitter:data2\" content=\"1\ubd84\" \/>\n<!-- \/ Yoast SEO plugin. -->","yoast_head_json":{"title":"\uc608\uc218\ub2d8\uc740 \uc65c \uc2ed\uc790\uac00\uc5d0\uc11c \uc8fd\uc73c\uc168\ub098\uc694? - \uadf8\ub9ac\uc2a4\ub3c4","description":"\uc608\uc218\ub2d8\uc740 \uc65c \uc2ed\uc790\uac00\uc5d0\uc11c \uc8fd\uc73c\uc168\ub098\uc694? \uc2ed\uc790\uac00\uc758 \uc8fd\uc74c\uc774\ub780 \ubb34\uc5c7\uc778\uac00\uc694? \uae30\ub3c5\uad50\uc778\ub4e4\uc5d0\uac8c\ub294 \uc5b4\ub5a4 \uc758\ubbf8\uac00 \uc788\uc5c8\ub098\uc694? \uc2ed\uc790\uac00 \ud615\uc740 \uc911\uc138 \uc2dc\ub300\uc5d0 \uc0ac\uc6a9\ub41c \uc0ac\ud615\uc758 \uc77c\uc885\uc785\ub2c8\ub2e4.","robots":{"index":"index","follow":"follow","max-snippet":"max-snippet:-1","max-image-preview":"max-image-preview:large","max-video-preview":"max-video-preview:-1"},"canonical":"https:\/\/chrystus.pl\/ko-kr\/\uc65c-\uc608\uc218\ub2d8\uc774-\uc2ed\uc790\uac00\uc5d0\uc11c-\uc8fd\uc73c\uc168\ub294\uc9c0-2\/","og_locale":"ko_KR","og_type":"article","og_title":"Dlaczego Jezus umar\u0142 na krzy\u017cu? - Chrystus","og_description":"Dlaczego Jezus umar\u0142 na krzy\u017cu? Czym jest \u015bmier\u0107 krzy\u017cowa? Jakie mia\u0142a ona znaczenie dla chrze\u015bcijan? Ukrzy\u017cowanie by\u0142o rodzajem kary \u015bmierci stosowanej w","og_url":"https:\/\/chrystus.pl\/ko-kr\/\uc65c-\uc608\uc218\ub2d8\uc774-\uc2ed\uc790\uac00\uc5d0\uc11c-\uc8fd\uc73c\uc168\ub294\uc9c0-2\/","og_site_name":"Chrystus","article_published_time":"2019-06-01T14:11:13+00:00","article_modified_time":"2020-01-13T07:57:46+00:00","og_image":[{"width":121,"height":68,"url":"https:\/\/chrystus.pl\/wp-content\/uploads\/2019\/06\/Dlaczego-Jezus-umar\u0142-na-krzyz\u0307u-e1611195026124.jpg","type":"image\/jpeg"}],"author":"Samarytanka","twitter_card":"summary_large_image","twitter_misc":{"\uae00\uc4f4\uc774":"Samarytanka","\uc608\uc0c1 \ub418\ub294 \ud310\ub3c5 \uc2dc\uac04":"1\ubd84"},"schema":{"@context":"https:\/\/schema.org","@graph":[{"@type":"Article","@id":"https:\/\/chrystus.pl\/cs\/proc-jezis-zemrel-na-krizi\/#article","isPartOf":{"@id":"https:\/\/chrystus.pl\/cs\/proc-jezis-zemrel-na-krizi\/"},"author":{"name":"Samarytanka","@id":"https:\/\/chrystus.pl\/#\/schema\/person\/e2e742452b8b7b2bcd23ea180671d27a"},"headline":"Dlaczego Jezus umar\u0142 na krzy\u017cu?","datePublished":"2019-06-01T14:11:13+00:00","dateModified":"2020-01-13T07:57:46+00:00","mainEntityOfPage":{"@id":"https:\/\/chrystus.pl\/cs\/proc-jezis-zemrel-na-krizi\/"},"wordCount":288,"commentCount":0,"publisher":{"@id":"https:\/\/chrystus.pl\/#organization"},"image":{"@id":"https:\/\/chrystus.pl\/cs\/proc-jezis-zemrel-na-krizi\/#primaryimage"},"thumbnailUrl":"https:\/\/chrystus.pl\/wp-content\/uploads\/2019\/06\/Dlaczego-Jezus-umar\u0142-na-krzyz\u0307u-e1611195026124.jpg","articleSection":["Jezus"],"inLanguage":"ko-KR","potentialAction":[{"@type":"CommentAction","name":"Comment","target":["https:\/\/chrystus.pl\/cs\/proc-jezis-zemrel-na-krizi\/#respond"]}]},{"@type":"WebPage","@id":"https:\/\/chrystus.pl\/cs\/proc-jezis-zemrel-na-krizi\/","url":"https:\/\/chrystus.pl\/cs\/proc-jezis-zemrel-na-krizi\/","name":"\uc608\uc218\ub2d8\uc740 \uc65c \uc2ed\uc790\uac00\uc5d0\uc11c \uc8fd\uc73c\uc168\ub098\uc694? - \uadf8\ub9ac\uc2a4\ub3c4","isPartOf":{"@id":"https:\/\/chrystus.pl\/#website"},"primaryImageOfPage":{"@id":"https:\/\/chrystus.pl\/cs\/proc-jezis-zemrel-na-krizi\/#primaryimage"},"image":{"@id":"https:\/\/chrystus.pl\/cs\/proc-jezis-zemrel-na-krizi\/#primaryimage"},"thumbnailUrl":"https:\/\/chrystus.pl\/wp-content\/uploads\/2019\/06\/Dlaczego-Jezus-umar\u0142-na-krzyz\u0307u-e1611195026124.jpg","datePublished":"2019-06-01T14:11:13+00:00","dateModified":"2020-01-13T07:57:46+00:00","description":"\uc608\uc218\ub2d8\uc740 \uc65c \uc2ed\uc790\uac00\uc5d0\uc11c \uc8fd\uc73c\uc168\ub098\uc694? \uc2ed\uc790\uac00\uc758 \uc8fd\uc74c\uc774\ub780 \ubb34\uc5c7\uc778\uac00\uc694? \uae30\ub3c5\uad50\uc778\ub4e4\uc5d0\uac8c\ub294 \uc5b4\ub5a4 \uc758\ubbf8\uac00 \uc788\uc5c8\ub098\uc694? \uc2ed\uc790\uac00 \ud615\uc740 \uc911\uc138 \uc2dc\ub300\uc5d0 \uc0ac\uc6a9\ub41c \uc0ac\ud615\uc758 \uc77c\uc885\uc785\ub2c8\ub2e4.","breadcrumb":{"@id":"https:\/\/chrystus.pl\/cs\/proc-jezis-zemrel-na-krizi\/#breadcrumb"},"inLanguage":"ko-KR","potentialAction":[{"@type":"ReadAction","target":["https:\/\/chrystus.pl\/cs\/proc-jezis-zemrel-na-krizi\/"]}]},{"@type":"ImageObject","inLanguage":"ko-KR","@id":"https:\/\/chrystus.pl\/cs\/proc-jezis-zemrel-na-krizi\/#primaryimage","url":"https:\/\/chrystus.pl\/wp-content\/uploads\/2019\/06\/Dlaczego-Jezus-umar\u0142-na-krzyz\u0307u-e1611195026124.jpg","contentUrl":"https:\/\/chrystus.pl\/wp-content\/uploads\/2019\/06\/Dlaczego-Jezus-umar\u0142-na-krzyz\u0307u-e1611195026124.jpg","width":121,"height":68,"caption":"Dlaczego Jezus umar\u0142 na krzyz\u0307u"},{"@type":"BreadcrumbList","@id":"https:\/\/chrystus.pl\/cs\/proc-jezis-zemrel-na-krizi\/#breadcrumb","itemListElement":[{"@type":"ListItem","position":1,"name":"Strona g\u0142\u00f3wna","item":"https:\/\/chrystus.pl\/"},{"@type":"ListItem","position":2,"name":"Dlaczego Jezus umar\u0142 na krzy\u017cu?"}]},{"@type":"WebSite","@id":"https:\/\/chrystus.pl\/#website","url":"https:\/\/chrystus.pl\/","name":"Christ","description":"\ud558\ub098\ub2d8, \ub9c8\ub9ac\uc544, \uc608\uc218\ub2d8, \uc601\uc131\uccb4 \ub4f1","publisher":{"@id":"https:\/\/chrystus.pl\/#organization"},"potentialAction":[{"@type":"SearchAction","target":{"@type":"EntryPoint","urlTemplate":"https:\/\/chrystus.pl\/?s={search_term_string}"},"query-input":{"@type":"PropertyValueSpecification","valueRequired":true,"valueName":"search_term_string"}}],"inLanguage":"ko-KR"},{"@type":"Organization","@id":"https:\/\/chrystus.pl\/#organization","name":"Christ.pl","url":"https:\/\/chrystus.pl\/","logo":{"@type":"ImageObject","inLanguage":"ko-KR","@id":"https:\/\/chrystus.pl\/#\/schema\/logo\/image\/","url":"https:\/\/chrystus.pl\/wp-content\/uploads\/2019\/03\/chrystus-bog-maryja-komunia-bierzmowanie.jpg","contentUrl":"https:\/\/chrystus.pl\/wp-content\/uploads\/2019\/03\/chrystus-bog-maryja-komunia-bierzmowanie.jpg","width":1920,"height":1280,"caption":"Chrystus.pl"},"image":{"@id":"https:\/\/chrystus.pl\/#\/schema\/logo\/image\/"}},{"@type":"Person","@id":"https:\/\/chrystus.pl\/#\/schema\/person\/e2e742452b8b7b2bcd23ea180671d27a","name":"\uc0ac\ub9c8\ub9ac\uc544\uc778 \uc5ec\uc790"}]}},"_links":{"self":[{"href":"https:\/\/chrystus.pl\/ko-kr\/wp-json\/wp\/v2\/posts\/665","targetHints":{"allow":["GET"]}}],"collection":[{"href":"https:\/\/chrystus.pl\/ko-kr\/wp-json\/wp\/v2\/posts"}],"about":[{"href":"https:\/\/chrystus.pl\/ko-kr\/wp-json\/wp\/v2\/types\/post"}],"author":[{"embeddable":true,"href":"https:\/\/chrystus.pl\/ko-kr\/wp-json\/wp\/v2\/users\/1"}],"replies":[{"embeddable":true,"href":"https:\/\/chrystus.pl\/ko-kr\/wp-json\/wp\/v2\/comments?post=665"}],"version-history":[{"count":0,"href":"https:\/\/chrystus.pl\/ko-kr\/wp-json\/wp\/v2\/posts\/665\/revisions"}],"wp:featuredmedia":[{"embeddable":true,"href":"https:\/\/chrystus.pl\/ko-kr\/wp-json\/wp\/v2\/media\/666"}],"wp:attachment":[{"href":"https:\/\/chrystus.pl\/ko-kr\/wp-json\/wp\/v2\/media?parent=665"}],"wp:term":[{"taxonomy":"category","embeddable":true,"href":"https:\/\/chrystus.pl\/ko-kr\/wp-json\/wp\/v2\/categories?post=665"},{"taxonomy":"post_tag","embeddable":true,"href":"https:\/\/chrystus.pl\/ko-kr\/wp-json\/wp\/v2\/tags?post=665"}],"curies":[{"name":"wp","href":"https:\/\/api.w.org\/{rel}","templated":true}]}}