{"id":854,"date":"2019-12-27T21:06:35","date_gmt":"2019-12-27T21:06:35","guid":{"rendered":"https:\/\/chrystus.pl\/?p=854"},"modified":"2020-01-13T07:49:12","modified_gmt":"2020-01-13T07:49:12","slug":"jak-niemcy-obchodza-wielkanoc","status":"publish","type":"post","link":"https:\/\/chrystus.pl\/ko-kr\/jak-niemcy-obchodza-wielkanoc\/","title":{"rendered":"\ub3c5\uc77c\uc778\ub4e4\uc740 \ubd80\ud65c\uc808\uc744 \uc5b4\ub5bb\uac8c \ucd95\ud558\ud558\ub098\uc694?"},"content":{"rendered":"<p>\u015awi\u0119ta Wielkanocne w Niemczech nieco r\u00f3\u017cni\u0105 si\u0119 od tych obchodzonych w naszym kraju. Chocia\u017c nasi zachodni s\u0105siedzi maj\u0105 podobn\u0105 estetyk\u0119 czy raczej symbolik\u0119 tego wydarzenia (pisanki, wydmuszki czy zaj\u0105c wielkanocny), to w samych obchodach <span id=\"urn:enhancement-c7eef70c\" class=\"textannotation disambiguated wl-other\" itemid=\"http:\/\/data.wordlift.io\/wl01378\/entity\/swieto\">\ud734\uc77c<\/span> \uba87 \uac00\uc9c0 \ucc28\uc774\uc810\uc744 \ubc1c\uacac\ud560 \uc218 \uc788\uc2b5\ub2c8\ub2e4. \ub610\ud55c \ub3c5\uc77c \ub0b4 \uc5ec\ub7ec \uc9c0\uc5ed(\uc18c\uc704 \ub3c5\uc77c\uc774\ub77c \ubd88\ub9ac\ub294 \uc9c0\uc5ed)\uc758 \uc778\uad6c\uc640 \uc5ed\uc0ac\uc801 \uacfc\uac70\uac00 \ub2e4\ub974\uae30 \ub54c\ubb38\uc5d0 \ubd80\ud65c\uc808 \uc804\ud1b5\ub3c4 \uc9c0\uc5ed\ub9c8\ub2e4 \ub2e4\ub97c \uc218 \uc788\ub2e4\ub294 \uc810\ub3c4 \uc8fc\ubaa9\ud560 \ud544\uc694\uac00 \uc788\uc2b5\ub2c8\ub2e4.<\/p>\n<p>\uc6b0\ub9ac\ub098\ub77c\uc640 \ub9c8\ucc2c\uac00\uc9c0\ub85c \ub3c5\uc77c\uc778\ub4e4\uc740 \ud06c\ub9ac\uc2a4\ub9c8\uc2a4\ub97c \uc900\ube44\ud558\ub294 \uc2dc\uac04\uc744 \ub9e4\uc6b0 \uc911\uc694\ud558\uac8c \uc0dd\uac01\ud569\ub2c8\ub2e4. <span id=\"urn:enhancement-905c3bea\" class=\"textannotation disambiguated wl-other\" itemid=\"http:\/\/data.wordlift.io\/wl01857\/entity\/wielkanoc\">\ubd80\ud65c\uc808<\/span>. \uadf8\ub7ec\ud55c \uc900\ube44 \uae30\uac04 \ub3d9\uc548 \uae08\uc2dd\ud558\ub294 \uc804\ud1b5\uc774 \uadf8\uacf3\uc5d0 \ubcf4\uc874\ub418\uc5b4 \uc788\uc2b5\ub2c8\ub2e4.<\/p>\n<div id=\"ez-toc-container\" class=\"ez-toc-v2_0_82_2 counter-hierarchy ez-toc-counter ez-toc-custom ez-toc-container-direction\">\n<p class=\"ez-toc-title\" style=\"cursor:inherit\">\ubaa9\ucc28<\/p>\n<label for=\"ez-toc-cssicon-toggle-item-69f7235207469\" class=\"ez-toc-cssicon-toggle-label\"><span class=\"\"><span class=\"eztoc-hide\" style=\"display:none;\">\ud1a0\uae00<\/span><span class=\"ez-toc-icon-toggle-span\"><svg style=\"fill: #ffffff;color:#ffffff\" xmlns=\"http:\/\/www.w3.org\/2000\/svg\" class=\"list-377408\" width=\"20px\" height=\"20px\" viewbox=\"0 0 24 24\" fill=\"none\"><path d=\"M6 6H4v2h2V6zm14 0H8v2h12V6zM4 11h2v2H4v-2zm16 0H8v2h12v-2zM4 16h2v2H4v-2zm16 0H8v2h12v-2z\" fill=\"currentColor\"><\/path><\/svg><svg style=\"fill: #ffffff;color:#ffffff\" class=\"arrow-unsorted-368013\" xmlns=\"http:\/\/www.w3.org\/2000\/svg\" width=\"10px\" height=\"10px\" viewbox=\"0 0 24 24\" version=\"1.2\" baseprofile=\"tiny\"><path d=\"M18.2 9.3l-6.2-6.3-6.2 6.3c-.2.2-.3.4-.3.7s.1.5.3.7c.2.2.4.3.7.3h11c.3 0 .5-.1.7-.3.2-.2.3-.5.3-.7s-.1-.5-.3-.7zM5.8 14.7l6.2 6.3 6.2-6.3c.2-.2.3-.5.3-.7s-.1-.5-.3-.7c-.2-.2-.4-.3-.7-.3h-11c-.3 0-.5.1-.7.3-.2.2-.3.5-.3.7s.1.5.3.7z\"\/><\/svg><\/span><\/span><\/label><input type=\"checkbox\"  id=\"ez-toc-cssicon-toggle-item-69f7235207469\"  aria-label=\"\ud1a0\uae00\" \/><nav><ul class='ez-toc-list ez-toc-list-level-1' ><li class='ez-toc-page-1 ez-toc-heading-level-2'><a class=\"ez-toc-link ez-toc-heading-1\" href=\"https:\/\/chrystus.pl\/ko-kr\/jak-niemcy-obchodza-wielkanoc\/#Wielki_Czwartek_obchodzony_w_Niemczech\" >\ub3c5\uc77c\uc5d0\uc11c \uc131 \ubaa9\uc694\uc77c\uc744 \uae30\ub150\ud558\ub2e4<\/a><\/li><li class='ez-toc-page-1 ez-toc-heading-level-2'><a class=\"ez-toc-link ez-toc-heading-2\" href=\"https:\/\/chrystus.pl\/ko-kr\/jak-niemcy-obchodza-wielkanoc\/#Wielki_Piatek_obchodzony_w_Niemczech\" >\ub3c5\uc77c\uc5d0\uc11c \uc131 \uae08\uc694\uc77c\uc744 \uae30\ub150\ud558\ub2e4<\/a><\/li><li class='ez-toc-page-1 ez-toc-heading-level-2'><a class=\"ez-toc-link ez-toc-heading-3\" href=\"https:\/\/chrystus.pl\/ko-kr\/jak-niemcy-obchodza-wielkanoc\/#Wielka_Sobota_obchodzona_w_Niemczech\" >\ub3c5\uc77c\uc5d0\uc11c \uc131 \ud1a0\uc694\uc77c\uc744 \uae30\ub150\ud558\ub2e4<\/a><\/li><li class='ez-toc-page-1 ez-toc-heading-level-2'><a class=\"ez-toc-link ez-toc-heading-4\" href=\"https:\/\/chrystus.pl\/ko-kr\/jak-niemcy-obchodza-wielkanoc\/#Niedziela_Wielkanocna_obchodzona_w_Niemczech\" >\ub3c5\uc77c\uc5d0\uc11c \ub9de\uc774\ud558\ub294 \ubd80\ud65c\uc808 \uc77c\uc694\uc77c<\/a><\/li><\/ul><\/nav><\/div>\n<h2><span class=\"ez-toc-section\" id=\"Wielki_Czwartek_obchodzony_w_Niemczech\"><\/span>\ub3c5\uc77c\uc5d0\uc11c \uc131 \ubaa9\uc694\uc77c\uc744 \uae30\ub150\ud558\ub2e4<span class=\"ez-toc-section-end\"><\/span><\/h2>\n<p>Great <span id=\"urn:enhancement-f88ac546\" class=\"textannotation disambiguated wl-other\" itemid=\"http:\/\/data.wordlift.io\/wl01857\/entity\/czwartek\">\ubaa9\uc694\uc77c<\/span> \ub3c5\uc77c\uc5d0\uc11c\ub294 \uc774 \ub0a0\uc744 \ub179\uc0c9 \ubaa9\uc694\uc77c\uc774\ub77c\uace0 \ubd80\ub985\ub2c8\ub2e4. \uc774\uac83\uc774 \uc6b0\ub9ac\uc640 \uc774\uc6c3\uc758 \uccab \ubc88\uc9f8 \uadfc\ubcf8\uc801\uc778 \ucc28\uc774\uc810\uc785\ub2c8\ub2e4. \ub3c5\uc77c\uc5d0\uc11c\ub294 \ub179\uc0c9 \ubaa9\uc694\uc77c\uc744 \uadf8\ub940\ub3c4\ub108\uc2a4\ud0c0\uadf8(Gr\u00fcndonnerstag)\ub77c\uace0 \ubd80\ub974\uae30 \ub54c\ubb38\uc785\ub2c8\ub2e4. <span id=\"urn:enhancement-146f9759\" class=\"textannotation disambiguated wl-other\" itemid=\"http:\/\/data.wordlift.io\/wl01857\/entity\/czwartek\">\ubaa9\uc694\uc77c<\/span> \ub294 \uc544\ub9c8\ub3c4 \ucc38\ud68c\uc790\ub97c \ubc14\ub85c \uc774 \ub2e8\uc5b4\ub85c \ubd88\ub800\ub358 \uc911\uc138 \uc2dc\ub300\uc5d0\uc11c \uc720\ub798\ud588\uc744 \uac83\uc785\ub2c8\ub2e4. \ub179\uc0c9\uc740 \uc0ac\uc81c\ub4e4\uc774 \uc774 \ub0a0\uc5d0 \uc785\ub294 \uc608\ubcf5\uacfc\ub3c4 \uad00\ub828\uc774 \uc788\uc2b5\ub2c8\ub2e4. \ub179\uc0c9 <span id=\"urn:enhancement-b2066df0\" class=\"textannotation disambiguated wl-other\" itemid=\"http:\/\/data.wordlift.io\/wl01857\/entity\/czwartek\">\ubaa9\uc694\uc77c<\/span> wi\u0105\u017ce si\u0119 w Niemczech z malowaniem jajek na kolor zielony. W niekt\u00f3rych cz\u0119\u015bciach kraju mo\u017cemy r\u00f3wnie\u017c natkn\u0105\u0107 si\u0119 na zwyczaj jedzenia w tym dniu zielonych pokarm\u00f3w jak chocia\u017cby sa\u0142ata, szpinak, szczypiorek i tym podobne warzywa.<\/p>\n<h2><span class=\"ez-toc-section\" id=\"Wielki_Piatek_obchodzony_w_Niemczech\"><\/span>\ub3c5\uc77c\uc5d0\uc11c \uc131 \uae08\uc694\uc77c\uc744 \uae30\ub150\ud558\ub2e4<span class=\"ez-toc-section-end\"><\/span><\/h2>\n<p>\ub3c5\uc77c\uc778\uc5d0\uac8c \uc131 \uae08\uc694\uc77c\uc740 \ud2b9\ubcc4\ud55c \uae30\ub3c4\uc758 \ub0a0\uc785\ub2c8\ub2e4. \ub3c5\uc77c\uc5d0\uc11c\uc640 \ub9c8\ucc2c\uac00\uc9c0\ub85c \uc6b0\ub9ac\uc640 \uc774\uc6c3 \uac04\uc758 \uae30\ubcf8 \uc6d0\uce59\uc740 \ub2e4\uc74c\uacfc \uac19\uc2b5\ub2c8\ub2e4. <span id=\"urn:enhancement-c976aa52\" class=\"textannotation disambiguated wl-other\" itemid=\"http:\/\/data.wordlift.io\/wl01857\/entity\/wielki_piatek\">\uc131 \uae08\uc694\uc77c<\/span> jest r\u00f3wnie\u017c dniem ustawowo wolnym od pracy. Mo\u017cna natkn\u0105\u0107 si\u0119 r\u00f3wnie\u017c na nazw\u0119 Cichy Pi\u0105tek (Stiller Freitag) jednak w wi\u0119kszo\u015bci jest to po prostu Karfreita (<span id=\"urn:enhancement-1f66b307\" class=\"textannotation disambiguated wl-other\" itemid=\"http:\/\/data.wordlift.io\/wl01857\/entity\/wielki_piatek\">\uc131 \uae08\uc694\uc77c<\/span>). \uc774\ub54c \ube75, \ubb3c, \ud3ec\ub3c4\uc8fc\ub85c \uad6c\uc131\ub41c \uacf5\ub3d9 \uc2dd\uc0ac\ub97c \ud558\ub294 \uad00\uc2b5\uc774 \uc788\uc2b5\ub2c8\ub2e4. \uc774 \ud589\uc0ac\ub97c \uc544\uac00\ud398\ub77c\uace0\ud569\ub2c8\ub2e4. \uadf8\ub7ec\ub098 \ub3c5\uc77c\uc778\ub4e4\uc740\uc774 \ub0a0\uc5d0 \uc5c4\uaca9\ud55c \uae08\uc2dd\uc744 \ucd95\ud558\ud558\ub294 \uc2b5\uad00\uc774 \uc5c6\uc2b5\ub2c8\ub2e4.<\/p>\n<h2><span class=\"ez-toc-section\" id=\"Wielka_Sobota_obchodzona_w_Niemczech\"><\/span>\ub3c5\uc77c\uc5d0\uc11c \uc131 \ud1a0\uc694\uc77c\uc744 \uae30\ub150\ud558\ub2e4<span class=\"ez-toc-section-end\"><\/span><\/h2>\n<p>\uce74\ub78c\uc2a4\ud0c0\uadf8 - \ub610\ub294 \uc704\ub300\ud55c <span id=\"urn:enhancement-1387a705\" class=\"textannotation disambiguated wl-other\" itemid=\"http:\/\/data.wordlift.io\/wl01857\/entity\/sobota\">\ud1a0\uc694\uc77c<\/span> (\ub54c\ub85c\ub294 \uc2a4\ud2f8\ub7ec \uc0d8\uc2a4\ud0dc\uadf8 - \uc0ac\uc77c\ub7f0\ud2b8\ub77c\uace0\ub3c4 \ud568) <span id=\"urn:enhancement-e09a9b80\" class=\"textannotation disambiguated wl-other\" itemid=\"http:\/\/data.wordlift.io\/wl01857\/entity\/sobota\">\ud1a0\uc694\uc77c<\/span>)\ub294 \ube44\uc2a4\ud234\ub77c\uc758 \ub0a0\uacfc \ub9e4\uc6b0 \uc720\uc0ac\ud55c \uc911\uc694\uc131\uc744 \uc9c0\ub2cc \ub0a0\uc785\ub2c8\ub2e4. <span id=\"urn:enhancement-cc91839f\" class=\"textannotation disambiguated wl-other\" itemid=\"http:\/\/data.wordlift.io\/wl01857\/entity\/sobota\">\ud1a0\uc694\uc77c<\/span> \uc740 \uce68\ubb35\uacfc \ubb35\uc0c1\uc758 \ub0a0\uc785\ub2c8\ub2e4. \uc774 \ub0a0\uc740 \uae30\ub150\ud558\uc9c0 \uc54a\uc2b5\ub2c8\ub2e4. <span id=\"urn:enhancement-ea9e4246\" class=\"textannotation disambiguated wl-other\" itemid=\"http:\/\/data.wordlift.io\/wl01378\/entity\/msza\">\uc9c8\ub7c9<\/span> \uc131\uc790. \ub3c5\uc77c\uc778\uc5d0\uac8c\ub294 (\ud3f4\ub780\ub4dc\uc778\ucc98\ub7fc) \ub2e4\uc74c\uacfc \uac19\uc740 \uc804\ud1b5\uc774 \uc5c6\uc2b5\ub2c8\ub2e4. <span id=\"urn:enhancement-d188f47e\" class=\"textannotation disambiguated wl-other\" itemid=\"http:\/\/data.wordlift.io\/wl01857\/entity\/holy_orders\">\uc548\uc218<\/span> \ubd80\ud65c\uc808 \uc694\ub9ac\uc640 \ubc14\uad6c\ub2c8. \uc77c\ubd80 \uc8fc(\uc8fc\ub85c \ubd81\ubd80 \uc9c0\uc5ed) <span id=\"urn:enhancement-c5af7001\" class=\"textannotation disambiguated wl-other\" itemid=\"http:\/\/data.wordlift.io\/wl01378\/entity\/parafie\">\uad50\uad6c<\/span> \uac74\ubb3c \uc55e\uc5d0\uc11c \uac70\ub300\ud55c \ubaa8\ub2e5\ubd88\uc744 \ud53c\uc6b0\ub294 \uc804\ud1b5\uc744 \ubc30\uc591\ud569\ub2c8\ub2e4. <span id=\"urn:enhancement-f50283f7\" class=\"textannotation disambiguated wl-other\" itemid=\"http:\/\/data.wordlift.io\/wl01378\/entity\/kosciol_budynek\">\uad50\ud68c<\/span>. \uc774\ubca4\ud2b8 \uae30\uac04 \ub3d9\uc548 <span id=\"urn:enhancement-3bdefc50\" class=\"textannotation disambiguated wl-other\" itemid=\"http:\/\/data.wordlift.io\/wl01378\/entity\/prezbiter\">\uc0ac\uc81c<\/span> \uc131\ub3c4 <a href=\"https:\/\/chrystus.pl\/ko-kr\/jak-wyglada-pieklo-2\/\">fire<\/a> \uc5d0\uc11c \ud30c\uc2a4\uce74 \uc591\ucd08\ub97c \ucf1c\uc11c <span id=\"urn:enhancement-651ebd8b\" class=\"textannotation disambiguated wl-other\" itemid=\"http:\/\/data.wordlift.io\/wl01378\/entity\/kosciol_budynek\">\uad50\ud68c<\/span> \uadf8\ub9ac\uace0 \uc2e0\uc790\ub4e4\uc740 \ubd80\ud65c\uc808 \ucd1b\ubd88\uc744 \ubc1d\ud799\ub2c8\ub2e4.<\/p>\n<h2><span class=\"ez-toc-section\" id=\"Niedziela_Wielkanocna_obchodzona_w_Niemczech\"><\/span>\ub3c5\uc77c\uc5d0\uc11c \ub9de\uc774\ud558\ub294 \ubd80\ud65c\uc808 \uc77c\uc694\uc77c<span class=\"ez-toc-section-end\"><\/span><\/h2>\n<p><span id=\"urn:enhancement-a680d847\" class=\"textannotation disambiguated wl-other\" itemid=\"http:\/\/data.wordlift.io\/wl01857\/entity\/wielkanoc\">\ubd80\ud65c\uc808<\/span>. \ud558\ub8e8\ub294 \ub2e4\uc74c\uacfc \uac19\uc774 \uc2dc\uc791\ub429\ub2c8\ub2e4. <span id=\"urn:enhancement-4f6b3a23\" class=\"textannotation disambiguated wl-other\" itemid=\"http:\/\/data.wordlift.io\/wl01378\/entity\/msza\">\uc9c8\ub7c9<\/span> rezurekcyjnej, odprawianej wcze\u015bnie rano. Przy \u015bniadaniu Niemcy kultywuj\u0105 zwyczaj stukania si\u0119 jajkami. Na sto\u0142ach p\u0142on\u0105 wielkanocne \u015bwiece, obok kt\u00f3rych ustawia si\u0119 cukrowe zaj\u0105ce. Po \u015bniadaniu niemieckie dzieci zajmuj\u0105 si\u0119 szukaniem ukrytych pisanek i s\u0142odyczy. Daniem g\u0142\u00f3wnym na niemieckich, wielkanocnych sto\u0142ach jest piecze\u0144 z barana. Dochodz\u0105 do tego r\u00f3\u017cnorakie ciasta i <span id=\"urn:enhancement-92263c9e\" class=\"textannotation disambiguated wl-other\" itemid=\"http:\/\/data.wordlift.io\/wl01857\/entity\/slodycze\">\uacfc\uc790<\/span>.<\/p>\n<p><strong><span id=\"urn:enhancement-8b907bcc\" class=\"textannotation disambiguated wl-other\" itemid=\"http:\/\/data.wordlift.io\/wl01857\/entity\/poniedzialek_wielkanocny\">\ubd80\ud65c\uc808 \uc6d4\uc694\uc77c<\/span><\/strong> \ub294 \ud3c9\ubc94\ud55c \ud734\uc2dd\uc758 \ub0a0\uc785\ub2c8\ub2e4. \ub3c5\uc77c\uc778\ub4e4\uc740 Smigus-Dyngus\uc758 \uac1c\ub150\uc744 \ubaa8\ub974\uace0 \ud558\ub8e8\ub97c \uc644\uc804\ud788 \ud734\uc2dd\uc73c\ub85c \ubcf4\ub0c5\ub2c8\ub2e4. \ubb3c\ub860 <span id=\"urn:enhancement-741ec100\" class=\"textannotation disambiguated wl-other\" itemid=\"http:\/\/data.wordlift.io\/wl01857\/entity\/dni_wolne_od_pracy\">\uacf5\ud734\uc77c<\/span>.<\/p>\n<p>&nbsp;<\/p>","protected":false},"excerpt":{"rendered":"<p>\u015awi\u0119ta Wielkanocne w Niemczech nieco r\u00f3\u017cni\u0105 si\u0119 od tych obchodzonych w naszym kraju. Chocia\u017c nasi zachodni s\u0105siedzi maj\u0105 podobn\u0105 estetyk\u0119 czy raczej symbolik\u0119 tego wydarzenia (pisanki, wydmuszki czy zaj\u0105c wielkanocny), to w samych obchodach \u015bwi\u0119ta znajdziemy nieco r\u00f3\u017cnic. Warto r\u00f3wnie\u017c zwr\u00f3ci\u0107 uwag\u0119, \u017ce tradycje wielkanocne b\u0119d\u0105 r\u00f3\u017cni\u0142y si\u0119 r\u00f3wnie\u017c pomi\u0119dzy poszczeg\u00f3lnymi regionami w samych Niemczech &hellip;<\/p>","protected":false},"author":1,"featured_media":855,"comment_status":"open","ping_status":"closed","sticky":false,"template":"","format":"standard","meta":{"footnotes":""},"categories":[53],"tags":[],"class_list":["post-854","post","type-post","status-publish","format-standard","has-post-thumbnail","hentry","category-wielkanoc"],"yoast_head":"<!-- This site is optimized with the Yoast SEO plugin v27.5 - https:\/\/yoast.com\/product\/yoast-seo-wordpress\/ -->\n<title>Jak Niemcy Obchodz\u0105 Wielkanoc? - Chrystus<\/title>\n<meta name=\"description\" content=\"\u015awi\u0119ta Wielkanocne w Niemczech nieco r\u00f3\u017cni\u0105 si\u0119 od tych obchodzonych w naszym kraju. Chocia\u017c nasi zachodni s\u0105siedzi maj\u0105 podobn\u0105 estetyk\u0119 czy raczej\" \/>\n<meta name=\"robots\" content=\"index, follow, max-snippet:-1, max-image-preview:large, max-video-preview:-1\" \/>\n<link rel=\"canonical\" href=\"https:\/\/chrystus.pl\/ko-kr\/\ub3c5\uc77c\uc774-\ubd80\ud65c\uc808\uc744-\ucd95\ud558\ud558\ub294-\ubc29\ubc95\/\" \/>\n<meta property=\"og:locale\" content=\"ko_KR\" \/>\n<meta property=\"og:type\" content=\"article\" \/>\n<meta property=\"og:title\" content=\"Jak Niemcy Obchodz\u0105 Wielkanoc? - Chrystus\" \/>\n<meta property=\"og:description\" content=\"\u015awi\u0119ta Wielkanocne w Niemczech nieco r\u00f3\u017cni\u0105 si\u0119 od tych obchodzonych w naszym kraju. Chocia\u017c nasi zachodni s\u0105siedzi maj\u0105 podobn\u0105 estetyk\u0119 czy raczej\" \/>\n<meta property=\"og:url\" content=\"https:\/\/chrystus.pl\/ko-kr\/\ub3c5\uc77c\uc774-\ubd80\ud65c\uc808\uc744-\ucd95\ud558\ud558\ub294-\ubc29\ubc95\/\" \/>\n<meta property=\"og:site_name\" content=\"Chrystus\" \/>\n<meta property=\"article:published_time\" content=\"2019-12-27T21:06:35+00:00\" \/>\n<meta property=\"article:modified_time\" content=\"2020-01-13T07:49:12+00:00\" \/>\n<meta property=\"og:image\" content=\"https:\/\/chrystus.pl\/wp-content\/uploads\/2019\/12\/jak-wielkanoc-jest-obchodzona-w-niemczech.jpg\" \/>\n\t<meta property=\"og:image:width\" content=\"1280\" \/>\n\t<meta property=\"og:image:height\" content=\"853\" \/>\n\t<meta property=\"og:image:type\" content=\"image\/jpeg\" \/>\n<meta name=\"author\" content=\"Samarytanka\" \/>\n<meta name=\"twitter:card\" content=\"summary_large_image\" \/>\n<meta name=\"twitter:label1\" content=\"\uae00\uc4f4\uc774\" \/>\n\t<meta name=\"twitter:data1\" content=\"Samarytanka\" \/>\n\t<meta name=\"twitter:label2\" content=\"\uc608\uc0c1 \ub418\ub294 \ud310\ub3c5 \uc2dc\uac04\" \/>\n\t<meta name=\"twitter:data2\" content=\"3\ubd84\" \/>\n<!-- \/ Yoast SEO plugin. -->","yoast_head_json":{"title":"\ub3c5\uc77c\uc778\ub4e4\uc740 \ubd80\ud65c\uc808\uc744 \uc5b4\ub5bb\uac8c \ucd95\ud558\ud560\uae4c\uc694? - \uadf8\ub9ac\uc2a4\ub3c4","description":"\ub3c5\uc77c\uc758 \ubd80\ud65c\uc808\uc740 \uc6b0\ub9ac\ub098\ub77c\uc5d0\uc11c \uae30\ub150\ud558\ub294 \ubd80\ud65c\uc808\uacfc \uc57d\uac04 \ub2e4\ub985\ub2c8\ub2e4. \uc6b0\ub9ac \uc11c\uc591\uc758 \uc774\uc6c3\ub4e4\uc740 \ube44\uc2b7\ud55c \ubbf8\ud559\uc744 \uac00\uc9c0\uace0 \uc788\uac70\ub098 \uc624\ud788\ub824","robots":{"index":"index","follow":"follow","max-snippet":"max-snippet:-1","max-image-preview":"max-image-preview:large","max-video-preview":"max-video-preview:-1"},"canonical":"https:\/\/chrystus.pl\/ko-kr\/\ub3c5\uc77c\uc774-\ubd80\ud65c\uc808\uc744-\ucd95\ud558\ud558\ub294-\ubc29\ubc95\/","og_locale":"ko_KR","og_type":"article","og_title":"Jak Niemcy Obchodz\u0105 Wielkanoc? - Chrystus","og_description":"\u015awi\u0119ta Wielkanocne w Niemczech nieco r\u00f3\u017cni\u0105 si\u0119 od tych obchodzonych w naszym kraju. Chocia\u017c nasi zachodni s\u0105siedzi maj\u0105 podobn\u0105 estetyk\u0119 czy raczej","og_url":"https:\/\/chrystus.pl\/ko-kr\/\ub3c5\uc77c\uc774-\ubd80\ud65c\uc808\uc744-\ucd95\ud558\ud558\ub294-\ubc29\ubc95\/","og_site_name":"Chrystus","article_published_time":"2019-12-27T21:06:35+00:00","article_modified_time":"2020-01-13T07:49:12+00:00","og_image":[{"width":1280,"height":853,"url":"https:\/\/chrystus.pl\/wp-content\/uploads\/2019\/12\/jak-wielkanoc-jest-obchodzona-w-niemczech.jpg","type":"image\/jpeg"}],"author":"Samarytanka","twitter_card":"summary_large_image","twitter_misc":{"\uae00\uc4f4\uc774":"Samarytanka","\uc608\uc0c1 \ub418\ub294 \ud310\ub3c5 \uc2dc\uac04":"3\ubd84"},"schema":{"@context":"https:\/\/schema.org","@graph":[{"@type":"Article","@id":"https:\/\/chrystus.pl\/jak-niemcy-obchodza-wielkanoc\/#article","isPartOf":{"@id":"https:\/\/chrystus.pl\/jak-niemcy-obchodza-wielkanoc\/"},"author":{"name":"Samarytanka","@id":"https:\/\/chrystus.pl\/#\/schema\/person\/e2e742452b8b7b2bcd23ea180671d27a"},"headline":"Jak Niemcy Obchodz\u0105 Wielkanoc?","datePublished":"2019-12-27T21:06:35+00:00","dateModified":"2020-01-13T07:49:12+00:00","mainEntityOfPage":{"@id":"https:\/\/chrystus.pl\/jak-niemcy-obchodza-wielkanoc\/"},"wordCount":553,"commentCount":0,"publisher":{"@id":"https:\/\/chrystus.pl\/#organization"},"image":{"@id":"https:\/\/chrystus.pl\/jak-niemcy-obchodza-wielkanoc\/#primaryimage"},"thumbnailUrl":"https:\/\/chrystus.pl\/wp-content\/uploads\/2019\/12\/jak-wielkanoc-jest-obchodzona-w-niemczech.jpg","articleSection":["Wielkanoc"],"inLanguage":"ko-KR","potentialAction":[{"@type":"CommentAction","name":"Comment","target":["https:\/\/chrystus.pl\/jak-niemcy-obchodza-wielkanoc\/#respond"]}]},{"@type":"WebPage","@id":"https:\/\/chrystus.pl\/jak-niemcy-obchodza-wielkanoc\/","url":"https:\/\/chrystus.pl\/jak-niemcy-obchodza-wielkanoc\/","name":"\ub3c5\uc77c\uc778\ub4e4\uc740 \ubd80\ud65c\uc808\uc744 \uc5b4\ub5bb\uac8c \ucd95\ud558\ud560\uae4c\uc694? - \uadf8\ub9ac\uc2a4\ub3c4","isPartOf":{"@id":"https:\/\/chrystus.pl\/#website"},"primaryImageOfPage":{"@id":"https:\/\/chrystus.pl\/jak-niemcy-obchodza-wielkanoc\/#primaryimage"},"image":{"@id":"https:\/\/chrystus.pl\/jak-niemcy-obchodza-wielkanoc\/#primaryimage"},"thumbnailUrl":"https:\/\/chrystus.pl\/wp-content\/uploads\/2019\/12\/jak-wielkanoc-jest-obchodzona-w-niemczech.jpg","datePublished":"2019-12-27T21:06:35+00:00","dateModified":"2020-01-13T07:49:12+00:00","description":"\ub3c5\uc77c\uc758 \ubd80\ud65c\uc808\uc740 \uc6b0\ub9ac\ub098\ub77c\uc5d0\uc11c \uae30\ub150\ud558\ub294 \ubd80\ud65c\uc808\uacfc \uc57d\uac04 \ub2e4\ub985\ub2c8\ub2e4. \uc6b0\ub9ac \uc11c\uc591\uc758 \uc774\uc6c3\ub4e4\uc740 \ube44\uc2b7\ud55c \ubbf8\ud559\uc744 \uac00\uc9c0\uace0 \uc788\uac70\ub098 \uc624\ud788\ub824","breadcrumb":{"@id":"https:\/\/chrystus.pl\/jak-niemcy-obchodza-wielkanoc\/#breadcrumb"},"inLanguage":"ko-KR","potentialAction":[{"@type":"ReadAction","target":["https:\/\/chrystus.pl\/jak-niemcy-obchodza-wielkanoc\/"]}]},{"@type":"ImageObject","inLanguage":"ko-KR","@id":"https:\/\/chrystus.pl\/jak-niemcy-obchodza-wielkanoc\/#primaryimage","url":"https:\/\/chrystus.pl\/wp-content\/uploads\/2019\/12\/jak-wielkanoc-jest-obchodzona-w-niemczech.jpg","contentUrl":"https:\/\/chrystus.pl\/wp-content\/uploads\/2019\/12\/jak-wielkanoc-jest-obchodzona-w-niemczech.jpg","width":1280,"height":853,"caption":"jak wielkanoc jest obchodzona w niemczech"},{"@type":"BreadcrumbList","@id":"https:\/\/chrystus.pl\/jak-niemcy-obchodza-wielkanoc\/#breadcrumb","itemListElement":[{"@type":"ListItem","position":1,"name":"Strona g\u0142\u00f3wna","item":"https:\/\/chrystus.pl\/"},{"@type":"ListItem","position":2,"name":"Jak Niemcy Obchodz\u0105 Wielkanoc?"}]},{"@type":"WebSite","@id":"https:\/\/chrystus.pl\/#website","url":"https:\/\/chrystus.pl\/","name":"Christ","description":"\ud558\ub098\ub2d8, \ub9c8\ub9ac\uc544, \uc608\uc218\ub2d8, \uc601\uc131\uccb4 \ub4f1","publisher":{"@id":"https:\/\/chrystus.pl\/#organization"},"potentialAction":[{"@type":"SearchAction","target":{"@type":"EntryPoint","urlTemplate":"https:\/\/chrystus.pl\/?s={search_term_string}"},"query-input":{"@type":"PropertyValueSpecification","valueRequired":true,"valueName":"search_term_string"}}],"inLanguage":"ko-KR"},{"@type":"Organization","@id":"https:\/\/chrystus.pl\/#organization","name":"Christ.pl","url":"https:\/\/chrystus.pl\/","logo":{"@type":"ImageObject","inLanguage":"ko-KR","@id":"https:\/\/chrystus.pl\/#\/schema\/logo\/image\/","url":"https:\/\/chrystus.pl\/wp-content\/uploads\/2019\/03\/chrystus-bog-maryja-komunia-bierzmowanie.jpg","contentUrl":"https:\/\/chrystus.pl\/wp-content\/uploads\/2019\/03\/chrystus-bog-maryja-komunia-bierzmowanie.jpg","width":1920,"height":1280,"caption":"Chrystus.pl"},"image":{"@id":"https:\/\/chrystus.pl\/#\/schema\/logo\/image\/"}},{"@type":"Person","@id":"https:\/\/chrystus.pl\/#\/schema\/person\/e2e742452b8b7b2bcd23ea180671d27a","name":"\uc0ac\ub9c8\ub9ac\uc544\uc778 \uc5ec\uc790"}]}},"_links":{"self":[{"href":"https:\/\/chrystus.pl\/ko-kr\/wp-json\/wp\/v2\/posts\/854","targetHints":{"allow":["GET"]}}],"collection":[{"href":"https:\/\/chrystus.pl\/ko-kr\/wp-json\/wp\/v2\/posts"}],"about":[{"href":"https:\/\/chrystus.pl\/ko-kr\/wp-json\/wp\/v2\/types\/post"}],"author":[{"embeddable":true,"href":"https:\/\/chrystus.pl\/ko-kr\/wp-json\/wp\/v2\/users\/1"}],"replies":[{"embeddable":true,"href":"https:\/\/chrystus.pl\/ko-kr\/wp-json\/wp\/v2\/comments?post=854"}],"version-history":[{"count":0,"href":"https:\/\/chrystus.pl\/ko-kr\/wp-json\/wp\/v2\/posts\/854\/revisions"}],"wp:featuredmedia":[{"embeddable":true,"href":"https:\/\/chrystus.pl\/ko-kr\/wp-json\/wp\/v2\/media\/855"}],"wp:attachment":[{"href":"https:\/\/chrystus.pl\/ko-kr\/wp-json\/wp\/v2\/media?parent=854"}],"wp:term":[{"taxonomy":"category","embeddable":true,"href":"https:\/\/chrystus.pl\/ko-kr\/wp-json\/wp\/v2\/categories?post=854"},{"taxonomy":"post_tag","embeddable":true,"href":"https:\/\/chrystus.pl\/ko-kr\/wp-json\/wp\/v2\/tags?post=854"}],"curies":[{"name":"wp","href":"https:\/\/api.w.org\/{rel}","templated":true}]}}