{"id":1431,"date":"2020-03-30T22:22:00","date_gmt":"2020-03-30T22:22:00","guid":{"rendered":"https:\/\/chrystus.pl\/?p=1431"},"modified":"2020-03-30T22:22:00","modified_gmt":"2020-03-30T22:22:00","slug":"kto-stworzyl-pieklo","status":"publish","type":"post","link":"https:\/\/chrystus.pl\/lt\/kto-stworzyl-pieklo\/","title":{"rendered":"Kas suk\u016br\u0117 pragar\u0105?"},"content":{"rendered":"<p><span>Jedno z najwa\u017cniejszych zagadnie\u0144 dotycz\u0105cych istnienia si\u0142 z\u0142a jest to jak powsta\u0142o <a href=\"https:\/\/chrystus.pl\/lt\/jak-wyglada-pieklo-2\/\">pragaras<\/a>. Ar j\u0105 suk\u016br\u0117 Vie\u0161pats Dievas? Ar tai m\u016bs\u0173 T\u0117vas padar\u0117 tiek daug skriaud\u0173 ir pasmerk\u0117 tiek daug siel\u0173? \u017dinoma, tai nes\u0105mon\u0117, kuri\u0105 kuo da\u017eniau kartoja nei\u0161man\u0117liai, da\u017eniausiai net katalikai. <\/span><\/p>\n<p><span>Pami\u0119tajmy, \u017ce jednym z podstawowych praw jakie Pan nada\u0142 cz\u0142owiekowi jest to stanowi\u0105ce o wolnej woli cz\u0142owieka i braku ingerencji Boga we wszystkie ludzie sprawy na Ziemi. A wi\u0119c jak powsta\u0142o piek\u0142o? W relacji Ojca Gabriele Amorotha, kt\u00f3ry jest najbardziej znanym i powa\u017canym egzorcyst\u0105 \u015bwiata, kt\u00f3ry opowiedzia\u0142 o egzorcyzmie odprawianym przez o. Candido mo\u017cemy znale\u017a\u0107 bardzo prost\u0105 i bezpo\u015bredni\u0105 odpowied\u017a na to pytanie. Demon, kt\u00f3ry znajdowa\u0142 si\u0119 w ciele cz\u0142owieka powiedzia\u0142 do o. Candido: \u201eTo nie On, to nie Pan B\u00f3g stworzy\u0142 piek\u0142o. Nie. To my. Pan B\u00f3g nawet o tym nie pomy\u015bla\u0142\u201d. O. Amoroth podkre\u015bla, \u017ce jest to wielka prawda. Pan B\u00f3g stworzy\u0142 jedynie rzeczy wielkie i pi\u0119kne. Piek\u0142o stworzyli demoni. <\/span><\/p>\n<p><span>Je\u015bli cz\u0142owiek umiera w grzechu \u015bmiertelnym, pod\u0105\u017ca za Szatanem, kt\u00f3ry poci\u0105ga go za sob\u0105 do piek\u0142a. Piek\u0142o powsta\u0142o wi\u0119c bez ingerencji Pana Boga. Powsta\u0142o ono wy\u0142\u0105cznie dzi\u0119ki wolnej woli i przestrzeni jak\u0105 Pan B\u00f3g stworzy\u0142 dla dzia\u0142ania swoich poddanych. Ojciec Amoroth zdaje relacje r\u00f3wnie\u017c z egzorcyz\u00f3w przeprowadzanych przez niego osobi\u015bcie, w kt\u00f3rych pyta\u0142 Demony o to kto stworzy\u0142 piek\u0142o. Te mia\u0142y mu odpowiada\u0107, \u017ce to one odpowiadaj\u0105 za stworzenie piek\u0142a.<\/span><\/p>","protected":false},"excerpt":{"rendered":"<p>Jedno z najwa\u017cniejszych zagadnie\u0144 dotycz\u0105cych istnienia si\u0142 z\u0142a jest to jak powsta\u0142o piek\u0142o. Czy zosta\u0142o ono stworzone przez Pana Boga? Czy to nasz Ojciec doprowadzi\u0142 do tylu krzywd i pot\u0119pienia wielu dusz? Oczywi\u015bcie s\u0105 to bzdury, powtarzane jak\u017ce cz\u0119sto przez niczego nie\u015bwiadomych ludzi, b\u0119d\u0105cych w du\u017cej mierze nawet katolikami. Pami\u0119tajmy, \u017ce jednym z podstawowych praw &hellip;<\/p>","protected":false},"author":1,"featured_media":1432,"comment_status":"open","ping_status":"closed","sticky":false,"template":"","format":"standard","meta":{"footnotes":""},"categories":[62],"tags":[],"class_list":["post-1431","post","type-post","status-publish","format-standard","has-post-thumbnail","hentry","category-pieklo"],"yoast_head":"<!-- This site is optimized with the Yoast SEO plugin v27.5 - https:\/\/yoast.com\/product\/yoast-seo-wordpress\/ -->\n<title>Kto stworzy\u0142 piek\u0142o? - Chrystus<\/title>\n<meta name=\"description\" content=\"Jedno z najwa\u017cniejszych zagadnie\u0144 dotycz\u0105cych istnienia si\u0142 z\u0142a jest to jak powsta\u0142o piek\u0142o. Czy zosta\u0142o ono stworzone przez Pana Boga? Czy to nasz Ojciec\" \/>\n<meta name=\"robots\" content=\"index, follow, max-snippet:-1, max-image-preview:large, max-video-preview:-1\" \/>\n<link rel=\"canonical\" href=\"https:\/\/chrystus.pl\/lt\/who-created-hell-2\/\" \/>\n<meta property=\"og:locale\" content=\"lt_LT\" \/>\n<meta property=\"og:type\" content=\"article\" \/>\n<meta property=\"og:title\" content=\"Kto stworzy\u0142 piek\u0142o?\" \/>\n<meta property=\"og:description\" content=\"Jedno z najwa\u017cniejszych zagadnie\u0144 dotycz\u0105cych istnienia si\u0142 z\u0142a jest to jak powsta\u0142o piek\u0142o. Czy zosta\u0142o ono stworzone przez Pana Boga?\" \/>\n<meta property=\"og:url\" content=\"https:\/\/chrystus.pl\/lt\/who-created-hell-2\/\" \/>\n<meta property=\"og:site_name\" content=\"Chrystus\" \/>\n<meta property=\"article:published_time\" content=\"2020-03-30T22:22:00+00:00\" \/>\n<meta property=\"og:image\" content=\"https:\/\/chrystus.pl\/wp-content\/uploads\/2020\/03\/Kto-stworzy\u0142-piek\u0142o.jpg\" \/>\n\t<meta property=\"og:image:width\" content=\"640\" \/>\n\t<meta property=\"og:image:height\" content=\"426\" \/>\n\t<meta property=\"og:image:type\" content=\"image\/jpeg\" \/>\n<meta name=\"author\" content=\"Samarytanka\" \/>\n<meta name=\"twitter:card\" content=\"summary_large_image\" \/>\n<meta name=\"twitter:title\" content=\"Kto stworzy\u0142 piek\u0142o?\" \/>\n<meta name=\"twitter:description\" content=\"Jedno z najwa\u017cniejszych zagadnie\u0144 dotycz\u0105cych istnienia si\u0142 z\u0142a jest to jak powsta\u0142o piek\u0142o. Czy zosta\u0142o ono stworzone przez Pana Boga?\" \/>\n<meta name=\"twitter:image\" content=\"https:\/\/chrystus.pl\/wp-content\/uploads\/2020\/03\/Kto-stworzy\u0142-piek\u0142o.jpg\" \/>\n<meta name=\"twitter:label1\" content=\"Written by\" \/>\n\t<meta name=\"twitter:data1\" content=\"Samarytanka\" \/>\n\t<meta name=\"twitter:label2\" content=\"Est. reading time\" \/>\n\t<meta name=\"twitter:data2\" content=\"1 minut\u0117\" \/>\n<!-- \/ Yoast SEO plugin. -->","yoast_head_json":{"title":"Kas suk\u016br\u0117 pragar\u0105? - Kristus","description":"Vienas svarbiausi\u0173 klausim\u0173, susijusi\u0173 su blogio j\u0117g\u0173 egzistavimu, - kaip atsirado pragaras. Ar j\u0105 suk\u016br\u0117 Dievas? Arba tai buvo m\u016bs\u0173 T\u0117vas","robots":{"index":"index","follow":"follow","max-snippet":"max-snippet:-1","max-image-preview":"max-image-preview:large","max-video-preview":"max-video-preview:-1"},"canonical":"https:\/\/chrystus.pl\/lt\/who-created-hell-2\/","og_locale":"lt_LT","og_type":"article","og_title":"Kto stworzy\u0142 piek\u0142o?","og_description":"Jedno z najwa\u017cniejszych zagadnie\u0144 dotycz\u0105cych istnienia si\u0142 z\u0142a jest to jak powsta\u0142o piek\u0142o. Czy zosta\u0142o ono stworzone przez Pana Boga?","og_url":"https:\/\/chrystus.pl\/lt\/who-created-hell-2\/","og_site_name":"Chrystus","article_published_time":"2020-03-30T22:22:00+00:00","og_image":[{"width":640,"height":426,"url":"https:\/\/chrystus.pl\/wp-content\/uploads\/2020\/03\/Kto-stworzy\u0142-piek\u0142o.jpg","type":"image\/jpeg"}],"author":"Samarytanka","twitter_card":"summary_large_image","twitter_title":"Kto stworzy\u0142 piek\u0142o?","twitter_description":"Jedno z najwa\u017cniejszych zagadnie\u0144 dotycz\u0105cych istnienia si\u0142 z\u0142a jest to jak powsta\u0142o piek\u0142o. Czy zosta\u0142o ono stworzone przez Pana Boga?","twitter_image":"https:\/\/chrystus.pl\/wp-content\/uploads\/2020\/03\/Kto-stworzy\u0142-piek\u0142o.jpg","twitter_misc":{"Written by":"Samarytanka","Est. reading time":"1 minut\u0117"},"schema":{"@context":"https:\/\/schema.org","@graph":[{"@type":"Article","@id":"https:\/\/chrystus.pl\/kto-stworzyl-pieklo\/#article","isPartOf":{"@id":"https:\/\/chrystus.pl\/kto-stworzyl-pieklo\/"},"author":{"name":"Samarytanka","@id":"https:\/\/chrystus.pl\/#\/schema\/person\/e2e742452b8b7b2bcd23ea180671d27a"},"headline":"Kto stworzy\u0142 piek\u0142o?","datePublished":"2020-03-30T22:22:00+00:00","mainEntityOfPage":{"@id":"https:\/\/chrystus.pl\/kto-stworzyl-pieklo\/"},"wordCount":292,"commentCount":0,"publisher":{"@id":"https:\/\/chrystus.pl\/#organization"},"image":{"@id":"https:\/\/chrystus.pl\/kto-stworzyl-pieklo\/#primaryimage"},"thumbnailUrl":"https:\/\/chrystus.pl\/wp-content\/uploads\/2020\/03\/Kto-stworzy\u0142-piek\u0142o.jpg","articleSection":["Piek\u0142o"],"inLanguage":"lt-LT","potentialAction":[{"@type":"CommentAction","name":"Comment","target":["https:\/\/chrystus.pl\/kto-stworzyl-pieklo\/#respond"]}]},{"@type":"WebPage","@id":"https:\/\/chrystus.pl\/kto-stworzyl-pieklo\/","url":"https:\/\/chrystus.pl\/kto-stworzyl-pieklo\/","name":"Kas suk\u016br\u0117 pragar\u0105? - Kristus","isPartOf":{"@id":"https:\/\/chrystus.pl\/#website"},"primaryImageOfPage":{"@id":"https:\/\/chrystus.pl\/kto-stworzyl-pieklo\/#primaryimage"},"image":{"@id":"https:\/\/chrystus.pl\/kto-stworzyl-pieklo\/#primaryimage"},"thumbnailUrl":"https:\/\/chrystus.pl\/wp-content\/uploads\/2020\/03\/Kto-stworzy\u0142-piek\u0142o.jpg","datePublished":"2020-03-30T22:22:00+00:00","description":"Vienas svarbiausi\u0173 klausim\u0173, susijusi\u0173 su blogio j\u0117g\u0173 egzistavimu, - kaip atsirado pragaras. Ar j\u0105 suk\u016br\u0117 Dievas? Arba tai buvo m\u016bs\u0173 T\u0117vas","breadcrumb":{"@id":"https:\/\/chrystus.pl\/kto-stworzyl-pieklo\/#breadcrumb"},"inLanguage":"lt-LT","potentialAction":[{"@type":"ReadAction","target":["https:\/\/chrystus.pl\/kto-stworzyl-pieklo\/"]}]},{"@type":"ImageObject","inLanguage":"lt-LT","@id":"https:\/\/chrystus.pl\/kto-stworzyl-pieklo\/#primaryimage","url":"https:\/\/chrystus.pl\/wp-content\/uploads\/2020\/03\/Kto-stworzy\u0142-piek\u0142o.jpg","contentUrl":"https:\/\/chrystus.pl\/wp-content\/uploads\/2020\/03\/Kto-stworzy\u0142-piek\u0142o.jpg","width":"640","height":"426","caption":"Kto stworzy\u0142 piek\u0142o"},{"@type":"BreadcrumbList","@id":"https:\/\/chrystus.pl\/kto-stworzyl-pieklo\/#breadcrumb","itemListElement":[{"@type":"ListItem","position":1,"name":"Strona g\u0142\u00f3wna","item":"https:\/\/chrystus.pl\/"},{"@type":"ListItem","position":2,"name":"Kto stworzy\u0142 piek\u0142o?"}]},{"@type":"WebSite","@id":"https:\/\/chrystus.pl\/#website","url":"https:\/\/chrystus.pl\/","name":"Kristus","description":"Dievas, Marija, J\u0117zus, Komunija ir dar daugiau","publisher":{"@id":"https:\/\/chrystus.pl\/#organization"},"potentialAction":[{"@type":"SearchAction","target":{"@type":"EntryPoint","urlTemplate":"https:\/\/chrystus.pl\/?s={search_term_string}"},"query-input":{"@type":"PropertyValueSpecification","valueRequired":true,"valueName":"search_term_string"}}],"inLanguage":"lt-LT"},{"@type":"Organization","@id":"https:\/\/chrystus.pl\/#organization","name":"Christ.pl","url":"https:\/\/chrystus.pl\/","logo":{"@type":"ImageObject","inLanguage":"lt-LT","@id":"https:\/\/chrystus.pl\/#\/schema\/logo\/image\/","url":"https:\/\/chrystus.pl\/wp-content\/uploads\/2019\/03\/chrystus-bog-maryja-komunia-bierzmowanie.jpg","contentUrl":"https:\/\/chrystus.pl\/wp-content\/uploads\/2019\/03\/chrystus-bog-maryja-komunia-bierzmowanie.jpg","width":1920,"height":1280,"caption":"Chrystus.pl"},"image":{"@id":"https:\/\/chrystus.pl\/#\/schema\/logo\/image\/"}},{"@type":"Person","@id":"https:\/\/chrystus.pl\/#\/schema\/person\/e2e742452b8b7b2bcd23ea180671d27a","name":"Samariet\u0117 moteris"}]}},"_links":{"self":[{"href":"https:\/\/chrystus.pl\/lt\/wp-json\/wp\/v2\/posts\/1431","targetHints":{"allow":["GET"]}}],"collection":[{"href":"https:\/\/chrystus.pl\/lt\/wp-json\/wp\/v2\/posts"}],"about":[{"href":"https:\/\/chrystus.pl\/lt\/wp-json\/wp\/v2\/types\/post"}],"author":[{"embeddable":true,"href":"https:\/\/chrystus.pl\/lt\/wp-json\/wp\/v2\/users\/1"}],"replies":[{"embeddable":true,"href":"https:\/\/chrystus.pl\/lt\/wp-json\/wp\/v2\/comments?post=1431"}],"version-history":[{"count":0,"href":"https:\/\/chrystus.pl\/lt\/wp-json\/wp\/v2\/posts\/1431\/revisions"}],"wp:featuredmedia":[{"embeddable":true,"href":"https:\/\/chrystus.pl\/lt\/wp-json\/wp\/v2\/media\/1432"}],"wp:attachment":[{"href":"https:\/\/chrystus.pl\/lt\/wp-json\/wp\/v2\/media?parent=1431"}],"wp:term":[{"taxonomy":"category","embeddable":true,"href":"https:\/\/chrystus.pl\/lt\/wp-json\/wp\/v2\/categories?post=1431"},{"taxonomy":"post_tag","embeddable":true,"href":"https:\/\/chrystus.pl\/lt\/wp-json\/wp\/v2\/tags?post=1431"}],"curies":[{"name":"wp","href":"https:\/\/api.w.org\/{rel}","templated":true}]}}