{"id":1521,"date":"2020-04-26T23:53:47","date_gmt":"2020-04-26T23:53:47","guid":{"rendered":"https:\/\/chrystus.pl\/?p=1521"},"modified":"2020-04-26T23:53:47","modified_gmt":"2020-04-26T23:53:47","slug":"czy-chrystus-mial-zone","status":"publish","type":"post","link":"https:\/\/chrystus.pl\/lt\/czy-chrystus-mial-zone\/","title":{"rendered":"Ar Kristus tur\u0117jo \u017emon\u0105?"},"content":{"rendered":"<p><span>Czy Chrystus mia\u0142 \u017con\u0119? Ta kwestia budzi wiele w\u0105tpliwo\u015bci w\u015br\u00f3d ludzi na ca\u0142ym \u015bwiecie. <\/span><\/p>\n<p><span>Oficjalne przekazy Biblijne nie wskazuj\u0105 w \u017cadne spos\u00f3b na to by Chrystus mia\u0142 kiedykolwiek \u017con\u0119. Nie wypowiada si\u0119 na temat Jego stanu cywilnego ani nawet jakichkolwiek relacji z kobietami. Musimy r\u00f3wnie\u017c pami\u0119ta\u0107, \u017ce w czasach Chrystusa nie by\u0142o jeszcze przecie\u017c takiego poj\u0119cia jak celibat. Czysto teoretycznie nie by\u0142o wi\u0119c \u017cadnych przeciwskaza\u0144 ku temu, aby Chrystus si\u0119 o\u017ceni\u0142. <a href=\"https:\/\/chrystus.pl\/lt\/biblia-jakuba-wujka\/\">Biblija<\/a> Ta\u010diau apie tai nieko nepara\u0161yta. <\/span><\/p>\n<p><span>Taip, ji daug kart\u0173 mini moteris i\u0161 Kristaus aplinkos, kurios lyd\u0117jo J\u012f Jo tarnyst\u0117s metu, buvo \u0161alia Jo ir net ged\u0117jo d\u0117l Jo kankinyst\u0117s ant kry\u017eiaus, ta\u010diau niekur n\u0117ra pasakyta, kad Kristus tur\u0117jo \u017emon\u0105. <\/span><\/p>\n<p><span>Labiausiai tik\u0117tina prie\u017eastis gali b\u016bti ta, kad Kristus netur\u0117jo \u017emonos.<br \/>\nW ewangelii \u015bw. Mateusza mo\u017cemy natkn\u0105\u0107 si\u0119 na fragment m\u00f3wi\u0105cy nam, \u017ce Chrystus daje przyk\u0142ad wszystkim tym, kt\u00f3rzy postanawiaj\u0105 nie zawiera\u0107 zwi\u0105zku ma\u0142\u017ce\u0144skiego, aby w pe\u0142ni po\u015bwi\u0119ci\u0107 si\u0119 s\u0142u\u017cbie Bogu. M\u00f3wi to s\u0142owami: Kto mo\u017ce temu (stanowi) uczyni\u0107 miejsce, niech uczyni\u201d (Mt 19:10-12).<br \/>\n<\/span><\/p>\n<p><span>\u017dinoma, kartkart\u0117mis pasaulyje pasirodo \u012fvairi\u0173 aprei\u0161kim\u0173, susijusi\u0173 su tariamu Kristaus \u017emonos atradimu, - pergament\u0173, kuriuose minimas toks asmuo, ar kit\u0173 \u012fra\u0161\u0173 pavidalu. Ta\u010diau n\u0117ra jokio oficialaus toki\u0173 \u012frodym\u0173 tikrumo patvirtinimo, o Ba\u017eny\u010dia oficialiai mini \u0161iuos aprei\u0161kimus ir juos neigia.<\/span><\/p>\n<p><span>\u00a0<\/span><\/p>","protected":false},"excerpt":{"rendered":"<p>Czy Chrystus mia\u0142 \u017con\u0119? Ta kwestia budzi wiele w\u0105tpliwo\u015bci w\u015br\u00f3d ludzi na ca\u0142ym \u015bwiecie. Oficjalne przekazy Biblijne nie wskazuj\u0105 w \u017cadne spos\u00f3b na to by Chrystus mia\u0142 kiedykolwiek \u017con\u0119. Nie wypowiada si\u0119 na temat Jego stanu cywilnego ani nawet jakichkolwiek relacji z kobietami. Musimy r\u00f3wnie\u017c pami\u0119ta\u0107, \u017ce w czasach Chrystusa nie by\u0142o jeszcze przecie\u017c takiego &hellip;<\/p>","protected":false},"author":1,"featured_media":1522,"comment_status":"closed","ping_status":"closed","sticky":false,"template":"","format":"standard","meta":{"footnotes":""},"categories":[61],"tags":[],"class_list":["post-1521","post","type-post","status-publish","format-standard","has-post-thumbnail","hentry","category-chrystus"],"yoast_head":"<!-- This site is optimized with the Yoast SEO plugin v27.5 - https:\/\/yoast.com\/product\/yoast-seo-wordpress\/ -->\n<title>Czy Chrystus mia\u0142 \u017con\u0119? - Chrystus<\/title>\n<meta name=\"description\" content=\"Czy Chrystus mia\u0142 \u017con\u0119? Ta kwestia budzi wiele w\u0105tpliwo\u015bci w\u015br\u00f3d ludzi na ca\u0142ym \u015bwiecie. Oficjalne przekazy Biblijne nie wskazuj\u0105 w \u017cadne spos\u00f3b na to by\" \/>\n<meta name=\"robots\" content=\"index, follow, max-snippet:-1, max-image-preview:large, max-video-preview:-1\" \/>\n<link rel=\"canonical\" href=\"https:\/\/chrystus.pl\/lt\/does-christ-have-a-zone\/\" \/>\n<meta property=\"og:locale\" content=\"lt_LT\" \/>\n<meta property=\"og:type\" content=\"article\" \/>\n<meta property=\"og:title\" content=\"Czy Chrystus mia\u0142 \u017con\u0119?\" \/>\n<meta property=\"og:description\" content=\"Owszem, wspomina Ona wielokrotnie o kobietach z kr\u0119gu Chrystusa, kt\u00f3re towarzyszy\u0142y Mu podczas s\u0142u\u017cby, bywa\u0142y w Jego pobli\u017cu, a nawet op\u0142akiwa\u0142y Jego \u015bmier\u0107 m\u0119cze\u0144sk\u0105 na krzy\u017cu, jednak nigdzie nie jest powiedziane, \u017ce Chrystus mia\u0142 \u017con\u0119.\" \/>\n<meta property=\"og:url\" content=\"https:\/\/chrystus.pl\/lt\/does-christ-have-a-zone\/\" \/>\n<meta property=\"og:site_name\" content=\"Chrystus\" \/>\n<meta property=\"article:published_time\" content=\"2020-04-26T23:53:47+00:00\" \/>\n<meta property=\"og:image\" content=\"https:\/\/chrystus.pl\/wp-content\/uploads\/2020\/04\/czy-chrystus-mial-zone.jpg\" \/>\n\t<meta property=\"og:image:width\" content=\"640\" \/>\n\t<meta property=\"og:image:height\" content=\"480\" \/>\n\t<meta property=\"og:image:type\" content=\"image\/jpeg\" \/>\n<meta name=\"author\" content=\"Samarytanka\" \/>\n<meta name=\"twitter:card\" content=\"summary_large_image\" \/>\n<meta name=\"twitter:title\" content=\"Czy Chrystus mia\u0142 \u017con\u0119?\" \/>\n<meta name=\"twitter:description\" content=\"Owszem, wspomina Ona wielokrotnie o kobietach z kr\u0119gu Chrystusa, kt\u00f3re towarzyszy\u0142y Mu podczas s\u0142u\u017cby, bywa\u0142y w Jego pobli\u017cu, a nawet op\u0142akiwa\u0142y Jego \u015bmier\u0107 m\u0119cze\u0144sk\u0105 na krzy\u017cu, jednak nigdzie nie jest powiedziane, \u017ce Chrystus mia\u0142 \u017con\u0119.\" \/>\n<meta name=\"twitter:image\" content=\"https:\/\/chrystus.pl\/wp-content\/uploads\/2020\/04\/czy-chrystus-mial-zone.jpg\" \/>\n<meta name=\"twitter:label1\" content=\"Written by\" \/>\n\t<meta name=\"twitter:data1\" content=\"Samarytanka\" \/>\n\t<meta name=\"twitter:label2\" content=\"Est. reading time\" \/>\n\t<meta name=\"twitter:data2\" content=\"1 minut\u0117\" \/>\n<!-- \/ Yoast SEO plugin. -->","yoast_head_json":{"title":"Ar Kristus tur\u0117jo \u017emon\u0105? - Kristus","description":"Ar Kristus tur\u0117jo \u017emon\u0105? \u0160is klausimas kelia daug abejoni\u0173 \u017emon\u0117ms visame pasaulyje. Oficialiose biblin\u0117se s\u0105skaitose niekaip nenurodoma, kad","robots":{"index":"index","follow":"follow","max-snippet":"max-snippet:-1","max-image-preview":"max-image-preview:large","max-video-preview":"max-video-preview:-1"},"canonical":"https:\/\/chrystus.pl\/lt\/does-christ-have-a-zone\/","og_locale":"lt_LT","og_type":"article","og_title":"Czy Chrystus mia\u0142 \u017con\u0119?","og_description":"Owszem, wspomina Ona wielokrotnie o kobietach z kr\u0119gu Chrystusa, kt\u00f3re towarzyszy\u0142y Mu podczas s\u0142u\u017cby, bywa\u0142y w Jego pobli\u017cu, a nawet op\u0142akiwa\u0142y Jego \u015bmier\u0107 m\u0119cze\u0144sk\u0105 na krzy\u017cu, jednak nigdzie nie jest powiedziane, \u017ce Chrystus mia\u0142 \u017con\u0119.","og_url":"https:\/\/chrystus.pl\/lt\/does-christ-have-a-zone\/","og_site_name":"Chrystus","article_published_time":"2020-04-26T23:53:47+00:00","og_image":[{"width":640,"height":480,"url":"https:\/\/chrystus.pl\/wp-content\/uploads\/2020\/04\/czy-chrystus-mial-zone.jpg","type":"image\/jpeg"}],"author":"Samarytanka","twitter_card":"summary_large_image","twitter_title":"Czy Chrystus mia\u0142 \u017con\u0119?","twitter_description":"Owszem, wspomina Ona wielokrotnie o kobietach z kr\u0119gu Chrystusa, kt\u00f3re towarzyszy\u0142y Mu podczas s\u0142u\u017cby, bywa\u0142y w Jego pobli\u017cu, a nawet op\u0142akiwa\u0142y Jego \u015bmier\u0107 m\u0119cze\u0144sk\u0105 na krzy\u017cu, jednak nigdzie nie jest powiedziane, \u017ce Chrystus mia\u0142 \u017con\u0119.","twitter_image":"https:\/\/chrystus.pl\/wp-content\/uploads\/2020\/04\/czy-chrystus-mial-zone.jpg","twitter_misc":{"Written by":"Samarytanka","Est. reading time":"1 minut\u0117"},"schema":{"@context":"https:\/\/schema.org","@graph":[{"@type":"Article","@id":"https:\/\/chrystus.pl\/czy-chrystus-mial-zone\/#article","isPartOf":{"@id":"https:\/\/chrystus.pl\/czy-chrystus-mial-zone\/"},"author":{"name":"Samarytanka","@id":"https:\/\/chrystus.pl\/#\/schema\/person\/e2e742452b8b7b2bcd23ea180671d27a"},"headline":"Czy Chrystus mia\u0142 \u017con\u0119?","datePublished":"2020-04-26T23:53:47+00:00","mainEntityOfPage":{"@id":"https:\/\/chrystus.pl\/czy-chrystus-mial-zone\/"},"wordCount":276,"publisher":{"@id":"https:\/\/chrystus.pl\/#organization"},"image":{"@id":"https:\/\/chrystus.pl\/czy-chrystus-mial-zone\/#primaryimage"},"thumbnailUrl":"https:\/\/chrystus.pl\/wp-content\/uploads\/2020\/04\/czy-chrystus-mial-zone.jpg","articleSection":["Chrystus"],"inLanguage":"lt-LT"},{"@type":"WebPage","@id":"https:\/\/chrystus.pl\/czy-chrystus-mial-zone\/","url":"https:\/\/chrystus.pl\/czy-chrystus-mial-zone\/","name":"Ar Kristus tur\u0117jo \u017emon\u0105? - Kristus","isPartOf":{"@id":"https:\/\/chrystus.pl\/#website"},"primaryImageOfPage":{"@id":"https:\/\/chrystus.pl\/czy-chrystus-mial-zone\/#primaryimage"},"image":{"@id":"https:\/\/chrystus.pl\/czy-chrystus-mial-zone\/#primaryimage"},"thumbnailUrl":"https:\/\/chrystus.pl\/wp-content\/uploads\/2020\/04\/czy-chrystus-mial-zone.jpg","datePublished":"2020-04-26T23:53:47+00:00","description":"Ar Kristus tur\u0117jo \u017emon\u0105? \u0160is klausimas kelia daug abejoni\u0173 \u017emon\u0117ms visame pasaulyje. Oficialiose biblin\u0117se s\u0105skaitose niekaip nenurodoma, kad","breadcrumb":{"@id":"https:\/\/chrystus.pl\/czy-chrystus-mial-zone\/#breadcrumb"},"inLanguage":"lt-LT","potentialAction":[{"@type":"ReadAction","target":["https:\/\/chrystus.pl\/czy-chrystus-mial-zone\/"]}]},{"@type":"ImageObject","inLanguage":"lt-LT","@id":"https:\/\/chrystus.pl\/czy-chrystus-mial-zone\/#primaryimage","url":"https:\/\/chrystus.pl\/wp-content\/uploads\/2020\/04\/czy-chrystus-mial-zone.jpg","contentUrl":"https:\/\/chrystus.pl\/wp-content\/uploads\/2020\/04\/czy-chrystus-mial-zone.jpg","width":640,"height":480,"caption":"czy-chrystus-mial-zone"},{"@type":"BreadcrumbList","@id":"https:\/\/chrystus.pl\/czy-chrystus-mial-zone\/#breadcrumb","itemListElement":[{"@type":"ListItem","position":1,"name":"Strona g\u0142\u00f3wna","item":"https:\/\/chrystus.pl\/"},{"@type":"ListItem","position":2,"name":"Czy Chrystus mia\u0142 \u017con\u0119?"}]},{"@type":"WebSite","@id":"https:\/\/chrystus.pl\/#website","url":"https:\/\/chrystus.pl\/","name":"Kristus","description":"Dievas, Marija, J\u0117zus, Komunija ir dar daugiau","publisher":{"@id":"https:\/\/chrystus.pl\/#organization"},"potentialAction":[{"@type":"SearchAction","target":{"@type":"EntryPoint","urlTemplate":"https:\/\/chrystus.pl\/?s={search_term_string}"},"query-input":{"@type":"PropertyValueSpecification","valueRequired":true,"valueName":"search_term_string"}}],"inLanguage":"lt-LT"},{"@type":"Organization","@id":"https:\/\/chrystus.pl\/#organization","name":"Christ.pl","url":"https:\/\/chrystus.pl\/","logo":{"@type":"ImageObject","inLanguage":"lt-LT","@id":"https:\/\/chrystus.pl\/#\/schema\/logo\/image\/","url":"https:\/\/chrystus.pl\/wp-content\/uploads\/2019\/03\/chrystus-bog-maryja-komunia-bierzmowanie.jpg","contentUrl":"https:\/\/chrystus.pl\/wp-content\/uploads\/2019\/03\/chrystus-bog-maryja-komunia-bierzmowanie.jpg","width":1920,"height":1280,"caption":"Chrystus.pl"},"image":{"@id":"https:\/\/chrystus.pl\/#\/schema\/logo\/image\/"}},{"@type":"Person","@id":"https:\/\/chrystus.pl\/#\/schema\/person\/e2e742452b8b7b2bcd23ea180671d27a","name":"Samariet\u0117 moteris"}]}},"_links":{"self":[{"href":"https:\/\/chrystus.pl\/lt\/wp-json\/wp\/v2\/posts\/1521","targetHints":{"allow":["GET"]}}],"collection":[{"href":"https:\/\/chrystus.pl\/lt\/wp-json\/wp\/v2\/posts"}],"about":[{"href":"https:\/\/chrystus.pl\/lt\/wp-json\/wp\/v2\/types\/post"}],"author":[{"embeddable":true,"href":"https:\/\/chrystus.pl\/lt\/wp-json\/wp\/v2\/users\/1"}],"replies":[{"embeddable":true,"href":"https:\/\/chrystus.pl\/lt\/wp-json\/wp\/v2\/comments?post=1521"}],"version-history":[{"count":0,"href":"https:\/\/chrystus.pl\/lt\/wp-json\/wp\/v2\/posts\/1521\/revisions"}],"wp:featuredmedia":[{"embeddable":true,"href":"https:\/\/chrystus.pl\/lt\/wp-json\/wp\/v2\/media\/1522"}],"wp:attachment":[{"href":"https:\/\/chrystus.pl\/lt\/wp-json\/wp\/v2\/media?parent=1521"}],"wp:term":[{"taxonomy":"category","embeddable":true,"href":"https:\/\/chrystus.pl\/lt\/wp-json\/wp\/v2\/categories?post=1521"},{"taxonomy":"post_tag","embeddable":true,"href":"https:\/\/chrystus.pl\/lt\/wp-json\/wp\/v2\/tags?post=1521"}],"curies":[{"name":"wp","href":"https:\/\/api.w.org\/{rel}","templated":true}]}}