{"id":1607,"date":"2020-04-29T20:05:44","date_gmt":"2020-04-29T20:05:44","guid":{"rendered":"https:\/\/chrystus.pl\/?p=1607"},"modified":"2020-05-09T20:40:11","modified_gmt":"2020-05-09T20:40:11","slug":"jak-mogla-wygladac-swieta-maryja","status":"publish","type":"post","link":"https:\/\/chrystus.pl\/lt\/jak-mogla-wygladac-swieta-maryja\/","title":{"rendered":"Kaip gal\u0117jo atrodyti \u0161ventoji Marija?"},"content":{"rendered":"<p>Kaip tai gal\u0117jo atrodyti <span id=\"urn:enhancement-23f04998\" class=\"textannotation disambiguated wl-person\" itemid=\"http:\/\/data.wordlift.io\/wl02137\/entity\/maria_z_nazaretu\">Mary<\/span>? Tai i\u0161 ties\u0173 labai m\u012fslinga, kaip ir klausimai apie i\u0161vaizd\u0105. <span id=\"urn:enhancement-e5bb8829\" class=\"textannotation disambiguated wl-person\" itemid=\"http:\/\/data.wordlift.io\/wl02137\/entity\/jezus_chrystus\">J\u0117zus<\/span>kuris gyveno tarp m\u016bs\u0173 ir tur\u0117jo mirting\u0105 k\u016bn\u0105. <span id=\"urn:enhancement-ca1e4595\" class=\"textannotation disambiguated wl-thing\" itemid=\"http:\/\/data.wordlift.io\/wl02137\/entity\/biblia\"><a href=\"https:\/\/chrystus.pl\/lt\/biblia-jakuba-wujka\/\">Biblija<\/a><\/span> ta\u010diau ai\u0161kiai neapra\u0161oma, kaip tai gal\u0117jo atrodyti <span id=\"urn:enhancement-c6771a2e\" class=\"textannotation disambiguated wl-person\" itemid=\"http:\/\/data.wordlift.io\/wl02137\/entity\/maria_z_nazaretu\">Mary<\/span>.<\/p>\n<p>I\u0161 \u0160vent\u0173j\u0173 Evangelij\u0173 \u017einome tik jos am\u017ei\u0173 (gim\u0117 apie 20 m. pr. m. e.) ir kilm\u0119, i\u0161 kurios galime tik sp\u0117ti, kad ji tur\u0117jo to regiono \u017emon\u0117ms b\u016bdingus veido bruo\u017eus.<\/p>\n<p>Ar\u010diau tikrosios i\u0161vaizdos <span id=\"urn:enhancement-dfcd3e7b\" class=\"textannotation disambiguated wl-person\" itemid=\"http:\/\/data.wordlift.io\/wl02137\/entity\/maria_z_nazaretu\">Mary<\/span> Ta\u010diau galime b\u016bti d\u0117kingi u\u017e aprei\u0161kimus, per kuriuos <span id=\"urn:enhancement-2b18eee4\" class=\"textannotation disambiguated wl-person\" itemid=\"http:\/\/data.wordlift.io\/wl02137\/entity\/maria_z_nazaretu\">Mary<\/span> Jis atsiskleid\u017eia savo tikruoju pavidalu. T\u0117vas Janko Bubalo, kuris susidom\u0117jo apsirei\u0161kimais Medjugorj\u0117je, suk\u016br\u0117 geriausi\u0105 apib\u016bdinim\u0105. Savo pasteb\u0117jimus jis nusprend\u0117 surinkti i\u0161 pokalbi\u0173 su vietos gyventojais ir liudininkais. <span id=\"urn:enhancement-8218aeae\" class=\"textannotation disambiguated wl-thing\" itemid=\"http:\/\/data.wordlift.io\/wl02137\/entity\/objawienie\">aprei\u0161kimai<\/span> Rezultatas - knyga, pavadinta. \"T\u016bkstantis susitikim\u0173 su motina <span id=\"urn:enhancement-91556165\" class=\"textannotation disambiguated wl-thing\" itemid=\"http:\/\/data.wordlift.io\/wl02137\/entity\/bog\">Dievo<\/span>\" 1985 m.<\/p>\n<p>I\u0161 vis\u0173 pasakojim\u0173 galima susidaryti kelet\u0105 svarbi\u0173 fakt\u0173 apie tai, kaip gal\u0117jo b\u016bti. <span id=\"urn:enhancement-fd3e49a0\" class=\"textannotation disambiguated wl-person\" itemid=\"http:\/\/data.wordlift.io\/wl02137\/entity\/maria_z_nazaretu\">Mary<\/span>. Mes \u017einome, kad <span id=\"urn:enhancement-510c0532\" class=\"textannotation disambiguated wl-person\" itemid=\"http:\/\/data.wordlift.io\/wl02137\/entity\/maria_z_nazaretu\">Mary<\/span> per <span id=\"urn:enhancement-2b26230b\" class=\"textannotation disambiguated wl-thing\" itemid=\"http:\/\/data.wordlift.io\/wl02137\/entity\/objawienie\">aprei\u0161kimai<\/span> buvo jauna ir gra\u017ei moteris, \u0161viesios odos spalvos, juod\u0173 plauk\u0173 ir ai\u0161ki\u0173 m\u0117lyn\u0173 aki\u0173. <span id=\"urn:enhancement-240c2f9c\" class=\"textannotation disambiguated wl-person\" itemid=\"http:\/\/data.wordlift.io\/wl02137\/entity\/maria_z_nazaretu\">Mary<\/span> Ji apib\u016bdinama kaip \u017eemo \u016bgio, liekna, \u0161velnios veido i\u0161rai\u0161kos, vilkinti ilg\u0105 kukli\u0105 suknel\u0119 ilgomis rankov\u0117mis, siekian\u010diomis pus\u0119 pa\u017east\u0173, ir su \u0161ydu ant galvos. I\u0161samesn\u0117s informacijos rasite knygoje.<\/p>","protected":false},"excerpt":{"rendered":"<p>Kaip gal\u0117jo atrodyti Marija? Tai i\u0161 ties\u0173 labai m\u012fslinga, kaip ir klausimai apie J\u0117zaus, kuris vis d\u0117lto gyveno tarp m\u016bs\u0173 ir tur\u0117jo mirting\u0105 k\u016bn\u0105, i\u0161vaizd\u0105. Ta\u010diau Biblijoje n\u0117ra ai\u0161kiai apra\u0161yta, kaip gal\u0117jo atrodyti Marija. I\u0161 \u0161vent\u0173j\u0173 evangelij\u0173 daugiau ar ma\u017eiau \u017einome tik jos am\u017ei\u0173 (gim\u0117 apie 20 m. pr. m. e.) ir kilm\u0119, kuria remiantis ...<\/p>","protected":false},"author":1,"featured_media":1608,"comment_status":"closed","ping_status":"closed","sticky":false,"template":"","format":"standard","meta":{"footnotes":""},"categories":[64],"tags":[],"class_list":["post-1607","post","type-post","status-publish","format-standard","has-post-thumbnail","hentry","category-maryja"],"yoast_head":"<!-- This site is optimized with the Yoast SEO plugin v27.5 - https:\/\/yoast.com\/product\/yoast-seo-wordpress\/ -->\n<title>Jak mog\u0142a wygl\u0105da\u0107 \u015awi\u0119ta Maryja? - Chrystus<\/title>\n<meta name=\"description\" content=\"Jak mog\u0142a wygl\u0105da\u0107 Maryja? Rzeczywi\u015bcie jest to bardzo zastanawiaj\u0105ce, tak samo jak w przypadku pyta\u0144 o wygl\u0105d Jezusa, kt\u00f3ry przecie\u017c \u017cy\u0142 w\u015br\u00f3d nas oraz\" \/>\n<meta name=\"robots\" content=\"index, follow, max-snippet:-1, max-image-preview:large, max-video-preview:-1\" \/>\n<link rel=\"canonical\" href=\"https:\/\/chrystus.pl\/lt\/kaip-atrode-galejo-buti-marijos-svente\/\" \/>\n<meta property=\"og:locale\" content=\"lt_LT\" \/>\n<meta property=\"og:type\" content=\"article\" \/>\n<meta property=\"og:title\" content=\"Jak mog\u0142a wygl\u0105da\u0107 \u015awi\u0119ta Maryja?\" \/>\n<meta property=\"og:description\" content=\"Jak mog\u0142a wygl\u0105da\u0107 Maryja? Rzeczywi\u015bcie jest to bardzo zastanawiaj\u0105ce, tak samo jak w przypadku pyta\u0144 o wygl\u0105d Jezusa, kt\u00f3ry przecie\u017c \u017cy\u0142 w\u015br\u00f3d nas oraz posiada\u0142 \u015bmiertelne cia\u0142o. Biblia nie opisuje jednak jednoznacznie jak mog\u0142a wygl\u0105da\u0107 Maryja.\" \/>\n<meta property=\"og:url\" content=\"https:\/\/chrystus.pl\/lt\/kaip-atrode-galejo-buti-marijos-svente\/\" \/>\n<meta property=\"og:site_name\" content=\"Chrystus\" \/>\n<meta property=\"article:published_time\" content=\"2020-04-29T20:05:44+00:00\" \/>\n<meta property=\"article:modified_time\" content=\"2020-05-09T20:40:11+00:00\" \/>\n<meta property=\"og:image\" content=\"https:\/\/chrystus.pl\/wp-content\/uploads\/2020\/04\/Jak-mog\u0142a-wygla\u0328dac\u0301-S\u0301wie\u0328ta-Maryja.jpg\" \/>\n\t<meta property=\"og:image:width\" content=\"640\" \/>\n\t<meta property=\"og:image:height\" content=\"392\" \/>\n\t<meta property=\"og:image:type\" content=\"image\/jpeg\" \/>\n<meta name=\"author\" content=\"Samarytanka\" \/>\n<meta name=\"twitter:card\" content=\"summary_large_image\" \/>\n<meta name=\"twitter:title\" content=\"Jak mog\u0142a wygl\u0105da\u0107 \u015awi\u0119ta Maryja?\" \/>\n<meta name=\"twitter:description\" content=\"Jak mog\u0142a wygl\u0105da\u0107 Maryja? Rzeczywi\u015bcie jest to bardzo zastanawiaj\u0105ce, tak samo jak w przypadku pyta\u0144 o wygl\u0105d Jezusa, kt\u00f3ry przecie\u017c \u017cy\u0142 w\u015br\u00f3d nas oraz posiada\u0142 \u015bmiertelne cia\u0142o. Biblia nie opisuje jednak jednoznacznie jak mog\u0142a wygl\u0105da\u0107 Maryja.\" \/>\n<meta name=\"twitter:label1\" content=\"Written by\" \/>\n\t<meta name=\"twitter:data1\" content=\"Samarytanka\" \/>\n\t<meta name=\"twitter:label2\" content=\"Est. reading time\" \/>\n\t<meta name=\"twitter:data2\" content=\"1 minut\u0117\" \/>\n<!-- \/ Yoast SEO plugin. -->","yoast_head_json":{"title":"Kaip gal\u0117jo atrodyti \u0161ventoji Marija? - Kristus","description":"Kaip gal\u0117jo atrodyti Marija? Tai i\u0161 ties\u0173 labai glumina, kaip ir klausimai apie J\u0117zaus i\u0161vaizd\u0105, kuris vis d\u0117lto gyveno tarp m\u016bs\u0173 ir","robots":{"index":"index","follow":"follow","max-snippet":"max-snippet:-1","max-image-preview":"max-image-preview:large","max-video-preview":"max-video-preview:-1"},"canonical":"https:\/\/chrystus.pl\/lt\/kaip-atrode-galejo-buti-marijos-svente\/","og_locale":"lt_LT","og_type":"article","og_title":"Jak mog\u0142a wygl\u0105da\u0107 \u015awi\u0119ta Maryja?","og_description":"Jak mog\u0142a wygl\u0105da\u0107 Maryja? Rzeczywi\u015bcie jest to bardzo zastanawiaj\u0105ce, tak samo jak w przypadku pyta\u0144 o wygl\u0105d Jezusa, kt\u00f3ry przecie\u017c \u017cy\u0142 w\u015br\u00f3d nas oraz posiada\u0142 \u015bmiertelne cia\u0142o. Biblia nie opisuje jednak jednoznacznie jak mog\u0142a wygl\u0105da\u0107 Maryja.","og_url":"https:\/\/chrystus.pl\/lt\/kaip-atrode-galejo-buti-marijos-svente\/","og_site_name":"Chrystus","article_published_time":"2020-04-29T20:05:44+00:00","article_modified_time":"2020-05-09T20:40:11+00:00","og_image":[{"width":640,"height":392,"url":"https:\/\/chrystus.pl\/wp-content\/uploads\/2020\/04\/Jak-mog\u0142a-wygla\u0328dac\u0301-S\u0301wie\u0328ta-Maryja.jpg","type":"image\/jpeg"}],"author":"Samarytanka","twitter_card":"summary_large_image","twitter_title":"Jak mog\u0142a wygl\u0105da\u0107 \u015awi\u0119ta Maryja?","twitter_description":"Jak mog\u0142a wygl\u0105da\u0107 Maryja? Rzeczywi\u015bcie jest to bardzo zastanawiaj\u0105ce, tak samo jak w przypadku pyta\u0144 o wygl\u0105d Jezusa, kt\u00f3ry przecie\u017c \u017cy\u0142 w\u015br\u00f3d nas oraz posiada\u0142 \u015bmiertelne cia\u0142o. Biblia nie opisuje jednak jednoznacznie jak mog\u0142a wygl\u0105da\u0107 Maryja.","twitter_misc":{"Written by":"Samarytanka","Est. reading time":"1 minut\u0117"},"schema":{"@context":"https:\/\/schema.org","@graph":[{"@type":"Article","@id":"https:\/\/chrystus.pl\/jak-mogla-wygladac-swieta-maryja\/#article","isPartOf":{"@id":"https:\/\/chrystus.pl\/jak-mogla-wygladac-swieta-maryja\/"},"author":{"name":"Samarytanka","@id":"https:\/\/chrystus.pl\/#\/schema\/person\/e2e742452b8b7b2bcd23ea180671d27a"},"headline":"Jak mog\u0142a wygl\u0105da\u0107 \u015awi\u0119ta Maryja?","datePublished":"2020-04-29T20:05:44+00:00","dateModified":"2020-05-09T20:40:11+00:00","mainEntityOfPage":{"@id":"https:\/\/chrystus.pl\/jak-mogla-wygladac-swieta-maryja\/"},"wordCount":270,"publisher":{"@id":"https:\/\/chrystus.pl\/#organization"},"image":{"@id":"https:\/\/chrystus.pl\/jak-mogla-wygladac-swieta-maryja\/#primaryimage"},"thumbnailUrl":"https:\/\/chrystus.pl\/wp-content\/uploads\/2020\/04\/Jak-mog\u0142a-wygla\u0328dac\u0301-S\u0301wie\u0328ta-Maryja.jpg","articleSection":["Maryja"],"inLanguage":"lt-LT"},{"@type":"WebPage","@id":"https:\/\/chrystus.pl\/jak-mogla-wygladac-swieta-maryja\/","url":"https:\/\/chrystus.pl\/jak-mogla-wygladac-swieta-maryja\/","name":"Kaip gal\u0117jo atrodyti \u0161ventoji Marija? - Kristus","isPartOf":{"@id":"https:\/\/chrystus.pl\/#website"},"primaryImageOfPage":{"@id":"https:\/\/chrystus.pl\/jak-mogla-wygladac-swieta-maryja\/#primaryimage"},"image":{"@id":"https:\/\/chrystus.pl\/jak-mogla-wygladac-swieta-maryja\/#primaryimage"},"thumbnailUrl":"https:\/\/chrystus.pl\/wp-content\/uploads\/2020\/04\/Jak-mog\u0142a-wygla\u0328dac\u0301-S\u0301wie\u0328ta-Maryja.jpg","datePublished":"2020-04-29T20:05:44+00:00","dateModified":"2020-05-09T20:40:11+00:00","description":"Kaip gal\u0117jo atrodyti Marija? Tai i\u0161 ties\u0173 labai glumina, kaip ir klausimai apie J\u0117zaus i\u0161vaizd\u0105, kuris vis d\u0117lto gyveno tarp m\u016bs\u0173 ir","breadcrumb":{"@id":"https:\/\/chrystus.pl\/jak-mogla-wygladac-swieta-maryja\/#breadcrumb"},"inLanguage":"lt-LT","potentialAction":[{"@type":"ReadAction","target":["https:\/\/chrystus.pl\/jak-mogla-wygladac-swieta-maryja\/"]}]},{"@type":"ImageObject","inLanguage":"lt-LT","@id":"https:\/\/chrystus.pl\/jak-mogla-wygladac-swieta-maryja\/#primaryimage","url":"https:\/\/chrystus.pl\/wp-content\/uploads\/2020\/04\/Jak-mog\u0142a-wygla\u0328dac\u0301-S\u0301wie\u0328ta-Maryja.jpg","contentUrl":"https:\/\/chrystus.pl\/wp-content\/uploads\/2020\/04\/Jak-mog\u0142a-wygla\u0328dac\u0301-S\u0301wie\u0328ta-Maryja.jpg","width":640,"height":392,"caption":"Jak mog\u0142a wygla\u0328dac\u0301 S\u0301wie\u0328ta Maryja"},{"@type":"BreadcrumbList","@id":"https:\/\/chrystus.pl\/jak-mogla-wygladac-swieta-maryja\/#breadcrumb","itemListElement":[{"@type":"ListItem","position":1,"name":"Strona g\u0142\u00f3wna","item":"https:\/\/chrystus.pl\/"},{"@type":"ListItem","position":2,"name":"Jak mog\u0142a wygl\u0105da\u0107 \u015awi\u0119ta Maryja?"}]},{"@type":"WebSite","@id":"https:\/\/chrystus.pl\/#website","url":"https:\/\/chrystus.pl\/","name":"Kristus","description":"Dievas, Marija, J\u0117zus, Komunija ir dar daugiau","publisher":{"@id":"https:\/\/chrystus.pl\/#organization"},"potentialAction":[{"@type":"SearchAction","target":{"@type":"EntryPoint","urlTemplate":"https:\/\/chrystus.pl\/?s={search_term_string}"},"query-input":{"@type":"PropertyValueSpecification","valueRequired":true,"valueName":"search_term_string"}}],"inLanguage":"lt-LT"},{"@type":"Organization","@id":"https:\/\/chrystus.pl\/#organization","name":"Christ.pl","url":"https:\/\/chrystus.pl\/","logo":{"@type":"ImageObject","inLanguage":"lt-LT","@id":"https:\/\/chrystus.pl\/#\/schema\/logo\/image\/","url":"https:\/\/chrystus.pl\/wp-content\/uploads\/2019\/03\/chrystus-bog-maryja-komunia-bierzmowanie.jpg","contentUrl":"https:\/\/chrystus.pl\/wp-content\/uploads\/2019\/03\/chrystus-bog-maryja-komunia-bierzmowanie.jpg","width":1920,"height":1280,"caption":"Chrystus.pl"},"image":{"@id":"https:\/\/chrystus.pl\/#\/schema\/logo\/image\/"}},{"@type":"Person","@id":"https:\/\/chrystus.pl\/#\/schema\/person\/e2e742452b8b7b2bcd23ea180671d27a","name":"Samariet\u0117 moteris"}]}},"_links":{"self":[{"href":"https:\/\/chrystus.pl\/lt\/wp-json\/wp\/v2\/posts\/1607","targetHints":{"allow":["GET"]}}],"collection":[{"href":"https:\/\/chrystus.pl\/lt\/wp-json\/wp\/v2\/posts"}],"about":[{"href":"https:\/\/chrystus.pl\/lt\/wp-json\/wp\/v2\/types\/post"}],"author":[{"embeddable":true,"href":"https:\/\/chrystus.pl\/lt\/wp-json\/wp\/v2\/users\/1"}],"replies":[{"embeddable":true,"href":"https:\/\/chrystus.pl\/lt\/wp-json\/wp\/v2\/comments?post=1607"}],"version-history":[{"count":0,"href":"https:\/\/chrystus.pl\/lt\/wp-json\/wp\/v2\/posts\/1607\/revisions"}],"wp:featuredmedia":[{"embeddable":true,"href":"https:\/\/chrystus.pl\/lt\/wp-json\/wp\/v2\/media\/1608"}],"wp:attachment":[{"href":"https:\/\/chrystus.pl\/lt\/wp-json\/wp\/v2\/media?parent=1607"}],"wp:term":[{"taxonomy":"category","embeddable":true,"href":"https:\/\/chrystus.pl\/lt\/wp-json\/wp\/v2\/categories?post=1607"},{"taxonomy":"post_tag","embeddable":true,"href":"https:\/\/chrystus.pl\/lt\/wp-json\/wp\/v2\/tags?post=1607"}],"curies":[{"name":"wp","href":"https:\/\/api.w.org\/{rel}","templated":true}]}}