{"id":2107,"date":"2021-07-02T09:27:19","date_gmt":"2021-07-02T09:27:19","guid":{"rendered":"https:\/\/chrystus.pl\/?p=2107"},"modified":"2021-07-02T09:27:23","modified_gmt":"2021-07-02T09:27:23","slug":"czy-modlitwa-na-lezaco-to-grzech","status":"publish","type":"post","link":"https:\/\/chrystus.pl\/lt\/czy-modlitwa-na-lezaco-to-grzech\/","title":{"rendered":"Ar melstis gulint yra nuod\u0117m\u0117?"},"content":{"rendered":"<p>Niekt\u00f3rzy uwa\u017caj\u0105, \u017ce tak jest, podczas gdy inni utrzymuj\u0105, \u017ce postawa, jak\u0105 przyjmuje si\u0119 podczas modlitwy, nie ma znaczenia. <a href=\"https:\/\/chrystus.pl\/lt\/biblia-jakuba-wujka\/\">Biblija<\/a> apie tai neu\u017esimenama ir nenurodoma, ar tur\u0117tume melstis tam tikroje pad\u0117tyje, ar melsdamiesi jud\u0117ti. Jei abejojate d\u0117l \u0161ios praktikos, geriausia pasikonsultuoti su savo religiniu vadovu.<\/p>\n\n\n\n<p>Vien\u0105 dien\u0105 prie man\u0119s pri\u0117jo labai religinga moteris ir parod\u0117 man Biblijos eilut\u0119, kurioje sakoma, kad nesimelsti ant keli\u0173 yra nuod\u0117m\u0117. Atkreipiau d\u0117mes\u012f, kad J\u0117zus meld\u0117si pus\u0119 savo gyvenimo, s\u0117d\u0117damas mokini\u0173 akivaizdoje!<\/p>\n\n\n\n<p>Dawni m\u0119drcy (rabini) stwierdzili, \u017ce &#8222;modlenie si\u0119 w pozycji le\u017c\u0105cej jest jak lunatykowanie&#8221;. Taka modlitwa nie jest zalecana, poniewa\u017c podczas modlitwy ca\u0142e cia\u0142o powinno by\u0107 nieruchome i znajdowa\u0107 si\u0119 w jednym miejscu &#8211; dotyczy to r\u00f3wnie\u017c oczu. Modlitwa wymaga skupienia i koncentracji. Kiedy podczas modlitwy nasze cia\u0142o jest rozlu\u017anione, mamy tendencj\u0119 do odp\u0142ywania w sen. Co wi\u0119cej, niekt\u00f3rym osobom mo\u017ce by\u0107 trudno lub niewygodnie modli\u0107 si\u0119 w tej pozycji z g\u0142ow\u0105 pochylon\u0105 w d\u00f3\u0142, w kierunku klatki piersiowej. A poniewa\u017c wykazano, \u017ce sen ma szkodliwy wp\u0142yw na jasno\u015b\u0107 my\u015blenia i rozw\u00f3j duchowy cz\u0142owieka, modlitwy skomponowane w tym stanie by\u0142yby r\u00f3wnie\u017c pozbawione tych wa\u017cnych cech.<\/p>","protected":false},"excerpt":{"rendered":"<p>Vieni mano, kad taip ir yra, o kiti tvirtina, kad laikysena, kuri\u0105 \u017emogus u\u017eima melsdamasis, n\u0117ra svarbi. Biblijoje apie tai neu\u017esimenama ir nenurodoma, ar tur\u0117tume melstis tam tikra poza, ar melsdamiesi tur\u0117tume jud\u0117ti. Jei abejojate d\u0117l \u0161ios praktikos, geriausia pasikonsultuoti su religiniu vadovu. ...<\/p>","protected":false},"author":1,"featured_media":0,"comment_status":"closed","ping_status":"closed","sticky":false,"template":"","format":"standard","meta":{"footnotes":""},"categories":[61],"tags":[],"class_list":["post-2107","post","type-post","status-publish","format-standard","hentry","category-chrystus"],"yoast_head":"<!-- This site is optimized with the Yoast SEO plugin v27.5 - https:\/\/yoast.com\/product\/yoast-seo-wordpress\/ -->\n<title>Czy modlitwa na le\u017c\u0105co to grzech? - Chrystus<\/title>\n<meta name=\"description\" content=\"Niekt\u00f3rzy uwa\u017caj\u0105, \u017ce tak jest, podczas gdy inni utrzymuj\u0105, \u017ce postawa, jak\u0105 przyjmuje si\u0119 podczas modlitwy, nie ma znaczenia. Biblia nie wspomina o tej\" \/>\n<meta name=\"robots\" content=\"index, follow, max-snippet:-1, max-image-preview:large, max-video-preview:-1\" \/>\n<link rel=\"canonical\" href=\"https:\/\/chrystus.pl\/lt\/ar-malda-ant-koju-yra-nuodeme\/\" \/>\n<meta property=\"og:locale\" content=\"lt_LT\" \/>\n<meta property=\"og:type\" content=\"article\" \/>\n<meta property=\"og:title\" content=\"Czy modlitwa na le\u017c\u0105co to grzech? - Chrystus\" \/>\n<meta property=\"og:description\" content=\"Niekt\u00f3rzy uwa\u017caj\u0105, \u017ce tak jest, podczas gdy inni utrzymuj\u0105, \u017ce postawa, jak\u0105 przyjmuje si\u0119 podczas modlitwy, nie ma znaczenia. Biblia nie wspomina o tej\" \/>\n<meta property=\"og:url\" content=\"https:\/\/chrystus.pl\/lt\/ar-malda-ant-koju-yra-nuodeme\/\" \/>\n<meta property=\"og:site_name\" content=\"Chrystus\" \/>\n<meta property=\"article:published_time\" content=\"2021-07-02T09:27:19+00:00\" \/>\n<meta property=\"article:modified_time\" content=\"2021-07-02T09:27:23+00:00\" \/>\n<meta name=\"author\" content=\"Samarytanka\" \/>\n<meta name=\"twitter:card\" content=\"summary_large_image\" \/>\n<meta name=\"twitter:label1\" content=\"Written by\" \/>\n\t<meta name=\"twitter:data1\" content=\"Samarytanka\" \/>\n\t<meta name=\"twitter:label2\" content=\"Est. reading time\" \/>\n\t<meta name=\"twitter:data2\" content=\"1 minut\u0117\" \/>\n<!-- \/ Yoast SEO plugin. -->","yoast_head_json":{"title":"Ar melstis gulint yra nuod\u0117m\u0117? - Kristus","description":"Vieni mano, kad taip ir yra, o kiti tvirtina, kad laikysena maldos metu n\u0117ra svarbi. Biblijoje apie tai neu\u017esimenama","robots":{"index":"index","follow":"follow","max-snippet":"max-snippet:-1","max-image-preview":"max-image-preview:large","max-video-preview":"max-video-preview:-1"},"canonical":"https:\/\/chrystus.pl\/lt\/ar-malda-ant-koju-yra-nuodeme\/","og_locale":"lt_LT","og_type":"article","og_title":"Czy modlitwa na le\u017c\u0105co to grzech? - Chrystus","og_description":"Niekt\u00f3rzy uwa\u017caj\u0105, \u017ce tak jest, podczas gdy inni utrzymuj\u0105, \u017ce postawa, jak\u0105 przyjmuje si\u0119 podczas modlitwy, nie ma znaczenia. Biblia nie wspomina o tej","og_url":"https:\/\/chrystus.pl\/lt\/ar-malda-ant-koju-yra-nuodeme\/","og_site_name":"Chrystus","article_published_time":"2021-07-02T09:27:19+00:00","article_modified_time":"2021-07-02T09:27:23+00:00","author":"Samarytanka","twitter_card":"summary_large_image","twitter_misc":{"Written by":"Samarytanka","Est. reading time":"1 minut\u0117"},"schema":{"@context":"https:\/\/schema.org","@graph":[{"@type":"Article","@id":"https:\/\/chrystus.pl\/es\/si-la-oracion-en-la-cara-es-un-pecado\/#article","isPartOf":{"@id":"https:\/\/chrystus.pl\/es\/si-la-oracion-en-la-cara-es-un-pecado\/"},"author":{"name":"Samarytanka","@id":"https:\/\/chrystus.pl\/#\/schema\/person\/e2e742452b8b7b2bcd23ea180671d27a"},"headline":"Czy modlitwa na le\u017c\u0105co to grzech?","datePublished":"2021-07-02T09:27:19+00:00","dateModified":"2021-07-02T09:27:23+00:00","mainEntityOfPage":{"@id":"https:\/\/chrystus.pl\/es\/si-la-oracion-en-la-cara-es-un-pecado\/"},"wordCount":245,"publisher":{"@id":"https:\/\/chrystus.pl\/#organization"},"articleSection":["Chrystus"],"inLanguage":"lt-LT"},{"@type":"WebPage","@id":"https:\/\/chrystus.pl\/es\/si-la-oracion-en-la-cara-es-un-pecado\/","url":"https:\/\/chrystus.pl\/es\/si-la-oracion-en-la-cara-es-un-pecado\/","name":"Ar melstis gulint yra nuod\u0117m\u0117? - Kristus","isPartOf":{"@id":"https:\/\/chrystus.pl\/#website"},"datePublished":"2021-07-02T09:27:19+00:00","dateModified":"2021-07-02T09:27:23+00:00","description":"Vieni mano, kad taip ir yra, o kiti tvirtina, kad laikysena maldos metu n\u0117ra svarbi. Biblijoje apie tai neu\u017esimenama","breadcrumb":{"@id":"https:\/\/chrystus.pl\/es\/si-la-oracion-en-la-cara-es-un-pecado\/#breadcrumb"},"inLanguage":"lt-LT","potentialAction":[{"@type":"ReadAction","target":["https:\/\/chrystus.pl\/es\/si-la-oracion-en-la-cara-es-un-pecado\/"]}]},{"@type":"BreadcrumbList","@id":"https:\/\/chrystus.pl\/es\/si-la-oracion-en-la-cara-es-un-pecado\/#breadcrumb","itemListElement":[{"@type":"ListItem","position":1,"name":"Strona g\u0142\u00f3wna","item":"https:\/\/chrystus.pl\/"},{"@type":"ListItem","position":2,"name":"Czy modlitwa na le\u017c\u0105co to grzech?"}]},{"@type":"WebSite","@id":"https:\/\/chrystus.pl\/#website","url":"https:\/\/chrystus.pl\/","name":"Kristus","description":"Dievas, Marija, J\u0117zus, Komunija ir dar daugiau","publisher":{"@id":"https:\/\/chrystus.pl\/#organization"},"potentialAction":[{"@type":"SearchAction","target":{"@type":"EntryPoint","urlTemplate":"https:\/\/chrystus.pl\/?s={search_term_string}"},"query-input":{"@type":"PropertyValueSpecification","valueRequired":true,"valueName":"search_term_string"}}],"inLanguage":"lt-LT"},{"@type":"Organization","@id":"https:\/\/chrystus.pl\/#organization","name":"Christ.pl","url":"https:\/\/chrystus.pl\/","logo":{"@type":"ImageObject","inLanguage":"lt-LT","@id":"https:\/\/chrystus.pl\/#\/schema\/logo\/image\/","url":"https:\/\/chrystus.pl\/wp-content\/uploads\/2019\/03\/chrystus-bog-maryja-komunia-bierzmowanie.jpg","contentUrl":"https:\/\/chrystus.pl\/wp-content\/uploads\/2019\/03\/chrystus-bog-maryja-komunia-bierzmowanie.jpg","width":1920,"height":1280,"caption":"Chrystus.pl"},"image":{"@id":"https:\/\/chrystus.pl\/#\/schema\/logo\/image\/"}},{"@type":"Person","@id":"https:\/\/chrystus.pl\/#\/schema\/person\/e2e742452b8b7b2bcd23ea180671d27a","name":"Samariet\u0117 moteris"}]}},"_links":{"self":[{"href":"https:\/\/chrystus.pl\/lt\/wp-json\/wp\/v2\/posts\/2107","targetHints":{"allow":["GET"]}}],"collection":[{"href":"https:\/\/chrystus.pl\/lt\/wp-json\/wp\/v2\/posts"}],"about":[{"href":"https:\/\/chrystus.pl\/lt\/wp-json\/wp\/v2\/types\/post"}],"author":[{"embeddable":true,"href":"https:\/\/chrystus.pl\/lt\/wp-json\/wp\/v2\/users\/1"}],"replies":[{"embeddable":true,"href":"https:\/\/chrystus.pl\/lt\/wp-json\/wp\/v2\/comments?post=2107"}],"version-history":[{"count":0,"href":"https:\/\/chrystus.pl\/lt\/wp-json\/wp\/v2\/posts\/2107\/revisions"}],"wp:attachment":[{"href":"https:\/\/chrystus.pl\/lt\/wp-json\/wp\/v2\/media?parent=2107"}],"wp:term":[{"taxonomy":"category","embeddable":true,"href":"https:\/\/chrystus.pl\/lt\/wp-json\/wp\/v2\/categories?post=2107"},{"taxonomy":"post_tag","embeddable":true,"href":"https:\/\/chrystus.pl\/lt\/wp-json\/wp\/v2\/tags?post=2107"}],"curies":[{"name":"wp","href":"https:\/\/api.w.org\/{rel}","templated":true}]}}