{"id":562,"date":"2019-04-16T00:05:52","date_gmt":"2019-04-16T00:05:52","guid":{"rendered":"https:\/\/chrystus.pl\/?p=562"},"modified":"2020-01-13T07:56:50","modified_gmt":"2020-01-13T07:56:50","slug":"jak-mojzesz-nazwal-biblijna-manne-i-czym-byla-ona-dla-izraelitow","status":"publish","type":"post","link":"https:\/\/chrystus.pl\/lt\/jak-mojzesz-nazwal-biblijna-manne-i-czym-byla-ona-dla-izraelitow\/","title":{"rendered":"Kaip Moz\u0117 vadino biblin\u0119 man\u0105 ir k\u0105 ji rei\u0161k\u0117 izraelitams?"},"content":{"rendered":"<p>Kaip <span id=\"urn:local-text-annotation-39pgwn0c3qtzigr7j1eu39sz22wa3mxo\" class=\"textannotation disambiguated wl-person\" itemid=\"\">Moz\u0117<\/span> nazwa\u0142 Mann\u0119? Czym by\u0142a Manna dla Moj\u017cesza oraz dla <span id=\"urn:local-text-annotation-kphru31prntose6u9zc3xl2b9cugwrco\" class=\"textannotation disambiguated wl-thing\" itemid=\"\">Izraelitai<\/span>? I\u0161 kur jis apskritai atsirado ir kokia jo reik\u0161m\u0117?<\/p>\n<p>\u017dygio metu <span id=\"urn:local-text-annotation-kqppbns71qevin8z5eysfck0wxkuzbcg\" class=\"textannotation disambiguated wl-thing\" itemid=\"\">I\u0161rinktieji \u017emon\u0117s<\/span> i\u0161 Egipto nelaisv\u0117s \u012f <span id=\"urn:local-text-annotation-enzmzdhxjzq8r0h8dkonee9zkrm83bup\" class=\"textannotation disambiguated wl-thing\" itemid=\"\">Pa\u017ead\u0117toji \u017eem\u0117<\/span> nie raz do\u015bwiadczali oni wielkich trud\u00f3w swojej w\u0119dr\u00f3wki. Niejednokrotnie znajdowali si\u0119 oni w skrajnie trudnych sytuacjach, odczuwaj\u0105c brak jedzenie czy brak wody.<\/p>\n<p>Nepamir\u0161kime, kad visa kelion\u0117 truko net 40 met\u0173. Papildom\u0173 sunkum\u0173 k\u0117l\u0117 pats reljefas, per kur\u012f izraelitai keliavo. Tai buvo <span id=\"urn:enhancement-d3017cd3\" class=\"textannotation disambiguated wl-other\" itemid=\"http:\/\/data.wordlift.io\/wl01857\/entity\/pustynia\">dykuma<\/span>. Taigi galime tik bandyti \u012fsivaizduoti, kokios at\u0161iaurios s\u0105lygos ten vyravo.<\/p>\n<p>Ta\u010diau vis\u0105 laik\u0105 jis saugojo savo \u017emones <span id=\"urn:local-text-annotation-b861854qdyrt42pk2j1hc89jyt4zq2e6\" class=\"textannotation disambiguated wl-thing\" itemid=\"\">Ponas<\/span>. Jis neleido savo \u017emon\u0117ms <a href=\"https:\/\/chrystus.pl\/lt\/czym-jest-cierpienie\/\">ken\u010dia<\/a> at\u0117mimas be jokios ai\u0161kios prie\u017easties ir Moz\u0117s pra\u0161ymu ir <span id=\"urn:local-text-annotation-tu4dqrqt3fncztpsjllphrm8qyhtadth\" class=\"textannotation disambiguated wl-thing\" itemid=\"\">izraelitai<\/span> Jis ne kart\u0105 pad\u0117jo jiems j\u0173 klajon\u0117se.<\/p>\n<p>Vienas garsiausi\u0173 \u012fvyki\u0173, liudijan\u010di\u0173 apvaizd\u0105 <span id=\"urn:local-text-annotation-fymca2gisq9d1kxc98v7hahgrg562fxi\" class=\"textannotation disambiguated wl-thing\" itemid=\"\">Ponas<\/span> Raudonosios j\u016bros i\u0161siskyrimas b\u0117gant nuo faraono kariuomen\u0117s. <span id=\"urn:local-text-annotation-feom99toojdmd9nztyfli644hxlemqmb\" class=\"textannotation disambiguated wl-thing\" itemid=\"\">egiptie\u010di\u0173<\/span>.<\/p>\n<p>Pra\u0117jus m\u0117nesiui po i\u0161\u0117jimo i\u0161 vergijos nam\u0173, \u017emon\u0117s \u0117m\u0117 sk\u0173stis, kad tr\u016bksta maisto ir sunku jo rasti. Tada buvo <span id=\"urn:local-text-annotation-jexgw6suz2jmsl7hbfikclj5k1vbrabj\" class=\"textannotation disambiguated wl-thing\" itemid=\"\">Ponas<\/span> Jis pa\u017ead\u0117jo jiems, kad maistas kris i\u0161 dangaus kaip lietus, ir savo \u017eod\u017eio laik\u0117si. Kit\u0105 dien\u0105 izraelitai pamat\u0117 ka\u017ek\u0105 balto ant \u017eem\u0117s. Tai buvo maistas, kaip jis jiems prane\u0161\u0117. <span id=\"urn:local-text-annotation-ovscx3gd1thyn5yku208rhb10448n9r4\" class=\"textannotation disambiguated wl-person\" itemid=\"\">Moz\u0117<\/span>. Tai buvo <span id=\"urn:local-text-annotation-n5921a6npuj2lny3uyhxlymmvcjcs6wl\" class=\"textannotation disambiguated wl-thing\" itemid=\"\">manna<\/span> i\u0161 dangaus, kuri\u0173 skonis primin\u0117 medaus dribsnius.<\/p>\n<p>Ta\u010diau jiems neleista rinkti atsarg\u0173 kitai dienai (i\u0161skyrus <span id=\"urn:enhancement-5207149\" class=\"textannotation disambiguated wl-other\" itemid=\"http:\/\/data.wordlift.io\/wl01857\/entity\/soboty\">\u0160e\u0161tadieniais<\/span>), nes <span id=\"urn:local-text-annotation-rfcw4yyh5wqkx9c4r1iqssqxl0oi2nbw\" class=\"textannotation disambiguated wl-thing\" itemid=\"\">manna<\/span> kiekvien\u0105 dien\u0105 krito i\u0161 dangaus. Tada jis <span id=\"urn:local-text-annotation-4zzjwgys6cuduqrcuefe1n2h01yivvm8\" class=\"textannotation disambiguated wl-person\" itemid=\"\">Moz\u0117<\/span>skelbdamas stebukling\u0105 naujien\u0105 savo \u017emon\u0117ms, jis pakviet\u0117 <span id=\"urn:local-text-annotation-4zlml93yj9s3s1i35cwdbyszw4haqps8\" class=\"textannotation disambiguated wl-thing\" itemid=\"\">manna<\/span> duonos.<\/p>\n<p>&nbsp;<\/p>","protected":false},"excerpt":{"rendered":"<p>Jak Moj\u017cesz nazwa\u0142 Mann\u0119? Czym by\u0142a Manna dla Moj\u017cesza oraz dla Izraelit\u00f3w? Sk\u0105d si\u0119 ona w og\u00f3le wzi\u0119\u0142a i jakie mia\u0142a znaczenie? W trakcie w\u0119dr\u00f3wki Narodu Wybranego z egipskiej niewoli do Ziemi Obiecanej nie raz do\u015bwiadczali oni wielkich trud\u00f3w swojej w\u0119dr\u00f3wki. Niejednokrotnie znajdowali si\u0119 oni w skrajnie trudnych sytuacjach, odczuwaj\u0105c brak jedzenie czy brak wody. &hellip;<\/p>","protected":false},"author":1,"featured_media":563,"comment_status":"open","ping_status":"closed","sticky":false,"template":"","format":"standard","meta":{"footnotes":""},"categories":[49],"tags":[],"class_list":["post-562","post","type-post","status-publish","format-standard","has-post-thumbnail","hentry","category-mojzesz"],"yoast_head":"<!-- This site is optimized with the Yoast SEO plugin v27.5 - https:\/\/yoast.com\/product\/yoast-seo-wordpress\/ -->\n<title>Jak Moj\u017cesz nazwa\u0142 Biblijn\u0105 Mann\u0119 i Czym by\u0142a ona dla Izraelit\u00f3w<\/title>\n<meta name=\"description\" content=\"Jak Moj\u017cesz nazwa\u0142 Mann\u0119? Czym by\u0142a Manna dla Moj\u017cesza oraz dla Izraelit\u00f3w? Sk\u0105d si\u0119 ona w og\u00f3le wzi\u0119\u0142a i jakie mia\u0142a znaczenie? W trakcie w\u0119dr\u00f3wki Narodu\" \/>\n<meta name=\"robots\" content=\"index, follow, max-snippet:-1, max-image-preview:large, max-video-preview:-1\" \/>\n<link rel=\"canonical\" href=\"https:\/\/chrystus.pl\/lt\/kaip-mosesas-ivardijo-biblini-zmogu-ir-kas-jis-buvo-is-israelitams\/\" \/>\n<meta property=\"og:locale\" content=\"lt_LT\" \/>\n<meta property=\"og:type\" content=\"article\" \/>\n<meta property=\"og:title\" content=\"Jak Moj\u017cesz nazwa\u0142 Biblijn\u0105 Mann\u0119 i Czym by\u0142a ona dla Izraelit\u00f3w\" \/>\n<meta property=\"og:description\" content=\"Jak Moj\u017cesz nazwa\u0142 Mann\u0119? Czym by\u0142a Manna dla Moj\u017cesza oraz dla Izraelit\u00f3w? Sk\u0105d si\u0119 ona w og\u00f3le wzi\u0119\u0142a i jakie mia\u0142a znaczenie? W trakcie w\u0119dr\u00f3wki Narodu\" \/>\n<meta property=\"og:url\" content=\"https:\/\/chrystus.pl\/lt\/kaip-mosesas-ivardijo-biblini-zmogu-ir-kas-jis-buvo-is-israelitams\/\" \/>\n<meta property=\"og:site_name\" content=\"Chrystus\" \/>\n<meta property=\"article:published_time\" content=\"2019-04-16T00:05:52+00:00\" \/>\n<meta property=\"article:modified_time\" content=\"2020-01-13T07:56:50+00:00\" \/>\n<meta property=\"og:image\" content=\"https:\/\/chrystus.pl\/wp-content\/uploads\/2019\/04\/Jak-Mojz\u0307esz-nazwa\u0142-Manne\u0328-i-Czym-by\u0142a-dla-Izraelito\u0301w.jpg\" \/>\n\t<meta property=\"og:image:width\" content=\"1280\" \/>\n\t<meta property=\"og:image:height\" content=\"1280\" \/>\n\t<meta property=\"og:image:type\" content=\"image\/jpeg\" \/>\n<meta name=\"author\" content=\"Samarytanka\" \/>\n<meta name=\"twitter:card\" content=\"summary_large_image\" \/>\n<meta name=\"twitter:label1\" content=\"Written by\" \/>\n\t<meta name=\"twitter:data1\" content=\"Samarytanka\" \/>\n\t<meta name=\"twitter:label2\" content=\"Est. reading time\" \/>\n\t<meta name=\"twitter:data2\" content=\"1 minut\u0117\" \/>\n<!-- \/ Yoast SEO plugin. -->","yoast_head_json":{"title":"Kaip Moz\u0117 pavadino biblin\u0119 man\u0105 ir k\u0105 ji rei\u0161k\u0117 izraelitams","description":"Kaip Moz\u0117 vadino man\u0105? Kas buvo mana Mozei ir izraelitams? I\u0161 kur jis apskritai atsirado ir kokia jo reik\u0161m\u0117? \u017dmoni\u0173 klajoni\u0173 metu","robots":{"index":"index","follow":"follow","max-snippet":"max-snippet:-1","max-image-preview":"max-image-preview:large","max-video-preview":"max-video-preview:-1"},"canonical":"https:\/\/chrystus.pl\/lt\/kaip-mosesas-ivardijo-biblini-zmogu-ir-kas-jis-buvo-is-israelitams\/","og_locale":"lt_LT","og_type":"article","og_title":"Jak Moj\u017cesz nazwa\u0142 Biblijn\u0105 Mann\u0119 i Czym by\u0142a ona dla Izraelit\u00f3w","og_description":"Jak Moj\u017cesz nazwa\u0142 Mann\u0119? Czym by\u0142a Manna dla Moj\u017cesza oraz dla Izraelit\u00f3w? Sk\u0105d si\u0119 ona w og\u00f3le wzi\u0119\u0142a i jakie mia\u0142a znaczenie? W trakcie w\u0119dr\u00f3wki Narodu","og_url":"https:\/\/chrystus.pl\/lt\/kaip-mosesas-ivardijo-biblini-zmogu-ir-kas-jis-buvo-is-israelitams\/","og_site_name":"Chrystus","article_published_time":"2019-04-16T00:05:52+00:00","article_modified_time":"2020-01-13T07:56:50+00:00","og_image":[{"width":1280,"height":1280,"url":"https:\/\/chrystus.pl\/wp-content\/uploads\/2019\/04\/Jak-Mojz\u0307esz-nazwa\u0142-Manne\u0328-i-Czym-by\u0142a-dla-Izraelito\u0301w.jpg","type":"image\/jpeg"}],"author":"Samarytanka","twitter_card":"summary_large_image","twitter_misc":{"Written by":"Samarytanka","Est. reading time":"1 minut\u0117"},"schema":{"@context":"https:\/\/schema.org","@graph":[{"@type":"Article","@id":"https:\/\/chrystus.pl\/jak-mojzesz-nazwal-biblijna-manne-i-czym-byla-ona-dla-izraelitow\/#article","isPartOf":{"@id":"https:\/\/chrystus.pl\/jak-mojzesz-nazwal-biblijna-manne-i-czym-byla-ona-dla-izraelitow\/"},"author":{"name":"Samarytanka","@id":"https:\/\/chrystus.pl\/#\/schema\/person\/e2e742452b8b7b2bcd23ea180671d27a"},"headline":"Jak Moj\u017cesz nazwa\u0142 Biblijn\u0105 Mann\u0119 i Czym by\u0142a ona dla Izraelit\u00f3w?","datePublished":"2019-04-16T00:05:52+00:00","dateModified":"2020-01-13T07:56:50+00:00","mainEntityOfPage":{"@id":"https:\/\/chrystus.pl\/jak-mojzesz-nazwal-biblijna-manne-i-czym-byla-ona-dla-izraelitow\/"},"wordCount":302,"commentCount":0,"publisher":{"@id":"https:\/\/chrystus.pl\/#organization"},"image":{"@id":"https:\/\/chrystus.pl\/jak-mojzesz-nazwal-biblijna-manne-i-czym-byla-ona-dla-izraelitow\/#primaryimage"},"thumbnailUrl":"https:\/\/chrystus.pl\/wp-content\/uploads\/2019\/04\/Jak-Mojz\u0307esz-nazwa\u0142-Manne\u0328-i-Czym-by\u0142a-dla-Izraelito\u0301w.jpg","articleSection":["Moj\u017cesz"],"inLanguage":"lt-LT","potentialAction":[{"@type":"CommentAction","name":"Comment","target":["https:\/\/chrystus.pl\/jak-mojzesz-nazwal-biblijna-manne-i-czym-byla-ona-dla-izraelitow\/#respond"]}]},{"@type":"WebPage","@id":"https:\/\/chrystus.pl\/jak-mojzesz-nazwal-biblijna-manne-i-czym-byla-ona-dla-izraelitow\/","url":"https:\/\/chrystus.pl\/jak-mojzesz-nazwal-biblijna-manne-i-czym-byla-ona-dla-izraelitow\/","name":"Kaip Moz\u0117 pavadino biblin\u0119 man\u0105 ir k\u0105 ji rei\u0161k\u0117 izraelitams","isPartOf":{"@id":"https:\/\/chrystus.pl\/#website"},"primaryImageOfPage":{"@id":"https:\/\/chrystus.pl\/jak-mojzesz-nazwal-biblijna-manne-i-czym-byla-ona-dla-izraelitow\/#primaryimage"},"image":{"@id":"https:\/\/chrystus.pl\/jak-mojzesz-nazwal-biblijna-manne-i-czym-byla-ona-dla-izraelitow\/#primaryimage"},"thumbnailUrl":"https:\/\/chrystus.pl\/wp-content\/uploads\/2019\/04\/Jak-Mojz\u0307esz-nazwa\u0142-Manne\u0328-i-Czym-by\u0142a-dla-Izraelito\u0301w.jpg","datePublished":"2019-04-16T00:05:52+00:00","dateModified":"2020-01-13T07:56:50+00:00","description":"Kaip Moz\u0117 vadino man\u0105? Kas buvo mana Mozei ir izraelitams? I\u0161 kur jis apskritai atsirado ir kokia jo reik\u0161m\u0117? \u017dmoni\u0173 klajoni\u0173 metu","breadcrumb":{"@id":"https:\/\/chrystus.pl\/jak-mojzesz-nazwal-biblijna-manne-i-czym-byla-ona-dla-izraelitow\/#breadcrumb"},"inLanguage":"lt-LT","potentialAction":[{"@type":"ReadAction","target":["https:\/\/chrystus.pl\/jak-mojzesz-nazwal-biblijna-manne-i-czym-byla-ona-dla-izraelitow\/"]}]},{"@type":"ImageObject","inLanguage":"lt-LT","@id":"https:\/\/chrystus.pl\/jak-mojzesz-nazwal-biblijna-manne-i-czym-byla-ona-dla-izraelitow\/#primaryimage","url":"https:\/\/chrystus.pl\/wp-content\/uploads\/2019\/04\/Jak-Mojz\u0307esz-nazwa\u0142-Manne\u0328-i-Czym-by\u0142a-dla-Izraelito\u0301w.jpg","contentUrl":"https:\/\/chrystus.pl\/wp-content\/uploads\/2019\/04\/Jak-Mojz\u0307esz-nazwa\u0142-Manne\u0328-i-Czym-by\u0142a-dla-Izraelito\u0301w.jpg","width":1280,"height":1280,"caption":"Jak Mojz\u0307esz nazwa\u0142 Manne\u0328 i Czym by\u0142a dla Izraelito\u0301w"},{"@type":"BreadcrumbList","@id":"https:\/\/chrystus.pl\/jak-mojzesz-nazwal-biblijna-manne-i-czym-byla-ona-dla-izraelitow\/#breadcrumb","itemListElement":[{"@type":"ListItem","position":1,"name":"Strona g\u0142\u00f3wna","item":"https:\/\/chrystus.pl\/"},{"@type":"ListItem","position":2,"name":"Jak Moj\u017cesz nazwa\u0142 Biblijn\u0105 Mann\u0119 i Czym by\u0142a ona dla Izraelit\u00f3w?"}]},{"@type":"WebSite","@id":"https:\/\/chrystus.pl\/#website","url":"https:\/\/chrystus.pl\/","name":"Kristus","description":"Dievas, Marija, J\u0117zus, Komunija ir dar daugiau","publisher":{"@id":"https:\/\/chrystus.pl\/#organization"},"potentialAction":[{"@type":"SearchAction","target":{"@type":"EntryPoint","urlTemplate":"https:\/\/chrystus.pl\/?s={search_term_string}"},"query-input":{"@type":"PropertyValueSpecification","valueRequired":true,"valueName":"search_term_string"}}],"inLanguage":"lt-LT"},{"@type":"Organization","@id":"https:\/\/chrystus.pl\/#organization","name":"Christ.pl","url":"https:\/\/chrystus.pl\/","logo":{"@type":"ImageObject","inLanguage":"lt-LT","@id":"https:\/\/chrystus.pl\/#\/schema\/logo\/image\/","url":"https:\/\/chrystus.pl\/wp-content\/uploads\/2019\/03\/chrystus-bog-maryja-komunia-bierzmowanie.jpg","contentUrl":"https:\/\/chrystus.pl\/wp-content\/uploads\/2019\/03\/chrystus-bog-maryja-komunia-bierzmowanie.jpg","width":1920,"height":1280,"caption":"Chrystus.pl"},"image":{"@id":"https:\/\/chrystus.pl\/#\/schema\/logo\/image\/"}},{"@type":"Person","@id":"https:\/\/chrystus.pl\/#\/schema\/person\/e2e742452b8b7b2bcd23ea180671d27a","name":"Samariet\u0117 moteris"}]}},"_links":{"self":[{"href":"https:\/\/chrystus.pl\/lt\/wp-json\/wp\/v2\/posts\/562","targetHints":{"allow":["GET"]}}],"collection":[{"href":"https:\/\/chrystus.pl\/lt\/wp-json\/wp\/v2\/posts"}],"about":[{"href":"https:\/\/chrystus.pl\/lt\/wp-json\/wp\/v2\/types\/post"}],"author":[{"embeddable":true,"href":"https:\/\/chrystus.pl\/lt\/wp-json\/wp\/v2\/users\/1"}],"replies":[{"embeddable":true,"href":"https:\/\/chrystus.pl\/lt\/wp-json\/wp\/v2\/comments?post=562"}],"version-history":[{"count":0,"href":"https:\/\/chrystus.pl\/lt\/wp-json\/wp\/v2\/posts\/562\/revisions"}],"wp:featuredmedia":[{"embeddable":true,"href":"https:\/\/chrystus.pl\/lt\/wp-json\/wp\/v2\/media\/563"}],"wp:attachment":[{"href":"https:\/\/chrystus.pl\/lt\/wp-json\/wp\/v2\/media?parent=562"}],"wp:term":[{"taxonomy":"category","embeddable":true,"href":"https:\/\/chrystus.pl\/lt\/wp-json\/wp\/v2\/categories?post=562"},{"taxonomy":"post_tag","embeddable":true,"href":"https:\/\/chrystus.pl\/lt\/wp-json\/wp\/v2\/tags?post=562"}],"curies":[{"name":"wp","href":"https:\/\/api.w.org\/{rel}","templated":true}]}}