{"id":597,"date":"2019-06-01T12:27:13","date_gmt":"2019-06-01T12:27:13","guid":{"rendered":"https:\/\/chrystus.pl\/?p=597"},"modified":"2020-01-13T07:55:45","modified_gmt":"2020-01-13T07:55:45","slug":"co-ludzie-kladli-na-droge-po-ktorej-jechal-pan-jezus","status":"publish","type":"post","link":"https:\/\/chrystus.pl\/lt\/co-ludzie-kladli-na-droge-po-ktorej-jechal-pan-jezus\/","title":{"rendered":"K\u0105 \u017emon\u0117s d\u0117jo ant kelio, kuriuo va\u017eiavo Vie\u0161pats J\u0117zus?"},"content":{"rendered":"<p>K\u0105 \u017emon\u0117s d\u0117jo ant kelio, kuriuo va\u017eiavo Vie\u0161pats J\u0117zus?<\/p>\n<p>Pytanie to wi\u0105\u017ce si\u0119 z histori\u0105 opowiadaj\u0105c\u0105 o wje\u017adzie Pana Jezusa do <span id=\"urn:enhancement-73e94d71\" class=\"textannotation disambiguated wl-place\" itemid=\"http:\/\/data.wordlift.io\/wl01857\/entity\/jerozolima\">Jeruzal\u0117<\/span>.<\/p>\n<p>Netrukus po dviej\u0173 akl\u0173 elget\u0173 i\u0161gydymo Vie\u0161pats pasiek\u0117 <span id=\"urn:enhancement-8d881b1\" class=\"textannotation disambiguated wl-other\" itemid=\"http:\/\/data.wordlift.io\/wl01857\/entity\/betfage\">Betfage<\/span> i <span id=\"urn:enhancement-300b7107\" class=\"textannotation disambiguated wl-place\" itemid=\"http:\/\/data.wordlift.io\/wl01857\/entity\/al-ajzarija\">Betanija<\/span> \u012f Alyv\u0173 kaln\u0105 ir nurod\u0117 dviem <span id=\"urn:enhancement-de829b6e\" class=\"textannotation disambiguated wl-other\" itemid=\"http:\/\/data.wordlift.io\/wl01378\/entity\/apostol\">mokiniai<\/span> atved\u0117 pas j\u012f asil\u0105. J\u0117zus ant asilo i\u0161keliavo \u012f <span id=\"urn:enhancement-6113efac\" class=\"textannotation disambiguated wl-place\" itemid=\"http:\/\/data.wordlift.io\/wl01857\/entity\/jerozolima\">Jeruzal\u0117<\/span>. \u017dmon\u0117s, i\u0161gird\u0119 apie tai, i\u0161\u0117jo Jo pasitikti. Jie \u0117m\u0117 dengti jam keli\u0105 savo apsiaustais. Tada \u017emon\u0117s taip pat pa\u0117m\u0117 palmi\u0173 \u0161akas ir \u017eod\u017eiais \u0161lovino Vie\u0161pat\u012f: <span id=\"urn:enhancement-4f56be0b\" class=\"textannotation disambiguated wl-other\" itemid=\"http:\/\/data.wordlift.io\/wl01857\/entity\/blogoslawiony\"><a href=\"https:\/\/chrystus.pl\/lt\/8-blogoslawienstw-2\/\">Palaiminta<\/a><\/span> Karalius, kuris ateina vardu <span id=\"urn:enhancement-743bbb4f\" class=\"textannotation disambiguated wl-other\" itemid=\"http:\/\/data.wordlift.io\/wl01378\/entity\/jahwe\">Jahv\u0117<\/span>, jie \u0117m\u0117 m\u0117tyti \u0161ias \u0161akas prie\u0161ais j\u012f.<\/p>\n<p>J\u0117zus, \u012feinantis \u012f <span id=\"urn:enhancement-552ae79f\" class=\"textannotation disambiguated wl-place\" itemid=\"http:\/\/data.wordlift.io\/wl01857\/entity\/jerozolima\">Jeruzal\u0117<\/span> Jis pamin\u0117jo tradicij\u0105, pagal kuri\u0105 naujasis karalius \u012f miest\u0105 atva\u017eiuodavo ant asilo. \u017dmon\u0117s, \u017einoma, sutiko j\u012f su entuziazmu. Tada Vie\u0161pats nu\u0117jo \u012f \u0161ventykl\u0105, kur susitiko su ligoniais, luo\u0161iais ir aklaisiais. Vie\u0161pats J\u0117zus juos visus i\u0161gyd\u0117.<\/p>\n<p>Relacj\u0119 z tego wydarzenia, jakim by\u0142 wjazd Pana Jezusa do <span id=\"urn:enhancement-c75f1d70\" class=\"textannotation disambiguated wl-place\" itemid=\"http:\/\/data.wordlift.io\/wl01857\/entity\/jerozolima\">Jeruzal\u0117<\/span> pareng\u0117 visi keturi <span id=\"urn:enhancement-f609abf\" class=\"textannotation disambiguated wl-other\" itemid=\"http:\/\/data.wordlift.io\/wl01857\/entity\/ewangelisci\">evangelistai<\/span>. Visuose pasakojimuose \u012fra\u0161as yra didelis triumfas, kur\u012f \u017emon\u0117s priima su dideliu entuziazmu.<\/p>\n<p>O k\u0105 \u017emon\u0117s d\u0117jo ant kelio, kuriuo va\u017eiavo Vie\u0161pats J\u0117zus? Tai buvo apsiaustai ir palmi\u0173 \u0161akos. Taip \u017emon\u0117s parod\u0117 savo param\u0105 ir d\u017eiaugsm\u0105 Vie\u0161pa\u010diui. Jie pa\u0161auk\u0117 ir pasveikino j\u012f kaip savo nauj\u0105j\u012f karali\u0173. Visa minia \u017emoni\u0173 su d\u017eiaugsmu pasitiko J\u0117z\u0173 ir sek\u0117 paskui j\u012f ir jo asil\u0105.<\/p>","protected":false},"excerpt":{"rendered":"<p>Co ludzie k\u0142adli na drog\u0119, po kt\u00f3rej jecha\u0142 Pan Jezus? Pytanie to wi\u0105\u017ce si\u0119 z histori\u0105 opowiadaj\u0105c\u0105 o wje\u017adzie Pana Jezusa do Jerozolimy. Kr\u00f3tko po uzdrowieniu dw\u00f3ch niewidomych \u017cebrak\u00f3w, dotar\u0142 Pan do Betfage i Betanii do Oliwnej g\u00f3ry i poleci\u0142 dw\u00f3m uczniom przyprowadzenie do niego os\u0142a. Jezus skierowa\u0142 si\u0119 na o\u015ble do Jerozolimy. Ludzie, dowiedziawszy &hellip;<\/p>","protected":false},"author":1,"featured_media":598,"comment_status":"open","ping_status":"closed","sticky":false,"template":"","format":"standard","meta":{"footnotes":""},"categories":[52],"tags":[],"class_list":["post-597","post","type-post","status-publish","format-standard","has-post-thumbnail","hentry","category-jezus"],"yoast_head":"<!-- This site is optimized with the Yoast SEO plugin v27.5 - https:\/\/yoast.com\/product\/yoast-seo-wordpress\/ -->\n<title>Co ludzie k\u0142adli na drog\u0119, po kt\u00f3rej jecha\u0142 Pan Jezus? - Chrystus<\/title>\n<meta name=\"description\" content=\"Co ludzie k\u0142adli na drog\u0119, po kt\u00f3rej jecha\u0142 Pan Jezus? Pytanie to wi\u0105\u017ce si\u0119 z histori\u0105 opowiadaj\u0105c\u0105 o wje\u017adzie Pana Jezusa do Jerozolimy. Kr\u00f3tko po\" \/>\n<meta name=\"robots\" content=\"index, follow, max-snippet:-1, max-image-preview:large, max-video-preview:-1\" \/>\n<link rel=\"canonical\" href=\"https:\/\/chrystus.pl\/lt\/kas-zmoniu-padaryta-kelyje-prie-kurio-mr-jezus-vaziavo\/\" \/>\n<meta property=\"og:locale\" content=\"lt_LT\" \/>\n<meta property=\"og:type\" content=\"article\" \/>\n<meta property=\"og:title\" content=\"Co ludzie k\u0142adli na drog\u0119, po kt\u00f3rej jecha\u0142 Pan Jezus? - Chrystus\" \/>\n<meta property=\"og:description\" content=\"Co ludzie k\u0142adli na drog\u0119, po kt\u00f3rej jecha\u0142 Pan Jezus? Pytanie to wi\u0105\u017ce si\u0119 z histori\u0105 opowiadaj\u0105c\u0105 o wje\u017adzie Pana Jezusa do Jerozolimy. Kr\u00f3tko po\" \/>\n<meta property=\"og:url\" content=\"https:\/\/chrystus.pl\/lt\/kas-zmoniu-padaryta-kelyje-prie-kurio-mr-jezus-vaziavo\/\" \/>\n<meta property=\"og:site_name\" content=\"Chrystus\" \/>\n<meta property=\"article:published_time\" content=\"2019-06-01T12:27:13+00:00\" \/>\n<meta property=\"article:modified_time\" content=\"2020-01-13T07:55:45+00:00\" \/>\n<meta property=\"og:image\" content=\"https:\/\/chrystus.pl\/wp-content\/uploads\/2019\/06\/Co-ludzie-k\u0142adli-na-droge\u0328-po-kto\u0301rej-jecha\u0142-Pan-Jezus.jpg\" \/>\n\t<meta property=\"og:image:width\" content=\"640\" \/>\n\t<meta property=\"og:image:height\" content=\"426\" \/>\n\t<meta property=\"og:image:type\" content=\"image\/jpeg\" \/>\n<meta name=\"author\" content=\"Samarytanka\" \/>\n<meta name=\"twitter:card\" content=\"summary_large_image\" \/>\n<meta name=\"twitter:label1\" content=\"Written by\" \/>\n\t<meta name=\"twitter:data1\" content=\"Samarytanka\" \/>\n\t<meta name=\"twitter:label2\" content=\"Est. reading time\" \/>\n\t<meta name=\"twitter:data2\" content=\"1 minut\u0117\" \/>\n<!-- \/ Yoast SEO plugin. -->","yoast_head_json":{"title":"K\u0105 \u017emon\u0117s d\u0117jo ant kelio, kuriuo va\u017eiavo Vie\u0161pats J\u0117zus? - Kristus","description":"K\u0105 \u017emon\u0117s d\u0117jo ant kelio, kuriuo keliavo Vie\u0161pats J\u0117zus? \u0160is klausimas susij\u0119s su J\u0117zaus \u012f\u017eengimo \u012f Jeruzal\u0119 istorija. Netrukus po","robots":{"index":"index","follow":"follow","max-snippet":"max-snippet:-1","max-image-preview":"max-image-preview:large","max-video-preview":"max-video-preview:-1"},"canonical":"https:\/\/chrystus.pl\/lt\/kas-zmoniu-padaryta-kelyje-prie-kurio-mr-jezus-vaziavo\/","og_locale":"lt_LT","og_type":"article","og_title":"Co ludzie k\u0142adli na drog\u0119, po kt\u00f3rej jecha\u0142 Pan Jezus? - Chrystus","og_description":"Co ludzie k\u0142adli na drog\u0119, po kt\u00f3rej jecha\u0142 Pan Jezus? Pytanie to wi\u0105\u017ce si\u0119 z histori\u0105 opowiadaj\u0105c\u0105 o wje\u017adzie Pana Jezusa do Jerozolimy. Kr\u00f3tko po","og_url":"https:\/\/chrystus.pl\/lt\/kas-zmoniu-padaryta-kelyje-prie-kurio-mr-jezus-vaziavo\/","og_site_name":"Chrystus","article_published_time":"2019-06-01T12:27:13+00:00","article_modified_time":"2020-01-13T07:55:45+00:00","og_image":[{"width":640,"height":426,"url":"https:\/\/chrystus.pl\/wp-content\/uploads\/2019\/06\/Co-ludzie-k\u0142adli-na-droge\u0328-po-kto\u0301rej-jecha\u0142-Pan-Jezus.jpg","type":"image\/jpeg"}],"author":"Samarytanka","twitter_card":"summary_large_image","twitter_misc":{"Written by":"Samarytanka","Est. reading time":"1 minut\u0117"},"schema":{"@context":"https:\/\/schema.org","@graph":[{"@type":"Article","@id":"https:\/\/chrystus.pl\/co-ludzie-kladli-na-droge-po-ktorej-jechal-pan-jezus\/#article","isPartOf":{"@id":"https:\/\/chrystus.pl\/co-ludzie-kladli-na-droge-po-ktorej-jechal-pan-jezus\/"},"author":{"name":"Samarytanka","@id":"https:\/\/chrystus.pl\/#\/schema\/person\/e2e742452b8b7b2bcd23ea180671d27a"},"headline":"Co ludzie k\u0142adli na drog\u0119, po kt\u00f3rej jecha\u0142 Pan Jezus?","datePublished":"2019-06-01T12:27:13+00:00","dateModified":"2020-01-13T07:55:45+00:00","mainEntityOfPage":{"@id":"https:\/\/chrystus.pl\/co-ludzie-kladli-na-droge-po-ktorej-jechal-pan-jezus\/"},"wordCount":277,"commentCount":0,"publisher":{"@id":"https:\/\/chrystus.pl\/#organization"},"image":{"@id":"https:\/\/chrystus.pl\/co-ludzie-kladli-na-droge-po-ktorej-jechal-pan-jezus\/#primaryimage"},"thumbnailUrl":"https:\/\/chrystus.pl\/wp-content\/uploads\/2019\/06\/Co-ludzie-k\u0142adli-na-droge\u0328-po-kto\u0301rej-jecha\u0142-Pan-Jezus.jpg","articleSection":["Jezus"],"inLanguage":"lt-LT","potentialAction":[{"@type":"CommentAction","name":"Comment","target":["https:\/\/chrystus.pl\/co-ludzie-kladli-na-droge-po-ktorej-jechal-pan-jezus\/#respond"]}]},{"@type":"WebPage","@id":"https:\/\/chrystus.pl\/co-ludzie-kladli-na-droge-po-ktorej-jechal-pan-jezus\/","url":"https:\/\/chrystus.pl\/co-ludzie-kladli-na-droge-po-ktorej-jechal-pan-jezus\/","name":"K\u0105 \u017emon\u0117s d\u0117jo ant kelio, kuriuo va\u017eiavo Vie\u0161pats J\u0117zus? - Kristus","isPartOf":{"@id":"https:\/\/chrystus.pl\/#website"},"primaryImageOfPage":{"@id":"https:\/\/chrystus.pl\/co-ludzie-kladli-na-droge-po-ktorej-jechal-pan-jezus\/#primaryimage"},"image":{"@id":"https:\/\/chrystus.pl\/co-ludzie-kladli-na-droge-po-ktorej-jechal-pan-jezus\/#primaryimage"},"thumbnailUrl":"https:\/\/chrystus.pl\/wp-content\/uploads\/2019\/06\/Co-ludzie-k\u0142adli-na-droge\u0328-po-kto\u0301rej-jecha\u0142-Pan-Jezus.jpg","datePublished":"2019-06-01T12:27:13+00:00","dateModified":"2020-01-13T07:55:45+00:00","description":"K\u0105 \u017emon\u0117s d\u0117jo ant kelio, kuriuo keliavo Vie\u0161pats J\u0117zus? \u0160is klausimas susij\u0119s su J\u0117zaus \u012f\u017eengimo \u012f Jeruzal\u0119 istorija. Netrukus po","breadcrumb":{"@id":"https:\/\/chrystus.pl\/co-ludzie-kladli-na-droge-po-ktorej-jechal-pan-jezus\/#breadcrumb"},"inLanguage":"lt-LT","potentialAction":[{"@type":"ReadAction","target":["https:\/\/chrystus.pl\/co-ludzie-kladli-na-droge-po-ktorej-jechal-pan-jezus\/"]}]},{"@type":"ImageObject","inLanguage":"lt-LT","@id":"https:\/\/chrystus.pl\/co-ludzie-kladli-na-droge-po-ktorej-jechal-pan-jezus\/#primaryimage","url":"https:\/\/chrystus.pl\/wp-content\/uploads\/2019\/06\/Co-ludzie-k\u0142adli-na-droge\u0328-po-kto\u0301rej-jecha\u0142-Pan-Jezus.jpg","contentUrl":"https:\/\/chrystus.pl\/wp-content\/uploads\/2019\/06\/Co-ludzie-k\u0142adli-na-droge\u0328-po-kto\u0301rej-jecha\u0142-Pan-Jezus.jpg","width":640,"height":426,"caption":"Co ludzie k\u0142adli na droge\u0328 po kto\u0301rej jecha\u0142 Pan Jezus"},{"@type":"BreadcrumbList","@id":"https:\/\/chrystus.pl\/co-ludzie-kladli-na-droge-po-ktorej-jechal-pan-jezus\/#breadcrumb","itemListElement":[{"@type":"ListItem","position":1,"name":"Strona g\u0142\u00f3wna","item":"https:\/\/chrystus.pl\/"},{"@type":"ListItem","position":2,"name":"Co ludzie k\u0142adli na drog\u0119, po kt\u00f3rej jecha\u0142 Pan Jezus?"}]},{"@type":"WebSite","@id":"https:\/\/chrystus.pl\/#website","url":"https:\/\/chrystus.pl\/","name":"Kristus","description":"Dievas, Marija, J\u0117zus, Komunija ir dar daugiau","publisher":{"@id":"https:\/\/chrystus.pl\/#organization"},"potentialAction":[{"@type":"SearchAction","target":{"@type":"EntryPoint","urlTemplate":"https:\/\/chrystus.pl\/?s={search_term_string}"},"query-input":{"@type":"PropertyValueSpecification","valueRequired":true,"valueName":"search_term_string"}}],"inLanguage":"lt-LT"},{"@type":"Organization","@id":"https:\/\/chrystus.pl\/#organization","name":"Christ.pl","url":"https:\/\/chrystus.pl\/","logo":{"@type":"ImageObject","inLanguage":"lt-LT","@id":"https:\/\/chrystus.pl\/#\/schema\/logo\/image\/","url":"https:\/\/chrystus.pl\/wp-content\/uploads\/2019\/03\/chrystus-bog-maryja-komunia-bierzmowanie.jpg","contentUrl":"https:\/\/chrystus.pl\/wp-content\/uploads\/2019\/03\/chrystus-bog-maryja-komunia-bierzmowanie.jpg","width":1920,"height":1280,"caption":"Chrystus.pl"},"image":{"@id":"https:\/\/chrystus.pl\/#\/schema\/logo\/image\/"}},{"@type":"Person","@id":"https:\/\/chrystus.pl\/#\/schema\/person\/e2e742452b8b7b2bcd23ea180671d27a","name":"Samariet\u0117 moteris"}]}},"_links":{"self":[{"href":"https:\/\/chrystus.pl\/lt\/wp-json\/wp\/v2\/posts\/597","targetHints":{"allow":["GET"]}}],"collection":[{"href":"https:\/\/chrystus.pl\/lt\/wp-json\/wp\/v2\/posts"}],"about":[{"href":"https:\/\/chrystus.pl\/lt\/wp-json\/wp\/v2\/types\/post"}],"author":[{"embeddable":true,"href":"https:\/\/chrystus.pl\/lt\/wp-json\/wp\/v2\/users\/1"}],"replies":[{"embeddable":true,"href":"https:\/\/chrystus.pl\/lt\/wp-json\/wp\/v2\/comments?post=597"}],"version-history":[{"count":0,"href":"https:\/\/chrystus.pl\/lt\/wp-json\/wp\/v2\/posts\/597\/revisions"}],"wp:featuredmedia":[{"embeddable":true,"href":"https:\/\/chrystus.pl\/lt\/wp-json\/wp\/v2\/media\/598"}],"wp:attachment":[{"href":"https:\/\/chrystus.pl\/lt\/wp-json\/wp\/v2\/media?parent=597"}],"wp:term":[{"taxonomy":"category","embeddable":true,"href":"https:\/\/chrystus.pl\/lt\/wp-json\/wp\/v2\/categories?post=597"},{"taxonomy":"post_tag","embeddable":true,"href":"https:\/\/chrystus.pl\/lt\/wp-json\/wp\/v2\/tags?post=597"}],"curies":[{"name":"wp","href":"https:\/\/api.w.org\/{rel}","templated":true}]}}