{"id":638,"date":"2019-06-01T13:17:08","date_gmt":"2019-06-01T13:17:08","guid":{"rendered":"https:\/\/chrystus.pl\/?p=638"},"modified":"2020-05-25T05:53:44","modified_gmt":"2020-05-25T05:53:44","slug":"jak-wygladal-pan-jezus","status":"publish","type":"post","link":"https:\/\/chrystus.pl\/lt\/jak-wygladal-pan-jezus\/","title":{"rendered":"Kaip atrod\u0117 Vie\u0161pats J\u0117zus?"},"content":{"rendered":"<p>Jak wygl\u0105da\u0142 Pan Jezus? Czy znamy dok\u0142adny obraz twarzy Pana Jezusa? Czy dzisiaj, dzi\u0119ki nowoczesnej technologii jeste\u015bmy w stanie go odtworzy\u0107? Czy Jezus mia\u0142 d\u0142ugie w\u0142osy?<\/p>\n<p>Najbardziej znanym obrazem, kt\u00f3ry rzekomo ma przedstawia\u0107 twarz Pana Jezusa jest dobrze znany chyba ka\u017cdemy katolikowi tak zwany ca\u0142un tury\u0144ski. <span id=\"urn:enhancement-646cd572\" class=\"textannotation disambiguated wl-place\" itemid=\"http:\/\/data.wordlift.io\/wl01857\/entity\/calun_turynski\">Turino drobul\u0117<\/span> tai linin\u0117 drob\u0117, kurioje i\u0161 dviej\u0173 pusi\u0173 pavaizduota \u017emogaus fig\u016bra. Joje ji matoma i\u0161 nugaros ir i\u0161 priekio. Kai kuriose vietose ant apsiausto matomos raudonos \u017eym\u0117s. Visa tai laikoma <span id=\"urn:enhancement-99e7f1d\" class=\"textannotation disambiguated wl-other\" itemid=\"http:\/\/data.wordlift.io\/wl01378\/entity\/katedra\">katedra<\/span> \u0160v. <span id=\"urn:enhancement-8f167818\" class=\"textannotation disambiguated wl-person\" itemid=\"http:\/\/data.wordlift.io\/wl01378\/entity\/jan_ewangelista\">Jana<\/span> Tai pirmoji tokio pob\u016bd\u017eio sistema Italijoje. Jis buvo nuolat moksli\u0161kai analizuojamas. Nepaisant to, pati \u017emogaus atvaizdo ant jo kilm\u0117 ir prigimtis vis dar ne\u017einoma.<\/p>\n<div id=\"ez-toc-container\" class=\"ez-toc-v2_0_82_2 counter-hierarchy ez-toc-counter ez-toc-custom ez-toc-container-direction\">\n<p class=\"ez-toc-title\" style=\"cursor:inherit\">Turinys<\/p>\n<label for=\"ez-toc-cssicon-toggle-item-69f331171644a\" class=\"ez-toc-cssicon-toggle-label\"><span class=\"\"><span class=\"eztoc-hide\" style=\"display:none;\">Perjungti<\/span><span class=\"ez-toc-icon-toggle-span\"><svg style=\"fill: #ffffff;color:#ffffff\" xmlns=\"http:\/\/www.w3.org\/2000\/svg\" class=\"list-377408\" width=\"20px\" height=\"20px\" viewbox=\"0 0 24 24\" fill=\"none\"><path d=\"M6 6H4v2h2V6zm14 0H8v2h12V6zM4 11h2v2H4v-2zm16 0H8v2h12v-2zM4 16h2v2H4v-2zm16 0H8v2h12v-2z\" fill=\"currentColor\"><\/path><\/svg><svg style=\"fill: #ffffff;color:#ffffff\" class=\"arrow-unsorted-368013\" xmlns=\"http:\/\/www.w3.org\/2000\/svg\" width=\"10px\" height=\"10px\" viewbox=\"0 0 24 24\" version=\"1.2\" baseprofile=\"tiny\"><path d=\"M18.2 9.3l-6.2-6.3-6.2 6.3c-.2.2-.3.4-.3.7s.1.5.3.7c.2.2.4.3.7.3h11c.3 0 .5-.1.7-.3.2-.2.3-.5.3-.7s-.1-.5-.3-.7zM5.8 14.7l6.2 6.3 6.2-6.3c.2-.2.3-.5.3-.7s-.1-.5-.3-.7c-.2-.2-.4-.3-.7-.3h-11c-.3 0-.5.1-.7.3-.2.2-.3.5-.3.7s.1.5.3.7z\"\/><\/svg><\/span><\/span><\/label><input type=\"checkbox\"  id=\"ez-toc-cssicon-toggle-item-69f331171644a\"  aria-label=\"Perjungti\" \/><nav><ul class='ez-toc-list ez-toc-list-level-1' ><li class='ez-toc-page-1 ez-toc-heading-level-2'><a class=\"ez-toc-link ez-toc-heading-1\" href=\"https:\/\/chrystus.pl\/lt\/jak-wygladal-pan-jezus\/#Jak_wygladal_Jezus\" >Kaip atrod\u0117 J\u0117zus?<\/a><\/li><li class='ez-toc-page-1 ez-toc-heading-level-2'><a class=\"ez-toc-link ez-toc-heading-2\" href=\"https:\/\/chrystus.pl\/lt\/jak-wygladal-pan-jezus\/#Wyglad_Jezusa_Chrystusa\" >J\u0117zaus Kristaus pasirodymas<\/a><\/li><\/ul><\/nav><\/div>\n<h2><span class=\"ez-toc-section\" id=\"Jak_wygladal_Jezus\"><\/span><span>Kaip atrod\u0117 J\u0117zus?<\/span><span class=\"ez-toc-section-end\"><\/span><\/h2>\n<p>Wed\u0142ug chrze\u015bcijan na p\u0142\u00f3tnie ukazana jest posta\u0107 samego Pana Jezusa Chrystusa. Chrystus mia\u0142 by\u0107 po swojej \u015bmierci w niego zawini\u0119ty. Tez\u0119 potwierdza fakt, \u017ce miejsca, w kt\u00f3rych znajduj\u0105 si\u0119 czerwone \u015blady s\u0105 dok\u0142adnym odwzorowaniem miejsc ran Chrystusa, kt\u00f3re s\u0105 opisane w <span id=\"urn:enhancement-f0189c61\" class=\"textannotation disambiguated wl-other\" itemid=\"http:\/\/data.wordlift.io\/wl01857\/entity\/ewangelia\">Evangelija<\/span>. Ta\u010diau n\u0117 viena ba\u017eny\u010dia oficialiai nepatvirtino Turino drobul\u0117s autenti\u0161kumo ir to, kas ant jos yra. Pagal <span id=\"urn:enhancement-a404e9bb\" class=\"textannotation disambiguated wl-other\" itemid=\"http:\/\/data.wordlift.io\/wl01378\/entity\/kosciol_teologia_2\">Ba\u017eny\u010dia<\/span> Kataliki\u0161kas apsiaustas neturi nieko bendra su Kristaus mokymo tikrumu, o tai tur\u0117t\u0173 b\u016bti svarbiausia.<\/p>\n<p>Taigi iki \u0161iol neturime patvirtinto Vie\u0161paties J\u0117zaus pasirodymo. Remdamiesi \u012fvairiais apra\u0161ymais galime daryti tik prielaidas. Ta\u010diau tokius \u012fsivaizdavimus paliekame kiekvienam.<\/p>\n<p><span>Kaip atrod\u0117 J\u0117zus - mokslin\u0117 analiz\u0117<\/span><\/p>\n<p>Naukowcy od wielu lat pr\u00f3buj\u0105 jak najdok\u0142adniej odwzorowa\u0107 posta\u0107 Pana Jezusa. Zadanie to jest jednak utrudnione, poniewa\u017c \u017cadna z ewangelii nie przedstawia dok\u0142adnego opisu Chrystusa. \u00a0Pierwsze wizerunki Jezusa pochodz\u0105 dopiero z III wieku. Na r\u00f3\u017cnych obrazach, rze\u017abach a nawet w filmach, przedstawiany jest jako postawny i przystojny bia\u0142y cz\u0142owiek, z d\u0142ugimi w\u0142osami oraz muskularn\u0105 sylwetk\u0105 i lekkim zarostem.<\/p>\n<p>Paprastai jo plaukai rudi, o akys \u0161viesiai m\u0117lynos. Ta\u010diau tai yra meninis vaizdas. Ties\u0105 sakant, tai netur\u0117t\u0173 b\u016bti laikoma savaime suprantamu dalyku. Kristaus \u012fvaizdis yra labai idealizuotas d\u0117l jo svarbos krik\u0161\u010dioni\u0173 pasaulyje.<\/p>\n<p><span id=\"urn:enhancement-ca48e8a7\" class=\"textannotation disambiguated wl-other\" itemid=\"http:\/\/data.wordlift.io\/wl01857\/entity\/ewangelisci\">Evangelistai<\/span> jokiu b\u016bdu nesusitelk\u0117 \u012f fizin\u012f Vie\u0161paties J\u0117zaus apib\u016bdinim\u0105. Juk tai n\u0117ra Evangelijos esm\u0117. Be to, J\u0117zus, kaip \u017emogus, fizi\u0161kai gal\u0117jo b\u016bti gana vidutinio \u016bgio ir i\u0161siskirti i\u0161 kit\u0173.<\/p>\n<p>W <span id=\"urn:enhancement-c747f11a\" class=\"textannotation disambiguated wl-other\" itemid=\"http:\/\/data.wordlift.io\/wl01378\/entity\/biblia\">Biblijos<\/span> Galima rasti Vie\u0161paties drabu\u017ei\u0173 apra\u0161ym\u0105. Jis d\u0117v\u0117jo <span id=\"urn:enhancement-f1c83c8\" class=\"textannotation disambiguated wl-other\" itemid=\"http:\/\/data.wordlift.io\/wl01378\/entity\/zydzi\">\u017eyd\u0173<\/span> Apsiaustas, vadinamas talitu, su kutais (tsitsith). \u0160ventoji <span id=\"urn:enhancement-3fdf02d2\" class=\"textannotation disambiguated wl-person\" itemid=\"http:\/\/data.wordlift.io\/wl01378\/entity\/jan_ewangelista\">Jan<\/span> Jis pamini, kad po J\u0117zaus mirties jo tunika buvo i\u0161rinkta burt\u0173 keliu tarp rom\u0117n\u0173 kareivi\u0173, kurie nenor\u0117jo ja dalytis, nes tai buvo vientisa tunika. Kartais J\u0117z\u0173 buvo galima sutikti vilkint\u012f ka\u017ek\u0105 pana\u0161aus \u012f apsiaust\u0105 ant tunikos.Jo drabu\u017eiai tikrai nesiskyr\u0117 nuo kit\u0173 to meto ir regiono vyr\u0173 drabu\u017ei\u0173.<\/p>\n<h2><span class=\"ez-toc-section\" id=\"Wyglad_Jezusa_Chrystusa\"><\/span>J\u0117zaus Kristaus pasirodymas<span class=\"ez-toc-section-end\"><\/span><\/h2>\n<p>Aby zrekonstruowa\u0107 przybli\u017cony obraz Pana Jezusa nale\u017cy pos\u0142u\u017cy\u0107 si\u0119 wi\u0119c badaniem innych ludzi z tamtego okresu. Ich ubi\u00f3r, nawyki a nawet szkielety mog\u0105 przybli\u017cy\u0107 nas do faktycznego wygl\u0105du Chrystusa. Czy Jezus mia\u0142 d\u0142ugie w\u0142osy? Wed\u0142ug badaczy jest to ma\u0142o prawdopodobne, poniewa\u017c m\u0119\u017cczyzna w \u00f3wczesnym, rzymskim \u015bwiecie musia\u0142 by\u0107 ogolony i kr\u00f3tkow\u0142osy. \u015awi\u0119ty <span id=\"urn:enhancement-14d20b45\" class=\"textannotation disambiguated wl-person\" itemid=\"http:\/\/data.wordlift.io\/wl01378\/entity\/pawel_z_tarsu\">Paul<\/span> lai\u0161ke korintie\u010diams teigia, kad vyrui ne\u0161ioti ilgus plaukus yra g\u0117da. Be to, tuo metu didel\u0117 problema buvo ir ut\u0117l\u0117s. Tod\u0117l vyrai steng\u0117si r\u016bpintis savo plaukais, o ne juos auginti.<\/p>\n<p>Biologi\u0161kai kalbant, tuometinis <span id=\"urn:enhancement-f7250b69\" class=\"textannotation disambiguated wl-other\" itemid=\"http:\/\/data.wordlift.io\/wl01378\/entity\/zydzi\">\u017dydai<\/span> buvo pana\u0161\u016bs \u012f \u0161iandieninius <span id=\"urn:enhancement-18f59008\" class=\"textannotation disambiguated wl-other\" itemid=\"http:\/\/data.wordlift.io\/wl01378\/entity\/zydzi\">\u017dydai<\/span> irakijskich. Mieli oliwkowo-br\u0105zow\u0105 karnacj\u0119, osi\u0105gali 166 cm wzrostu, ciemnobr\u0105zowe (lub czarne) w\u0142osy oraz ciemnobr\u0105zowe oczy. Jezus prawdopodobnie by\u0142 bardzo podobny do m\u0119\u017cczyzn z tamtego okresu. M\u00f3g\u0142 by\u0107 wi\u0119c niezbyt wysokim m\u0119\u017cczyzn\u0105 z kr\u00f3tkimi w\u0142osami oraz niechlujn\u0105, nie przystrzy\u017con\u0105 brod\u0105, ubrany w skromne ubrania.<\/p>\n<p>Toks apib\u016bdinimas taip pat atitinka jo charakter\u012f ir skelbiamus mokymus. Visi \u017eino, kad J\u0117zus vis\u0173 pirma buvo kuklus \u017emogus. Jis tikrai nesir\u016bpino savo i\u0161vaizda ar noru i\u0161siskirti i\u0161 minios.<\/p>\n<p>Ta\u010diau tikriausiai niekada tiksliai nesu\u017einosime ir galime daryti tik prielaidas. Ta\u010diau nepamir\u0161kime, kad ne tai yra svarbiausia. Svarbu yra tai, kad <span id=\"urn:enhancement-350d32f4\" class=\"textannotation disambiguated wl-other\" itemid=\"http:\/\/data.wordlift.io\/wl01857\/entity\/serce\">serce<\/span>.<\/p>","protected":false},"excerpt":{"rendered":"<p>Jak wygl\u0105da\u0142 Pan Jezus? Czy znamy dok\u0142adny obraz twarzy Pana Jezusa? Czy dzisiaj, dzi\u0119ki nowoczesnej technologii jeste\u015bmy w stanie go odtworzy\u0107? Czy Jezus mia\u0142 d\u0142ugie w\u0142osy? Najbardziej znanym obrazem, kt\u00f3ry rzekomo ma przedstawia\u0107 twarz Pana Jezusa jest dobrze znany chyba ka\u017cdemy katolikowi tak zwany ca\u0142un tury\u0144ski. Ca\u0142un tury\u0144ski jest lnianym p\u0142\u00f3tnem, kt\u00f3re zawiera dwustronne odwzorowanie &hellip;<\/p>","protected":false},"author":1,"featured_media":639,"comment_status":"open","ping_status":"closed","sticky":false,"template":"","format":"standard","meta":{"footnotes":""},"categories":[52],"tags":[],"class_list":["post-638","post","type-post","status-publish","format-standard","has-post-thumbnail","hentry","category-jezus"],"yoast_head":"<!-- This site is optimized with the Yoast SEO plugin v27.5 - https:\/\/yoast.com\/product\/yoast-seo-wordpress\/ -->\n<title>Jak wygl\u0105da\u0142 Pan Jezus? - Chrystus<\/title>\n<meta name=\"description\" content=\"Jak wygl\u0105da\u0142 Pan Jezus? Czy znamy dok\u0142adny obraz twarzy Pana Jezusa? Czy dzisiaj, dzi\u0119ki nowoczesnej technologii jeste\u015bmy w stanie go odtworzy\u0107? Czy Jezus\" \/>\n<meta name=\"robots\" content=\"index, follow, max-snippet:-1, max-image-preview:large, max-video-preview:-1\" \/>\n<link rel=\"canonical\" href=\"https:\/\/chrystus.pl\/lt\/kaip-atrode-jezus\/\" \/>\n<meta property=\"og:locale\" content=\"lt_LT\" \/>\n<meta property=\"og:type\" content=\"article\" \/>\n<meta property=\"og:title\" content=\"Jak wygl\u0105da\u0142 Pan Jezus? - Chrystus\" \/>\n<meta property=\"og:description\" content=\"Jak wygl\u0105da\u0142 Pan Jezus? Czy znamy dok\u0142adny obraz twarzy Pana Jezusa? Czy dzisiaj, dzi\u0119ki nowoczesnej technologii jeste\u015bmy w stanie go odtworzy\u0107? Czy Jezus\" \/>\n<meta property=\"og:url\" content=\"https:\/\/chrystus.pl\/lt\/kaip-atrode-jezus\/\" \/>\n<meta property=\"og:site_name\" content=\"Chrystus\" \/>\n<meta property=\"article:published_time\" content=\"2019-06-01T13:17:08+00:00\" \/>\n<meta property=\"article:modified_time\" content=\"2020-05-25T05:53:44+00:00\" \/>\n<meta property=\"og:image\" content=\"https:\/\/chrystus.pl\/wp-content\/uploads\/2019\/06\/Jak-Wygladal-Jezus.jpg\" \/>\n\t<meta property=\"og:image:width\" content=\"640\" \/>\n\t<meta property=\"og:image:height\" content=\"426\" \/>\n\t<meta property=\"og:image:type\" content=\"image\/jpeg\" \/>\n<meta name=\"author\" content=\"Samarytanka\" \/>\n<meta name=\"twitter:card\" content=\"summary_large_image\" \/>\n<meta name=\"twitter:label1\" content=\"Written by\" \/>\n\t<meta name=\"twitter:data1\" content=\"Samarytanka\" \/>\n\t<meta name=\"twitter:label2\" content=\"Est. reading time\" \/>\n\t<meta name=\"twitter:data2\" content=\"4 minut\u0117s\" \/>\n<!-- \/ Yoast SEO plugin. -->","yoast_head_json":{"title":"Kaip atrod\u0117 Vie\u0161pats J\u0117zus? - Kristus","description":"Kaip atrod\u0117 Vie\u0161pats J\u0117zus? Ar \u017einome tiksl\u0173 Vie\u0161paties J\u0117zaus veido atvaizd\u0105? Ar \u0161iandien d\u0117l \u0161iuolaikini\u0173 technologij\u0173 galime tai atkartoti? Ar J\u0117zus","robots":{"index":"index","follow":"follow","max-snippet":"max-snippet:-1","max-image-preview":"max-image-preview:large","max-video-preview":"max-video-preview:-1"},"canonical":"https:\/\/chrystus.pl\/lt\/kaip-atrode-jezus\/","og_locale":"lt_LT","og_type":"article","og_title":"Jak wygl\u0105da\u0142 Pan Jezus? - Chrystus","og_description":"Jak wygl\u0105da\u0142 Pan Jezus? Czy znamy dok\u0142adny obraz twarzy Pana Jezusa? Czy dzisiaj, dzi\u0119ki nowoczesnej technologii jeste\u015bmy w stanie go odtworzy\u0107? Czy Jezus","og_url":"https:\/\/chrystus.pl\/lt\/kaip-atrode-jezus\/","og_site_name":"Chrystus","article_published_time":"2019-06-01T13:17:08+00:00","article_modified_time":"2020-05-25T05:53:44+00:00","og_image":[{"width":640,"height":426,"url":"https:\/\/chrystus.pl\/wp-content\/uploads\/2019\/06\/Jak-Wygladal-Jezus.jpg","type":"image\/jpeg"}],"author":"Samarytanka","twitter_card":"summary_large_image","twitter_misc":{"Written by":"Samarytanka","Est. reading time":"4 minut\u0117s"},"schema":{"@context":"https:\/\/schema.org","@graph":[{"@type":"Article","@id":"https:\/\/chrystus.pl\/sk\/ako-vyzeral-jezis\/#article","isPartOf":{"@id":"https:\/\/chrystus.pl\/sk\/ako-vyzeral-jezis\/"},"author":{"name":"Samarytanka","@id":"https:\/\/chrystus.pl\/#\/schema\/person\/e2e742452b8b7b2bcd23ea180671d27a"},"headline":"Jak wygl\u0105da\u0142 Pan Jezus?","datePublished":"2019-06-01T13:17:08+00:00","dateModified":"2020-05-25T05:53:44+00:00","mainEntityOfPage":{"@id":"https:\/\/chrystus.pl\/sk\/ako-vyzeral-jezis\/"},"wordCount":785,"commentCount":0,"publisher":{"@id":"https:\/\/chrystus.pl\/#organization"},"image":{"@id":"https:\/\/chrystus.pl\/sk\/ako-vyzeral-jezis\/#primaryimage"},"thumbnailUrl":"https:\/\/chrystus.pl\/wp-content\/uploads\/2019\/06\/Jak-Wygladal-Jezus.jpg","articleSection":["Jezus"],"inLanguage":"lt-LT","potentialAction":[{"@type":"CommentAction","name":"Comment","target":["https:\/\/chrystus.pl\/sk\/ako-vyzeral-jezis\/#respond"]}]},{"@type":"WebPage","@id":"https:\/\/chrystus.pl\/sk\/ako-vyzeral-jezis\/","url":"https:\/\/chrystus.pl\/sk\/ako-vyzeral-jezis\/","name":"Kaip atrod\u0117 Vie\u0161pats J\u0117zus? - Kristus","isPartOf":{"@id":"https:\/\/chrystus.pl\/#website"},"primaryImageOfPage":{"@id":"https:\/\/chrystus.pl\/sk\/ako-vyzeral-jezis\/#primaryimage"},"image":{"@id":"https:\/\/chrystus.pl\/sk\/ako-vyzeral-jezis\/#primaryimage"},"thumbnailUrl":"https:\/\/chrystus.pl\/wp-content\/uploads\/2019\/06\/Jak-Wygladal-Jezus.jpg","datePublished":"2019-06-01T13:17:08+00:00","dateModified":"2020-05-25T05:53:44+00:00","description":"Kaip atrod\u0117 Vie\u0161pats J\u0117zus? Ar \u017einome tiksl\u0173 Vie\u0161paties J\u0117zaus veido atvaizd\u0105? Ar \u0161iandien d\u0117l \u0161iuolaikini\u0173 technologij\u0173 galime tai atkartoti? Ar J\u0117zus","breadcrumb":{"@id":"https:\/\/chrystus.pl\/sk\/ako-vyzeral-jezis\/#breadcrumb"},"inLanguage":"lt-LT","potentialAction":[{"@type":"ReadAction","target":["https:\/\/chrystus.pl\/sk\/ako-vyzeral-jezis\/"]}]},{"@type":"ImageObject","inLanguage":"lt-LT","@id":"https:\/\/chrystus.pl\/sk\/ako-vyzeral-jezis\/#primaryimage","url":"https:\/\/chrystus.pl\/wp-content\/uploads\/2019\/06\/Jak-Wygladal-Jezus.jpg","contentUrl":"https:\/\/chrystus.pl\/wp-content\/uploads\/2019\/06\/Jak-Wygladal-Jezus.jpg","width":640,"height":426,"caption":"Jak Wygladal Jezus"},{"@type":"BreadcrumbList","@id":"https:\/\/chrystus.pl\/sk\/ako-vyzeral-jezis\/#breadcrumb","itemListElement":[{"@type":"ListItem","position":1,"name":"Strona g\u0142\u00f3wna","item":"https:\/\/chrystus.pl\/"},{"@type":"ListItem","position":2,"name":"Jak wygl\u0105da\u0142 Pan Jezus?"}]},{"@type":"WebSite","@id":"https:\/\/chrystus.pl\/#website","url":"https:\/\/chrystus.pl\/","name":"Kristus","description":"Dievas, Marija, J\u0117zus, Komunija ir dar daugiau","publisher":{"@id":"https:\/\/chrystus.pl\/#organization"},"potentialAction":[{"@type":"SearchAction","target":{"@type":"EntryPoint","urlTemplate":"https:\/\/chrystus.pl\/?s={search_term_string}"},"query-input":{"@type":"PropertyValueSpecification","valueRequired":true,"valueName":"search_term_string"}}],"inLanguage":"lt-LT"},{"@type":"Organization","@id":"https:\/\/chrystus.pl\/#organization","name":"Christ.pl","url":"https:\/\/chrystus.pl\/","logo":{"@type":"ImageObject","inLanguage":"lt-LT","@id":"https:\/\/chrystus.pl\/#\/schema\/logo\/image\/","url":"https:\/\/chrystus.pl\/wp-content\/uploads\/2019\/03\/chrystus-bog-maryja-komunia-bierzmowanie.jpg","contentUrl":"https:\/\/chrystus.pl\/wp-content\/uploads\/2019\/03\/chrystus-bog-maryja-komunia-bierzmowanie.jpg","width":1920,"height":1280,"caption":"Chrystus.pl"},"image":{"@id":"https:\/\/chrystus.pl\/#\/schema\/logo\/image\/"}},{"@type":"Person","@id":"https:\/\/chrystus.pl\/#\/schema\/person\/e2e742452b8b7b2bcd23ea180671d27a","name":"Samariet\u0117 moteris"}]}},"_links":{"self":[{"href":"https:\/\/chrystus.pl\/lt\/wp-json\/wp\/v2\/posts\/638","targetHints":{"allow":["GET"]}}],"collection":[{"href":"https:\/\/chrystus.pl\/lt\/wp-json\/wp\/v2\/posts"}],"about":[{"href":"https:\/\/chrystus.pl\/lt\/wp-json\/wp\/v2\/types\/post"}],"author":[{"embeddable":true,"href":"https:\/\/chrystus.pl\/lt\/wp-json\/wp\/v2\/users\/1"}],"replies":[{"embeddable":true,"href":"https:\/\/chrystus.pl\/lt\/wp-json\/wp\/v2\/comments?post=638"}],"version-history":[{"count":0,"href":"https:\/\/chrystus.pl\/lt\/wp-json\/wp\/v2\/posts\/638\/revisions"}],"wp:featuredmedia":[{"embeddable":true,"href":"https:\/\/chrystus.pl\/lt\/wp-json\/wp\/v2\/media\/639"}],"wp:attachment":[{"href":"https:\/\/chrystus.pl\/lt\/wp-json\/wp\/v2\/media?parent=638"}],"wp:term":[{"taxonomy":"category","embeddable":true,"href":"https:\/\/chrystus.pl\/lt\/wp-json\/wp\/v2\/categories?post=638"},{"taxonomy":"post_tag","embeddable":true,"href":"https:\/\/chrystus.pl\/lt\/wp-json\/wp\/v2\/tags?post=638"}],"curies":[{"name":"wp","href":"https:\/\/api.w.org\/{rel}","templated":true}]}}