{"id":84,"date":"2019-03-26T04:16:37","date_gmt":"2019-03-26T04:16:37","guid":{"rendered":"https:\/\/chrystus.pl\/?p=84"},"modified":"2020-01-13T07:51:51","modified_gmt":"2020-01-13T07:51:51","slug":"dlaczego-bog-najpierw-stworzyl-mezczyzne","status":"publish","type":"post","link":"https:\/\/chrystus.pl\/lt\/dlaczego-bog-najpierw-stworzyl-mezczyzne\/","title":{"rendered":"Kod\u0117l Dievas pirmiausia suk\u016br\u0117 \u017emog\u0173?"},"content":{"rendered":"<p>Dlaczego B\u00f3g najpierw stworzy\u0142 m\u0119\u017cczyzn\u0119? W obrazowym opisie stworzenia \u015bwiata przez <span id=\"urn:enhancement-58a49f82\" class=\"textannotation disambiguated wl-other\" itemid=\"http:\/\/data.wordlift.io\/wl01378\/entity\/bog\">Dievas<\/span> Sakoma, kad Vie\u0161pats suk\u016br\u0117 \u017emog\u0173 pagal savo atvaizd\u0105 i\u0161 molio. Pirmasis \u017emogus, kur\u012f jis suk\u016br\u0117 <span id=\"urn:enhancement-a7a8f67a\" class=\"textannotation disambiguated wl-other\" itemid=\"http:\/\/data.wordlift.io\/wl01378\/entity\/bog_ojciec\">Dievas<\/span> buvo <a href=\"https:\/\/chrystus.pl\/lt\/jakie-polecenie-otrzymali-adam-i-ewa-w-raju\/\">Adomas<\/a>. Tik tada i\u0161 jo k\u016bno dalies, kuri buvo \u0161onkaulis. <span id=\"urn:enhancement-a849890d\" class=\"textannotation disambiguated wl-other\" itemid=\"http:\/\/data.wordlift.io\/wl01378\/entity\/adam_i_ewa_postacie_biblijne\">Adomas<\/span>, Dievas suk\u016br\u0117 moter\u012f.<\/p>\n<p>Nusivyl\u0119s vienatve, Dievas nusprend\u0117 sukurti \u017emog\u0173 pagal savo atvaizd\u0105. Ta\u010diau tai nerei\u0161kia, kad <span id=\"urn:enhancement-8b694a7e\" class=\"textannotation disambiguated wl-other\" itemid=\"http:\/\/data.wordlift.io\/wl01378\/entity\/bog\">Dievas<\/span> tur\u0117t\u0173 b\u016bti vertinamas kaip vyras. Dievas suk\u016br\u0117 <span id=\"urn:enhancement-4e44dc01\" class=\"textannotation disambiguated wl-other\" itemid=\"http:\/\/data.wordlift.io\/wl01378\/entity\/adam_i_ewa_postacie_biblijne\">Adomas<\/span>nes jis tur\u0117jo toki\u0105 \u017emonijos vizij\u0105. Tik pra\u0117jus kuriam laikui po to, kai \u012fkv\u0117p\u0117 jai gyvyb\u0119, jis suprato, kad jo k\u016brinys n\u0117ra i\u0161baigtas ir ka\u017eko tr\u016bksta. Tod\u0117l jis nusprend\u0117 sukurti moter\u012f, kuri tarsi papildyt\u0173 vyr\u0105. D\u0117l \u0161ios prie\u017easties jis suk\u016br\u0117 j\u0105 i\u0161 \u017emogaus dalies. Moteris u\u017ebaig\u0117 \u0161\u012f k\u016brimo darb\u0105. \u017dmogus nustebo, bet kartu labai apsid\u017eiaug\u0117, kad Vie\u0161pats suk\u016br\u0117 jam b\u016btyb\u0119, kuri bus jo draug\u0117. Tod\u0117l ne\u012fmanoma ai\u0161kiai atsakyti, kod\u0117l Dievas pirmiausia suk\u016br\u0117 vyr\u0105, o paskui moter\u012f.<\/p>","protected":false},"excerpt":{"rendered":"<p>Dlaczego B\u00f3g najpierw stworzy\u0142 m\u0119\u017cczyzn\u0119? W obrazowym opisie stworzenia \u015bwiata przez Boga zosta\u0142o powiedziane, \u017ce ulepi\u0142 Pan cz\u0142owieka na swoje podobie\u0144stwo z gliny. Pierwszym cz\u0142owiekiem jakiego stworzy\u0142 Pan B\u00f3g by\u0142 Adam. Dopiero potem z cz\u0119\u015bci jego cia\u0142a jak\u0105 by\u0142o \u017cebro Adama, B\u00f3g stworzy\u0142 kobiet\u0119. B\u00f3g znudzony swoj\u0105 samotno\u015bci\u0105, postanowi\u0142 stworzy\u0107 na swoje podobie\u0144stwo cz\u0142owieka. Nie &hellip;<\/p>","protected":false},"author":1,"featured_media":85,"comment_status":"open","ping_status":"open","sticky":false,"template":"","format":"standard","meta":{"footnotes":""},"categories":[5],"tags":[18],"class_list":["post-84","post","type-post","status-publish","format-standard","has-post-thumbnail","hentry","category-bog","tag-stworzenie"],"yoast_head":"<!-- This site is optimized with the Yoast SEO plugin v27.5 - https:\/\/yoast.com\/product\/yoast-seo-wordpress\/ -->\n<title>Dlaczego B\u00f3g najpierw stworzy\u0142 m\u0119\u017cczyzn\u0119? - Chrystus<\/title>\n<meta name=\"description\" content=\"Dlaczego B\u00f3g najpierw stworzy\u0142 m\u0119\u017cczyzn\u0119? W obrazowym opisie stworzenia \u015bwiata przez Boga zosta\u0142o powiedziane, \u017ce ulepi\u0142 Pan cz\u0142owieka na swoje\" \/>\n<meta name=\"robots\" content=\"index, follow, max-snippet:-1, max-image-preview:large, max-video-preview:-1\" \/>\n<link rel=\"canonical\" href=\"https:\/\/chrystus.pl\/lt\/kodel-bus-dievas-pirmas-padare-zmogu\/\" \/>\n<meta property=\"og:locale\" content=\"lt_LT\" \/>\n<meta property=\"og:type\" content=\"article\" \/>\n<meta property=\"og:title\" content=\"Dlaczego B\u00f3g najpierw stworzy\u0142 m\u0119\u017cczyzn\u0119? - Chrystus\" \/>\n<meta property=\"og:description\" content=\"Dlaczego B\u00f3g najpierw stworzy\u0142 m\u0119\u017cczyzn\u0119? W obrazowym opisie stworzenia \u015bwiata przez Boga zosta\u0142o powiedziane, \u017ce ulepi\u0142 Pan cz\u0142owieka na swoje\" \/>\n<meta property=\"og:url\" content=\"https:\/\/chrystus.pl\/lt\/kodel-bus-dievas-pirmas-padare-zmogu\/\" \/>\n<meta property=\"og:site_name\" content=\"Chrystus\" \/>\n<meta property=\"article:published_time\" content=\"2019-03-26T04:16:37+00:00\" \/>\n<meta property=\"article:modified_time\" content=\"2020-01-13T07:51:51+00:00\" \/>\n<meta property=\"og:image\" content=\"https:\/\/chrystus.pl\/wp-content\/uploads\/2019\/03\/Dlaczego-Bo\u0301g-najpierw-stworzy\u0142-me\u0328z\u0307czyzne\u0328.jpg\" \/>\n\t<meta property=\"og:image:width\" content=\"1280\" \/>\n\t<meta property=\"og:image:height\" content=\"851\" \/>\n\t<meta property=\"og:image:type\" content=\"image\/jpeg\" \/>\n<meta name=\"author\" content=\"Samarytanka\" \/>\n<meta name=\"twitter:card\" content=\"summary_large_image\" \/>\n<meta name=\"twitter:label1\" content=\"Written by\" \/>\n\t<meta name=\"twitter:data1\" content=\"Samarytanka\" \/>\n\t<meta name=\"twitter:label2\" content=\"Est. reading time\" \/>\n\t<meta name=\"twitter:data2\" content=\"1 minut\u0117\" \/>\n<!-- \/ Yoast SEO plugin. -->","yoast_head_json":{"title":"Kod\u0117l Dievas pirmasis suk\u016br\u0117 \u017emog\u0173? - Kristus","description":"Kod\u0117l Dievas pirmasis suk\u016br\u0117 \u017emog\u0173? Vaizdingame pasakojime apie Dievo pasaulio suk\u016brim\u0105 sakoma, kad Jis suk\u016br\u0117 \u017emog\u0173 savo","robots":{"index":"index","follow":"follow","max-snippet":"max-snippet:-1","max-image-preview":"max-image-preview:large","max-video-preview":"max-video-preview:-1"},"canonical":"https:\/\/chrystus.pl\/lt\/kodel-bus-dievas-pirmas-padare-zmogu\/","og_locale":"lt_LT","og_type":"article","og_title":"Dlaczego B\u00f3g najpierw stworzy\u0142 m\u0119\u017cczyzn\u0119? - Chrystus","og_description":"Dlaczego B\u00f3g najpierw stworzy\u0142 m\u0119\u017cczyzn\u0119? W obrazowym opisie stworzenia \u015bwiata przez Boga zosta\u0142o powiedziane, \u017ce ulepi\u0142 Pan cz\u0142owieka na swoje","og_url":"https:\/\/chrystus.pl\/lt\/kodel-bus-dievas-pirmas-padare-zmogu\/","og_site_name":"Chrystus","article_published_time":"2019-03-26T04:16:37+00:00","article_modified_time":"2020-01-13T07:51:51+00:00","og_image":[{"width":1280,"height":851,"url":"https:\/\/chrystus.pl\/wp-content\/uploads\/2019\/03\/Dlaczego-Bo\u0301g-najpierw-stworzy\u0142-me\u0328z\u0307czyzne\u0328.jpg","type":"image\/jpeg"}],"author":"Samarytanka","twitter_card":"summary_large_image","twitter_misc":{"Written by":"Samarytanka","Est. reading time":"1 minut\u0117"},"schema":{"@context":"https:\/\/schema.org","@graph":[{"@type":"Article","@id":"https:\/\/chrystus.pl\/dlaczego-bog-najpierw-stworzyl-mezczyzne\/#article","isPartOf":{"@id":"https:\/\/chrystus.pl\/dlaczego-bog-najpierw-stworzyl-mezczyzne\/"},"author":{"name":"Samarytanka","@id":"https:\/\/chrystus.pl\/#\/schema\/person\/e2e742452b8b7b2bcd23ea180671d27a"},"headline":"Dlaczego B\u00f3g najpierw stworzy\u0142 m\u0119\u017cczyzn\u0119?","datePublished":"2019-03-26T04:16:37+00:00","dateModified":"2020-01-13T07:51:51+00:00","mainEntityOfPage":{"@id":"https:\/\/chrystus.pl\/dlaczego-bog-najpierw-stworzyl-mezczyzne\/"},"wordCount":189,"commentCount":0,"publisher":{"@id":"https:\/\/chrystus.pl\/#organization"},"image":{"@id":"https:\/\/chrystus.pl\/dlaczego-bog-najpierw-stworzyl-mezczyzne\/#primaryimage"},"thumbnailUrl":"https:\/\/chrystus.pl\/wp-content\/uploads\/2019\/03\/Dlaczego-Bo\u0301g-najpierw-stworzy\u0142-me\u0328z\u0307czyzne\u0328.jpg","keywords":["stworzenie"],"articleSection":["B\u00f3g"],"inLanguage":"lt-LT","potentialAction":[{"@type":"CommentAction","name":"Comment","target":["https:\/\/chrystus.pl\/dlaczego-bog-najpierw-stworzyl-mezczyzne\/#respond"]}]},{"@type":"WebPage","@id":"https:\/\/chrystus.pl\/dlaczego-bog-najpierw-stworzyl-mezczyzne\/","url":"https:\/\/chrystus.pl\/dlaczego-bog-najpierw-stworzyl-mezczyzne\/","name":"Kod\u0117l Dievas pirmasis suk\u016br\u0117 \u017emog\u0173? - Kristus","isPartOf":{"@id":"https:\/\/chrystus.pl\/#website"},"primaryImageOfPage":{"@id":"https:\/\/chrystus.pl\/dlaczego-bog-najpierw-stworzyl-mezczyzne\/#primaryimage"},"image":{"@id":"https:\/\/chrystus.pl\/dlaczego-bog-najpierw-stworzyl-mezczyzne\/#primaryimage"},"thumbnailUrl":"https:\/\/chrystus.pl\/wp-content\/uploads\/2019\/03\/Dlaczego-Bo\u0301g-najpierw-stworzy\u0142-me\u0328z\u0307czyzne\u0328.jpg","datePublished":"2019-03-26T04:16:37+00:00","dateModified":"2020-01-13T07:51:51+00:00","description":"Kod\u0117l Dievas pirmasis suk\u016br\u0117 \u017emog\u0173? Vaizdingame pasakojime apie Dievo pasaulio suk\u016brim\u0105 sakoma, kad Jis suk\u016br\u0117 \u017emog\u0173 savo","breadcrumb":{"@id":"https:\/\/chrystus.pl\/dlaczego-bog-najpierw-stworzyl-mezczyzne\/#breadcrumb"},"inLanguage":"lt-LT","potentialAction":[{"@type":"ReadAction","target":["https:\/\/chrystus.pl\/dlaczego-bog-najpierw-stworzyl-mezczyzne\/"]}]},{"@type":"ImageObject","inLanguage":"lt-LT","@id":"https:\/\/chrystus.pl\/dlaczego-bog-najpierw-stworzyl-mezczyzne\/#primaryimage","url":"https:\/\/chrystus.pl\/wp-content\/uploads\/2019\/03\/Dlaczego-Bo\u0301g-najpierw-stworzy\u0142-me\u0328z\u0307czyzne\u0328.jpg","contentUrl":"https:\/\/chrystus.pl\/wp-content\/uploads\/2019\/03\/Dlaczego-Bo\u0301g-najpierw-stworzy\u0142-me\u0328z\u0307czyzne\u0328.jpg","width":1280,"height":851},{"@type":"BreadcrumbList","@id":"https:\/\/chrystus.pl\/dlaczego-bog-najpierw-stworzyl-mezczyzne\/#breadcrumb","itemListElement":[{"@type":"ListItem","position":1,"name":"Strona g\u0142\u00f3wna","item":"https:\/\/chrystus.pl\/"},{"@type":"ListItem","position":2,"name":"Dlaczego B\u00f3g najpierw stworzy\u0142 m\u0119\u017cczyzn\u0119?"}]},{"@type":"WebSite","@id":"https:\/\/chrystus.pl\/#website","url":"https:\/\/chrystus.pl\/","name":"Kristus","description":"Dievas, Marija, J\u0117zus, Komunija ir dar daugiau","publisher":{"@id":"https:\/\/chrystus.pl\/#organization"},"potentialAction":[{"@type":"SearchAction","target":{"@type":"EntryPoint","urlTemplate":"https:\/\/chrystus.pl\/?s={search_term_string}"},"query-input":{"@type":"PropertyValueSpecification","valueRequired":true,"valueName":"search_term_string"}}],"inLanguage":"lt-LT"},{"@type":"Organization","@id":"https:\/\/chrystus.pl\/#organization","name":"Christ.pl","url":"https:\/\/chrystus.pl\/","logo":{"@type":"ImageObject","inLanguage":"lt-LT","@id":"https:\/\/chrystus.pl\/#\/schema\/logo\/image\/","url":"https:\/\/chrystus.pl\/wp-content\/uploads\/2019\/03\/chrystus-bog-maryja-komunia-bierzmowanie.jpg","contentUrl":"https:\/\/chrystus.pl\/wp-content\/uploads\/2019\/03\/chrystus-bog-maryja-komunia-bierzmowanie.jpg","width":1920,"height":1280,"caption":"Chrystus.pl"},"image":{"@id":"https:\/\/chrystus.pl\/#\/schema\/logo\/image\/"}},{"@type":"Person","@id":"https:\/\/chrystus.pl\/#\/schema\/person\/e2e742452b8b7b2bcd23ea180671d27a","name":"Samariet\u0117 moteris"}]}},"_links":{"self":[{"href":"https:\/\/chrystus.pl\/lt\/wp-json\/wp\/v2\/posts\/84","targetHints":{"allow":["GET"]}}],"collection":[{"href":"https:\/\/chrystus.pl\/lt\/wp-json\/wp\/v2\/posts"}],"about":[{"href":"https:\/\/chrystus.pl\/lt\/wp-json\/wp\/v2\/types\/post"}],"author":[{"embeddable":true,"href":"https:\/\/chrystus.pl\/lt\/wp-json\/wp\/v2\/users\/1"}],"replies":[{"embeddable":true,"href":"https:\/\/chrystus.pl\/lt\/wp-json\/wp\/v2\/comments?post=84"}],"version-history":[{"count":0,"href":"https:\/\/chrystus.pl\/lt\/wp-json\/wp\/v2\/posts\/84\/revisions"}],"wp:featuredmedia":[{"embeddable":true,"href":"https:\/\/chrystus.pl\/lt\/wp-json\/wp\/v2\/media\/85"}],"wp:attachment":[{"href":"https:\/\/chrystus.pl\/lt\/wp-json\/wp\/v2\/media?parent=84"}],"wp:term":[{"taxonomy":"category","embeddable":true,"href":"https:\/\/chrystus.pl\/lt\/wp-json\/wp\/v2\/categories?post=84"},{"taxonomy":"post_tag","embeddable":true,"href":"https:\/\/chrystus.pl\/lt\/wp-json\/wp\/v2\/tags?post=84"}],"curies":[{"name":"wp","href":"https:\/\/api.w.org\/{rel}","templated":true}]}}