{"id":2129,"date":"2021-09-18T19:13:53","date_gmt":"2021-09-18T19:13:53","guid":{"rendered":"https:\/\/chrystus.pl\/?p=2129"},"modified":"2021-09-18T19:13:56","modified_gmt":"2021-09-18T19:13:56","slug":"czy-mozna-odmowic-bycia-chrzestnym","status":"publish","type":"post","link":"https:\/\/chrystus.pl\/lv\/czy-mozna-odmowic-bycia-chrzestnym\/","title":{"rendered":"Vai j\u016bs varat atteikties b\u016bt par krustvec\u0101ku?"},"content":{"rendered":"<p>B\u016bt par krustvec\u0101kiem ir ne tikai prieks un gods, bet ar\u012b liela atbild\u012bba. T\u0101p\u0113c l\u0113mums veikt \u0161o uzdevumu ir viens no svar\u012bg\u0101kajiem dz\u012bv\u0113 un prasa nopietnu p\u0101rdomu. <a href=\"https:\/\/chrystus.pl\/lv\/jak-wyglada-pismo-swiete\/\">V\u0113sture<\/a> Tas ir t\u0101p\u0113c, ka krustvec\u0101ki kop\u0101 ar vec\u0101kiem ir atbild\u012bgi par b\u0113rna audzin\u0101\u0161anu tic\u012bb\u0101. Tom\u0113r, ko dar\u012bt, ja neredzat sevi \u0161aj\u0101 lom\u0101? Vai j\u016bs varat atteikties b\u016bt par krustvec\u0101ku?<\/p>\n\n\n\n<p>Noteikti varat. Protams, tas ir atkar\u012bgs no daudziem faktoriem, jo da\u017ereiz atteikums var b\u016bt iemesls vil\u0161an\u0101s, bet neaizmirs\u012bsim par krustvec\u0101ku svar\u012bg\u0101ko lomu. T\u0101 ir <a href=\"https:\/\/chrystus.pl\/lv\/modlitwa-ktora-zawsze-pomaga\/\">pal\u012bdz\u012bba<\/a> b\u0113rna audzin\u0101\u0161an\u0101 tic\u012bb\u0101, t\u0101p\u0113c, ja k\u0101ds neuzskata sevi par cien\u012bgu, lai vi\u0146am uztic\u0113tu \u0161o lomu, mums nevajadz\u0113tu vi\u0146u p\u0101rmest. Trad\u012bcij\u0101 ir nostiprin\u0101jies t\u0113ls par krustvec\u0101kiem, kas b\u0113rna dz\u012bv\u0113 par\u0101d\u0101s \"Ziemassv\u0113tkos\", kad ir laiks pasniegt d\u0101vanas. Tom\u0113r jaut\u0101\u0161ana par b\u0113rna gar\u012bgo dz\u012bvi bie\u017ei vien tiek uzskat\u012bta par iejauk\u0161anos, par ieb\u0101\u0161anos liet\u0101s, kas nav vi\u0146a pa\u0161a dar\u012b\u0161ana. Ta\u010du tam vajadz\u0113tu b\u016bt glu\u017ei pret\u0113ji. T\u0101p\u0113c jums nav j\u0101piekr\u012bt k\u013c\u016bt par krustvec\u0101kiem tikai t\u0101p\u0113c, ka tas ir pareizi. Protams, paturiet pr\u0101t\u0101 savu vec\u0101ku j\u016btas un nor\u0101diet vi\u0146iem atteikuma iemeslu, bet nedom\u0101jiet v\u0113lreiz par to, vai varat atteikties k\u013c\u016bt par krustvec\u0101ku. Tu vari.<\/p>","protected":false},"excerpt":{"rendered":"<p>Bycie chrzestnym to \u2013 poza rado\u015bci\u0105 i zaszczytem \u2013 du\u017cy obowi\u0105zek. Z tego powodu decyzja podj\u0119cia si\u0119 tego zadania nale\u017cy do jednych z wa\u017cniejszych w \u017cyciu i wymaga powa\u017cnego przemy\u015blenia. Dzieje si\u0119 tak, poniewa\u017c chrzestni dziel\u0105 si\u0119 z rodzicami odpowiedzialno\u015bci\u0105 za wychowanie dziecka w wierze. Co jednak zrobi\u0107, gdy nie widzisz si\u0119 w tej roli? &hellip;<\/p>","protected":false},"author":1,"featured_media":0,"comment_status":"closed","ping_status":"closed","sticky":false,"template":"","format":"standard","meta":{"footnotes":""},"categories":[52,33],"tags":[],"class_list":["post-2129","post","type-post","status-publish","format-standard","hentry","category-jezus","category-kosciol"],"yoast_head":"<!-- This site is optimized with the Yoast SEO plugin v27.4 - https:\/\/yoast.com\/product\/yoast-seo-wordpress\/ -->\n<title>Czy mo\u017cna odm\u00f3wi\u0107 bycia chrzestnym? - Chrystus<\/title>\n<meta name=\"description\" content=\"Bycie chrzestnym to \u2013 poza rado\u015bci\u0105 i zaszczytem \u2013 du\u017cy obowi\u0105zek. Z tego powodu decyzja podj\u0119cia si\u0119 tego zadania nale\u017cy do jednych z wa\u017cniejszych w\" \/>\n<meta name=\"robots\" content=\"index, follow, max-snippet:-1, max-image-preview:large, max-video-preview:-1\" \/>\n<link rel=\"canonical\" href=\"https:\/\/chrystus.pl\/lv\/can-refuse-to-be-a-god-parent\/\" \/>\n<meta property=\"og:locale\" content=\"lv_LV\" \/>\n<meta property=\"og:type\" content=\"article\" \/>\n<meta property=\"og:title\" content=\"Czy mo\u017cna odm\u00f3wi\u0107 bycia chrzestnym? - Chrystus\" \/>\n<meta property=\"og:description\" content=\"Bycie chrzestnym to \u2013 poza rado\u015bci\u0105 i zaszczytem \u2013 du\u017cy obowi\u0105zek. Z tego powodu decyzja podj\u0119cia si\u0119 tego zadania nale\u017cy do jednych z wa\u017cniejszych w\" \/>\n<meta property=\"og:url\" content=\"https:\/\/chrystus.pl\/lv\/can-refuse-to-be-a-god-parent\/\" \/>\n<meta property=\"og:site_name\" content=\"Chrystus\" \/>\n<meta property=\"article:published_time\" content=\"2021-09-18T19:13:53+00:00\" \/>\n<meta property=\"article:modified_time\" content=\"2021-09-18T19:13:56+00:00\" \/>\n<meta name=\"author\" content=\"Samarytanka\" \/>\n<meta name=\"twitter:card\" content=\"summary_large_image\" \/>\n<meta name=\"twitter:label1\" content=\"Written by\" \/>\n\t<meta name=\"twitter:data1\" content=\"Samarytanka\" \/>\n\t<meta name=\"twitter:label2\" content=\"Est. reading time\" \/>\n\t<meta name=\"twitter:data2\" content=\"1 min\u016bte\" \/>\n<!-- \/ Yoast SEO plugin. -->","yoast_head_json":{"title":"Vai j\u016bs varat atteikties b\u016bt par krustvec\u0101ku? - Kristus","description":"B\u016bt par krustvec\u0101kiem ir ne tikai prieks un gods, bet ar\u012b liela atbild\u012bba. \u0160\u0101 iemesla d\u0113\u013c l\u0113mums par \u0161\u012b uzdevuma veik\u0161anu ir viens no svar\u012bg\u0101kajiem.","robots":{"index":"index","follow":"follow","max-snippet":"max-snippet:-1","max-image-preview":"max-image-preview:large","max-video-preview":"max-video-preview:-1"},"canonical":"https:\/\/chrystus.pl\/lv\/can-refuse-to-be-a-god-parent\/","og_locale":"lv_LV","og_type":"article","og_title":"Czy mo\u017cna odm\u00f3wi\u0107 bycia chrzestnym? - Chrystus","og_description":"Bycie chrzestnym to \u2013 poza rado\u015bci\u0105 i zaszczytem \u2013 du\u017cy obowi\u0105zek. Z tego powodu decyzja podj\u0119cia si\u0119 tego zadania nale\u017cy do jednych z wa\u017cniejszych w","og_url":"https:\/\/chrystus.pl\/lv\/can-refuse-to-be-a-god-parent\/","og_site_name":"Chrystus","article_published_time":"2021-09-18T19:13:53+00:00","article_modified_time":"2021-09-18T19:13:56+00:00","author":"Samarytanka","twitter_card":"summary_large_image","twitter_misc":{"Written by":"Samarytanka","Est. reading time":"1 min\u016bte"},"schema":{"@context":"https:\/\/schema.org","@graph":[{"@type":"Article","@id":"https:\/\/chrystus.pl\/ru\/%d0%bc%d0%be%d0%b6%d0%bd%d0%be-%d0%bb%d0%b8-%d0%be%d1%82%d0%ba%d0%b0%d0%b7%d0%b0%d1%82%d1%8c%d1%81%d1%8f-%d0%b1%d1%8b%d1%82%d1%8c-%d1%85%d0%be%d1%80%d0%be%d1%88%d0%b8%d0%bc-%d1%80%d0%be%d0%b4%d0%b8\/#article","isPartOf":{"@id":"https:\/\/chrystus.pl\/ru\/%d0%bc%d0%be%d0%b6%d0%bd%d0%be-%d0%bb%d0%b8-%d0%be%d1%82%d0%ba%d0%b0%d0%b7%d0%b0%d1%82%d1%8c%d1%81%d1%8f-%d0%b1%d1%8b%d1%82%d1%8c-%d1%85%d0%be%d1%80%d0%be%d1%88%d0%b8%d0%bc-%d1%80%d0%be%d0%b4%d0%b8\/"},"author":{"name":"Samarytanka","@id":"https:\/\/chrystus.pl\/#\/schema\/person\/e2e742452b8b7b2bcd23ea180671d27a"},"headline":"Czy mo\u017cna odm\u00f3wi\u0107 bycia chrzestnym?","datePublished":"2021-09-18T19:13:53+00:00","dateModified":"2021-09-18T19:13:56+00:00","mainEntityOfPage":{"@id":"https:\/\/chrystus.pl\/ru\/%d0%bc%d0%be%d0%b6%d0%bd%d0%be-%d0%bb%d0%b8-%d0%be%d1%82%d0%ba%d0%b0%d0%b7%d0%b0%d1%82%d1%8c%d1%81%d1%8f-%d0%b1%d1%8b%d1%82%d1%8c-%d1%85%d0%be%d1%80%d0%be%d1%88%d0%b8%d0%bc-%d1%80%d0%be%d0%b4%d0%b8\/"},"wordCount":235,"publisher":{"@id":"https:\/\/chrystus.pl\/#organization"},"articleSection":["Jezus","Ko\u015bci\u00f3\u0142"],"inLanguage":"lv-LV"},{"@type":"WebPage","@id":"https:\/\/chrystus.pl\/ru\/%d0%bc%d0%be%d0%b6%d0%bd%d0%be-%d0%bb%d0%b8-%d0%be%d1%82%d0%ba%d0%b0%d0%b7%d0%b0%d1%82%d1%8c%d1%81%d1%8f-%d0%b1%d1%8b%d1%82%d1%8c-%d1%85%d0%be%d1%80%d0%be%d1%88%d0%b8%d0%bc-%d1%80%d0%be%d0%b4%d0%b8\/","url":"https:\/\/chrystus.pl\/ru\/%d0%bc%d0%be%d0%b6%d0%bd%d0%be-%d0%bb%d0%b8-%d0%be%d1%82%d0%ba%d0%b0%d0%b7%d0%b0%d1%82%d1%8c%d1%81%d1%8f-%d0%b1%d1%8b%d1%82%d1%8c-%d1%85%d0%be%d1%80%d0%be%d1%88%d0%b8%d0%bc-%d1%80%d0%be%d0%b4%d0%b8\/","name":"Vai j\u016bs varat atteikties b\u016bt par krustvec\u0101ku? - Kristus","isPartOf":{"@id":"https:\/\/chrystus.pl\/#website"},"datePublished":"2021-09-18T19:13:53+00:00","dateModified":"2021-09-18T19:13:56+00:00","description":"B\u016bt par krustvec\u0101kiem ir ne tikai prieks un gods, bet ar\u012b liela atbild\u012bba. \u0160\u0101 iemesla d\u0113\u013c l\u0113mums par \u0161\u012b uzdevuma veik\u0161anu ir viens no svar\u012bg\u0101kajiem.","breadcrumb":{"@id":"https:\/\/chrystus.pl\/ru\/%d0%bc%d0%be%d0%b6%d0%bd%d0%be-%d0%bb%d0%b8-%d0%be%d1%82%d0%ba%d0%b0%d0%b7%d0%b0%d1%82%d1%8c%d1%81%d1%8f-%d0%b1%d1%8b%d1%82%d1%8c-%d1%85%d0%be%d1%80%d0%be%d1%88%d0%b8%d0%bc-%d1%80%d0%be%d0%b4%d0%b8\/#breadcrumb"},"inLanguage":"lv-LV","potentialAction":[{"@type":"ReadAction","target":["https:\/\/chrystus.pl\/ru\/%d0%bc%d0%be%d0%b6%d0%bd%d0%be-%d0%bb%d0%b8-%d0%be%d1%82%d0%ba%d0%b0%d0%b7%d0%b0%d1%82%d1%8c%d1%81%d1%8f-%d0%b1%d1%8b%d1%82%d1%8c-%d1%85%d0%be%d1%80%d0%be%d1%88%d0%b8%d0%bc-%d1%80%d0%be%d0%b4%d0%b8\/"]}]},{"@type":"BreadcrumbList","@id":"https:\/\/chrystus.pl\/ru\/%d0%bc%d0%be%d0%b6%d0%bd%d0%be-%d0%bb%d0%b8-%d0%be%d1%82%d0%ba%d0%b0%d0%b7%d0%b0%d1%82%d1%8c%d1%81%d1%8f-%d0%b1%d1%8b%d1%82%d1%8c-%d1%85%d0%be%d1%80%d0%be%d1%88%d0%b8%d0%bc-%d1%80%d0%be%d0%b4%d0%b8\/#breadcrumb","itemListElement":[{"@type":"ListItem","position":1,"name":"Strona g\u0142\u00f3wna","item":"https:\/\/chrystus.pl\/"},{"@type":"ListItem","position":2,"name":"Czy mo\u017cna odm\u00f3wi\u0107 bycia chrzestnym?"}]},{"@type":"WebSite","@id":"https:\/\/chrystus.pl\/#website","url":"https:\/\/chrystus.pl\/","name":"Kristus","description":"Dievs, Marija, J\u0113zus, Kom\u016bnija un v\u0113l vair\u0101k","publisher":{"@id":"https:\/\/chrystus.pl\/#organization"},"potentialAction":[{"@type":"SearchAction","target":{"@type":"EntryPoint","urlTemplate":"https:\/\/chrystus.pl\/?s={search_term_string}"},"query-input":{"@type":"PropertyValueSpecification","valueRequired":true,"valueName":"search_term_string"}}],"inLanguage":"lv-LV"},{"@type":"Organization","@id":"https:\/\/chrystus.pl\/#organization","name":"Christ.pl","url":"https:\/\/chrystus.pl\/","logo":{"@type":"ImageObject","inLanguage":"lv-LV","@id":"https:\/\/chrystus.pl\/#\/schema\/logo\/image\/","url":"https:\/\/chrystus.pl\/wp-content\/uploads\/2019\/03\/chrystus-bog-maryja-komunia-bierzmowanie.jpg","contentUrl":"https:\/\/chrystus.pl\/wp-content\/uploads\/2019\/03\/chrystus-bog-maryja-komunia-bierzmowanie.jpg","width":1920,"height":1280,"caption":"Chrystus.pl"},"image":{"@id":"https:\/\/chrystus.pl\/#\/schema\/logo\/image\/"}},{"@type":"Person","@id":"https:\/\/chrystus.pl\/#\/schema\/person\/e2e742452b8b7b2bcd23ea180671d27a","name":"Samariete"}]}},"_links":{"self":[{"href":"https:\/\/chrystus.pl\/lv\/wp-json\/wp\/v2\/posts\/2129","targetHints":{"allow":["GET"]}}],"collection":[{"href":"https:\/\/chrystus.pl\/lv\/wp-json\/wp\/v2\/posts"}],"about":[{"href":"https:\/\/chrystus.pl\/lv\/wp-json\/wp\/v2\/types\/post"}],"author":[{"embeddable":true,"href":"https:\/\/chrystus.pl\/lv\/wp-json\/wp\/v2\/users\/1"}],"replies":[{"embeddable":true,"href":"https:\/\/chrystus.pl\/lv\/wp-json\/wp\/v2\/comments?post=2129"}],"version-history":[{"count":0,"href":"https:\/\/chrystus.pl\/lv\/wp-json\/wp\/v2\/posts\/2129\/revisions"}],"wp:attachment":[{"href":"https:\/\/chrystus.pl\/lv\/wp-json\/wp\/v2\/media?parent=2129"}],"wp:term":[{"taxonomy":"category","embeddable":true,"href":"https:\/\/chrystus.pl\/lv\/wp-json\/wp\/v2\/categories?post=2129"},{"taxonomy":"post_tag","embeddable":true,"href":"https:\/\/chrystus.pl\/lv\/wp-json\/wp\/v2\/tags?post=2129"}],"curies":[{"name":"wp","href":"https:\/\/api.w.org\/{rel}","templated":true}]}}