{"id":2146,"date":"2021-09-24T23:45:42","date_gmt":"2021-09-24T23:45:42","guid":{"rendered":"https:\/\/chrystus.pl\/?p=2146"},"modified":"2021-09-24T23:45:44","modified_gmt":"2021-09-24T23:45:44","slug":"czym-jest-niedziela-dla-chrzescijanina","status":"publish","type":"post","link":"https:\/\/chrystus.pl\/lv\/czym-jest-niedziela-dla-chrzescijanina\/","title":{"rendered":"Kas ir sv\u0113tdiena kristietim?"},"content":{"rendered":"<p>Czym jest niedziela dla chrze\u015bcijanina? Przede wszystkim cotygodniowym wspomnieniem zmartwychwstania Jezusa Chrystusa. Wed\u0142ug zapis\u00f3w Ewangelii Jezus zmartwychwsta\u0142 i objawi\u0142 si\u0119 uczniom pierwszego dnia po szabacie, czyli w niedziel\u0119.<\/p>\n\n\n\n<p>Symbolicznie niedziela pozostaje dla chrze\u015bcijan pierwszym dniem tygodnia. W Ksi\u0119dze Rodzaju znajduje si\u0119 opis stworzenia. Zgodnie z nim si\u00f3dmy dzie\u0144 B\u00f3g przeznaczy\u0142 na odpoczynek. W kr\u0119gach cywilizacji chrze\u015bcija\u0144skiej niedziela pozostaje dniem wolnym od pracy. Nawet pierwsze przykazanie ko\u015bcielne brzmi: \u201eW niedziele i \u015bwi\u0119ta nakazane uczestniczy\u0107 we mszy \u015bwi\u0119tej i powstrzyma\u0107 si\u0119 od prac niekoniecznych\u201d. R\u00f3wnie\u017c czwarte przykazanie bo\u017ce m\u00f3wi, aby \u201edzie\u0144 \u015bwi\u0119ty \u015bwi\u0119ci\u0107\u201d.<\/p>\n\n\n\n<p>Sv\u0113tdiena kristie\u0161iem noteikti ir \u012bpa\u0161a diena. T\u0101p\u0113c mums ir j\u0101r\u016bp\u0113jas par to, lai m\u0113s to piedz\u012bvotu ar cie\u0146u. Katra kristie\u0161a pien\u0101kums ir apmekl\u0113t sv\u0113tdienas Misi (vai sestdien p\u0113c 16.00). Ta\u010du m\u016bsu sv\u0113tdienas svin\u012bb\u0101m nevajadz\u0113tu aprobe\u017eoties tikai ar dievkalpojumiem.<\/p>\n\n\n\n<p>Sv\u0113tdiena ir lieliska diena, lai pavad\u012btu laiku kop\u0101 ar m\u012b\u013cajiem. \u012apa\u0161i m\u016bsdienu pasaul\u0113, kas liek mums steigties. Tas ir laiks p\u0101rdom\u0101m, laiks kop\u012bgai l\u016bg\u0161anai. M\u0113\u0123in\u0101sim sv\u0113tdienu pavad\u012bt nepiespiest\u0101 gaisotn\u0113, v\u0113lams ar kop\u012bg\u0101m pusdien\u0101m. \u0122imenes sai\u0161u veido\u0161ana un kopienas stiprin\u0101\u0161ana ir laba un apsveicama r\u012bc\u012bba. Taj\u0101 pa\u0161\u0101 laik\u0101 neaizmirs\u012bsim Kristu, kur\u0161 \u0161aj\u0101 dien\u0101 \"nomira pie krusta par mums, par m\u016bsu pest\u012b\u0161anu\".<\/p>","protected":false},"excerpt":{"rendered":"<p>Czym jest niedziela dla chrze\u015bcijanina? Przede wszystkim cotygodniowym wspomnieniem zmartwychwstania Jezusa Chrystusa. Wed\u0142ug zapis\u00f3w Ewangelii Jezus zmartwychwsta\u0142 i objawi\u0142 si\u0119 uczniom pierwszego dnia po szabacie, czyli w niedziel\u0119. Symbolicznie niedziela pozostaje dla chrze\u015bcijan pierwszym dniem tygodnia. W Ksi\u0119dze Rodzaju znajduje si\u0119 opis stworzenia. Zgodnie z nim si\u00f3dmy dzie\u0144 B\u00f3g przeznaczy\u0142 na odpoczynek. W kr\u0119gach cywilizacji &hellip;<\/p>","protected":false},"author":1,"featured_media":0,"comment_status":"closed","ping_status":"closed","sticky":false,"template":"","format":"standard","meta":{"footnotes":""},"categories":[33],"tags":[],"class_list":["post-2146","post","type-post","status-publish","format-standard","hentry","category-kosciol"],"yoast_head":"<!-- This site is optimized with the Yoast SEO plugin v27.5 - https:\/\/yoast.com\/product\/yoast-seo-wordpress\/ -->\n<title>Czym jest niedziela dla chrze\u015bcijanina? - Chrystus<\/title>\n<meta name=\"description\" content=\"Czym jest niedziela dla chrze\u015bcijanina? Przede wszystkim cotygodniowym wspomnieniem zmartwychwstania Jezusa Chrystusa. Wed\u0142ug zapis\u00f3w Ewangelii Jezus\" \/>\n<meta name=\"robots\" content=\"index, follow, max-snippet:-1, max-image-preview:large, max-video-preview:-1\" \/>\n<link rel=\"canonical\" href=\"https:\/\/chrystus.pl\/lv\/kas-svetdien-ir-kristiesiem\/\" \/>\n<meta property=\"og:locale\" content=\"lv_LV\" \/>\n<meta property=\"og:type\" content=\"article\" \/>\n<meta property=\"og:title\" content=\"Czym jest niedziela dla chrze\u015bcijanina? - Chrystus\" \/>\n<meta property=\"og:description\" content=\"Czym jest niedziela dla chrze\u015bcijanina? Przede wszystkim cotygodniowym wspomnieniem zmartwychwstania Jezusa Chrystusa. Wed\u0142ug zapis\u00f3w Ewangelii Jezus\" \/>\n<meta property=\"og:url\" content=\"https:\/\/chrystus.pl\/lv\/kas-svetdien-ir-kristiesiem\/\" \/>\n<meta property=\"og:site_name\" content=\"Chrystus\" \/>\n<meta property=\"article:published_time\" content=\"2021-09-24T23:45:42+00:00\" \/>\n<meta property=\"article:modified_time\" content=\"2021-09-24T23:45:44+00:00\" \/>\n<meta name=\"author\" content=\"Samarytanka\" \/>\n<meta name=\"twitter:card\" content=\"summary_large_image\" \/>\n<meta name=\"twitter:label1\" content=\"Written by\" \/>\n\t<meta name=\"twitter:data1\" content=\"Samarytanka\" \/>\n\t<meta name=\"twitter:label2\" content=\"Est. reading time\" \/>\n\t<meta name=\"twitter:data2\" content=\"1 min\u016bte\" \/>\n<!-- \/ Yoast SEO plugin. -->","yoast_head_json":{"title":"Kas ir sv\u0113tdiena kristietim? - Kristus","description":"Kas ir sv\u0113tdiena kristietim? Pirmk\u0101rt, t\u0101 ir ikned\u0113\u013cas piemi\u0146a par J\u0113zus Kristus aug\u0161\u0101mcel\u0161anos. Saska\u0146\u0101 ar eva\u0146\u0123\u0113lija liec\u012bbu J\u0113zus","robots":{"index":"index","follow":"follow","max-snippet":"max-snippet:-1","max-image-preview":"max-image-preview:large","max-video-preview":"max-video-preview:-1"},"canonical":"https:\/\/chrystus.pl\/lv\/kas-svetdien-ir-kristiesiem\/","og_locale":"lv_LV","og_type":"article","og_title":"Czym jest niedziela dla chrze\u015bcijanina? - Chrystus","og_description":"Czym jest niedziela dla chrze\u015bcijanina? Przede wszystkim cotygodniowym wspomnieniem zmartwychwstania Jezusa Chrystusa. Wed\u0142ug zapis\u00f3w Ewangelii Jezus","og_url":"https:\/\/chrystus.pl\/lv\/kas-svetdien-ir-kristiesiem\/","og_site_name":"Chrystus","article_published_time":"2021-09-24T23:45:42+00:00","article_modified_time":"2021-09-24T23:45:44+00:00","author":"Samarytanka","twitter_card":"summary_large_image","twitter_misc":{"Written by":"Samarytanka","Est. reading time":"1 min\u016bte"},"schema":{"@context":"https:\/\/schema.org","@graph":[{"@type":"Article","@id":"https:\/\/chrystus.pl\/czym-jest-niedziela-dla-chrzescijanina\/#article","isPartOf":{"@id":"https:\/\/chrystus.pl\/czym-jest-niedziela-dla-chrzescijanina\/"},"author":{"name":"Samarytanka","@id":"https:\/\/chrystus.pl\/#\/schema\/person\/e2e742452b8b7b2bcd23ea180671d27a"},"headline":"Czym jest niedziela dla chrze\u015bcijanina?","datePublished":"2021-09-24T23:45:42+00:00","dateModified":"2021-09-24T23:45:44+00:00","mainEntityOfPage":{"@id":"https:\/\/chrystus.pl\/czym-jest-niedziela-dla-chrzescijanina\/"},"wordCount":254,"publisher":{"@id":"https:\/\/chrystus.pl\/#organization"},"articleSection":["Ko\u015bci\u00f3\u0142"],"inLanguage":"lv-LV"},{"@type":"WebPage","@id":"https:\/\/chrystus.pl\/czym-jest-niedziela-dla-chrzescijanina\/","url":"https:\/\/chrystus.pl\/czym-jest-niedziela-dla-chrzescijanina\/","name":"Kas ir sv\u0113tdiena kristietim? - Kristus","isPartOf":{"@id":"https:\/\/chrystus.pl\/#website"},"datePublished":"2021-09-24T23:45:42+00:00","dateModified":"2021-09-24T23:45:44+00:00","description":"Kas ir sv\u0113tdiena kristietim? Pirmk\u0101rt, t\u0101 ir ikned\u0113\u013cas piemi\u0146a par J\u0113zus Kristus aug\u0161\u0101mcel\u0161anos. Saska\u0146\u0101 ar eva\u0146\u0123\u0113lija liec\u012bbu J\u0113zus","breadcrumb":{"@id":"https:\/\/chrystus.pl\/czym-jest-niedziela-dla-chrzescijanina\/#breadcrumb"},"inLanguage":"lv-LV","potentialAction":[{"@type":"ReadAction","target":["https:\/\/chrystus.pl\/czym-jest-niedziela-dla-chrzescijanina\/"]}]},{"@type":"BreadcrumbList","@id":"https:\/\/chrystus.pl\/czym-jest-niedziela-dla-chrzescijanina\/#breadcrumb","itemListElement":[{"@type":"ListItem","position":1,"name":"Strona g\u0142\u00f3wna","item":"https:\/\/chrystus.pl\/"},{"@type":"ListItem","position":2,"name":"Czym jest niedziela dla chrze\u015bcijanina?"}]},{"@type":"WebSite","@id":"https:\/\/chrystus.pl\/#website","url":"https:\/\/chrystus.pl\/","name":"Kristus","description":"Dievs, Marija, J\u0113zus, Kom\u016bnija un v\u0113l vair\u0101k","publisher":{"@id":"https:\/\/chrystus.pl\/#organization"},"potentialAction":[{"@type":"SearchAction","target":{"@type":"EntryPoint","urlTemplate":"https:\/\/chrystus.pl\/?s={search_term_string}"},"query-input":{"@type":"PropertyValueSpecification","valueRequired":true,"valueName":"search_term_string"}}],"inLanguage":"lv-LV"},{"@type":"Organization","@id":"https:\/\/chrystus.pl\/#organization","name":"Christ.pl","url":"https:\/\/chrystus.pl\/","logo":{"@type":"ImageObject","inLanguage":"lv-LV","@id":"https:\/\/chrystus.pl\/#\/schema\/logo\/image\/","url":"https:\/\/chrystus.pl\/wp-content\/uploads\/2019\/03\/chrystus-bog-maryja-komunia-bierzmowanie.jpg","contentUrl":"https:\/\/chrystus.pl\/wp-content\/uploads\/2019\/03\/chrystus-bog-maryja-komunia-bierzmowanie.jpg","width":1920,"height":1280,"caption":"Chrystus.pl"},"image":{"@id":"https:\/\/chrystus.pl\/#\/schema\/logo\/image\/"}},{"@type":"Person","@id":"https:\/\/chrystus.pl\/#\/schema\/person\/e2e742452b8b7b2bcd23ea180671d27a","name":"Samariete"}]}},"_links":{"self":[{"href":"https:\/\/chrystus.pl\/lv\/wp-json\/wp\/v2\/posts\/2146","targetHints":{"allow":["GET"]}}],"collection":[{"href":"https:\/\/chrystus.pl\/lv\/wp-json\/wp\/v2\/posts"}],"about":[{"href":"https:\/\/chrystus.pl\/lv\/wp-json\/wp\/v2\/types\/post"}],"author":[{"embeddable":true,"href":"https:\/\/chrystus.pl\/lv\/wp-json\/wp\/v2\/users\/1"}],"replies":[{"embeddable":true,"href":"https:\/\/chrystus.pl\/lv\/wp-json\/wp\/v2\/comments?post=2146"}],"version-history":[{"count":0,"href":"https:\/\/chrystus.pl\/lv\/wp-json\/wp\/v2\/posts\/2146\/revisions"}],"wp:attachment":[{"href":"https:\/\/chrystus.pl\/lv\/wp-json\/wp\/v2\/media?parent=2146"}],"wp:term":[{"taxonomy":"category","embeddable":true,"href":"https:\/\/chrystus.pl\/lv\/wp-json\/wp\/v2\/categories?post=2146"},{"taxonomy":"post_tag","embeddable":true,"href":"https:\/\/chrystus.pl\/lv\/wp-json\/wp\/v2\/tags?post=2146"}],"curies":[{"name":"wp","href":"https:\/\/api.w.org\/{rel}","templated":true}]}}