{"id":535,"date":"2019-04-15T23:58:53","date_gmt":"2019-04-15T23:58:53","guid":{"rendered":"https:\/\/chrystus.pl\/?p=535"},"modified":"2020-01-14T21:15:45","modified_gmt":"2020-01-14T21:15:45","slug":"dlaczego-mojzesz-nie-wszedl-do-ziemi-obiecanej-czy-to-byla-kara","status":"publish","type":"post","link":"https:\/\/chrystus.pl\/lv\/dlaczego-mojzesz-nie-wszedl-do-ziemi-obiecanej-czy-to-byla-kara\/","title":{"rendered":"K\u0101p\u0113c Mozus neiek\u0101pa Apsol\u012btaj\u0101 zem\u0113? Vai tas bija sods?"},"content":{"rendered":"<p>K\u0101p\u0113c <span id=\"urn:local-text-annotation-nwgrg4sxf8d8khmp0kmauve29vmgqk6i\" class=\"textannotation disambiguated wl-person\" itemid=\"\">Mozus<\/span> neieviesa <span id=\"urn:local-text-annotation-oy0rg1e2hinatyg4omso7e627tcbu3j3\" class=\"textannotation disambiguated wl-thing\" itemid=\"\">Apsol\u012bt\u0101 zeme<\/span>?<\/p>\n<p>Vai tas ir saist\u012bts ar smagu sodu pa\u0161a Mozus raksturam?<\/p>\n<p>K\u0101 min\u0113ts iepriek\u0161, valsts <span id=\"urn:local-text-annotation-x7fvbfvxiumzi2mn3zeuk3f5aew1vkt9\" class=\"textannotation disambiguated wl-thing\" itemid=\"\">Izra\u0113la<\/span> P\u0113c b\u0113g\u0161anas no \u0112\u0123iptes zemes vi\u0146\u0161, t\u0101 teikt, tika noties\u0101ts uz 40 gadu ilgu ce\u013cojumu uz \u0112\u0123ipti. <span id=\"urn:local-text-annotation-6kfvkjs832ikgf3z5lqilhu4pq1gfusi\" class=\"textannotation disambiguated wl-thing\" itemid=\"\">Apsol\u012bt\u0101 zeme<\/span>. M\u0113s \u0161eit run\u0101jam par 40 gadu periodu, kas simboliz\u0113 toreiz\u0113j\u0101s paaudzes dz\u012bves ilgumu. T\u0101d\u0113j\u0101di par izra\u0113lie\u0161iem, kas izb\u0113ga no verdz\u012bbas, tiek run\u0101ts k\u0101 par paaudzi, kas ir lemta pazu\u0161anai.<\/p>\n<p>Diem\u017e\u0113l nav daudz liec\u012bbu (ar\u012b B\u012bbeles liec\u012bbu), kur\u0101s aprakst\u012bts \u0161is ilgais periods no \u0112\u0123iptes zemes, \"verdz\u012bbas nama\", pame\u0161anas l\u012bdz non\u0101k\u0161anai \u0112\u0123ipt\u0113. <span id=\"urn:local-text-annotation-tbcajgtql2r3t70kbioh66cmf3yathk3\" class=\"textannotation disambiguated wl-thing\" itemid=\"\">Apsol\u012bt\u0101 zeme<\/span>. Tom\u0113r no zin\u0101majiem st\u0101stiem m\u0113s uzzin\u0101m par piedz\u012bvojumiem, kas pa ce\u013cam (\u012bpa\u0161i s\u0101kum\u0101) tik\u0101s ar <span id=\"urn:local-text-annotation-k9mwht7c8acujihsxgk1irxhfx5qxwc2\" class=\"textannotation disambiguated wl-thing\" itemid=\"\">Izra\u0113lie\u0161i<\/span>. M\u0113s run\u0101jam par daudz\u0101m gr\u016bt\u012bb\u0101m, \u016bdens tr\u016bkumu un p\u0101rtikas tr\u016bkumu.<\/p>\n<p>M\u0113s run\u0101jam ar\u012b par sacel\u0161an\u0101s, tr\u016bkums <span id=\"urn:local-text-annotation-xnrw96aibccjfq0b9uejwandkwpquj7w\" class=\"textannotation disambiguated wl-thing\" itemid=\"\">tic\u012bba<\/span> un nogurums. <span id=\"urn:local-text-annotation-17jags5con7w1z6gmbvqmmnj6azzedmh\" class=\"textannotation disambiguated wl-thing\" itemid=\"\">Jahve<\/span> Vi\u0146\u0161 vair\u0101kk\u0101rt pal\u012bdz\u0113ja izra\u0113lie\u0161iem. Tom\u0113r, neskatoties uz visu, \u0161aubas tika dotas ar\u012b pa\u0161am Mozum. Kad izsl\u0101pis <span id=\"urn:local-text-annotation-aronhv6ais9cx7d51x4e6fid1tsygd2o\" class=\"textannotation disambiguated wl-thing\" itemid=\"\">Izra\u0113lie\u0161i<\/span> s\u0101ka sacelties pret vi\u0146u, vi\u0146\u0161 run\u0101ja <span id=\"urn:local-text-annotation-mse20jf8f6kc26zyq8v69jo000v8xj9t\" class=\"textannotation disambiguated wl-person\" itemid=\"\">Mozus<\/span> z <span id=\"urn:enhancement-3462a436\" class=\"textannotation disambiguated wl-other\" itemid=\"http:\/\/data.wordlift.io\/wl01857\/entity\/kyrios\">Panema<\/span>. <span id=\"urn:local-text-annotation-qvfdy5n8nkux3w78axatm01h4u3ghale\" class=\"textannotation disambiguated wl-thing\" itemid=\"\">kungs<\/span> Vi\u0146\u0161 apsol\u012bja, ka dos savai tautai \u016bdeni. Vi\u0146\u0161 pav\u0113l\u0113ja vi\u0146am \u0146emt spie\u0137i un ar to tr\u0101p\u012bt pa klinti, un no t\u0101s pl\u016bd\u012bs \u016bdens.<\/p>\n<p>\u0160aj\u0101 br\u012bd\u012b <span id=\"urn:local-text-annotation-boi5kid9j75fj8s3z7j5no08olrggjql\" class=\"textannotation disambiguated wl-person\" itemid=\"\">Mozus<\/span> par\u0101da vi\u0146a \u0161aubas. S\u0101kum\u0101 vi\u0146\u0161 jaut\u0101 cilv\u0113kiem, vai vi\u0146i tic, ka \u016bdens izpl\u016bd\u012bs no klints. Tad vi\u0146\u0161 vair\u0101k nek\u0101 vienu reizi sit pa klinti, k\u0101 vi\u0146am tika pav\u0113l\u0113ts. <span id=\"urn:local-text-annotation-4g2i5dvyko1uifrax8f87m7iur9fegow\" class=\"textannotation disambiguated wl-thing\" itemid=\"\">Jahve<\/span>un divas reizes, kas liecin\u0101ja par vi\u0146a \u0161aub\u0101m. Un tie\u0161i \u0161aj\u0101 br\u012bd\u012b neatbilst\u012bba starp <span id=\"urn:enhancement-ba590124\" class=\"textannotation disambiguated wl-other\" itemid=\"http:\/\/data.wordlift.io\/wl01857\/entity\/kyrios\">Panema<\/span> un Mozus. T\u0101p\u0113c <span id=\"urn:local-text-annotation-f0jxysb24g9p591vd5co8gt4t43aqrwx\" class=\"textannotation disambiguated wl-person\" itemid=\"\">Mozus<\/span> nedz\u012bvos, lai redz\u0113tu ierakstu <span id=\"urn:local-text-annotation-os5w9feyzcn3s0yba0fp15vvpiw8e9o0\" class=\"textannotation disambiguated wl-thing\" itemid=\"\">Apsol\u012bt\u0101 zeme<\/span>.<\/p>\n<p>Vi\u0146\u0161 teica. <span id=\"urn:local-text-annotation-vsbybmxddbvo62zrnudscjwmv8ju06vz\" class=\"textannotation disambiguated wl-thing\" itemid=\"\">kungs<\/span> Mozum un <span id=\"urn:local-text-annotation-p8bz33dij4ps7zp0a3rqdmcyf4es9p2u\" class=\"textannotation disambiguated wl-person\" itemid=\"\">\u0100rons<\/span>ka t\u0101p\u0113c, ka vi\u0146i netic\u0113ja vi\u0146am, un neatkl\u0101ja savu <span id=\"urn:local-text-annotation-bc0nyr49kyuvdtwragw0gv6k050esjhi\" class=\"textannotation disambiguated wl-thing\" itemid=\"\">sv\u0113tums<\/span> \u013cau\u017eu ac\u012bs, tad vi\u0146iem netiks dota iesp\u0113ja ieiet zem\u0113, ko Vi\u0146\u0161 tiem dod.<\/p>","protected":false},"excerpt":{"rendered":"<p>Dlaczego Moj\u017cesz nie wszed\u0142 do Ziemi Obiecanej? Czy wi\u0105\u017ce si\u0119 to z surow\u0105 kar\u0105 wobec postaci samego Moj\u017cesza? Jak zosta\u0142o ju\u017c wspomniane wcze\u015bniej, nar\u00f3d Izraela po ucieczce z ziemi egipskiej zosta\u0142 niejako skazany na 40 letni\u0105 podr\u00f3\u017c\/tu\u0142aczk\u0119 do Ziemi Obiecanej. Mowa tutaj o okresie 40 lat co stanowi symboliczn\u0105 d\u0142ugo\u015b\u0107 \u017cycia \u00f3wczesnego pokolenia. Tak wi\u0119c &hellip;<\/p>","protected":false},"author":1,"featured_media":536,"comment_status":"open","ping_status":"closed","sticky":false,"template":"","format":"standard","meta":{"footnotes":""},"categories":[49],"tags":[51],"class_list":["post-535","post","type-post","status-publish","format-standard","has-post-thumbnail","hentry","category-mojzesz","tag-ziemia-obiecana"],"yoast_head":"<!-- This site is optimized with the Yoast SEO plugin v27.4 - https:\/\/yoast.com\/product\/yoast-seo-wordpress\/ -->\n<title>Dlaczego Moj\u017cesz nie wszed\u0142 do Ziemi Obiecanej? Czy to by\u0142a Kara<\/title>\n<meta name=\"description\" content=\"Dlaczego Moj\u017cesz nie wszed\u0142 do Ziemi Obiecanej? Czy wi\u0105\u017ce si\u0119 to z surow\u0105 kar\u0105 wobec postaci samego Moj\u017cesza? Jak zosta\u0142o ju\u017c wspomniane wcze\u015bniej, nar\u00f3d\" \/>\n<meta name=\"robots\" content=\"index, follow, max-snippet:-1, max-image-preview:large, max-video-preview:-1\" \/>\n<link rel=\"canonical\" href=\"https:\/\/chrystus.pl\/lv\/kapec-masa-ne-tika-iesaistita-uz-zemes-pasakumu-izpildes-merkis-tika-sads-sads-sods\/\" \/>\n<meta property=\"og:locale\" content=\"lv_LV\" \/>\n<meta property=\"og:type\" content=\"article\" \/>\n<meta property=\"og:title\" content=\"Dlaczego Moj\u017cesz nie wszed\u0142 do Ziemi Obiecanej? Czy to by\u0142a Kara\" \/>\n<meta property=\"og:description\" content=\"Dlaczego Moj\u017cesz nie wszed\u0142 do Ziemi Obiecanej? Czy wi\u0105\u017ce si\u0119 to z surow\u0105 kar\u0105 wobec postaci samego Moj\u017cesza? Jak zosta\u0142o ju\u017c wspomniane wcze\u015bniej, nar\u00f3d\" \/>\n<meta property=\"og:url\" content=\"https:\/\/chrystus.pl\/lv\/kapec-masa-ne-tika-iesaistita-uz-zemes-pasakumu-izpildes-merkis-tika-sads-sads-sods\/\" \/>\n<meta property=\"og:site_name\" content=\"Chrystus\" \/>\n<meta property=\"article:published_time\" content=\"2019-04-15T23:58:53+00:00\" \/>\n<meta property=\"article:modified_time\" content=\"2020-01-14T21:15:45+00:00\" \/>\n<meta property=\"og:image\" content=\"https:\/\/chrystus.pl\/wp-content\/uploads\/2019\/04\/Dlaczego-Mojz\u0307esz-nie-wszed\u0142-do-Ziemi-Obiecanej.jpg\" \/>\n\t<meta property=\"og:image:width\" content=\"1280\" \/>\n\t<meta property=\"og:image:height\" content=\"960\" \/>\n\t<meta property=\"og:image:type\" content=\"image\/jpeg\" \/>\n<meta name=\"author\" content=\"Samarytanka\" \/>\n<meta name=\"twitter:card\" content=\"summary_large_image\" \/>\n<meta name=\"twitter:label1\" content=\"Written by\" \/>\n\t<meta name=\"twitter:data1\" content=\"Samarytanka\" \/>\n\t<meta name=\"twitter:label2\" content=\"Est. reading time\" \/>\n\t<meta name=\"twitter:data2\" content=\"2 min\u016btes\" \/>\n<!-- \/ Yoast SEO plugin. -->","yoast_head_json":{"title":"K\u0101p\u0113c Mozus neiek\u0101pa Apsol\u012btaj\u0101 zem\u0113? Vai tas bija sods","description":"K\u0101p\u0113c Mozus neiek\u0101pa Apsol\u012btaj\u0101 zem\u0113? Vai tas ir saist\u012bts ar bargu sodu pret pa\u0161a Mozus raksturu? K\u0101 jau min\u0113ts iepriek\u0161, cilv\u0113ki","robots":{"index":"index","follow":"follow","max-snippet":"max-snippet:-1","max-image-preview":"max-image-preview:large","max-video-preview":"max-video-preview:-1"},"canonical":"https:\/\/chrystus.pl\/lv\/kapec-masa-ne-tika-iesaistita-uz-zemes-pasakumu-izpildes-merkis-tika-sads-sads-sods\/","og_locale":"lv_LV","og_type":"article","og_title":"Dlaczego Moj\u017cesz nie wszed\u0142 do Ziemi Obiecanej? Czy to by\u0142a Kara","og_description":"Dlaczego Moj\u017cesz nie wszed\u0142 do Ziemi Obiecanej? Czy wi\u0105\u017ce si\u0119 to z surow\u0105 kar\u0105 wobec postaci samego Moj\u017cesza? Jak zosta\u0142o ju\u017c wspomniane wcze\u015bniej, nar\u00f3d","og_url":"https:\/\/chrystus.pl\/lv\/kapec-masa-ne-tika-iesaistita-uz-zemes-pasakumu-izpildes-merkis-tika-sads-sads-sods\/","og_site_name":"Chrystus","article_published_time":"2019-04-15T23:58:53+00:00","article_modified_time":"2020-01-14T21:15:45+00:00","og_image":[{"width":1280,"height":960,"url":"https:\/\/chrystus.pl\/wp-content\/uploads\/2019\/04\/Dlaczego-Mojz\u0307esz-nie-wszed\u0142-do-Ziemi-Obiecanej.jpg","type":"image\/jpeg"}],"author":"Samarytanka","twitter_card":"summary_large_image","twitter_misc":{"Written by":"Samarytanka","Est. reading time":"2 min\u016btes"},"schema":{"@context":"https:\/\/schema.org","@graph":[{"@type":"Article","@id":"https:\/\/chrystus.pl\/dlaczego-mojzesz-nie-wszedl-do-ziemi-obiecanej-czy-to-byla-kara\/#article","isPartOf":{"@id":"https:\/\/chrystus.pl\/dlaczego-mojzesz-nie-wszedl-do-ziemi-obiecanej-czy-to-byla-kara\/"},"author":{"name":"Samarytanka","@id":"https:\/\/chrystus.pl\/#\/schema\/person\/e2e742452b8b7b2bcd23ea180671d27a"},"headline":"Dlaczego Moj\u017cesz nie wszed\u0142 do Ziemi Obiecanej? Czy to by\u0142a Kara?","datePublished":"2019-04-15T23:58:53+00:00","dateModified":"2020-01-14T21:15:45+00:00","mainEntityOfPage":{"@id":"https:\/\/chrystus.pl\/dlaczego-mojzesz-nie-wszedl-do-ziemi-obiecanej-czy-to-byla-kara\/"},"wordCount":338,"commentCount":0,"publisher":{"@id":"https:\/\/chrystus.pl\/#organization"},"image":{"@id":"https:\/\/chrystus.pl\/dlaczego-mojzesz-nie-wszedl-do-ziemi-obiecanej-czy-to-byla-kara\/#primaryimage"},"thumbnailUrl":"https:\/\/chrystus.pl\/wp-content\/uploads\/2019\/04\/Dlaczego-Mojz\u0307esz-nie-wszed\u0142-do-Ziemi-Obiecanej.jpg","keywords":["ziemia obiecana"],"articleSection":["Moj\u017cesz"],"inLanguage":"lv-LV","potentialAction":[{"@type":"CommentAction","name":"Comment","target":["https:\/\/chrystus.pl\/dlaczego-mojzesz-nie-wszedl-do-ziemi-obiecanej-czy-to-byla-kara\/#respond"]}]},{"@type":"WebPage","@id":"https:\/\/chrystus.pl\/dlaczego-mojzesz-nie-wszedl-do-ziemi-obiecanej-czy-to-byla-kara\/","url":"https:\/\/chrystus.pl\/dlaczego-mojzesz-nie-wszedl-do-ziemi-obiecanej-czy-to-byla-kara\/","name":"K\u0101p\u0113c Mozus neiek\u0101pa Apsol\u012btaj\u0101 zem\u0113? Vai tas bija sods","isPartOf":{"@id":"https:\/\/chrystus.pl\/#website"},"primaryImageOfPage":{"@id":"https:\/\/chrystus.pl\/dlaczego-mojzesz-nie-wszedl-do-ziemi-obiecanej-czy-to-byla-kara\/#primaryimage"},"image":{"@id":"https:\/\/chrystus.pl\/dlaczego-mojzesz-nie-wszedl-do-ziemi-obiecanej-czy-to-byla-kara\/#primaryimage"},"thumbnailUrl":"https:\/\/chrystus.pl\/wp-content\/uploads\/2019\/04\/Dlaczego-Mojz\u0307esz-nie-wszed\u0142-do-Ziemi-Obiecanej.jpg","datePublished":"2019-04-15T23:58:53+00:00","dateModified":"2020-01-14T21:15:45+00:00","description":"K\u0101p\u0113c Mozus neiek\u0101pa Apsol\u012btaj\u0101 zem\u0113? Vai tas ir saist\u012bts ar bargu sodu pret pa\u0161a Mozus raksturu? K\u0101 jau min\u0113ts iepriek\u0161, cilv\u0113ki","breadcrumb":{"@id":"https:\/\/chrystus.pl\/dlaczego-mojzesz-nie-wszedl-do-ziemi-obiecanej-czy-to-byla-kara\/#breadcrumb"},"inLanguage":"lv-LV","potentialAction":[{"@type":"ReadAction","target":["https:\/\/chrystus.pl\/dlaczego-mojzesz-nie-wszedl-do-ziemi-obiecanej-czy-to-byla-kara\/"]}]},{"@type":"ImageObject","inLanguage":"lv-LV","@id":"https:\/\/chrystus.pl\/dlaczego-mojzesz-nie-wszedl-do-ziemi-obiecanej-czy-to-byla-kara\/#primaryimage","url":"https:\/\/chrystus.pl\/wp-content\/uploads\/2019\/04\/Dlaczego-Mojz\u0307esz-nie-wszed\u0142-do-Ziemi-Obiecanej.jpg","contentUrl":"https:\/\/chrystus.pl\/wp-content\/uploads\/2019\/04\/Dlaczego-Mojz\u0307esz-nie-wszed\u0142-do-Ziemi-Obiecanej.jpg","width":1280,"height":960,"caption":"Dlaczego Mojz\u0307esz nie wszed\u0142 do Ziemi Obiecanej"},{"@type":"BreadcrumbList","@id":"https:\/\/chrystus.pl\/dlaczego-mojzesz-nie-wszedl-do-ziemi-obiecanej-czy-to-byla-kara\/#breadcrumb","itemListElement":[{"@type":"ListItem","position":1,"name":"Strona g\u0142\u00f3wna","item":"https:\/\/chrystus.pl\/"},{"@type":"ListItem","position":2,"name":"Dlaczego Moj\u017cesz nie wszed\u0142 do Ziemi Obiecanej? Czy to by\u0142a Kara?"}]},{"@type":"WebSite","@id":"https:\/\/chrystus.pl\/#website","url":"https:\/\/chrystus.pl\/","name":"Kristus","description":"Dievs, Marija, J\u0113zus, Kom\u016bnija un v\u0113l vair\u0101k","publisher":{"@id":"https:\/\/chrystus.pl\/#organization"},"potentialAction":[{"@type":"SearchAction","target":{"@type":"EntryPoint","urlTemplate":"https:\/\/chrystus.pl\/?s={search_term_string}"},"query-input":{"@type":"PropertyValueSpecification","valueRequired":true,"valueName":"search_term_string"}}],"inLanguage":"lv-LV"},{"@type":"Organization","@id":"https:\/\/chrystus.pl\/#organization","name":"Christ.pl","url":"https:\/\/chrystus.pl\/","logo":{"@type":"ImageObject","inLanguage":"lv-LV","@id":"https:\/\/chrystus.pl\/#\/schema\/logo\/image\/","url":"https:\/\/chrystus.pl\/wp-content\/uploads\/2019\/03\/chrystus-bog-maryja-komunia-bierzmowanie.jpg","contentUrl":"https:\/\/chrystus.pl\/wp-content\/uploads\/2019\/03\/chrystus-bog-maryja-komunia-bierzmowanie.jpg","width":1920,"height":1280,"caption":"Chrystus.pl"},"image":{"@id":"https:\/\/chrystus.pl\/#\/schema\/logo\/image\/"}},{"@type":"Person","@id":"https:\/\/chrystus.pl\/#\/schema\/person\/e2e742452b8b7b2bcd23ea180671d27a","name":"Samariete"}]}},"_links":{"self":[{"href":"https:\/\/chrystus.pl\/lv\/wp-json\/wp\/v2\/posts\/535","targetHints":{"allow":["GET"]}}],"collection":[{"href":"https:\/\/chrystus.pl\/lv\/wp-json\/wp\/v2\/posts"}],"about":[{"href":"https:\/\/chrystus.pl\/lv\/wp-json\/wp\/v2\/types\/post"}],"author":[{"embeddable":true,"href":"https:\/\/chrystus.pl\/lv\/wp-json\/wp\/v2\/users\/1"}],"replies":[{"embeddable":true,"href":"https:\/\/chrystus.pl\/lv\/wp-json\/wp\/v2\/comments?post=535"}],"version-history":[{"count":0,"href":"https:\/\/chrystus.pl\/lv\/wp-json\/wp\/v2\/posts\/535\/revisions"}],"wp:featuredmedia":[{"embeddable":true,"href":"https:\/\/chrystus.pl\/lv\/wp-json\/wp\/v2\/media\/536"}],"wp:attachment":[{"href":"https:\/\/chrystus.pl\/lv\/wp-json\/wp\/v2\/media?parent=535"}],"wp:term":[{"taxonomy":"category","embeddable":true,"href":"https:\/\/chrystus.pl\/lv\/wp-json\/wp\/v2\/categories?post=535"},{"taxonomy":"post_tag","embeddable":true,"href":"https:\/\/chrystus.pl\/lv\/wp-json\/wp\/v2\/tags?post=535"}],"curies":[{"name":"wp","href":"https:\/\/api.w.org\/{rel}","templated":true}]}}