{"id":570,"date":"2019-04-16T00:07:38","date_gmt":"2019-04-16T00:07:38","guid":{"rendered":"https:\/\/chrystus.pl\/?p=570"},"modified":"2020-01-13T07:47:54","modified_gmt":"2020-01-13T07:47:54","slug":"kim-zostal-mojzesz-po-ucieczce-z-egiptu","status":"publish","type":"post","link":"https:\/\/chrystus.pl\/lv\/kim-zostal-mojzesz-po-ucieczce-z-egiptu\/","title":{"rendered":"Kas Mozus k\u013cuva p\u0113c b\u0113g\u0161anas no \u0112\u0123iptes"},"content":{"rendered":"<p>Kas bija <span id=\"urn:local-text-annotation-p29redjyza59h9jn0t3i3df7g2naysfv\" class=\"textannotation disambiguated wl-person\" itemid=\"http:\/\/data.wordlift.io\/wl01378\/entity\/mojzesz\">Mozus<\/span> un ko vi\u0146\u0161 ir izdar\u012bjis? Par ko vi\u0146\u0161 k\u013cuva <span id=\"urn:local-text-annotation-w6ad0y2nk1pr1y5cf6diot6yyonnhwjz\" class=\"textannotation disambiguated wl-person\" itemid=\"http:\/\/data.wordlift.io\/wl01378\/entity\/mojzesz\">Mozus<\/span> p\u0113c b\u0113g\u0161anas no <span id=\"urn:local-text-annotation-wzuzr1sly7716zvt3kytp6ax93axfu1a\" class=\"textannotation disambiguated wl-thing\" itemid=\"http:\/\/data.wordlift.io\/wl01378\/entity\/starozytny_egipt\">\u0112\u0123ipte<\/span>?<\/p>\n<p>Nav \u0161aubu, ka <span id=\"urn:local-text-annotation-aqyxwrzfsaahd62g54llk5w7d7udubys\" class=\"textannotation disambiguated wl-person\" itemid=\"http:\/\/data.wordlift.io\/wl01378\/entity\/mojzesz\">Mozus<\/span> bija izcila person\u012bba, un ar savu person\u012bbu un darb\u012bbu vi\u0146\u0161 atst\u0101ja milz\u012bgu iespaidu uz visas pasaules v\u0113sturi. <span id=\"urn:local-text-annotation-iwvanxl2gt8lq47htyjz5yeya9vhq6s7\" class=\"textannotation disambiguated wl-thing\" itemid=\"http:\/\/data.wordlift.io\/wl01378\/entity\/narod_wybrany\">Izv\u0113l\u0113tie cilv\u0113ki<\/span>. Nav \u0161aubu ar\u012b par to, ka <span id=\"urn:local-text-annotation-waplliv5jcghc2wrosml3p78frkuelv5\" class=\"textannotation disambiguated wl-person\" itemid=\"http:\/\/data.wordlift.io\/wl01378\/entity\/mojzesz\">Mozus<\/span> bija v\u0113sturiska person\u012bba. Vi\u0146\u0161, iesp\u0113jams, dz\u012bvoja 13. gadsimt\u0101 pirms m\u016bsu \u0113ras. Saska\u0146\u0101 ar B\u012bbeles liec\u012bb\u0101m vi\u0146\u0161 nodz\u012bvoja pat 120 gadus.<\/p>\n<p>No t\u012bri v\u0113sturisk\u0101 viedok\u013ca <span id=\"urn:local-text-annotation-240lfjcti25lnc9xlwnqu8vorll1hk2g\" class=\"textannotation disambiguated wl-person\" itemid=\"http:\/\/data.wordlift.io\/wl01378\/entity\/mojzesz\">Mozus<\/span> Vi\u0146\u0161 bija pravietis. Vi\u0146\u0161 bija ar\u012b l\u012bderis <span id=\"urn:local-text-annotation-lbqk0dtjklk5kh3i4j0uehop7jenx6k1\" class=\"textannotation disambiguated wl-thing\" itemid=\"http:\/\/data.wordlift.io\/wl01378\/entity\/zydzi\">Izra\u0113lie\u0161i<\/span> b\u0113g\u0161anas laik\u0101 no <span id=\"urn:local-text-annotation-cjv4gt4kspqvrhvarmvpaiar880i7rv4\" class=\"textannotation disambiguated wl-thing\" itemid=\"http:\/\/data.wordlift.io\/wl01378\/entity\/starozytny_egipt\">\u0112\u0123ipte<\/span> un 40 gadu ilgs ce\u013cojums uz <span id=\"urn:local-text-annotation-7kda1qldn3u3prla5qld42bplkwv3emj\" class=\"textannotation disambiguated wl-thing\" itemid=\"http:\/\/data.wordlift.io\/wl01378\/entity\/ziemia_obiecana_biblia\">Apsol\u012bt\u0101 zeme<\/span>.<\/p>\n<p><span id=\"urn:local-text-annotation-m90f124np4gtg5qx6y2lu7cxwg2aho8c\" class=\"textannotation disambiguated wl-person\" itemid=\"http:\/\/data.wordlift.io\/wl01378\/entity\/mojzesz\">Mozus<\/span> Vi\u0146\u0161 bija Amarama un Joch\u0101bela d\u0113ls. Vi\u0146\u0161 piedzima laik\u0101, kad notika lielais izra\u0113lie\u0161u z\u012bdai\u0146u nokau\u0161ana. <span id=\"urn:local-text-annotation-3xgm8wm4ige31hzi581a5ewcb739ffqb\" class=\"textannotation disambiguated wl-place\" itemid=\"http:\/\/data.wordlift.io\/wl01378\/entity\/egipt\">\u0112\u0123ipte<\/span>Tom\u0113r vi\u0146am \u0101rk\u0101rt\u012bgi veiksm\u012bgi izdev\u0101s pasarg\u0101t sevi no apspied\u0113jiem. <span id=\"urn:local-text-annotation-r6n6y7r7yeffoktpw1f0coqdsbjopejr\" class=\"textannotation disambiguated wl-person\" itemid=\"http:\/\/data.wordlift.io\/wl01378\/entity\/mojzesz\">Mozus<\/span> Vi\u0146u audzin\u0101ja faraona meita, kas \u013c\u0101va vi\u0146am ieg\u016bt pien\u0101c\u012bgu izgl\u012bt\u012bbu. Jau no pa\u0161a s\u0101kuma vi\u0146\u0161 bija izcils loceklis. <span id=\"urn:local-text-annotation-qnrwm2jfnrcfdlm9lzo6wxvtiv1i4l8c\" class=\"textannotation disambiguated wl-thing\" itemid=\"http:\/\/data.wordlift.io\/wl01378\/entity\/spolecznosc_2\">kopienas<\/span>. Etiopijas tautu iebrukuma laik\u0101 vi\u0146\u0161 vad\u012bja \u0112\u0123iptes armiju uz uzvaru.<\/p>\n<p>T\u0101p\u0113c vi\u0146\u0161 tur jau bija atz\u012bts par izcilu l\u012bderi. K\u0101 m\u0113s zin\u0101m no iepriek\u0161\u0113j\u0101m rakstu da\u013c\u0101m, vi\u0146u izv\u0113l\u0113j\u0101s ar\u012b <span id=\"urn:local-text-annotation-zb3ggy3ckcnqadxxuws8o7c2usy7qer4\" class=\"textannotation disambiguated wl-thing\" itemid=\"http:\/\/data.wordlift.io\/wl01378\/entity\/jahwe\">Jahve<\/span> galvenais <span id=\"urn:local-text-annotation-qbfhoxk9657iqk24c07k30t7dsrh8qyf\" class=\"textannotation disambiguated wl-thing\" itemid=\"http:\/\/data.wordlift.io\/wl01378\/entity\/zydzi\">Izra\u0113lie\u0161i<\/span> p\u0113c b\u0113g\u0161anas no <span id=\"urn:local-text-annotation-2me47a6q8wjhz77b92dfnfs8phvpeufb\" class=\"textannotation disambiguated wl-thing\" itemid=\"http:\/\/data.wordlift.io\/wl01378\/entity\/starozytny_egipt\">\u0112\u0123ipte<\/span>. <span id=\"urn:local-text-annotation-vye4mkrzvofu7lqdn8dvsfffyibuvdrc\" class=\"textannotation disambiguated wl-person\" itemid=\"http:\/\/data.wordlift.io\/wl01378\/entity\/mojzesz\">Mozus<\/span> Vi\u0146\u0161 paveica lielas lietas un daudz ko paveica. Vi\u0146\u0161 k\u013cuva ne tikai par izcilu l\u012bderi, bet ar\u012b par izcilu pravieti un starpnieku starp <span id=\"urn:enhancement-37b51704\" class=\"textannotation disambiguated wl-other\" itemid=\"http:\/\/data.wordlift.io\/wl01857\/entity\/kyrios\">Panema<\/span> un vi\u0146a tauta. Vi\u0146\u0161 deva vi\u0146iem cer\u012bbu un vad\u012bja vi\u0146us uz m\u0113r\u0137i.<\/p>\n<p><span>\u00a0<\/span><\/p>","protected":false},"excerpt":{"rendered":"<p>Kas bija Mozus un ko vi\u0146\u0161 paveica? Par ko Mozus k\u013cuva p\u0113c b\u0113g\u0161anas no \u0112\u0123iptes? Nav \u0161aubu, ka Mozus bija liela person\u012bba, un ar savu personu un r\u012bc\u012bbu vi\u0146\u0161 atst\u0101ja milz\u012bgu iespaidu uz visas izredz\u0113t\u0101s tautas v\u0113sturi. Nav \u0161aubu ar\u012b par to, ka Mozus bija v\u0113sturiska person\u012bba. Vi\u0146\u0161, iesp\u0113jams, dz\u012bvoja 13. gadsimt\u0101 ...<\/p>","protected":false},"author":1,"featured_media":571,"comment_status":"open","ping_status":"closed","sticky":false,"template":"","format":"standard","meta":{"footnotes":""},"categories":[49],"tags":[],"class_list":["post-570","post","type-post","status-publish","format-standard","has-post-thumbnail","hentry","category-mojzesz"],"yoast_head":"<!-- This site is optimized with the Yoast SEO plugin v27.5 - https:\/\/yoast.com\/product\/yoast-seo-wordpress\/ -->\n<title>Kim zosta\u0142 Moj\u017cesz po ucieczce z Egiptu - Chrystus<\/title>\n<meta name=\"description\" content=\"Kim by\u0142 Moj\u017cesz i czego dokona\u0142? Kim zosta\u0142 Moj\u017cesz po ucieczce z Egiptu? Nie ma w\u0105tpliwo\u015bci co do tego, \u017ce Moj\u017cesz by\u0142 wielk\u0105 postaci\u0105 i swoj\u0105 osob\u0105 oraz\" \/>\n<meta name=\"robots\" content=\"index, follow, max-snippet:-1, max-image-preview:large, max-video-preview:-1\" \/>\n<link rel=\"canonical\" href=\"https:\/\/chrystus.pl\/lv\/kurs-kluva-par-mozu-pec-atgriesanas-no-egiptes\/\" \/>\n<meta property=\"og:locale\" content=\"lv_LV\" \/>\n<meta property=\"og:type\" content=\"article\" \/>\n<meta property=\"og:title\" content=\"Kim zosta\u0142 Moj\u017cesz po ucieczce z Egiptu - Chrystus\" \/>\n<meta property=\"og:description\" content=\"Kim by\u0142 Moj\u017cesz i czego dokona\u0142? Kim zosta\u0142 Moj\u017cesz po ucieczce z Egiptu? Nie ma w\u0105tpliwo\u015bci co do tego, \u017ce Moj\u017cesz by\u0142 wielk\u0105 postaci\u0105 i swoj\u0105 osob\u0105 oraz\" \/>\n<meta property=\"og:url\" content=\"https:\/\/chrystus.pl\/lv\/kurs-kluva-par-mozu-pec-atgriesanas-no-egiptes\/\" \/>\n<meta property=\"og:site_name\" content=\"Chrystus\" \/>\n<meta property=\"article:published_time\" content=\"2019-04-16T00:07:38+00:00\" \/>\n<meta property=\"article:modified_time\" content=\"2020-01-13T07:47:54+00:00\" \/>\n<meta property=\"og:image\" content=\"https:\/\/chrystus.pl\/wp-content\/uploads\/2019\/04\/Kim-zosta\u0142-Mojz\u0307esz-po-ucieczce-z-Egiptu.jpg\" \/>\n\t<meta property=\"og:image:width\" content=\"1280\" \/>\n\t<meta property=\"og:image:height\" content=\"480\" \/>\n\t<meta property=\"og:image:type\" content=\"image\/jpeg\" \/>\n<meta name=\"author\" content=\"Samarytanka\" \/>\n<meta name=\"twitter:card\" content=\"summary_large_image\" \/>\n<meta name=\"twitter:label1\" content=\"Written by\" \/>\n\t<meta name=\"twitter:data1\" content=\"Samarytanka\" \/>\n\t<meta name=\"twitter:label2\" content=\"Est. reading time\" \/>\n\t<meta name=\"twitter:data2\" content=\"1 min\u016bte\" \/>\n<!-- \/ Yoast SEO plugin. -->","yoast_head_json":{"title":"Kas k\u013cuva par Mozu p\u0113c b\u0113g\u0161anas no \u0112\u0123iptes - Kristus","description":"Kas bija Mozus un ko vi\u0146\u0161 dar\u012bja? Par ko Mozus k\u013cuva p\u0113c b\u0113g\u0161anas no \u0112\u0123iptes? Nav \u0161aubu, ka Mozus bija liels skaitlis un ar savu personu un","robots":{"index":"index","follow":"follow","max-snippet":"max-snippet:-1","max-image-preview":"max-image-preview:large","max-video-preview":"max-video-preview:-1"},"canonical":"https:\/\/chrystus.pl\/lv\/kurs-kluva-par-mozu-pec-atgriesanas-no-egiptes\/","og_locale":"lv_LV","og_type":"article","og_title":"Kim zosta\u0142 Moj\u017cesz po ucieczce z Egiptu - Chrystus","og_description":"Kim by\u0142 Moj\u017cesz i czego dokona\u0142? Kim zosta\u0142 Moj\u017cesz po ucieczce z Egiptu? Nie ma w\u0105tpliwo\u015bci co do tego, \u017ce Moj\u017cesz by\u0142 wielk\u0105 postaci\u0105 i swoj\u0105 osob\u0105 oraz","og_url":"https:\/\/chrystus.pl\/lv\/kurs-kluva-par-mozu-pec-atgriesanas-no-egiptes\/","og_site_name":"Chrystus","article_published_time":"2019-04-16T00:07:38+00:00","article_modified_time":"2020-01-13T07:47:54+00:00","og_image":[{"width":1280,"height":480,"url":"https:\/\/chrystus.pl\/wp-content\/uploads\/2019\/04\/Kim-zosta\u0142-Mojz\u0307esz-po-ucieczce-z-Egiptu.jpg","type":"image\/jpeg"}],"author":"Samarytanka","twitter_card":"summary_large_image","twitter_misc":{"Written by":"Samarytanka","Est. reading time":"1 min\u016bte"},"schema":{"@context":"https:\/\/schema.org","@graph":[{"@type":"Article","@id":"https:\/\/chrystus.pl\/kim-zostal-mojzesz-po-ucieczce-z-egiptu\/#article","isPartOf":{"@id":"https:\/\/chrystus.pl\/kim-zostal-mojzesz-po-ucieczce-z-egiptu\/"},"author":{"name":"Samarytanka","@id":"https:\/\/chrystus.pl\/#\/schema\/person\/e2e742452b8b7b2bcd23ea180671d27a"},"headline":"Kim zosta\u0142 Moj\u017cesz po ucieczce z Egiptu","datePublished":"2019-04-16T00:07:38+00:00","dateModified":"2020-01-13T07:47:54+00:00","mainEntityOfPage":{"@id":"https:\/\/chrystus.pl\/kim-zostal-mojzesz-po-ucieczce-z-egiptu\/"},"wordCount":257,"commentCount":0,"publisher":{"@id":"https:\/\/chrystus.pl\/#organization"},"image":{"@id":"https:\/\/chrystus.pl\/kim-zostal-mojzesz-po-ucieczce-z-egiptu\/#primaryimage"},"thumbnailUrl":"https:\/\/chrystus.pl\/wp-content\/uploads\/2019\/04\/Kim-zosta\u0142-Mojz\u0307esz-po-ucieczce-z-Egiptu.jpg","articleSection":["Moj\u017cesz"],"inLanguage":"lv-LV","potentialAction":[{"@type":"CommentAction","name":"Comment","target":["https:\/\/chrystus.pl\/kim-zostal-mojzesz-po-ucieczce-z-egiptu\/#respond"]}]},{"@type":"WebPage","@id":"https:\/\/chrystus.pl\/kim-zostal-mojzesz-po-ucieczce-z-egiptu\/","url":"https:\/\/chrystus.pl\/kim-zostal-mojzesz-po-ucieczce-z-egiptu\/","name":"Kas k\u013cuva par Mozu p\u0113c b\u0113g\u0161anas no \u0112\u0123iptes - Kristus","isPartOf":{"@id":"https:\/\/chrystus.pl\/#website"},"primaryImageOfPage":{"@id":"https:\/\/chrystus.pl\/kim-zostal-mojzesz-po-ucieczce-z-egiptu\/#primaryimage"},"image":{"@id":"https:\/\/chrystus.pl\/kim-zostal-mojzesz-po-ucieczce-z-egiptu\/#primaryimage"},"thumbnailUrl":"https:\/\/chrystus.pl\/wp-content\/uploads\/2019\/04\/Kim-zosta\u0142-Mojz\u0307esz-po-ucieczce-z-Egiptu.jpg","datePublished":"2019-04-16T00:07:38+00:00","dateModified":"2020-01-13T07:47:54+00:00","description":"Kas bija Mozus un ko vi\u0146\u0161 dar\u012bja? Par ko Mozus k\u013cuva p\u0113c b\u0113g\u0161anas no \u0112\u0123iptes? Nav \u0161aubu, ka Mozus bija liels skaitlis un ar savu personu un","breadcrumb":{"@id":"https:\/\/chrystus.pl\/kim-zostal-mojzesz-po-ucieczce-z-egiptu\/#breadcrumb"},"inLanguage":"lv-LV","potentialAction":[{"@type":"ReadAction","target":["https:\/\/chrystus.pl\/kim-zostal-mojzesz-po-ucieczce-z-egiptu\/"]}]},{"@type":"ImageObject","inLanguage":"lv-LV","@id":"https:\/\/chrystus.pl\/kim-zostal-mojzesz-po-ucieczce-z-egiptu\/#primaryimage","url":"https:\/\/chrystus.pl\/wp-content\/uploads\/2019\/04\/Kim-zosta\u0142-Mojz\u0307esz-po-ucieczce-z-Egiptu.jpg","contentUrl":"https:\/\/chrystus.pl\/wp-content\/uploads\/2019\/04\/Kim-zosta\u0142-Mojz\u0307esz-po-ucieczce-z-Egiptu.jpg","width":1280,"height":480,"caption":"Kim zosta\u0142 Mojz\u0307esz po ucieczce z Egiptu"},{"@type":"BreadcrumbList","@id":"https:\/\/chrystus.pl\/kim-zostal-mojzesz-po-ucieczce-z-egiptu\/#breadcrumb","itemListElement":[{"@type":"ListItem","position":1,"name":"Strona g\u0142\u00f3wna","item":"https:\/\/chrystus.pl\/"},{"@type":"ListItem","position":2,"name":"Kim zosta\u0142 Moj\u017cesz po ucieczce z Egiptu"}]},{"@type":"WebSite","@id":"https:\/\/chrystus.pl\/#website","url":"https:\/\/chrystus.pl\/","name":"Kristus","description":"Dievs, Marija, J\u0113zus, Kom\u016bnija un v\u0113l vair\u0101k","publisher":{"@id":"https:\/\/chrystus.pl\/#organization"},"potentialAction":[{"@type":"SearchAction","target":{"@type":"EntryPoint","urlTemplate":"https:\/\/chrystus.pl\/?s={search_term_string}"},"query-input":{"@type":"PropertyValueSpecification","valueRequired":true,"valueName":"search_term_string"}}],"inLanguage":"lv-LV"},{"@type":"Organization","@id":"https:\/\/chrystus.pl\/#organization","name":"Christ.pl","url":"https:\/\/chrystus.pl\/","logo":{"@type":"ImageObject","inLanguage":"lv-LV","@id":"https:\/\/chrystus.pl\/#\/schema\/logo\/image\/","url":"https:\/\/chrystus.pl\/wp-content\/uploads\/2019\/03\/chrystus-bog-maryja-komunia-bierzmowanie.jpg","contentUrl":"https:\/\/chrystus.pl\/wp-content\/uploads\/2019\/03\/chrystus-bog-maryja-komunia-bierzmowanie.jpg","width":1920,"height":1280,"caption":"Chrystus.pl"},"image":{"@id":"https:\/\/chrystus.pl\/#\/schema\/logo\/image\/"}},{"@type":"Person","@id":"https:\/\/chrystus.pl\/#\/schema\/person\/e2e742452b8b7b2bcd23ea180671d27a","name":"Samariete"}]}},"_links":{"self":[{"href":"https:\/\/chrystus.pl\/lv\/wp-json\/wp\/v2\/posts\/570","targetHints":{"allow":["GET"]}}],"collection":[{"href":"https:\/\/chrystus.pl\/lv\/wp-json\/wp\/v2\/posts"}],"about":[{"href":"https:\/\/chrystus.pl\/lv\/wp-json\/wp\/v2\/types\/post"}],"author":[{"embeddable":true,"href":"https:\/\/chrystus.pl\/lv\/wp-json\/wp\/v2\/users\/1"}],"replies":[{"embeddable":true,"href":"https:\/\/chrystus.pl\/lv\/wp-json\/wp\/v2\/comments?post=570"}],"version-history":[{"count":0,"href":"https:\/\/chrystus.pl\/lv\/wp-json\/wp\/v2\/posts\/570\/revisions"}],"wp:featuredmedia":[{"embeddable":true,"href":"https:\/\/chrystus.pl\/lv\/wp-json\/wp\/v2\/media\/571"}],"wp:attachment":[{"href":"https:\/\/chrystus.pl\/lv\/wp-json\/wp\/v2\/media?parent=570"}],"wp:term":[{"taxonomy":"category","embeddable":true,"href":"https:\/\/chrystus.pl\/lv\/wp-json\/wp\/v2\/categories?post=570"},{"taxonomy":"post_tag","embeddable":true,"href":"https:\/\/chrystus.pl\/lv\/wp-json\/wp\/v2\/tags?post=570"}],"curies":[{"name":"wp","href":"https:\/\/api.w.org\/{rel}","templated":true}]}}