{"id":74,"date":"2019-03-25T01:32:56","date_gmt":"2019-03-25T01:32:56","guid":{"rendered":"https:\/\/chrystus.pl\/?p=74"},"modified":"2020-01-13T07:52:09","modified_gmt":"2020-01-13T07:52:09","slug":"czy-przed-wielkim-wybuchem-byl-bog","status":"publish","type":"post","link":"https:\/\/chrystus.pl\/lv\/czy-przed-wielkim-wybuchem-byl-bog\/","title":{"rendered":"Vai pirms Liel\u0101 spr\u0101dziena past\u0101v\u0113ja Dievs?"},"content":{"rendered":"<p>Pirms bija Lielais spr\u0101dziens <span id=\"urn:enhancement-c38f21a6\" class=\"textannotation disambiguated wl-other\" itemid=\"http:\/\/data.wordlift.io\/wl01378\/entity\/bog\">Dievs<\/span>. Zin\u0101tnieki sacen\u0161as, lai n\u0101ktu klaj\u0101 ar jaun\u0101m teorij\u0101m par m\u016bsu Visuma ra\u0161anos, par t\u0101 saukto Lielo spr\u0101dzienu un to, k\u0101 tas viss paties\u012bb\u0101 s\u0101k\u0101s. Pateicoties zin\u0101tnei, m\u0113s varam daudz ko uzzin\u0101t par pasauli ap mums. Tom\u0113r zin\u0101tnes pasaulei nav j\u0101nost\u0101jas pretstat\u0101 reli\u0123ijas pasaulei. \u0160\u012bm div\u0101m \u0161\u0137ietami at\u0161\u0137ir\u012bgaj\u0101m jom\u0101m nav j\u0101b\u016bt un pat nevajadz\u0113tu b\u016bt pretrun\u0101. Paties\u012bb\u0101 katr\u0101 zin\u0101tnes aspekt\u0101 m\u0113s varam atrast k\u0101du kop\u012bgu elementu ar reli\u0123ijas pasauli.<\/p>\n<p>Bet kas bija pirmais? Vai tas bija pirmais <span id=\"urn:enhancement-c2421fca\" class=\"textannotation disambiguated wl-other\" itemid=\"http:\/\/data.wordlift.io\/wl01378\/entity\/bog\">Dievs<\/span>? Vai vispirms notika spr\u0101dziens, ar ko viss s\u0101kas? Vai pirms Liel\u0101 spr\u0101dziena, iesp\u0113jams, bija <span id=\"urn:enhancement-1f2c8951\" class=\"textannotation disambiguated wl-other\" itemid=\"http:\/\/data.wordlift.io\/wl01378\/entity\/bog\">Dievs<\/span>?<\/p>\n<p>Mums vajadz\u0113tu s\u0101kt no jauna, iedom\u0101joties. <span id=\"urn:enhancement-31b17f9f\" class=\"textannotation disambiguated wl-other\" itemid=\"http:\/\/data.wordlift.io\/wl01378\/entity\/bog\">Dievs<\/span> ne k\u0101 dz\u012bvu b\u016btni, ne k\u0101 materi\u0101lu b\u016btni, bet galvenok\u0101rt k\u0101 visur kl\u0101teso\u0161u apzi\u0146u.<\/p>\n<p><a href=\"https:\/\/chrystus.pl\/lv\/czy-jezus-istnial\/\">Past\u0101v\u0113\u0161ana<\/a> <span id=\"urn:enhancement-b92a1b0a\" class=\"textannotation disambiguated wl-other\" itemid=\"http:\/\/data.wordlift.io\/wl01857\/entity\/wielki_wybuch\">Lielais spr\u0101dziens<\/span> tika pier\u0101d\u012bts jau iepriek\u0161\u0113j\u0101 gadsimt\u0101. Es atst\u0101ju j\u016bsu zi\u0146\u0101 atbild\u0113t uz jaut\u0101jumu: vai \u0161\u012b liel\u0101 spr\u0101dziena iniciators bija <span id=\"urn:enhancement-b06bc9bc\" class=\"textannotation disambiguated wl-other\" itemid=\"http:\/\/data.wordlift.io\/wl01857\/entity\/pan_mitologia\">kungs<\/span> <span id=\"urn:enhancement-7d068dc5\" class=\"textannotation disambiguated wl-other\" itemid=\"http:\/\/data.wordlift.io\/wl01378\/entity\/bog\">Dievs<\/span>? Vai tie\u0161i lielais spr\u0101dziens ir kop\u012bgais elements starp zin\u0101tnes pasauli un Dieva \"Lai top gaisma\"?<\/p>\n<p><span id=\"urn:enhancement-635e9508\" class=\"textannotation disambiguated wl-other\" itemid=\"http:\/\/data.wordlift.io\/wl01378\/entity\/bog\">Dievs<\/span> k\u0101 <span id=\"urn:enhancement-3d933de1\" class=\"textannotation disambiguated wl-other\" itemid=\"http:\/\/data.wordlift.io\/wl01857\/entity\/byt\">atrodas .<\/span> Nemateri\u0101lais ir past\u0101v\u0113jis vienm\u0113r. <span id=\"urn:enhancement-7fcf8d05\" class=\"textannotation disambiguated wl-other\" itemid=\"http:\/\/data.wordlift.io\/wl01857\/entity\/wszechswiat\">Visums<\/span> k\u0101 laika un <span id=\"urn:enhancement-d1186491\" class=\"textannotation disambiguated wl-other\" itemid=\"http:\/\/data.wordlift.io\/wl01857\/entity\/przestrzen_fizyka\">telpa<\/span> past\u0101v jau vair\u0101kus simtus miljardu gadu. Pirms tam tas bija tikai punkts neb\u016bt\u012bb\u0101. <span id=\"urn:enhancement-2d7828fa\" class=\"textannotation disambiguated wl-other\" itemid=\"http:\/\/data.wordlift.io\/wl01857\/entity\/nauka\">Zin\u0101tne<\/span> nesp\u0113j atbild\u0113t uz jaut\u0101jumu, kas bija pirms tam un k\u0101 paties\u012bb\u0101 notika tik lielas p\u0101rmai\u0146as. Mums \u0161\u0137iet, ka \u0161\u012b ir vieta, kur mums vajadz\u0113tu mekl\u0113t kl\u0101tb\u016btni <span id=\"urn:enhancement-c5c6b266\" class=\"textannotation disambiguated wl-other\" itemid=\"http:\/\/data.wordlift.io\/wl01857\/entity\/pan_mitologia\">kungs<\/span> <span id=\"urn:enhancement-6d5e76a1\" class=\"textannotation disambiguated wl-other\" itemid=\"http:\/\/data.wordlift.io\/wl01378\/entity\/bog\">Dievs<\/span> pirms Liel\u0101 spr\u0101dziena.<\/p>","protected":false},"excerpt":{"rendered":"<p>Vai pirms Liel\u0101 spr\u0101dziena past\u0101v\u0113ja Dievs. Zin\u0101tnieki sacen\u0161as, lai formul\u0113tu jaunas teorijas par m\u016bsu Visuma ra\u0161anos, par t\u0101 saukto Lielo spr\u0101dzienu un par to, k\u0101 tas viss paties\u012bb\u0101 s\u0101k\u0101s. Pateicoties zin\u0101tnei, m\u0113s varam daudz ko uzzin\u0101t par pasauli ap mums. Un tom\u0113r zin\u0101tnes pasaulei nav j\u0101nost\u0101jas opoz\u012bcij\u0101 ...<\/p>","protected":false},"author":1,"featured_media":75,"comment_status":"open","ping_status":"open","sticky":false,"template":"","format":"standard","meta":{"footnotes":""},"categories":[5],"tags":[],"class_list":["post-74","post","type-post","status-publish","format-standard","has-post-thumbnail","hentry","category-bog"],"yoast_head":"<!-- This site is optimized with the Yoast SEO plugin v27.4 - https:\/\/yoast.com\/product\/yoast-seo-wordpress\/ -->\n<title>Czy Przed Wielkim Wybuchem By\u0142 Bo\u0301g - Chrystus PL<\/title>\n<meta name=\"description\" content=\"Czy Przed Wielkim Wybuchem By\u0142 B\u00f3g. Naukowcy prze\u015bcigaj\u0105 si\u0119 w formu\u0142owaniu nowych teorii na temat powstania naszego wszech\u015bwiata, na temat tak zwanego\" \/>\n<meta name=\"robots\" content=\"index, follow, max-snippet:-1, max-image-preview:large, max-video-preview:-1\" \/>\n<link rel=\"canonical\" href=\"https:\/\/chrystus.pl\/lv\/vai-lidz-liela-eksplozijas-izdegsanai-bija-dievs-2\/\" \/>\n<meta property=\"og:locale\" content=\"lv_LV\" \/>\n<meta property=\"og:type\" content=\"article\" \/>\n<meta property=\"og:title\" content=\"Czy Przed Wielkim Wybuchem By\u0142 Bo\u0301g - Chrystus PL\" \/>\n<meta property=\"og:description\" content=\"Czy Przed Wielkim Wybuchem By\u0142 B\u00f3g. Naukowcy prze\u015bcigaj\u0105 si\u0119 w formu\u0142owaniu nowych teorii na temat powstania naszego wszech\u015bwiata, na temat tak zwanego\" \/>\n<meta property=\"og:url\" content=\"https:\/\/chrystus.pl\/lv\/vai-lidz-liela-eksplozijas-izdegsanai-bija-dievs-2\/\" \/>\n<meta property=\"og:site_name\" content=\"Chrystus\" \/>\n<meta property=\"article:published_time\" content=\"2019-03-25T01:32:56+00:00\" \/>\n<meta property=\"article:modified_time\" content=\"2020-01-13T07:52:09+00:00\" \/>\n<meta property=\"og:image\" content=\"https:\/\/chrystus.pl\/wp-content\/uploads\/2019\/03\/Czy-Przed-Wielkim-Wybuchem-By\u0142-Bo\u0301g.jpg\" \/>\n\t<meta property=\"og:image:width\" content=\"1280\" \/>\n\t<meta property=\"og:image:height\" content=\"905\" \/>\n\t<meta property=\"og:image:type\" content=\"image\/jpeg\" \/>\n<meta name=\"author\" content=\"Samarytanka\" \/>\n<meta name=\"twitter:card\" content=\"summary_large_image\" \/>\n<meta name=\"twitter:label1\" content=\"Written by\" \/>\n\t<meta name=\"twitter:data1\" content=\"Samarytanka\" \/>\n\t<meta name=\"twitter:label2\" content=\"Est. reading time\" \/>\n\t<meta name=\"twitter:data2\" content=\"1 min\u016bte\" \/>\n<!-- \/ Yoast SEO plugin. -->","yoast_head_json":{"title":"Vai pirms liel\u0101 spr\u0101dziena bija Dievs - Kristus LV","description":"Vai pirms Liel\u0101 spr\u0101dziena past\u0101v\u0113ja Dievs. Zin\u0101tnieki sacen\u0161as, lai formul\u0113tu jaunas teorijas par m\u016bsu Visuma izcelsmi, par t\u0101 saukto","robots":{"index":"index","follow":"follow","max-snippet":"max-snippet:-1","max-image-preview":"max-image-preview:large","max-video-preview":"max-video-preview:-1"},"canonical":"https:\/\/chrystus.pl\/lv\/vai-lidz-liela-eksplozijas-izdegsanai-bija-dievs-2\/","og_locale":"lv_LV","og_type":"article","og_title":"Czy Przed Wielkim Wybuchem By\u0142 Bo\u0301g - Chrystus PL","og_description":"Czy Przed Wielkim Wybuchem By\u0142 B\u00f3g. Naukowcy prze\u015bcigaj\u0105 si\u0119 w formu\u0142owaniu nowych teorii na temat powstania naszego wszech\u015bwiata, na temat tak zwanego","og_url":"https:\/\/chrystus.pl\/lv\/vai-lidz-liela-eksplozijas-izdegsanai-bija-dievs-2\/","og_site_name":"Chrystus","article_published_time":"2019-03-25T01:32:56+00:00","article_modified_time":"2020-01-13T07:52:09+00:00","og_image":[{"width":1280,"height":905,"url":"https:\/\/chrystus.pl\/wp-content\/uploads\/2019\/03\/Czy-Przed-Wielkim-Wybuchem-By\u0142-Bo\u0301g.jpg","type":"image\/jpeg"}],"author":"Samarytanka","twitter_card":"summary_large_image","twitter_misc":{"Written by":"Samarytanka","Est. reading time":"1 min\u016bte"},"schema":{"@context":"https:\/\/schema.org","@graph":[{"@type":"Article","@id":"https:\/\/chrystus.pl\/czy-przed-wielkim-wybuchem-byl-bog\/#article","isPartOf":{"@id":"https:\/\/chrystus.pl\/czy-przed-wielkim-wybuchem-byl-bog\/"},"author":{"name":"Samarytanka","@id":"https:\/\/chrystus.pl\/#\/schema\/person\/e2e742452b8b7b2bcd23ea180671d27a"},"headline":"Czy Przed Wielkim Wybuchem By\u0142 B\u00f3g?","datePublished":"2019-03-25T01:32:56+00:00","dateModified":"2020-01-13T07:52:09+00:00","mainEntityOfPage":{"@id":"https:\/\/chrystus.pl\/czy-przed-wielkim-wybuchem-byl-bog\/"},"wordCount":295,"commentCount":0,"publisher":{"@id":"https:\/\/chrystus.pl\/#organization"},"image":{"@id":"https:\/\/chrystus.pl\/czy-przed-wielkim-wybuchem-byl-bog\/#primaryimage"},"thumbnailUrl":"https:\/\/chrystus.pl\/wp-content\/uploads\/2019\/03\/Czy-Przed-Wielkim-Wybuchem-By\u0142-Bo\u0301g.jpg","articleSection":["B\u00f3g"],"inLanguage":"lv-LV","potentialAction":[{"@type":"CommentAction","name":"Comment","target":["https:\/\/chrystus.pl\/czy-przed-wielkim-wybuchem-byl-bog\/#respond"]}]},{"@type":"WebPage","@id":"https:\/\/chrystus.pl\/czy-przed-wielkim-wybuchem-byl-bog\/","url":"https:\/\/chrystus.pl\/czy-przed-wielkim-wybuchem-byl-bog\/","name":"Vai pirms liel\u0101 spr\u0101dziena bija Dievs - Kristus LV","isPartOf":{"@id":"https:\/\/chrystus.pl\/#website"},"primaryImageOfPage":{"@id":"https:\/\/chrystus.pl\/czy-przed-wielkim-wybuchem-byl-bog\/#primaryimage"},"image":{"@id":"https:\/\/chrystus.pl\/czy-przed-wielkim-wybuchem-byl-bog\/#primaryimage"},"thumbnailUrl":"https:\/\/chrystus.pl\/wp-content\/uploads\/2019\/03\/Czy-Przed-Wielkim-Wybuchem-By\u0142-Bo\u0301g.jpg","datePublished":"2019-03-25T01:32:56+00:00","dateModified":"2020-01-13T07:52:09+00:00","description":"Vai pirms Liel\u0101 spr\u0101dziena past\u0101v\u0113ja Dievs. Zin\u0101tnieki sacen\u0161as, lai formul\u0113tu jaunas teorijas par m\u016bsu Visuma izcelsmi, par t\u0101 saukto","breadcrumb":{"@id":"https:\/\/chrystus.pl\/czy-przed-wielkim-wybuchem-byl-bog\/#breadcrumb"},"inLanguage":"lv-LV","potentialAction":[{"@type":"ReadAction","target":["https:\/\/chrystus.pl\/czy-przed-wielkim-wybuchem-byl-bog\/"]}]},{"@type":"ImageObject","inLanguage":"lv-LV","@id":"https:\/\/chrystus.pl\/czy-przed-wielkim-wybuchem-byl-bog\/#primaryimage","url":"https:\/\/chrystus.pl\/wp-content\/uploads\/2019\/03\/Czy-Przed-Wielkim-Wybuchem-By\u0142-Bo\u0301g.jpg","contentUrl":"https:\/\/chrystus.pl\/wp-content\/uploads\/2019\/03\/Czy-Przed-Wielkim-Wybuchem-By\u0142-Bo\u0301g.jpg","width":1280,"height":905,"caption":"Czy Przed Wielkim Wybuchem By\u0142 Bo\u0301g"},{"@type":"BreadcrumbList","@id":"https:\/\/chrystus.pl\/czy-przed-wielkim-wybuchem-byl-bog\/#breadcrumb","itemListElement":[{"@type":"ListItem","position":1,"name":"Strona g\u0142\u00f3wna","item":"https:\/\/chrystus.pl\/"},{"@type":"ListItem","position":2,"name":"Czy Przed Wielkim Wybuchem By\u0142 B\u00f3g?"}]},{"@type":"WebSite","@id":"https:\/\/chrystus.pl\/#website","url":"https:\/\/chrystus.pl\/","name":"Kristus","description":"Dievs, Marija, J\u0113zus, Kom\u016bnija un v\u0113l vair\u0101k","publisher":{"@id":"https:\/\/chrystus.pl\/#organization"},"potentialAction":[{"@type":"SearchAction","target":{"@type":"EntryPoint","urlTemplate":"https:\/\/chrystus.pl\/?s={search_term_string}"},"query-input":{"@type":"PropertyValueSpecification","valueRequired":true,"valueName":"search_term_string"}}],"inLanguage":"lv-LV"},{"@type":"Organization","@id":"https:\/\/chrystus.pl\/#organization","name":"Christ.pl","url":"https:\/\/chrystus.pl\/","logo":{"@type":"ImageObject","inLanguage":"lv-LV","@id":"https:\/\/chrystus.pl\/#\/schema\/logo\/image\/","url":"https:\/\/chrystus.pl\/wp-content\/uploads\/2019\/03\/chrystus-bog-maryja-komunia-bierzmowanie.jpg","contentUrl":"https:\/\/chrystus.pl\/wp-content\/uploads\/2019\/03\/chrystus-bog-maryja-komunia-bierzmowanie.jpg","width":1920,"height":1280,"caption":"Chrystus.pl"},"image":{"@id":"https:\/\/chrystus.pl\/#\/schema\/logo\/image\/"}},{"@type":"Person","@id":"https:\/\/chrystus.pl\/#\/schema\/person\/e2e742452b8b7b2bcd23ea180671d27a","name":"Samariete"}]}},"_links":{"self":[{"href":"https:\/\/chrystus.pl\/lv\/wp-json\/wp\/v2\/posts\/74","targetHints":{"allow":["GET"]}}],"collection":[{"href":"https:\/\/chrystus.pl\/lv\/wp-json\/wp\/v2\/posts"}],"about":[{"href":"https:\/\/chrystus.pl\/lv\/wp-json\/wp\/v2\/types\/post"}],"author":[{"embeddable":true,"href":"https:\/\/chrystus.pl\/lv\/wp-json\/wp\/v2\/users\/1"}],"replies":[{"embeddable":true,"href":"https:\/\/chrystus.pl\/lv\/wp-json\/wp\/v2\/comments?post=74"}],"version-history":[{"count":0,"href":"https:\/\/chrystus.pl\/lv\/wp-json\/wp\/v2\/posts\/74\/revisions"}],"wp:featuredmedia":[{"embeddable":true,"href":"https:\/\/chrystus.pl\/lv\/wp-json\/wp\/v2\/media\/75"}],"wp:attachment":[{"href":"https:\/\/chrystus.pl\/lv\/wp-json\/wp\/v2\/media?parent=74"}],"wp:term":[{"taxonomy":"category","embeddable":true,"href":"https:\/\/chrystus.pl\/lv\/wp-json\/wp\/v2\/categories?post=74"},{"taxonomy":"post_tag","embeddable":true,"href":"https:\/\/chrystus.pl\/lv\/wp-json\/wp\/v2\/tags?post=74"}],"curies":[{"name":"wp","href":"https:\/\/api.w.org\/{rel}","templated":true}]}}