{"id":1607,"date":"2020-04-29T20:05:44","date_gmt":"2020-04-29T20:05:44","guid":{"rendered":"https:\/\/chrystus.pl\/?p=1607"},"modified":"2020-05-09T20:40:11","modified_gmt":"2020-05-09T20:40:11","slug":"jak-mogla-wygladac-swieta-maryja","status":"publish","type":"post","link":"https:\/\/chrystus.pl\/nb\/jak-mogla-wygladac-swieta-maryja\/","title":{"rendered":"Hvordan kan den hellige Maria ha sett ut?"},"content":{"rendered":"<p>Slik kan det ha sett ut <span id=\"urn:enhancement-23f04998\" class=\"textannotation disambiguated wl-person\" itemid=\"http:\/\/data.wordlift.io\/wl02137\/entity\/maria_z_nazaretu\">Mary<\/span>? Det er faktisk veldig forvirrende, i likhet med sp\u00f8rsm\u00e5let om utseende... <span id=\"urn:enhancement-e5bb8829\" class=\"textannotation disambiguated wl-person\" itemid=\"http:\/\/data.wordlift.io\/wl02137\/entity\/jezus_chrystus\">Jesus<\/span>som tross alt levde blant oss og hadde en d\u00f8delig kropp. <span id=\"urn:enhancement-ca1e4595\" class=\"textannotation disambiguated wl-thing\" itemid=\"http:\/\/data.wordlift.io\/wl02137\/entity\/biblia\"><a href=\"https:\/\/chrystus.pl\/nb\/biblia-jakuba-wujka\/\">Bibelen<\/a><\/span> beskriver imidlertid ikke eksplisitt hvordan det kan ha sett ut. <span id=\"urn:enhancement-c6771a2e\" class=\"textannotation disambiguated wl-person\" itemid=\"http:\/\/data.wordlift.io\/wl02137\/entity\/maria_z_nazaretu\">Mary<\/span>.<\/p>\n<p>Fra evangeliene kjenner vi mer eller mindre bare hennes alder (f\u00f8dt rundt \u00e5r 20 f.Kr.) og opprinnelse, og vi kan bare gjette oss til at hun hadde ansiktstrekk som passet for folk fra denne regionen.<\/p>\n<p>N\u00e6rmere det ekte utseendet <span id=\"urn:enhancement-dfcd3e7b\" class=\"textannotation disambiguated wl-person\" itemid=\"http:\/\/data.wordlift.io\/wl02137\/entity\/maria_z_nazaretu\">Mary<\/span> Vi kan imidlertid v\u00e6re takknemlige for \u00e5penbaringene der de <span id=\"urn:enhancement-2b18eee4\" class=\"textannotation disambiguated wl-person\" itemid=\"http:\/\/data.wordlift.io\/wl02137\/entity\/maria_z_nazaretu\">Mary<\/span> Han \u00e5penbarer seg i sin sanne skikkelse. Den beste beskrivelsen ble laget av fader Janko Bubalo, som ble interessert i \u00e5penbaringene i Medjugorje. Han bestemte seg for \u00e5 samle sine observasjoner fra samtaler med lokalbefolkningen og vitner til \u00e5penbaringene i Medjugorje. <span id=\"urn:enhancement-8218aeae\" class=\"textannotation disambiguated wl-thing\" itemid=\"http:\/\/data.wordlift.io\/wl02137\/entity\/objawienie\">avsl\u00f8ringer<\/span> Resultatet ble en bok med tittelen. \"Tusen m\u00f8ter med mor\". <span id=\"urn:enhancement-91556165\" class=\"textannotation disambiguated wl-thing\" itemid=\"http:\/\/data.wordlift.io\/wl02137\/entity\/bog\">Guds<\/span>\" fra 1985.<\/p>\n<p>Ut fra alle historiene er det mulig \u00e5 trekke ut noen viktige fakta om hvordan det kan ha sett ut. <span id=\"urn:enhancement-fd3e49a0\" class=\"textannotation disambiguated wl-person\" itemid=\"http:\/\/data.wordlift.io\/wl02137\/entity\/maria_z_nazaretu\">Mary<\/span>. Vi vet at <span id=\"urn:enhancement-510c0532\" class=\"textannotation disambiguated wl-person\" itemid=\"http:\/\/data.wordlift.io\/wl02137\/entity\/maria_z_nazaretu\">Mary<\/span> under <span id=\"urn:enhancement-2b26230b\" class=\"textannotation disambiguated wl-thing\" itemid=\"http:\/\/data.wordlift.io\/wl02137\/entity\/objawienie\">avsl\u00f8ringer<\/span> by\u0142a m\u0142od\u0105 i pi\u0119kn\u0105 kobiet\u0105 o jasnym kolorze sk\u00f3ry, czarnych w\u0142osach i niebieskich, wyra\u017anych oczach. <span id=\"urn:enhancement-240c2f9c\" class=\"textannotation disambiguated wl-person\" itemid=\"http:\/\/data.wordlift.io\/wl02137\/entity\/maria_z_nazaretu\">Mary<\/span> beskrives som en kort og slank kvinne med et delikat uttrykk, if\u00f8rt en lang, beskjeden kjole med lange ermer som n\u00e5r halvveis nedover armene og et sl\u00f8r p\u00e5 hodet. For mer utfyllende detaljer henviser vi til boken.<\/p>","protected":false},"excerpt":{"rendered":"<p>Jak mog\u0142a wygl\u0105da\u0107 Maryja? Rzeczywi\u015bcie jest to bardzo zastanawiaj\u0105ce, tak samo jak w przypadku pyta\u0144 o wygl\u0105d Jezusa, kt\u00f3ry przecie\u017c \u017cy\u0142 w\u015br\u00f3d nas oraz posiada\u0142 \u015bmiertelne cia\u0142o. Biblia nie opisuje jednak jednoznacznie jak mog\u0142a wygl\u0105da\u0107 Maryja. Z Ewangelii \u015awi\u0119tej znamy mniej wi\u0119cej jedynie jej wiek (urodzona ok 20 r p.n.e.) oraz pochodzenie, na podstawie kt\u00f3rych &hellip;<\/p>","protected":false},"author":1,"featured_media":1608,"comment_status":"closed","ping_status":"closed","sticky":false,"template":"","format":"standard","meta":{"footnotes":""},"categories":[64],"tags":[],"class_list":["post-1607","post","type-post","status-publish","format-standard","has-post-thumbnail","hentry","category-maryja"],"yoast_head":"<!-- This site is optimized with the Yoast SEO plugin v27.5 - https:\/\/yoast.com\/product\/yoast-seo-wordpress\/ -->\n<title>Jak mog\u0142a wygl\u0105da\u0107 \u015awi\u0119ta Maryja? - Chrystus<\/title>\n<meta name=\"description\" content=\"Jak mog\u0142a wygl\u0105da\u0107 Maryja? Rzeczywi\u015bcie jest to bardzo zastanawiaj\u0105ce, tak samo jak w przypadku pyta\u0144 o wygl\u0105d Jezusa, kt\u00f3ry przecie\u017c \u017cy\u0142 w\u015br\u00f3d nas oraz\" \/>\n<meta name=\"robots\" content=\"index, follow, max-snippet:-1, max-image-preview:large, max-video-preview:-1\" \/>\n<link rel=\"canonical\" href=\"https:\/\/chrystus.pl\/nb\/hvordan-kan-det-have-vaert-ferie-mary-2\/\" \/>\n<meta property=\"og:locale\" content=\"nb_NO\" \/>\n<meta property=\"og:type\" content=\"article\" \/>\n<meta property=\"og:title\" content=\"Jak mog\u0142a wygl\u0105da\u0107 \u015awi\u0119ta Maryja?\" \/>\n<meta property=\"og:description\" content=\"Jak mog\u0142a wygl\u0105da\u0107 Maryja? Rzeczywi\u015bcie jest to bardzo zastanawiaj\u0105ce, tak samo jak w przypadku pyta\u0144 o wygl\u0105d Jezusa, kt\u00f3ry przecie\u017c \u017cy\u0142 w\u015br\u00f3d nas oraz posiada\u0142 \u015bmiertelne cia\u0142o. Biblia nie opisuje jednak jednoznacznie jak mog\u0142a wygl\u0105da\u0107 Maryja.\" \/>\n<meta property=\"og:url\" content=\"https:\/\/chrystus.pl\/nb\/hvordan-kan-det-have-vaert-ferie-mary-2\/\" \/>\n<meta property=\"og:site_name\" content=\"Chrystus\" \/>\n<meta property=\"article:published_time\" content=\"2020-04-29T20:05:44+00:00\" \/>\n<meta property=\"article:modified_time\" content=\"2020-05-09T20:40:11+00:00\" \/>\n<meta property=\"og:image\" content=\"https:\/\/chrystus.pl\/wp-content\/uploads\/2020\/04\/Jak-mog\u0142a-wygla\u0328dac\u0301-S\u0301wie\u0328ta-Maryja.jpg\" \/>\n\t<meta property=\"og:image:width\" content=\"640\" \/>\n\t<meta property=\"og:image:height\" content=\"392\" \/>\n\t<meta property=\"og:image:type\" content=\"image\/jpeg\" \/>\n<meta name=\"author\" content=\"Samarytanka\" \/>\n<meta name=\"twitter:card\" content=\"summary_large_image\" \/>\n<meta name=\"twitter:title\" content=\"Jak mog\u0142a wygl\u0105da\u0107 \u015awi\u0119ta Maryja?\" \/>\n<meta name=\"twitter:description\" content=\"Jak mog\u0142a wygl\u0105da\u0107 Maryja? Rzeczywi\u015bcie jest to bardzo zastanawiaj\u0105ce, tak samo jak w przypadku pyta\u0144 o wygl\u0105d Jezusa, kt\u00f3ry przecie\u017c \u017cy\u0142 w\u015br\u00f3d nas oraz posiada\u0142 \u015bmiertelne cia\u0142o. Biblia nie opisuje jednak jednoznacznie jak mog\u0142a wygl\u0105da\u0107 Maryja.\" \/>\n<meta name=\"twitter:label1\" content=\"Skrevet av\" \/>\n\t<meta name=\"twitter:data1\" content=\"Samarytanka\" \/>\n\t<meta name=\"twitter:label2\" content=\"Ansl. lesetid\" \/>\n\t<meta name=\"twitter:data2\" content=\"1 minutt\" \/>\n<!-- \/ Yoast SEO plugin. -->","yoast_head_json":{"title":"Hvordan kan den hellige Maria ha sett ut? - Kristus","description":"Hvordan kan Maria ha sett ut? Dette er i sannhet en stor g\u00e5te, i likhet med sp\u00f8rsm\u00e5l om hvordan Jesus s\u00e5 ut, han som tross alt levde midt blant oss og","robots":{"index":"index","follow":"follow","max-snippet":"max-snippet:-1","max-image-preview":"max-image-preview:large","max-video-preview":"max-video-preview:-1"},"canonical":"https:\/\/chrystus.pl\/nb\/hvordan-kan-det-have-vaert-ferie-mary-2\/","og_locale":"nb_NO","og_type":"article","og_title":"Jak mog\u0142a wygl\u0105da\u0107 \u015awi\u0119ta Maryja?","og_description":"Jak mog\u0142a wygl\u0105da\u0107 Maryja? Rzeczywi\u015bcie jest to bardzo zastanawiaj\u0105ce, tak samo jak w przypadku pyta\u0144 o wygl\u0105d Jezusa, kt\u00f3ry przecie\u017c \u017cy\u0142 w\u015br\u00f3d nas oraz posiada\u0142 \u015bmiertelne cia\u0142o. Biblia nie opisuje jednak jednoznacznie jak mog\u0142a wygl\u0105da\u0107 Maryja.","og_url":"https:\/\/chrystus.pl\/nb\/hvordan-kan-det-have-vaert-ferie-mary-2\/","og_site_name":"Chrystus","article_published_time":"2020-04-29T20:05:44+00:00","article_modified_time":"2020-05-09T20:40:11+00:00","og_image":[{"width":640,"height":392,"url":"https:\/\/chrystus.pl\/wp-content\/uploads\/2020\/04\/Jak-mog\u0142a-wygla\u0328dac\u0301-S\u0301wie\u0328ta-Maryja.jpg","type":"image\/jpeg"}],"author":"Samarytanka","twitter_card":"summary_large_image","twitter_title":"Jak mog\u0142a wygl\u0105da\u0107 \u015awi\u0119ta Maryja?","twitter_description":"Jak mog\u0142a wygl\u0105da\u0107 Maryja? Rzeczywi\u015bcie jest to bardzo zastanawiaj\u0105ce, tak samo jak w przypadku pyta\u0144 o wygl\u0105d Jezusa, kt\u00f3ry przecie\u017c \u017cy\u0142 w\u015br\u00f3d nas oraz posiada\u0142 \u015bmiertelne cia\u0142o. Biblia nie opisuje jednak jednoznacznie jak mog\u0142a wygl\u0105da\u0107 Maryja.","twitter_misc":{"Skrevet av":"Samarytanka","Ansl. lesetid":"1 minutt"},"schema":{"@context":"https:\/\/schema.org","@graph":[{"@type":"Article","@id":"https:\/\/chrystus.pl\/jak-mogla-wygladac-swieta-maryja\/#article","isPartOf":{"@id":"https:\/\/chrystus.pl\/jak-mogla-wygladac-swieta-maryja\/"},"author":{"name":"Samarytanka","@id":"https:\/\/chrystus.pl\/#\/schema\/person\/e2e742452b8b7b2bcd23ea180671d27a"},"headline":"Jak mog\u0142a wygl\u0105da\u0107 \u015awi\u0119ta Maryja?","datePublished":"2020-04-29T20:05:44+00:00","dateModified":"2020-05-09T20:40:11+00:00","mainEntityOfPage":{"@id":"https:\/\/chrystus.pl\/jak-mogla-wygladac-swieta-maryja\/"},"wordCount":270,"publisher":{"@id":"https:\/\/chrystus.pl\/#organization"},"image":{"@id":"https:\/\/chrystus.pl\/jak-mogla-wygladac-swieta-maryja\/#primaryimage"},"thumbnailUrl":"https:\/\/chrystus.pl\/wp-content\/uploads\/2020\/04\/Jak-mog\u0142a-wygla\u0328dac\u0301-S\u0301wie\u0328ta-Maryja.jpg","articleSection":["Maryja"],"inLanguage":"nb-NO"},{"@type":"WebPage","@id":"https:\/\/chrystus.pl\/jak-mogla-wygladac-swieta-maryja\/","url":"https:\/\/chrystus.pl\/jak-mogla-wygladac-swieta-maryja\/","name":"Hvordan kan den hellige Maria ha sett ut? - Kristus","isPartOf":{"@id":"https:\/\/chrystus.pl\/#website"},"primaryImageOfPage":{"@id":"https:\/\/chrystus.pl\/jak-mogla-wygladac-swieta-maryja\/#primaryimage"},"image":{"@id":"https:\/\/chrystus.pl\/jak-mogla-wygladac-swieta-maryja\/#primaryimage"},"thumbnailUrl":"https:\/\/chrystus.pl\/wp-content\/uploads\/2020\/04\/Jak-mog\u0142a-wygla\u0328dac\u0301-S\u0301wie\u0328ta-Maryja.jpg","datePublished":"2020-04-29T20:05:44+00:00","dateModified":"2020-05-09T20:40:11+00:00","description":"Hvordan kan Maria ha sett ut? Dette er i sannhet en stor g\u00e5te, i likhet med sp\u00f8rsm\u00e5l om hvordan Jesus s\u00e5 ut, han som tross alt levde midt blant oss og","breadcrumb":{"@id":"https:\/\/chrystus.pl\/jak-mogla-wygladac-swieta-maryja\/#breadcrumb"},"inLanguage":"nb-NO","potentialAction":[{"@type":"ReadAction","target":["https:\/\/chrystus.pl\/jak-mogla-wygladac-swieta-maryja\/"]}]},{"@type":"ImageObject","inLanguage":"nb-NO","@id":"https:\/\/chrystus.pl\/jak-mogla-wygladac-swieta-maryja\/#primaryimage","url":"https:\/\/chrystus.pl\/wp-content\/uploads\/2020\/04\/Jak-mog\u0142a-wygla\u0328dac\u0301-S\u0301wie\u0328ta-Maryja.jpg","contentUrl":"https:\/\/chrystus.pl\/wp-content\/uploads\/2020\/04\/Jak-mog\u0142a-wygla\u0328dac\u0301-S\u0301wie\u0328ta-Maryja.jpg","width":640,"height":392,"caption":"Jak mog\u0142a wygla\u0328dac\u0301 S\u0301wie\u0328ta Maryja"},{"@type":"BreadcrumbList","@id":"https:\/\/chrystus.pl\/jak-mogla-wygladac-swieta-maryja\/#breadcrumb","itemListElement":[{"@type":"ListItem","position":1,"name":"Strona g\u0142\u00f3wna","item":"https:\/\/chrystus.pl\/"},{"@type":"ListItem","position":2,"name":"Jak mog\u0142a wygl\u0105da\u0107 \u015awi\u0119ta Maryja?"}]},{"@type":"WebSite","@id":"https:\/\/chrystus.pl\/#website","url":"https:\/\/chrystus.pl\/","name":"Kristus","description":"Gud, Maria, Jesus, nattverd og mer til","publisher":{"@id":"https:\/\/chrystus.pl\/#organization"},"potentialAction":[{"@type":"SearchAction","target":{"@type":"EntryPoint","urlTemplate":"https:\/\/chrystus.pl\/?s={search_term_string}"},"query-input":{"@type":"PropertyValueSpecification","valueRequired":true,"valueName":"search_term_string"}}],"inLanguage":"nb-NO"},{"@type":"Organization","@id":"https:\/\/chrystus.pl\/#organization","name":"Christ.pl","url":"https:\/\/chrystus.pl\/","logo":{"@type":"ImageObject","inLanguage":"nb-NO","@id":"https:\/\/chrystus.pl\/#\/schema\/logo\/image\/","url":"https:\/\/chrystus.pl\/wp-content\/uploads\/2019\/03\/chrystus-bog-maryja-komunia-bierzmowanie.jpg","contentUrl":"https:\/\/chrystus.pl\/wp-content\/uploads\/2019\/03\/chrystus-bog-maryja-komunia-bierzmowanie.jpg","width":1920,"height":1280,"caption":"Chrystus.pl"},"image":{"@id":"https:\/\/chrystus.pl\/#\/schema\/logo\/image\/"}},{"@type":"Person","@id":"https:\/\/chrystus.pl\/#\/schema\/person\/e2e742452b8b7b2bcd23ea180671d27a","name":"Samaritansk kvinne"}]}},"_links":{"self":[{"href":"https:\/\/chrystus.pl\/nb\/wp-json\/wp\/v2\/posts\/1607","targetHints":{"allow":["GET"]}}],"collection":[{"href":"https:\/\/chrystus.pl\/nb\/wp-json\/wp\/v2\/posts"}],"about":[{"href":"https:\/\/chrystus.pl\/nb\/wp-json\/wp\/v2\/types\/post"}],"author":[{"embeddable":true,"href":"https:\/\/chrystus.pl\/nb\/wp-json\/wp\/v2\/users\/1"}],"replies":[{"embeddable":true,"href":"https:\/\/chrystus.pl\/nb\/wp-json\/wp\/v2\/comments?post=1607"}],"version-history":[{"count":0,"href":"https:\/\/chrystus.pl\/nb\/wp-json\/wp\/v2\/posts\/1607\/revisions"}],"wp:featuredmedia":[{"embeddable":true,"href":"https:\/\/chrystus.pl\/nb\/wp-json\/wp\/v2\/media\/1608"}],"wp:attachment":[{"href":"https:\/\/chrystus.pl\/nb\/wp-json\/wp\/v2\/media?parent=1607"}],"wp:term":[{"taxonomy":"category","embeddable":true,"href":"https:\/\/chrystus.pl\/nb\/wp-json\/wp\/v2\/categories?post=1607"},{"taxonomy":"post_tag","embeddable":true,"href":"https:\/\/chrystus.pl\/nb\/wp-json\/wp\/v2\/tags?post=1607"}],"curies":[{"name":"wp","href":"https:\/\/api.w.org\/{rel}","templated":true}]}}