{"id":1613,"date":"2020-04-29T20:11:38","date_gmt":"2020-04-29T20:11:38","guid":{"rendered":"https:\/\/chrystus.pl\/?p=1613"},"modified":"2020-05-09T20:39:47","modified_gmt":"2020-05-09T20:39:47","slug":"jak-maryja-zostala-wzieta-do-nieba-czy-zmarla","status":"publish","type":"post","link":"https:\/\/chrystus.pl\/nb\/jak-maryja-zostala-wzieta-do-nieba-czy-zmarla\/","title":{"rendered":"Hvordan ble Maria tatt inn i himmelen (eller d\u00f8de hun?)?"},"content":{"rendered":"<p>Liker <span id=\"urn:enhancement-e3f28652\" class=\"textannotation disambiguated wl-person\" itemid=\"http:\/\/data.wordlift.io\/wl02137\/entity\/maria_z_nazaretu\">Mary<\/span> ble f\u00f8rt til <span id=\"urn:enhancement-32e3e4b7\" class=\"textannotation disambiguated wl-thing\" itemid=\"http:\/\/data.wordlift.io\/wl02137\/entity\/niebo_katolicyzm\">Himmelen<\/span>? Er <span id=\"urn:enhancement-679dde3c\" class=\"textannotation disambiguated wl-person\" itemid=\"http:\/\/data.wordlift.io\/wl02137\/entity\/maria_z_nazaretu\">Mary<\/span> d\u00f8de og ble hun begravet noe sted? Dette emnet er relatert til beskrivelsen av <span id=\"urn:enhancement-f0bc38d5\" class=\"textannotation disambiguated wl-person\" itemid=\"http:\/\/data.wordlift.io\/wl02137\/entity\/wniebowziecie_najswietszej_maryi_panny\">Forutsetning<\/span> Hellig <span id=\"urn:enhancement-2136a099\" class=\"textannotation disambiguated wl-person\" itemid=\"http:\/\/data.wordlift.io\/wl02137\/entity\/maria_z_nazaretu\">Jomfru Maria<\/span>. If\u00f8lge den kristne tradisjonen er slutten p\u00e5 jordelivet <span id=\"urn:enhancement-4ecddadf\" class=\"textannotation disambiguated wl-person\" itemid=\"http:\/\/data.wordlift.io\/wl02137\/entity\/maria_z_nazaretu\">Maria<\/span> av Nasaret er en av de store hendelsene som forbindes med henne.<\/p>\n<p>De n\u00f8yaktige detaljene om dette finnes i Den gylne legende, og er hentet fra en apokryf bok som tilskrives forfatterskapet til <span id=\"urn:enhancement-ec3e0a9\" class=\"textannotation disambiguated wl-person\" itemid=\"http:\/\/data.wordlift.io\/wl02137\/entity\/jan_ewangelista\">Jan<\/span> Evangelister if\u00f8lge hvilke <span id=\"urn:enhancement-c1469136\" class=\"textannotation disambiguated wl-person\" itemid=\"http:\/\/data.wordlift.io\/wl02137\/entity\/maria_z_nazaretu\">Mary<\/span> etter hennes d\u00f8d <span id=\"urn:enhancement-49bee82e\" class=\"textannotation disambiguated wl-thing\" itemid=\"http:\/\/data.wordlift.io\/wl02137\/entity\/syn_bozy\">S\u00f8nn<\/span> <span id=\"urn:enhancement-dae38908\" class=\"textannotation disambiguated wl-person\" itemid=\"http:\/\/data.wordlift.io\/wl02137\/entity\/jezus_chrystus\">Jesus<\/span> <span id=\"urn:enhancement-179c67b0\" class=\"textannotation disambiguated wl-person\" itemid=\"http:\/\/data.wordlift.io\/wl02137\/entity\/jezus_chrystus\">Kristus<\/span> bor i n\u00e6rheten av et fjell <span id=\"urn:enhancement-24bb0128\" class=\"textannotation disambiguated wl-place\" itemid=\"http:\/\/data.wordlift.io\/wl02137\/entity\/syjon\">Sion<\/span>. Der fikk hun bes\u00f8k av en engel med en palmegren i h\u00e5nden. Hun fikk en beskjed fra engelen om at hun skulle forlate jorden om tre dager. Med selve hendelsen \u00e5 forlate jorden ved <span id=\"urn:enhancement-e1abac6\" class=\"textannotation disambiguated wl-person\" itemid=\"http:\/\/data.wordlift.io\/wl02137\/entity\/maria_z_nazaretu\">Mary<\/span> Det er mange usikkerhetsmomenter involvert. Det er ikke helt klart om <span id=\"urn:enhancement-f93f7dd\" class=\"textannotation disambiguated wl-person\" itemid=\"http:\/\/data.wordlift.io\/wl02137\/entity\/maria_z_nazaretu\">Mary<\/span> d\u00f8de som alle andre d\u00f8delige, som hun var, eller ble tatt rett til himmelen. Det uunnv\u00e6rlige faktum er at <span id=\"urn:enhancement-9d9341c3\" class=\"textannotation disambiguated wl-person\" itemid=\"http:\/\/data.wordlift.io\/wl02137\/entity\/maria_z_nazaretu\">Mary<\/span>, akkurat som <span id=\"urn:enhancement-df591ff8\" class=\"textannotation disambiguated wl-person\" itemid=\"http:\/\/data.wordlift.io\/wl02137\/entity\/jezus_chrystus\">Jesus Kristus<\/span> har en menneskelig, og dermed d\u00f8delig, natur.<\/p>\n<p>De som forsker p\u00e5 dette emnet, kan deles inn i to grupper: d\u00f8delige og ud\u00f8delige. Den ene gruppen tror p\u00e5 en vanlig jordisk d\u00f8d. <span id=\"urn:enhancement-82bd2264\" class=\"textannotation disambiguated wl-person\" itemid=\"http:\/\/data.wordlift.io\/wl02137\/entity\/maria_z_nazaretu\">Mary<\/span>andre er dens motstandere. D\u00f8delige og ud\u00f8delige kan bare forenes gjennom det allment anerkjente faktum at man sovner... <span id=\"urn:enhancement-2109cffc\" class=\"textannotation disambiguated wl-person\" itemid=\"http:\/\/data.wordlift.io\/wl02137\/entity\/maria_z_nazaretu\">Mary<\/span> F\u00f8r hun ble opph\u00f8yd. I den grad d\u00f8den inntraff, var den noe annerledes enn en vanlig persons d\u00f8d. <span id=\"urn:enhancement-7ac8729d\" class=\"textannotation disambiguated wl-person\" itemid=\"http:\/\/data.wordlift.io\/wl02137\/entity\/maria_z_nazaretu\">Mary<\/span> ikke har gitt etter for d\u00f8dens begrensninger. Det som er sikkert, er hvordan <span id=\"urn:enhancement-3e7db6c7\" class=\"textannotation disambiguated wl-person\" itemid=\"http:\/\/data.wordlift.io\/wl02137\/entity\/maria_z_nazaretu\">Mary<\/span> ble f\u00f8rt til <span id=\"urn:enhancement-809b96\" class=\"textannotation disambiguated wl-thing\" itemid=\"http:\/\/data.wordlift.io\/wl02137\/entity\/niebo_katolicyzm\">Himmelen<\/span>fordi hun ble f\u00f8rt dit med sin sjel og sin kropp.<\/p>","protected":false},"excerpt":{"rendered":"<p>Jak Maryja zosta\u0142a wzi\u0119ta do Nieba? Czy Maryja umar\u0142a i czy zosta\u0142a gdziekolwiek pochowana? Temat ten zwi\u0105zany jest z opisem Wniebowzi\u0119cia Naj\u015bwi\u0119tszej Maryi Panny. Wed\u0142ug tradycji Chrze\u015bcija\u0144skiej koniec Ziemskiego \u017cycia Marii z Nazaretu jest jednym z wielkich wydarze\u0144 zwi\u0105zanych z jej osob\u0105. Dok\u0142adne informacje na ten temat znajduj\u0105 si\u0119 w Z\u0142otej legendzie i zosta\u0142y zaczerpni\u0119te &hellip;<\/p>","protected":false},"author":1,"featured_media":1614,"comment_status":"closed","ping_status":"closed","sticky":false,"template":"","format":"standard","meta":{"footnotes":""},"categories":[64],"tags":[],"class_list":["post-1613","post","type-post","status-publish","format-standard","has-post-thumbnail","hentry","category-maryja"],"yoast_head":"<!-- This site is optimized with the Yoast SEO plugin v27.5 - https:\/\/yoast.com\/product\/yoast-seo-wordpress\/ -->\n<title>Jak Maryja zosta\u0142a wzi\u0119ta do Nieba (czy zmar\u0142a?) - Chrystus<\/title>\n<meta name=\"description\" content=\"Jak Maryja zosta\u0142a wzi\u0119ta do Nieba? Czy Maryja umar\u0142a i czy zosta\u0142a gdziekolwiek pochowana? Temat ten zwi\u0105zany jest z opisem Wniebowzi\u0119cia Naj\u015bwi\u0119tszej\" \/>\n<meta name=\"robots\" content=\"index, follow, max-snippet:-1, max-image-preview:large, max-video-preview:-1\" \/>\n<link rel=\"canonical\" href=\"https:\/\/chrystus.pl\/nb\/hvordan-mary-oppholdt-seg-i-himmelen-var-dod\/\" \/>\n<meta property=\"og:locale\" content=\"nb_NO\" \/>\n<meta property=\"og:type\" content=\"article\" \/>\n<meta property=\"og:title\" content=\"Jak Maryja zosta\u0142a wzi\u0119ta do Nieba (czy zmar\u0142a?)\" \/>\n<meta property=\"og:description\" content=\"Jak Maryja zosta\u0142a wzi\u0119ta do Nieba? Czy Maryja umar\u0142a i czy zosta\u0142a gdziekolwiek pochowana? Temat ten zwi\u0105zany jest z opisem Wniebowzi\u0119cia Naj\u015bwi\u0119tszej Maryi Panny. Wed\u0142ug tradycji Chrze\u015bcija\u0144skiej koniec Ziemskiego \u017cycia Marii z Nazaretu jest jednym z wielkich wydarze\u0144 zwi\u0105zanych z jej osob\u0105.\" \/>\n<meta property=\"og:url\" content=\"https:\/\/chrystus.pl\/nb\/hvordan-mary-oppholdt-seg-i-himmelen-var-dod\/\" \/>\n<meta property=\"og:site_name\" content=\"Chrystus\" \/>\n<meta property=\"article:published_time\" content=\"2020-04-29T20:11:38+00:00\" \/>\n<meta property=\"article:modified_time\" content=\"2020-05-09T20:39:47+00:00\" \/>\n<meta property=\"og:image\" content=\"https:\/\/chrystus.pl\/wp-content\/uploads\/2020\/04\/Jak-Maryja-zosta\u0142a-wzie\u0328ta-do-Nieba-scaled.jpg\" \/>\n\t<meta property=\"og:image:width\" content=\"1793\" \/>\n\t<meta property=\"og:image:height\" content=\"2560\" \/>\n\t<meta property=\"og:image:type\" content=\"image\/jpeg\" \/>\n<meta name=\"author\" content=\"Samarytanka\" \/>\n<meta name=\"twitter:card\" content=\"summary_large_image\" \/>\n<meta name=\"twitter:title\" content=\"Jak Maryja zosta\u0142a wzi\u0119ta do Nieba (czy zmar\u0142a?)\" \/>\n<meta name=\"twitter:description\" content=\"Jak Maryja zosta\u0142a wzi\u0119ta do Nieba? Czy Maryja umar\u0142a i czy zosta\u0142a gdziekolwiek pochowana? Temat ten zwi\u0105zany jest z opisem Wniebowzi\u0119cia Naj\u015bwi\u0119tszej Maryi Panny. Wed\u0142ug tradycji Chrze\u015bcija\u0144skiej koniec Ziemskiego \u017cycia Marii z Nazaretu jest jednym z wielkich wydarze\u0144 zwi\u0105zanych z jej osob\u0105.\" \/>\n<meta name=\"twitter:image\" content=\"https:\/\/chrystus.pl\/wp-content\/uploads\/2020\/04\/Jak-Maryja-zosta\u0142a-wzie\u0328ta-do-Nieba-scaled.jpg\" \/>\n<meta name=\"twitter:label1\" content=\"Skrevet av\" \/>\n\t<meta name=\"twitter:data1\" content=\"Samarytanka\" \/>\n\t<meta name=\"twitter:label2\" content=\"Ansl. lesetid\" \/>\n\t<meta name=\"twitter:data2\" content=\"1 minutt\" \/>\n<!-- \/ Yoast SEO plugin. -->","yoast_head_json":{"title":"Hvordan Maria ble tatt opp til himmelen (eller d\u00f8de hun?) - Kristus","description":"Hvordan ble Maria tatt opp til himmelen? D\u00f8de Maria, og ble hun begravet noe sted? Dette temaet er knyttet til beskrivelsen av Jomfru Marias opptagelse i himmelen.","robots":{"index":"index","follow":"follow","max-snippet":"max-snippet:-1","max-image-preview":"max-image-preview:large","max-video-preview":"max-video-preview:-1"},"canonical":"https:\/\/chrystus.pl\/nb\/hvordan-mary-oppholdt-seg-i-himmelen-var-dod\/","og_locale":"nb_NO","og_type":"article","og_title":"Jak Maryja zosta\u0142a wzi\u0119ta do Nieba (czy zmar\u0142a?)","og_description":"Jak Maryja zosta\u0142a wzi\u0119ta do Nieba? Czy Maryja umar\u0142a i czy zosta\u0142a gdziekolwiek pochowana? Temat ten zwi\u0105zany jest z opisem Wniebowzi\u0119cia Naj\u015bwi\u0119tszej Maryi Panny. Wed\u0142ug tradycji Chrze\u015bcija\u0144skiej koniec Ziemskiego \u017cycia Marii z Nazaretu jest jednym z wielkich wydarze\u0144 zwi\u0105zanych z jej osob\u0105.","og_url":"https:\/\/chrystus.pl\/nb\/hvordan-mary-oppholdt-seg-i-himmelen-var-dod\/","og_site_name":"Chrystus","article_published_time":"2020-04-29T20:11:38+00:00","article_modified_time":"2020-05-09T20:39:47+00:00","og_image":[{"width":1793,"height":2560,"url":"https:\/\/chrystus.pl\/wp-content\/uploads\/2020\/04\/Jak-Maryja-zosta\u0142a-wzie\u0328ta-do-Nieba-scaled.jpg","type":"image\/jpeg"}],"author":"Samarytanka","twitter_card":"summary_large_image","twitter_title":"Jak Maryja zosta\u0142a wzi\u0119ta do Nieba (czy zmar\u0142a?)","twitter_description":"Jak Maryja zosta\u0142a wzi\u0119ta do Nieba? Czy Maryja umar\u0142a i czy zosta\u0142a gdziekolwiek pochowana? Temat ten zwi\u0105zany jest z opisem Wniebowzi\u0119cia Naj\u015bwi\u0119tszej Maryi Panny. Wed\u0142ug tradycji Chrze\u015bcija\u0144skiej koniec Ziemskiego \u017cycia Marii z Nazaretu jest jednym z wielkich wydarze\u0144 zwi\u0105zanych z jej osob\u0105.","twitter_image":"https:\/\/chrystus.pl\/wp-content\/uploads\/2020\/04\/Jak-Maryja-zosta\u0142a-wzie\u0328ta-do-Nieba-scaled.jpg","twitter_misc":{"Skrevet av":"Samarytanka","Ansl. lesetid":"1 minutt"},"schema":{"@context":"https:\/\/schema.org","@graph":[{"@type":"Article","@id":"https:\/\/chrystus.pl\/jak-maryja-zostala-wzieta-do-nieba-czy-zmarla\/#article","isPartOf":{"@id":"https:\/\/chrystus.pl\/jak-maryja-zostala-wzieta-do-nieba-czy-zmarla\/"},"author":{"name":"Samarytanka","@id":"https:\/\/chrystus.pl\/#\/schema\/person\/e2e742452b8b7b2bcd23ea180671d27a"},"headline":"Jak Maryja zosta\u0142a wzi\u0119ta do Nieba (czy zmar\u0142a?)","datePublished":"2020-04-29T20:11:38+00:00","dateModified":"2020-05-09T20:39:47+00:00","mainEntityOfPage":{"@id":"https:\/\/chrystus.pl\/jak-maryja-zostala-wzieta-do-nieba-czy-zmarla\/"},"wordCount":301,"publisher":{"@id":"https:\/\/chrystus.pl\/#organization"},"image":{"@id":"https:\/\/chrystus.pl\/jak-maryja-zostala-wzieta-do-nieba-czy-zmarla\/#primaryimage"},"thumbnailUrl":"https:\/\/chrystus.pl\/wp-content\/uploads\/2020\/04\/Jak-Maryja-zosta\u0142a-wzie\u0328ta-do-Nieba-scaled.jpg","articleSection":["Maryja"],"inLanguage":"nb-NO"},{"@type":"WebPage","@id":"https:\/\/chrystus.pl\/jak-maryja-zostala-wzieta-do-nieba-czy-zmarla\/","url":"https:\/\/chrystus.pl\/jak-maryja-zostala-wzieta-do-nieba-czy-zmarla\/","name":"Hvordan Maria ble tatt opp til himmelen (eller d\u00f8de hun?) - Kristus","isPartOf":{"@id":"https:\/\/chrystus.pl\/#website"},"primaryImageOfPage":{"@id":"https:\/\/chrystus.pl\/jak-maryja-zostala-wzieta-do-nieba-czy-zmarla\/#primaryimage"},"image":{"@id":"https:\/\/chrystus.pl\/jak-maryja-zostala-wzieta-do-nieba-czy-zmarla\/#primaryimage"},"thumbnailUrl":"https:\/\/chrystus.pl\/wp-content\/uploads\/2020\/04\/Jak-Maryja-zosta\u0142a-wzie\u0328ta-do-Nieba-scaled.jpg","datePublished":"2020-04-29T20:11:38+00:00","dateModified":"2020-05-09T20:39:47+00:00","description":"Hvordan ble Maria tatt opp til himmelen? D\u00f8de Maria, og ble hun begravet noe sted? Dette temaet er knyttet til beskrivelsen av Jomfru Marias opptagelse i himmelen.","breadcrumb":{"@id":"https:\/\/chrystus.pl\/jak-maryja-zostala-wzieta-do-nieba-czy-zmarla\/#breadcrumb"},"inLanguage":"nb-NO","potentialAction":[{"@type":"ReadAction","target":["https:\/\/chrystus.pl\/jak-maryja-zostala-wzieta-do-nieba-czy-zmarla\/"]}]},{"@type":"ImageObject","inLanguage":"nb-NO","@id":"https:\/\/chrystus.pl\/jak-maryja-zostala-wzieta-do-nieba-czy-zmarla\/#primaryimage","url":"https:\/\/chrystus.pl\/wp-content\/uploads\/2020\/04\/Jak-Maryja-zosta\u0142a-wzie\u0328ta-do-Nieba-scaled.jpg","contentUrl":"https:\/\/chrystus.pl\/wp-content\/uploads\/2020\/04\/Jak-Maryja-zosta\u0142a-wzie\u0328ta-do-Nieba-scaled.jpg","width":"1793","height":"2560","caption":"Jak Maryja zosta\u0142a wzi\u0119ta do Nieba"},{"@type":"BreadcrumbList","@id":"https:\/\/chrystus.pl\/jak-maryja-zostala-wzieta-do-nieba-czy-zmarla\/#breadcrumb","itemListElement":[{"@type":"ListItem","position":1,"name":"Strona g\u0142\u00f3wna","item":"https:\/\/chrystus.pl\/"},{"@type":"ListItem","position":2,"name":"Jak Maryja zosta\u0142a wzi\u0119ta do Nieba (czy zmar\u0142a?)"}]},{"@type":"WebSite","@id":"https:\/\/chrystus.pl\/#website","url":"https:\/\/chrystus.pl\/","name":"Kristus","description":"Gud, Maria, Jesus, nattverd og mer til","publisher":{"@id":"https:\/\/chrystus.pl\/#organization"},"potentialAction":[{"@type":"SearchAction","target":{"@type":"EntryPoint","urlTemplate":"https:\/\/chrystus.pl\/?s={search_term_string}"},"query-input":{"@type":"PropertyValueSpecification","valueRequired":true,"valueName":"search_term_string"}}],"inLanguage":"nb-NO"},{"@type":"Organization","@id":"https:\/\/chrystus.pl\/#organization","name":"Christ.pl","url":"https:\/\/chrystus.pl\/","logo":{"@type":"ImageObject","inLanguage":"nb-NO","@id":"https:\/\/chrystus.pl\/#\/schema\/logo\/image\/","url":"https:\/\/chrystus.pl\/wp-content\/uploads\/2019\/03\/chrystus-bog-maryja-komunia-bierzmowanie.jpg","contentUrl":"https:\/\/chrystus.pl\/wp-content\/uploads\/2019\/03\/chrystus-bog-maryja-komunia-bierzmowanie.jpg","width":1920,"height":1280,"caption":"Chrystus.pl"},"image":{"@id":"https:\/\/chrystus.pl\/#\/schema\/logo\/image\/"}},{"@type":"Person","@id":"https:\/\/chrystus.pl\/#\/schema\/person\/e2e742452b8b7b2bcd23ea180671d27a","name":"Samaritansk kvinne"}]}},"_links":{"self":[{"href":"https:\/\/chrystus.pl\/nb\/wp-json\/wp\/v2\/posts\/1613","targetHints":{"allow":["GET"]}}],"collection":[{"href":"https:\/\/chrystus.pl\/nb\/wp-json\/wp\/v2\/posts"}],"about":[{"href":"https:\/\/chrystus.pl\/nb\/wp-json\/wp\/v2\/types\/post"}],"author":[{"embeddable":true,"href":"https:\/\/chrystus.pl\/nb\/wp-json\/wp\/v2\/users\/1"}],"replies":[{"embeddable":true,"href":"https:\/\/chrystus.pl\/nb\/wp-json\/wp\/v2\/comments?post=1613"}],"version-history":[{"count":0,"href":"https:\/\/chrystus.pl\/nb\/wp-json\/wp\/v2\/posts\/1613\/revisions"}],"wp:featuredmedia":[{"embeddable":true,"href":"https:\/\/chrystus.pl\/nb\/wp-json\/wp\/v2\/media\/1614"}],"wp:attachment":[{"href":"https:\/\/chrystus.pl\/nb\/wp-json\/wp\/v2\/media?parent=1613"}],"wp:term":[{"taxonomy":"category","embeddable":true,"href":"https:\/\/chrystus.pl\/nb\/wp-json\/wp\/v2\/categories?post=1613"},{"taxonomy":"post_tag","embeddable":true,"href":"https:\/\/chrystus.pl\/nb\/wp-json\/wp\/v2\/tags?post=1613"}],"curies":[{"name":"wp","href":"https:\/\/api.w.org\/{rel}","templated":true}]}}