{"id":562,"date":"2019-04-16T00:05:52","date_gmt":"2019-04-16T00:05:52","guid":{"rendered":"https:\/\/chrystus.pl\/?p=562"},"modified":"2020-01-13T07:56:50","modified_gmt":"2020-01-13T07:56:50","slug":"jak-mojzesz-nazwal-biblijna-manne-i-czym-byla-ona-dla-izraelitow","status":"publish","type":"post","link":"https:\/\/chrystus.pl\/nb\/jak-mojzesz-nazwal-biblijna-manne-i-czym-byla-ona-dla-izraelitow\/","title":{"rendered":"Hva kalte Moses den bibelske mannaen, og hva betydde den for israelittene?"},"content":{"rendered":"<p>Liker <span id=\"urn:local-text-annotation-39pgwn0c3qtzigr7j1eu39sz22wa3mxo\" class=\"textannotation disambiguated wl-person\" itemid=\"\">Moses<\/span> nazwa\u0142 Mann\u0119? Czym by\u0142a Manna dla Moj\u017cesza oraz dla <span id=\"urn:local-text-annotation-kphru31prntose6u9zc3xl2b9cugwrco\" class=\"textannotation disambiguated wl-thing\" itemid=\"\">Israelittene<\/span>? Hvor kom den i det hele tatt fra, og hvilken betydning hadde den?<\/p>\n<p>Under fotturen <span id=\"urn:local-text-annotation-kqppbns71qevin8z5eysfck0wxkuzbcg\" class=\"textannotation disambiguated wl-thing\" itemid=\"\">Utvalgte mennesker<\/span> fra egyptisk fangenskap til <span id=\"urn:local-text-annotation-enzmzdhxjzq8r0h8dkonee9zkrm83bup\" class=\"textannotation disambiguated wl-thing\" itemid=\"\">Det forjettede land<\/span> nie raz do\u015bwiadczali oni wielkich trud\u00f3w swojej w\u0119dr\u00f3wki. Niejednokrotnie znajdowali si\u0119 oni w skrajnie trudnych sytuacjach, odczuwaj\u0105c brak jedzenie czy brak wody.<\/p>\n<p>La oss ikke glemme at hele reisen tok hele 40 \u00e5r. Vanskelighetene ble ytterligere forsterket av selve terrenget israelittene beveget seg gjennom. Det var <span id=\"urn:enhancement-d3017cd3\" class=\"textannotation disambiguated wl-other\" itemid=\"http:\/\/data.wordlift.io\/wl01857\/entity\/pustynia\">\u00f8rken<\/span>. S\u00e5 vi kan bare pr\u00f8ve \u00e5 forestille oss hvor t\u00f8ffe forholdene var der.<\/p>\n<p>Hele tiden ble mennene hans imidlertid overv\u00e5ket av <span id=\"urn:local-text-annotation-b861854qdyrt42pk2j1hc89jyt4zq2e6\" class=\"textannotation disambiguated wl-thing\" itemid=\"\">Mr.<\/span>. Han tillot ikke sitt folk <a href=\"https:\/\/chrystus.pl\/nb\/czym-jest-cierpienie\/\">lide<\/a> uten noen \u00e5penbar grunn, og p\u00e5 oppfordring fra Moses og de andre <span id=\"urn:local-text-annotation-tu4dqrqt3fncztpsjllphrm8qyhtadth\" class=\"textannotation disambiguated wl-thing\" itemid=\"\">israelitter<\/span> Han har gjentatte ganger hjulpet dem p\u00e5 deres vandring.<\/p>\n<p>En av de mest ber\u00f8mte hendelsene, som vitner om forsynets forsyn, er <span id=\"urn:local-text-annotation-fymca2gisq9d1kxc98v7hahgrg562fxi\" class=\"textannotation disambiguated wl-thing\" itemid=\"\">Mr<\/span> var delingen av R\u00f8dehavet under flukten fra Faraos h\u00e6r. <span id=\"urn:local-text-annotation-feom99toojdmd9nztyfli644hxlemqmb\" class=\"textannotation disambiguated wl-thing\" itemid=\"\">Egyptisk<\/span>.<\/p>\n<p>En m\u00e5ned etter at de hadde forlatt slaveriet, begynte folk \u00e5 klage over mangelen p\u00e5 mat og vanskelighetene med \u00e5 f\u00e5 tak i den. Det var da <span id=\"urn:local-text-annotation-jexgw6suz2jmsl7hbfikclj5k1vbrabj\" class=\"textannotation disambiguated wl-thing\" itemid=\"\">Mr.<\/span> obieca\u0142 im, \u017ce po\u017cywienie b\u0119dzie pada\u0142o z nieba jak deszcz i danego s\u0142owa dotrzyma\u0142. Nast\u0119pnego dnia Izraelici na ziemi zobaczyli co\u015b bia\u0142ego. By\u0142o to jedzenie jak obwie\u015bci\u0142 im <span id=\"urn:local-text-annotation-ovscx3gd1thyn5yku208rhb10448n9r4\" class=\"textannotation disambiguated wl-person\" itemid=\"\">Moses<\/span>. Det var <span id=\"urn:local-text-annotation-n5921a6npuj2lny3uyhxlymmvcjcs6wl\" class=\"textannotation disambiguated wl-thing\" itemid=\"\">manna<\/span> Fra himmelen, som smakte som honningflak.<\/p>\n<p>De fikk imidlertid ikke lov til \u00e5 hamstre forsyninger til neste dag (med unntak av <span id=\"urn:enhancement-5207149\" class=\"textannotation disambiguated wl-other\" itemid=\"http:\/\/data.wordlift.io\/wl01857\/entity\/soboty\">L\u00f8rdager<\/span>), som <span id=\"urn:local-text-annotation-rfcw4yyh5wqkx9c4r1iqssqxl0oi2nbw\" class=\"textannotation disambiguated wl-thing\" itemid=\"\">manna<\/span> falt fra himmelen hver dag. Og s\u00e5 <span id=\"urn:local-text-annotation-4zzjwgys6cuduqrcuefe1n2h01yivvm8\" class=\"textannotation disambiguated wl-person\" itemid=\"\">Moses<\/span>Da han kunngjorde de mirakul\u00f8se nyhetene til folket sitt, kalte han det <span id=\"urn:local-text-annotation-4zlml93yj9s3s1i35cwdbyszw4haqps8\" class=\"textannotation disambiguated wl-thing\" itemid=\"\">manna<\/span> br\u00f8d.<\/p>\n<p>&nbsp;<\/p>","protected":false},"excerpt":{"rendered":"<p>Jak Moj\u017cesz nazwa\u0142 Mann\u0119? Czym by\u0142a Manna dla Moj\u017cesza oraz dla Izraelit\u00f3w? Sk\u0105d si\u0119 ona w og\u00f3le wzi\u0119\u0142a i jakie mia\u0142a znaczenie? W trakcie w\u0119dr\u00f3wki Narodu Wybranego z egipskiej niewoli do Ziemi Obiecanej nie raz do\u015bwiadczali oni wielkich trud\u00f3w swojej w\u0119dr\u00f3wki. Niejednokrotnie znajdowali si\u0119 oni w skrajnie trudnych sytuacjach, odczuwaj\u0105c brak jedzenie czy brak wody. &hellip;<\/p>","protected":false},"author":1,"featured_media":563,"comment_status":"open","ping_status":"closed","sticky":false,"template":"","format":"standard","meta":{"_faqm_faq_html":"","_faqm_faq_schema":"","_faqm_schema_mode":"","_faqm_enabled":false,"_faqm_html_hash":"","_faqm_body_hash":"","footnotes":""},"categories":[49],"tags":[],"class_list":["post-562","post","type-post","status-publish","format-standard","has-post-thumbnail","hentry","category-mojzesz"],"yoast_head":"<!-- This site is optimized with the Yoast SEO plugin v28.4 - https:\/\/yoast.com\/product\/yoast-seo-wordpress\/ -->\n<title>Jak Moj\u017cesz nazwa\u0142 Biblijn\u0105 Mann\u0119 i Czym by\u0142a ona dla Izraelit\u00f3w<\/title>\n<meta name=\"description\" content=\"Jak Moj\u017cesz nazwa\u0142 Mann\u0119? Czym by\u0142a Manna dla Moj\u017cesza oraz dla Izraelit\u00f3w? Sk\u0105d si\u0119 ona w og\u00f3le wzi\u0119\u0142a i jakie mia\u0142a znaczenie? W trakcie w\u0119dr\u00f3wki Narodu\" \/>\n<meta name=\"robots\" content=\"index, follow, max-snippet:-1, max-image-preview:large, max-video-preview:-1\" \/>\n<link rel=\"canonical\" href=\"https:\/\/chrystus.pl\/nb\/hvordan-moses-navngav-bibelske-menn-og-hva-det-var-for-israelittene-2\/\" \/>\n<meta property=\"og:locale\" content=\"nb_NO\" \/>\n<meta property=\"og:type\" content=\"article\" \/>\n<meta property=\"og:title\" content=\"Jak Moj\u017cesz nazwa\u0142 Biblijn\u0105 Mann\u0119 i Czym by\u0142a ona dla Izraelit\u00f3w\" \/>\n<meta property=\"og:description\" content=\"Jak Moj\u017cesz nazwa\u0142 Mann\u0119? Czym by\u0142a Manna dla Moj\u017cesza oraz dla Izraelit\u00f3w? Sk\u0105d si\u0119 ona w og\u00f3le wzi\u0119\u0142a i jakie mia\u0142a znaczenie? W trakcie w\u0119dr\u00f3wki Narodu\" \/>\n<meta property=\"og:url\" content=\"https:\/\/chrystus.pl\/nb\/hvordan-moses-navngav-bibelske-menn-og-hva-det-var-for-israelittene-2\/\" \/>\n<meta property=\"og:site_name\" content=\"Chrystus\" \/>\n<meta property=\"article:published_time\" content=\"2019-04-16T00:05:52+00:00\" \/>\n<meta property=\"article:modified_time\" content=\"2020-01-13T07:56:50+00:00\" \/>\n<meta property=\"og:image\" content=\"https:\/\/chrystus.pl\/wp-content\/uploads\/2019\/04\/Jak-Mojz\u0307esz-nazwa\u0142-Manne\u0328-i-Czym-by\u0142a-dla-Izraelito\u0301w.jpg\" \/>\n\t<meta property=\"og:image:width\" content=\"1280\" \/>\n\t<meta property=\"og:image:height\" content=\"1280\" \/>\n\t<meta property=\"og:image:type\" content=\"image\/jpeg\" \/>\n<meta name=\"author\" content=\"Samarytanka\" \/>\n<meta name=\"twitter:card\" content=\"summary_large_image\" \/>\n<meta name=\"twitter:label1\" content=\"Skrevet av\" \/>\n\t<meta name=\"twitter:data1\" content=\"Samarytanka\" \/>\n\t<meta name=\"twitter:label2\" content=\"Ansl. lesetid\" \/>\n\t<meta name=\"twitter:data2\" content=\"1 minutt\" \/>\n<!-- \/ Yoast SEO plugin. -->","yoast_head_json":{"title":"Hvordan Moses navngav den bibelske mannaen og hva den betydde for israelittene.","description":"Hva kalte Moses mannaen? Hva var manna for Moses og israelittene? Hvor kom den i det hele tatt fra, og hvilken betydning hadde den? Under nasjonens vandring","robots":{"index":"index","follow":"follow","max-snippet":"max-snippet:-1","max-image-preview":"max-image-preview:large","max-video-preview":"max-video-preview:-1"},"canonical":"https:\/\/chrystus.pl\/nb\/hvordan-moses-navngav-bibelske-menn-og-hva-det-var-for-israelittene-2\/","og_locale":"nb_NO","og_type":"article","og_title":"Jak Moj\u017cesz nazwa\u0142 Biblijn\u0105 Mann\u0119 i Czym by\u0142a ona dla Izraelit\u00f3w","og_description":"Jak Moj\u017cesz nazwa\u0142 Mann\u0119? Czym by\u0142a Manna dla Moj\u017cesza oraz dla Izraelit\u00f3w? Sk\u0105d si\u0119 ona w og\u00f3le wzi\u0119\u0142a i jakie mia\u0142a znaczenie? W trakcie w\u0119dr\u00f3wki Narodu","og_url":"https:\/\/chrystus.pl\/nb\/hvordan-moses-navngav-bibelske-menn-og-hva-det-var-for-israelittene-2\/","og_site_name":"Chrystus","article_published_time":"2019-04-16T00:05:52+00:00","article_modified_time":"2020-01-13T07:56:50+00:00","og_image":[{"width":1280,"height":1280,"url":"https:\/\/chrystus.pl\/wp-content\/uploads\/2019\/04\/Jak-Mojz\u0307esz-nazwa\u0142-Manne\u0328-i-Czym-by\u0142a-dla-Izraelito\u0301w.jpg","type":"image\/jpeg"}],"author":"Samarytanka","twitter_card":"summary_large_image","twitter_misc":{"Skrevet av":"Samarytanka","Ansl. lesetid":"1 minutt"},"schema":{"@context":"https:\/\/schema.org","@graph":[{"@type":"Article","@id":"https:\/\/chrystus.pl\/jak-mojzesz-nazwal-biblijna-manne-i-czym-byla-ona-dla-izraelitow\/#article","isPartOf":{"@id":"https:\/\/chrystus.pl\/jak-mojzesz-nazwal-biblijna-manne-i-czym-byla-ona-dla-izraelitow\/"},"author":{"name":"Samarytanka","@id":"https:\/\/chrystus.pl\/#\/schema\/person\/e2e742452b8b7b2bcd23ea180671d27a"},"headline":"Jak Moj\u017cesz nazwa\u0142 Biblijn\u0105 Mann\u0119 i Czym by\u0142a ona dla Izraelit\u00f3w?","datePublished":"2019-04-16T00:05:52+00:00","dateModified":"2020-01-13T07:56:50+00:00","mainEntityOfPage":{"@id":"https:\/\/chrystus.pl\/jak-mojzesz-nazwal-biblijna-manne-i-czym-byla-ona-dla-izraelitow\/"},"wordCount":302,"commentCount":0,"publisher":{"@id":"https:\/\/chrystus.pl\/#organization"},"image":{"@id":"https:\/\/chrystus.pl\/jak-mojzesz-nazwal-biblijna-manne-i-czym-byla-ona-dla-izraelitow\/#primaryimage"},"thumbnailUrl":"https:\/\/chrystus.pl\/wp-content\/uploads\/2019\/04\/Jak-Mojz\u0307esz-nazwa\u0142-Manne\u0328-i-Czym-by\u0142a-dla-Izraelito\u0301w.jpg","articleSection":["Moj\u017cesz"],"inLanguage":"nb-NO","potentialAction":[{"@type":"CommentAction","name":"Comment","target":["https:\/\/chrystus.pl\/jak-mojzesz-nazwal-biblijna-manne-i-czym-byla-ona-dla-izraelitow\/#respond"]}]},{"@type":"WebPage","@id":"https:\/\/chrystus.pl\/jak-mojzesz-nazwal-biblijna-manne-i-czym-byla-ona-dla-izraelitow\/","url":"https:\/\/chrystus.pl\/jak-mojzesz-nazwal-biblijna-manne-i-czym-byla-ona-dla-izraelitow\/","name":"Hvordan Moses navngav den bibelske mannaen og hva den betydde for israelittene.","isPartOf":{"@id":"https:\/\/chrystus.pl\/#website"},"primaryImageOfPage":{"@id":"https:\/\/chrystus.pl\/jak-mojzesz-nazwal-biblijna-manne-i-czym-byla-ona-dla-izraelitow\/#primaryimage"},"image":{"@id":"https:\/\/chrystus.pl\/jak-mojzesz-nazwal-biblijna-manne-i-czym-byla-ona-dla-izraelitow\/#primaryimage"},"thumbnailUrl":"https:\/\/chrystus.pl\/wp-content\/uploads\/2019\/04\/Jak-Mojz\u0307esz-nazwa\u0142-Manne\u0328-i-Czym-by\u0142a-dla-Izraelito\u0301w.jpg","datePublished":"2019-04-16T00:05:52+00:00","dateModified":"2020-01-13T07:56:50+00:00","description":"Hva kalte Moses mannaen? Hva var manna for Moses og israelittene? Hvor kom den i det hele tatt fra, og hvilken betydning hadde den? Under nasjonens vandring","breadcrumb":{"@id":"https:\/\/chrystus.pl\/jak-mojzesz-nazwal-biblijna-manne-i-czym-byla-ona-dla-izraelitow\/#breadcrumb"},"inLanguage":"nb-NO","potentialAction":[{"@type":"ReadAction","target":["https:\/\/chrystus.pl\/jak-mojzesz-nazwal-biblijna-manne-i-czym-byla-ona-dla-izraelitow\/"]}]},{"@type":"ImageObject","inLanguage":"nb-NO","@id":"https:\/\/chrystus.pl\/jak-mojzesz-nazwal-biblijna-manne-i-czym-byla-ona-dla-izraelitow\/#primaryimage","url":"https:\/\/chrystus.pl\/wp-content\/uploads\/2019\/04\/Jak-Mojz\u0307esz-nazwa\u0142-Manne\u0328-i-Czym-by\u0142a-dla-Izraelito\u0301w.jpg","contentUrl":"https:\/\/chrystus.pl\/wp-content\/uploads\/2019\/04\/Jak-Mojz\u0307esz-nazwa\u0142-Manne\u0328-i-Czym-by\u0142a-dla-Izraelito\u0301w.jpg","width":1280,"height":1280,"caption":"Jak Mojz\u0307esz nazwa\u0142 Manne\u0328 i Czym by\u0142a dla Izraelito\u0301w"},{"@type":"BreadcrumbList","@id":"https:\/\/chrystus.pl\/jak-mojzesz-nazwal-biblijna-manne-i-czym-byla-ona-dla-izraelitow\/#breadcrumb","itemListElement":[{"@type":"ListItem","position":1,"name":"Strona g\u0142\u00f3wna","item":"https:\/\/chrystus.pl\/"},{"@type":"ListItem","position":2,"name":"Jak Moj\u017cesz nazwa\u0142 Biblijn\u0105 Mann\u0119 i Czym by\u0142a ona dla Izraelit\u00f3w?"}]},{"@type":"WebSite","@id":"https:\/\/chrystus.pl\/#website","url":"https:\/\/chrystus.pl\/","name":"Kristus","description":"Gud, Maria, Jesus, nattverd og mer til","publisher":{"@id":"https:\/\/chrystus.pl\/#organization"},"potentialAction":[{"@type":"SearchAction","target":{"@type":"EntryPoint","urlTemplate":"https:\/\/chrystus.pl\/?s={search_term_string}"},"query-input":{"@type":"PropertyValueSpecification","valueRequired":true,"valueName":"search_term_string"}}],"inLanguage":"nb-NO"},{"@type":"Organization","@id":"https:\/\/chrystus.pl\/#organization","name":"Christ.pl","url":"https:\/\/chrystus.pl\/","logo":{"@type":"ImageObject","inLanguage":"nb-NO","@id":"https:\/\/chrystus.pl\/#\/schema\/logo\/image\/","url":"https:\/\/chrystus.pl\/wp-content\/uploads\/2019\/03\/chrystus-bog-maryja-komunia-bierzmowanie.jpg","contentUrl":"https:\/\/chrystus.pl\/wp-content\/uploads\/2019\/03\/chrystus-bog-maryja-komunia-bierzmowanie.jpg","width":1920,"height":1280,"caption":"Chrystus.pl"},"image":{"@id":"https:\/\/chrystus.pl\/#\/schema\/logo\/image\/"}},{"@type":"Person","@id":"https:\/\/chrystus.pl\/#\/schema\/person\/e2e742452b8b7b2bcd23ea180671d27a","name":"Samaritansk kvinne"}]}},"_links":{"self":[{"href":"https:\/\/chrystus.pl\/nb\/wp-json\/wp\/v2\/posts\/562","targetHints":{"allow":["GET"]}}],"collection":[{"href":"https:\/\/chrystus.pl\/nb\/wp-json\/wp\/v2\/posts"}],"about":[{"href":"https:\/\/chrystus.pl\/nb\/wp-json\/wp\/v2\/types\/post"}],"author":[{"embeddable":true,"href":"https:\/\/chrystus.pl\/nb\/wp-json\/wp\/v2\/users\/1"}],"replies":[{"embeddable":true,"href":"https:\/\/chrystus.pl\/nb\/wp-json\/wp\/v2\/comments?post=562"}],"version-history":[{"count":0,"href":"https:\/\/chrystus.pl\/nb\/wp-json\/wp\/v2\/posts\/562\/revisions"}],"wp:featuredmedia":[{"embeddable":true,"href":"https:\/\/chrystus.pl\/nb\/wp-json\/wp\/v2\/media\/563"}],"wp:attachment":[{"href":"https:\/\/chrystus.pl\/nb\/wp-json\/wp\/v2\/media?parent=562"}],"wp:term":[{"taxonomy":"category","embeddable":true,"href":"https:\/\/chrystus.pl\/nb\/wp-json\/wp\/v2\/categories?post=562"},{"taxonomy":"post_tag","embeddable":true,"href":"https:\/\/chrystus.pl\/nb\/wp-json\/wp\/v2\/tags?post=562"}],"curies":[{"name":"wp","href":"https:\/\/api.w.org\/{rel}","templated":true}]}}