{"id":597,"date":"2019-06-01T12:27:13","date_gmt":"2019-06-01T12:27:13","guid":{"rendered":"https:\/\/chrystus.pl\/?p=597"},"modified":"2020-01-13T07:55:45","modified_gmt":"2020-01-13T07:55:45","slug":"co-ludzie-kladli-na-droge-po-ktorej-jechal-pan-jezus","status":"publish","type":"post","link":"https:\/\/chrystus.pl\/nb\/co-ludzie-kladli-na-droge-po-ktorej-jechal-pan-jezus\/","title":{"rendered":"Hva la folk p\u00e5 veien som Herren Jesus reiste p\u00e5?"},"content":{"rendered":"<p>Hva la folk p\u00e5 veien som Herren Jesus reiste p\u00e5?<\/p>\n<p>Pytanie to wi\u0105\u017ce si\u0119 z histori\u0105 opowiadaj\u0105c\u0105 o wje\u017adzie Pana Jezusa do <span id=\"urn:enhancement-73e94d71\" class=\"textannotation disambiguated wl-place\" itemid=\"http:\/\/data.wordlift.io\/wl01857\/entity\/jerozolima\">Jerusalem<\/span>.<\/p>\n<p>Kort tid etter helbredelsen av de to blinde tiggerne, ankom Herren til <span id=\"urn:enhancement-8d881b1\" class=\"textannotation disambiguated wl-other\" itemid=\"http:\/\/data.wordlift.io\/wl01857\/entity\/betfage\">Betfage<\/span> i <span id=\"urn:enhancement-300b7107\" class=\"textannotation disambiguated wl-place\" itemid=\"http:\/\/data.wordlift.io\/wl01857\/entity\/al-ajzarija\">Betania<\/span> til Oljeberget, og instruerte de to <span id=\"urn:enhancement-de829b6e\" class=\"textannotation disambiguated wl-other\" itemid=\"http:\/\/data.wordlift.io\/wl01378\/entity\/apostol\">studenter<\/span> Han tok med seg et esel. Jesus satte seg opp p\u00e5 eselet for \u00e5 <span id=\"urn:enhancement-6113efac\" class=\"textannotation disambiguated wl-place\" itemid=\"http:\/\/data.wordlift.io\/wl01857\/entity\/jerozolima\">Jerusalem<\/span>. Da folket fikk h\u00f8re om dette, gikk de ham i m\u00f8te. De begynte \u00e5 legge kappene sine i veien for ham. S\u00e5 tok folket ogs\u00e5 palmegrener og lovpriste Herren med ord: <span id=\"urn:enhancement-4f56be0b\" class=\"textannotation disambiguated wl-other\" itemid=\"http:\/\/data.wordlift.io\/wl01857\/entity\/blogoslawiony\"><a href=\"https:\/\/chrystus.pl\/nb\/8-blogoslawienstw-2\/\">Velsignet<\/a><\/span> Kongen som kommer i navnet til <span id=\"urn:enhancement-743bbb4f\" class=\"textannotation disambiguated wl-other\" itemid=\"http:\/\/data.wordlift.io\/wl01378\/entity\/jahwe\">Jahve<\/span>begynte de \u00e5 kaste grenen foran ham.<\/p>\n<p>Jesus g\u00e5r inn i <span id=\"urn:enhancement-552ae79f\" class=\"textannotation disambiguated wl-place\" itemid=\"http:\/\/data.wordlift.io\/wl01857\/entity\/jerozolima\">Jerusalem<\/span> refererte til tradisjonen med at den nye kongen red inn i byen p\u00e5 et esel. Folket tok selvsagt imot ham med begeistring. Deretter begav Herren seg til tempelet der han m\u00f8tte syke, lamme og blinde mennesker. Herren Jesus helbredet dem alle.<\/p>\n<p>Relacj\u0119 z tego wydarzenia, jakim by\u0142 wjazd Pana Jezusa do <span id=\"urn:enhancement-c75f1d70\" class=\"textannotation disambiguated wl-place\" itemid=\"http:\/\/data.wordlift.io\/wl01857\/entity\/jerozolima\">Jerusalem<\/span> utarbeidet av alle fire <span id=\"urn:enhancement-f609abf\" class=\"textannotation disambiguated wl-other\" itemid=\"http:\/\/data.wordlift.io\/wl01857\/entity\/ewangelisci\">evangelister<\/span>. I alle historiene er oppf\u00f8ringen en stor triumf som mottas av folket med stor entusiasme.<\/p>\n<p>Og hva la folk p\u00e5 veien som Herren Jesus reiste p\u00e5? Det var kapper og palmegrener. Slik viste folket sin st\u00f8tte og glede over Herren. De kalte ham til seg og \u00f8nsket ham velkommen som sin nye konge. Hele folkemengder tok imot Jesus med glede og fulgte ham og eselet hans.<\/p>","protected":false},"excerpt":{"rendered":"<p>Co ludzie k\u0142adli na drog\u0119, po kt\u00f3rej jecha\u0142 Pan Jezus? Pytanie to wi\u0105\u017ce si\u0119 z histori\u0105 opowiadaj\u0105c\u0105 o wje\u017adzie Pana Jezusa do Jerozolimy. Kr\u00f3tko po uzdrowieniu dw\u00f3ch niewidomych \u017cebrak\u00f3w, dotar\u0142 Pan do Betfage i Betanii do Oliwnej g\u00f3ry i poleci\u0142 dw\u00f3m uczniom przyprowadzenie do niego os\u0142a. Jezus skierowa\u0142 si\u0119 na o\u015ble do Jerozolimy. Ludzie, dowiedziawszy &hellip;<\/p>","protected":false},"author":1,"featured_media":598,"comment_status":"open","ping_status":"closed","sticky":false,"template":"","format":"standard","meta":{"footnotes":""},"categories":[52],"tags":[],"class_list":["post-597","post","type-post","status-publish","format-standard","has-post-thumbnail","hentry","category-jezus"],"yoast_head":"<!-- This site is optimized with the Yoast SEO plugin v27.5 - https:\/\/yoast.com\/product\/yoast-seo-wordpress\/ -->\n<title>Co ludzie k\u0142adli na drog\u0119, po kt\u00f3rej jecha\u0142 Pan Jezus? - Chrystus<\/title>\n<meta name=\"description\" content=\"Co ludzie k\u0142adli na drog\u0119, po kt\u00f3rej jecha\u0142 Pan Jezus? Pytanie to wi\u0105\u017ce si\u0119 z histori\u0105 opowiadaj\u0105c\u0105 o wje\u017adzie Pana Jezusa do Jerozolimy. Kr\u00f3tko po\" \/>\n<meta name=\"robots\" content=\"index, follow, max-snippet:-1, max-image-preview:large, max-video-preview:-1\" \/>\n<link rel=\"canonical\" href=\"https:\/\/chrystus.pl\/nb\/hva-folket-la-pa-vegen-nar-mr-jesus-rodde-2\/\" \/>\n<meta property=\"og:locale\" content=\"nb_NO\" \/>\n<meta property=\"og:type\" content=\"article\" \/>\n<meta property=\"og:title\" content=\"Co ludzie k\u0142adli na drog\u0119, po kt\u00f3rej jecha\u0142 Pan Jezus? - Chrystus\" \/>\n<meta property=\"og:description\" content=\"Co ludzie k\u0142adli na drog\u0119, po kt\u00f3rej jecha\u0142 Pan Jezus? Pytanie to wi\u0105\u017ce si\u0119 z histori\u0105 opowiadaj\u0105c\u0105 o wje\u017adzie Pana Jezusa do Jerozolimy. Kr\u00f3tko po\" \/>\n<meta property=\"og:url\" content=\"https:\/\/chrystus.pl\/nb\/hva-folket-la-pa-vegen-nar-mr-jesus-rodde-2\/\" \/>\n<meta property=\"og:site_name\" content=\"Chrystus\" \/>\n<meta property=\"article:published_time\" content=\"2019-06-01T12:27:13+00:00\" \/>\n<meta property=\"article:modified_time\" content=\"2020-01-13T07:55:45+00:00\" \/>\n<meta property=\"og:image\" content=\"https:\/\/chrystus.pl\/wp-content\/uploads\/2019\/06\/Co-ludzie-k\u0142adli-na-droge\u0328-po-kto\u0301rej-jecha\u0142-Pan-Jezus.jpg\" \/>\n\t<meta property=\"og:image:width\" content=\"640\" \/>\n\t<meta property=\"og:image:height\" content=\"426\" \/>\n\t<meta property=\"og:image:type\" content=\"image\/jpeg\" \/>\n<meta name=\"author\" content=\"Samarytanka\" \/>\n<meta name=\"twitter:card\" content=\"summary_large_image\" \/>\n<meta name=\"twitter:label1\" content=\"Skrevet av\" \/>\n\t<meta name=\"twitter:data1\" content=\"Samarytanka\" \/>\n\t<meta name=\"twitter:label2\" content=\"Ansl. lesetid\" \/>\n\t<meta name=\"twitter:data2\" content=\"1 minutt\" \/>\n<!-- \/ Yoast SEO plugin. -->","yoast_head_json":{"title":"Hva la folk p\u00e5 veien som Herren Jesus red p\u00e5? - Kristus","description":"Hva la folk p\u00e5 veien som Herren Jesus reiste p\u00e5? Dette sp\u00f8rsm\u00e5let henger sammen med fortellingen om Jesu inntog i Jerusalem. Kort tid etter","robots":{"index":"index","follow":"follow","max-snippet":"max-snippet:-1","max-image-preview":"max-image-preview:large","max-video-preview":"max-video-preview:-1"},"canonical":"https:\/\/chrystus.pl\/nb\/hva-folket-la-pa-vegen-nar-mr-jesus-rodde-2\/","og_locale":"nb_NO","og_type":"article","og_title":"Co ludzie k\u0142adli na drog\u0119, po kt\u00f3rej jecha\u0142 Pan Jezus? - Chrystus","og_description":"Co ludzie k\u0142adli na drog\u0119, po kt\u00f3rej jecha\u0142 Pan Jezus? Pytanie to wi\u0105\u017ce si\u0119 z histori\u0105 opowiadaj\u0105c\u0105 o wje\u017adzie Pana Jezusa do Jerozolimy. Kr\u00f3tko po","og_url":"https:\/\/chrystus.pl\/nb\/hva-folket-la-pa-vegen-nar-mr-jesus-rodde-2\/","og_site_name":"Chrystus","article_published_time":"2019-06-01T12:27:13+00:00","article_modified_time":"2020-01-13T07:55:45+00:00","og_image":[{"width":640,"height":426,"url":"https:\/\/chrystus.pl\/wp-content\/uploads\/2019\/06\/Co-ludzie-k\u0142adli-na-droge\u0328-po-kto\u0301rej-jecha\u0142-Pan-Jezus.jpg","type":"image\/jpeg"}],"author":"Samarytanka","twitter_card":"summary_large_image","twitter_misc":{"Skrevet av":"Samarytanka","Ansl. lesetid":"1 minutt"},"schema":{"@context":"https:\/\/schema.org","@graph":[{"@type":"Article","@id":"https:\/\/chrystus.pl\/co-ludzie-kladli-na-droge-po-ktorej-jechal-pan-jezus\/#article","isPartOf":{"@id":"https:\/\/chrystus.pl\/co-ludzie-kladli-na-droge-po-ktorej-jechal-pan-jezus\/"},"author":{"name":"Samarytanka","@id":"https:\/\/chrystus.pl\/#\/schema\/person\/e2e742452b8b7b2bcd23ea180671d27a"},"headline":"Co ludzie k\u0142adli na drog\u0119, po kt\u00f3rej jecha\u0142 Pan Jezus?","datePublished":"2019-06-01T12:27:13+00:00","dateModified":"2020-01-13T07:55:45+00:00","mainEntityOfPage":{"@id":"https:\/\/chrystus.pl\/co-ludzie-kladli-na-droge-po-ktorej-jechal-pan-jezus\/"},"wordCount":277,"commentCount":0,"publisher":{"@id":"https:\/\/chrystus.pl\/#organization"},"image":{"@id":"https:\/\/chrystus.pl\/co-ludzie-kladli-na-droge-po-ktorej-jechal-pan-jezus\/#primaryimage"},"thumbnailUrl":"https:\/\/chrystus.pl\/wp-content\/uploads\/2019\/06\/Co-ludzie-k\u0142adli-na-droge\u0328-po-kto\u0301rej-jecha\u0142-Pan-Jezus.jpg","articleSection":["Jezus"],"inLanguage":"nb-NO","potentialAction":[{"@type":"CommentAction","name":"Comment","target":["https:\/\/chrystus.pl\/co-ludzie-kladli-na-droge-po-ktorej-jechal-pan-jezus\/#respond"]}]},{"@type":"WebPage","@id":"https:\/\/chrystus.pl\/co-ludzie-kladli-na-droge-po-ktorej-jechal-pan-jezus\/","url":"https:\/\/chrystus.pl\/co-ludzie-kladli-na-droge-po-ktorej-jechal-pan-jezus\/","name":"Hva la folk p\u00e5 veien som Herren Jesus red p\u00e5? - Kristus","isPartOf":{"@id":"https:\/\/chrystus.pl\/#website"},"primaryImageOfPage":{"@id":"https:\/\/chrystus.pl\/co-ludzie-kladli-na-droge-po-ktorej-jechal-pan-jezus\/#primaryimage"},"image":{"@id":"https:\/\/chrystus.pl\/co-ludzie-kladli-na-droge-po-ktorej-jechal-pan-jezus\/#primaryimage"},"thumbnailUrl":"https:\/\/chrystus.pl\/wp-content\/uploads\/2019\/06\/Co-ludzie-k\u0142adli-na-droge\u0328-po-kto\u0301rej-jecha\u0142-Pan-Jezus.jpg","datePublished":"2019-06-01T12:27:13+00:00","dateModified":"2020-01-13T07:55:45+00:00","description":"Hva la folk p\u00e5 veien som Herren Jesus reiste p\u00e5? Dette sp\u00f8rsm\u00e5let henger sammen med fortellingen om Jesu inntog i Jerusalem. Kort tid etter","breadcrumb":{"@id":"https:\/\/chrystus.pl\/co-ludzie-kladli-na-droge-po-ktorej-jechal-pan-jezus\/#breadcrumb"},"inLanguage":"nb-NO","potentialAction":[{"@type":"ReadAction","target":["https:\/\/chrystus.pl\/co-ludzie-kladli-na-droge-po-ktorej-jechal-pan-jezus\/"]}]},{"@type":"ImageObject","inLanguage":"nb-NO","@id":"https:\/\/chrystus.pl\/co-ludzie-kladli-na-droge-po-ktorej-jechal-pan-jezus\/#primaryimage","url":"https:\/\/chrystus.pl\/wp-content\/uploads\/2019\/06\/Co-ludzie-k\u0142adli-na-droge\u0328-po-kto\u0301rej-jecha\u0142-Pan-Jezus.jpg","contentUrl":"https:\/\/chrystus.pl\/wp-content\/uploads\/2019\/06\/Co-ludzie-k\u0142adli-na-droge\u0328-po-kto\u0301rej-jecha\u0142-Pan-Jezus.jpg","width":640,"height":426,"caption":"Co ludzie k\u0142adli na droge\u0328 po kto\u0301rej jecha\u0142 Pan Jezus"},{"@type":"BreadcrumbList","@id":"https:\/\/chrystus.pl\/co-ludzie-kladli-na-droge-po-ktorej-jechal-pan-jezus\/#breadcrumb","itemListElement":[{"@type":"ListItem","position":1,"name":"Strona g\u0142\u00f3wna","item":"https:\/\/chrystus.pl\/"},{"@type":"ListItem","position":2,"name":"Co ludzie k\u0142adli na drog\u0119, po kt\u00f3rej jecha\u0142 Pan Jezus?"}]},{"@type":"WebSite","@id":"https:\/\/chrystus.pl\/#website","url":"https:\/\/chrystus.pl\/","name":"Kristus","description":"Gud, Maria, Jesus, nattverd og mer til","publisher":{"@id":"https:\/\/chrystus.pl\/#organization"},"potentialAction":[{"@type":"SearchAction","target":{"@type":"EntryPoint","urlTemplate":"https:\/\/chrystus.pl\/?s={search_term_string}"},"query-input":{"@type":"PropertyValueSpecification","valueRequired":true,"valueName":"search_term_string"}}],"inLanguage":"nb-NO"},{"@type":"Organization","@id":"https:\/\/chrystus.pl\/#organization","name":"Christ.pl","url":"https:\/\/chrystus.pl\/","logo":{"@type":"ImageObject","inLanguage":"nb-NO","@id":"https:\/\/chrystus.pl\/#\/schema\/logo\/image\/","url":"https:\/\/chrystus.pl\/wp-content\/uploads\/2019\/03\/chrystus-bog-maryja-komunia-bierzmowanie.jpg","contentUrl":"https:\/\/chrystus.pl\/wp-content\/uploads\/2019\/03\/chrystus-bog-maryja-komunia-bierzmowanie.jpg","width":1920,"height":1280,"caption":"Chrystus.pl"},"image":{"@id":"https:\/\/chrystus.pl\/#\/schema\/logo\/image\/"}},{"@type":"Person","@id":"https:\/\/chrystus.pl\/#\/schema\/person\/e2e742452b8b7b2bcd23ea180671d27a","name":"Samaritansk kvinne"}]}},"_links":{"self":[{"href":"https:\/\/chrystus.pl\/nb\/wp-json\/wp\/v2\/posts\/597","targetHints":{"allow":["GET"]}}],"collection":[{"href":"https:\/\/chrystus.pl\/nb\/wp-json\/wp\/v2\/posts"}],"about":[{"href":"https:\/\/chrystus.pl\/nb\/wp-json\/wp\/v2\/types\/post"}],"author":[{"embeddable":true,"href":"https:\/\/chrystus.pl\/nb\/wp-json\/wp\/v2\/users\/1"}],"replies":[{"embeddable":true,"href":"https:\/\/chrystus.pl\/nb\/wp-json\/wp\/v2\/comments?post=597"}],"version-history":[{"count":0,"href":"https:\/\/chrystus.pl\/nb\/wp-json\/wp\/v2\/posts\/597\/revisions"}],"wp:featuredmedia":[{"embeddable":true,"href":"https:\/\/chrystus.pl\/nb\/wp-json\/wp\/v2\/media\/598"}],"wp:attachment":[{"href":"https:\/\/chrystus.pl\/nb\/wp-json\/wp\/v2\/media?parent=597"}],"wp:term":[{"taxonomy":"category","embeddable":true,"href":"https:\/\/chrystus.pl\/nb\/wp-json\/wp\/v2\/categories?post=597"},{"taxonomy":"post_tag","embeddable":true,"href":"https:\/\/chrystus.pl\/nb\/wp-json\/wp\/v2\/tags?post=597"}],"curies":[{"name":"wp","href":"https:\/\/api.w.org\/{rel}","templated":true}]}}