{"id":832,"date":"2019-12-27T20:57:36","date_gmt":"2019-12-27T20:57:36","guid":{"rendered":"https:\/\/chrystus.pl\/?p=832"},"modified":"2019-12-27T20:57:41","modified_gmt":"2019-12-27T20:57:41","slug":"dlaczego-wielkanoc-jest-swietem-ruchomym","status":"publish","type":"post","link":"https:\/\/chrystus.pl\/nb\/dlaczego-wielkanoc-jest-swietem-ruchomym\/","title":{"rendered":"Hvorfor er p\u00e5sken en bevegelig helligdag? Hvordan beregner du n\u00e5r den faller?"},"content":{"rendered":"<p><strong>Hvorfor <span id=\"urn:enhancement-adea0d2c\" class=\"textannotation disambiguated wl-other\" itemid=\"http:\/\/data.wordlift.io\/wl01857\/entity\/wielkanoc\">P\u00e5ske<\/span> har forskjellige datoer?<\/strong><\/p>\n<p><strong>Hvordan beregne <span id=\"urn:enhancement-55e4ae4c\" class=\"textannotation disambiguated wl-other\" itemid=\"http:\/\/data.wordlift.io\/wl01857\/entity\/wielkanoc\">P\u00e5ske<\/span>?<\/strong><\/p>\n<p><strong>Hvordan utpeke <span id=\"urn:enhancement-49d0468a\" class=\"textannotation disambiguated wl-other\" itemid=\"http:\/\/data.wordlift.io\/wl01857\/entity\/wielkanoc\">P\u00e5ske<\/span>?<\/strong><\/p>\n<div id=\"ez-toc-container\" class=\"ez-toc-v2_0_82_2 counter-hierarchy ez-toc-counter ez-toc-custom ez-toc-container-direction\">\n<p class=\"ez-toc-title\" style=\"cursor:inherit\">Innholdsfortegnelse<\/p>\n<label for=\"ez-toc-cssicon-toggle-item-69f05d5d1dc32\" class=\"ez-toc-cssicon-toggle-label\"><span class=\"\"><span class=\"eztoc-hide\" style=\"display:none;\">Toggle<\/span><span class=\"ez-toc-icon-toggle-span\"><svg style=\"fill: #ffffff;color:#ffffff\" xmlns=\"http:\/\/www.w3.org\/2000\/svg\" class=\"list-377408\" width=\"20px\" height=\"20px\" viewbox=\"0 0 24 24\" fill=\"none\"><path d=\"M6 6H4v2h2V6zm14 0H8v2h12V6zM4 11h2v2H4v-2zm16 0H8v2h12v-2zM4 16h2v2H4v-2zm16 0H8v2h12v-2z\" fill=\"currentColor\"><\/path><\/svg><svg style=\"fill: #ffffff;color:#ffffff\" class=\"arrow-unsorted-368013\" xmlns=\"http:\/\/www.w3.org\/2000\/svg\" width=\"10px\" height=\"10px\" viewbox=\"0 0 24 24\" version=\"1.2\" baseprofile=\"tiny\"><path d=\"M18.2 9.3l-6.2-6.3-6.2 6.3c-.2.2-.3.4-.3.7s.1.5.3.7c.2.2.4.3.7.3h11c.3 0 .5-.1.7-.3.2-.2.3-.5.3-.7s-.1-.5-.3-.7zM5.8 14.7l6.2 6.3 6.2-6.3c.2-.2.3-.5.3-.7s-.1-.5-.3-.7c-.2-.2-.4-.3-.7-.3h-11c-.3 0-.5.1-.7.3-.2.2-.3.5-.3.7s.1.5.3.7z\"\/><\/svg><\/span><\/span><\/label><input type=\"checkbox\"  id=\"ez-toc-cssicon-toggle-item-69f05d5d1dc32\"  aria-label=\"Toggle\" \/><nav><ul class='ez-toc-list ez-toc-list-level-1' ><li class='ez-toc-page-1 ez-toc-heading-level-2'><a class=\"ez-toc-link ez-toc-heading-1\" href=\"https:\/\/chrystus.pl\/nb\/dlaczego-wielkanoc-jest-swietem-ruchomym\/#Jak_obliczyc_Wielkanoc\" >Hvordan beregner du p\u00e5sken?<\/a><\/li><li class='ez-toc-page-1 ez-toc-heading-level-2'><a class=\"ez-toc-link ez-toc-heading-2\" href=\"https:\/\/chrystus.pl\/nb\/dlaczego-wielkanoc-jest-swietem-ruchomym\/#OBLICZENIA\" >BEREGNINGER<\/a><\/li><li class='ez-toc-page-1 ez-toc-heading-level-2'><a class=\"ez-toc-link ez-toc-heading-3\" href=\"https:\/\/chrystus.pl\/nb\/dlaczego-wielkanoc-jest-swietem-ruchomym\/#Jak_obliczyc_Wielkanoc_w_danym_roku\" >Hvordan beregner du p\u00e5sken i et gitt \u00e5r?<\/a><\/li><li class='ez-toc-page-1 ez-toc-heading-level-2'><a class=\"ez-toc-link ez-toc-heading-4\" href=\"https:\/\/chrystus.pl\/nb\/dlaczego-wielkanoc-jest-swietem-ruchomym\/#Wyjatki_w_Obliczaniu_dat_Wielkanocy\" >Unntak fra beregningen av p\u00e5skedatoer<\/a><\/li><\/ul><\/nav><\/div>\n<h2><span class=\"ez-toc-section\" id=\"Jak_obliczyc_Wielkanoc\"><\/span>Hvordan beregner du p\u00e5sken?<span class=\"ez-toc-section-end\"><\/span><\/h2>\n<p>Wyznaczanie daty wielkanocy. Dlaczego <span id=\"urn:enhancement-67ad85b0\" class=\"textannotation disambiguated wl-other\" itemid=\"http:\/\/data.wordlift.io\/wl01857\/entity\/wielkanoc\">P\u00e5ske<\/span> Er det en bevegelig helligdag? Hvorfor <span id=\"urn:enhancement-77a864de\" class=\"textannotation disambiguated wl-other\" itemid=\"http:\/\/data.wordlift.io\/wl01857\/entity\/wielkanoc\">P\u00e5ske<\/span> har forskjellige datoer? Hvordan finner du ut <span id=\"urn:enhancement-85bb890f\" class=\"textannotation disambiguated wl-other\" itemid=\"http:\/\/data.wordlift.io\/wl01857\/entity\/wielkanoc\">P\u00e5ske<\/span>?<\/p>\n<p>Som vi allerede vet <span id=\"urn:enhancement-ad73dae1\" class=\"textannotation disambiguated wl-other\" itemid=\"http:\/\/data.wordlift.io\/wl01857\/entity\/wielkanoc\">P\u00e5ske<\/span> i kalenderen er en bevegelig h\u00f8ytid. Dette ble fastsatt under det f\u00f8rste konsilet i Nikea i 325. Der ble man enige om at p\u00e5skedagen skulle feires p\u00e5 den f\u00f8rste dagen i p\u00e5sken. <span id=\"urn:enhancement-5a188182\" class=\"textannotation disambiguated wl-other\" itemid=\"http:\/\/data.wordlift.io\/wl01857\/entity\/niedziela\">S\u00f8ndag<\/span> etter v\u00e5rens f\u00f8rste fullm\u00e5ne. Selve modellen for fastsettelsen av denne datoen p\u00e5 det f\u00f8rste kirkem\u00f8tet var basert p\u00e5 prinsippet om \u00e5 oversette en bestemt dato i den religi\u00f8se hebraiske kalenderen (datoen 14. nisan - nisan er navnet p\u00e5 m\u00e5neden) til solkalenderen, den julianske kalenderen. Datoen 14. nisan representerer begynnelsen p\u00e5 p\u00e5skeh\u00f8ytiden i den hebraiske kalenderen.<\/p>\n<p>Det f\u00f8lger derfor at <span id=\"urn:enhancement-8f1345aa\" class=\"textannotation disambiguated wl-other\" itemid=\"http:\/\/data.wordlift.io\/wl01857\/entity\/wielkanoc\">P\u00e5ske<\/span> er en bevegelig helligdag. Selve p\u00e5skedagen kan tidligst falle 22. mars og senest 25. april. Andre helligdager i denne perioden som er knyttet til p\u00e5sken, er ogs\u00e5 bevegelige. <span id=\"urn:enhancement-eb0ed53a\" class=\"textannotation disambiguated wl-other\" itemid=\"http:\/\/data.wordlift.io\/wl01857\/entity\/uroczystosc_najswietszego_ciala_i_krwi_panskiej\">Corpus Christi<\/span>, <span id=\"urn:enhancement-e628c89a\" class=\"textannotation disambiguated wl-other\" itemid=\"http:\/\/data.wordlift.io\/wl01378\/entity\/zeslanie_ducha_swietego\">Pinse<\/span> (dok\u0142adnie 50 dni po Wielkanocy), <span id=\"urn:enhancement-a7b1d88e\" class=\"textannotation disambiguated wl-other\" itemid=\"http:\/\/data.wordlift.io\/wl01857\/entity\/feast_of_the_ascension\">Herrens himmelfart<\/span>, hel <span id=\"urn:enhancement-57a139f1\" class=\"textannotation disambiguated wl-other\" itemid=\"http:\/\/data.wordlift.io\/wl01857\/entity\/triduum_paschalne\">P\u00e5sketriduum<\/span> (<span id=\"urn:enhancement-ec70e2ad\" class=\"textannotation disambiguated wl-other\" itemid=\"http:\/\/data.wordlift.io\/wl01857\/entity\/wielki_czwartek\">Skj\u00e6rtorsdag<\/span>, <span id=\"urn:enhancement-107287c9\" class=\"textannotation disambiguated wl-other\" itemid=\"http:\/\/data.wordlift.io\/wl01857\/entity\/wielki_piatek\">Langfredag<\/span>, <span id=\"urn:enhancement-97e092ed\" class=\"textannotation disambiguated wl-other\" itemid=\"http:\/\/data.wordlift.io\/wl01857\/entity\/wielka_sobota\">Hellig l\u00f8rdag<\/span>, <span id=\"urn:enhancement-c8c5fbb\" class=\"textannotation disambiguated wl-other\" itemid=\"http:\/\/data.wordlift.io\/wl01857\/entity\/niedziela\">S\u00f8ndag<\/span>), <span id=\"urn:enhancement-d372af4e\" class=\"textannotation disambiguated wl-other\" itemid=\"http:\/\/data.wordlift.io\/wl01857\/entity\/popielec\">Askeonsdag<\/span> eller til slutt fastetiden. Noen endringer fulgte innf\u00f8ringen av den gregorianske kalenderen. Dette gjaldt imidlertid ikke den ortodokse troen, som fortsatt feirer h\u00f8ytider i henhold til den julianske kalenderen.<\/p>\n<p>Gjennom hele kirkens historie har det v\u00e6rt gjort fors\u00f8k p\u00e5 \u00e5 standardisere p\u00e5sken og fastsette en bestemt dato for den.<\/p>\n<p>Under Pius X ble det gjort et fors\u00f8k p\u00e5 dette. Prosjektet var n\u00e6r ved \u00e5 bli vedtatt, og flertallet av biskopene var enige, men etter protester som anklaget dem for \u00e5 ville redusere oppstandelsens betydning, ble endringene til slutt avvist.<\/p>\n<p>S\u00e5 langt er det milj\u00f8er som tar til orde for \u00e5 endre datoene for p\u00e5skefeiringen. Tanken er \u00e5 alltid velge den andre s\u00f8ndagen i april, noe som vil gi datoer fra 8. til 14. april, eller \u00e5 velge s\u00f8ndager mellom Kristi Himmelfartsdag og p\u00e5skeh\u00f8ytiden. <span id=\"urn:enhancement-4e0c98e0\" class=\"textannotation disambiguated wl-other\" itemid=\"http:\/\/data.wordlift.io\/wl01857\/entity\/objawienie_panskie\">Helligtrekongersdag<\/span> a <span id=\"urn:enhancement-ef0065aa\" class=\"textannotation disambiguated wl-other\" itemid=\"http:\/\/data.wordlift.io\/wl01857\/entity\/popielec\">Askeonsdag<\/span>, co r\u00f3wnie\u017c pokry\u0142oby si\u0119 z datami 8-14 (poza rokiem przest\u0119pnym, kiedy by\u0142oby to 7-13 kwietnia). Ko\u015bci\u00f3\u0142 jak najbardziej dopuszcza mo\u017cliwo\u015b\u0107 zmiany daty.<\/p>\n<p>&nbsp;<\/p>\n<h2><span class=\"ez-toc-section\" id=\"OBLICZENIA\"><\/span>BEREGNINGER<span class=\"ez-toc-section-end\"><\/span><\/h2>\n<h2><span class=\"ez-toc-section\" id=\"Jak_obliczyc_Wielkanoc_w_danym_roku\"><\/span>Hvordan beregner du p\u00e5sken i et gitt \u00e5r?<span class=\"ez-toc-section-end\"><\/span><\/h2>\n<p>N\u00e5r du skal fastsette datoen for p\u00e5sken, er det viktig \u00e5 huske grunnregelen som sier at <span id=\"urn:enhancement-768c9498\" class=\"textannotation disambiguated wl-other\" itemid=\"http:\/\/data.wordlift.io\/wl01857\/entity\/wielkanoc\">P\u00e5ske<\/span> faller alltid p\u00e5 den f\u00f8rste <span id=\"urn:enhancement-1770e351\" class=\"textannotation disambiguated wl-other\" itemid=\"http:\/\/data.wordlift.io\/wl01857\/entity\/niedziela\">S\u00f8ndag<\/span> etter den f\u00f8rste v\u00e5rfullm\u00e5nen som inntreffer etter 21. mars. Dermed faller den mellom 22. mars og 25. april. Metoden for \u00e5 beregne den spesifikke p\u00e5skedagen ble gitt av den tyske matematikeren C.F. Gauss. Denne bruker tabellen nedenfor:<\/p>\n<table style=\"height: 922px;\" width=\"513\">\n<tbody>\n<tr>\n<td rowspan=\"2\">\n<pre><strong>\u00c5r<\/strong><\/pre>\n<\/td>\n<td rowspan=\"2\">\n<pre><strong>A<\/strong><\/pre>\n<\/td>\n<td rowspan=\"2\">\n<pre><strong>B<\/strong><\/pre>\n<\/td>\n<td colspan=\"2\">\n<pre><strong>Unntak (\u00e5r)<\/strong><\/pre>\n<\/td>\n<\/tr>\n<tr>\n<td>\n<pre><strong>Jeg har p\u00e5 en m\u00e5te<\/strong><\/pre>\n<\/td>\n<td>\n<pre><strong>Type II<\/strong><\/pre>\n<\/td>\n<\/tr>\n<tr>\n<td>\n<pre>33-1582<\/pre>\n<\/td>\n<td>\n<pre>15<\/pre>\n<\/td>\n<td>\n<pre>6<\/pre>\n<\/td>\n<td>\n<pre>Nei<\/pre>\n<\/td>\n<td>\n<pre>Nei<\/pre>\n<\/td>\n<\/tr>\n<tr>\n<td>\n<pre>1583-1699<\/pre>\n<\/td>\n<td>\n<pre>22<\/pre>\n<\/td>\n<td>\n<pre>2<\/pre>\n<\/td>\n<td>\n<pre>1609<\/pre>\n<\/td>\n<td>\n<pre>Nei<\/pre>\n<\/td>\n<\/tr>\n<tr>\n<td>\n<pre>1700-1799<\/pre>\n<\/td>\n<td>\n<pre>23<\/pre>\n<\/td>\n<td>\n<pre>3<\/pre>\n<\/td>\n<td>\n<pre>Nei<\/pre>\n<\/td>\n<td>\n<pre>Nei<\/pre>\n<\/td>\n<\/tr>\n<tr>\n<td>\n<pre>1800-1899<\/pre>\n<\/td>\n<td>\n<pre>23<\/pre>\n<\/td>\n<td>\n<pre>4<\/pre>\n<\/td>\n<td>\n<pre>Nei<\/pre>\n<\/td>\n<td>\n<pre>Nei<\/pre>\n<\/td>\n<\/tr>\n<tr>\n<td>\n<pre>1900-2099<\/pre>\n<\/td>\n<td>\n<pre>24<\/pre>\n<\/td>\n<td>\n<pre>5<\/pre>\n<\/td>\n<td>\n<pre>1981, 2076<\/pre>\n<\/td>\n<td>\n<pre>1954, 2049<\/pre>\n<\/td>\n<\/tr>\n<tr>\n<td>\n<pre>2100-2199<\/pre>\n<\/td>\n<td>\n<pre>24<\/pre>\n<\/td>\n<td>\n<pre>6<\/pre>\n<\/td>\n<td>\n<pre>2133<\/pre>\n<\/td>\n<td>\n<pre>2106<\/pre>\n<\/td>\n<\/tr>\n<tr>\n<td>\n<pre>2200-2299<\/pre>\n<\/td>\n<td>\n<pre>25<\/pre>\n<\/td>\n<td>\n<pre>0<\/pre>\n<\/td>\n<td>\n<pre>2201, 2296<\/pre>\n<\/td>\n<td>\n<pre>Nei<\/pre>\n<\/td>\n<\/tr>\n<tr>\n<td>\n<pre>2300-2399<\/pre>\n<\/td>\n<td>\n<pre>26<\/pre>\n<\/td>\n<td>\n<pre>1<\/pre>\n<\/td>\n<td>\n<pre>Nei<\/pre>\n<\/td>\n<td>\n<pre>Nei<\/pre>\n<\/td>\n<\/tr>\n<tr>\n<td>\n<pre>2400-2499<\/pre>\n<\/td>\n<td>\n<pre>25<\/pre>\n<\/td>\n<td>\n<pre>1<\/pre>\n<\/td>\n<td>\n<pre>2448<\/pre>\n<\/td>\n<td>\n<pre>Nei<\/pre>\n<\/td>\n<\/tr>\n<tr>\n<td>\n<pre>2500-2599<\/pre>\n<\/td>\n<td>\n<pre>26<\/pre>\n<\/td>\n<td>\n<pre>2<\/pre>\n<\/td>\n<td>\n<pre>Nei<\/pre>\n<\/td>\n<td>\n<pre>Nei<\/pre>\n<\/td>\n<\/tr>\n<tr>\n<td>\n<pre>2600-2699<\/pre>\n<\/td>\n<td>\n<pre>27<\/pre>\n<\/td>\n<td>\n<pre>3<\/pre>\n<\/td>\n<td>\n<pre>2668<\/pre>\n<\/td>\n<td>\n<pre>Nei<\/pre>\n<\/td>\n<\/tr>\n<tr>\n<td>\n<pre>2700-2899<\/pre>\n<\/td>\n<td>\n<pre>27<\/pre>\n<\/td>\n<td>\n<pre>4<\/pre>\n<\/td>\n<td>\n<pre>2725, 2820<\/pre>\n<\/td>\n<td>\n<pre>Nei<\/pre>\n<\/td>\n<\/tr>\n<tr>\n<td>\n<pre>2900-2999<\/pre>\n<\/td>\n<td>\n<pre>28<\/pre>\n<\/td>\n<td>\n<pre>5<\/pre>\n<\/td>\n<td>\n<pre>Nei<\/pre>\n<\/td>\n<td>\n<pre>Nei<\/pre>\n<\/td>\n<\/tr>\n<\/tbody>\n<\/table>\n<p>&nbsp;<\/p>\n<p><strong>Vi bruker 6 trinn i beregningen:<\/strong><\/p>\n<ol>\n<li>dividere \u00e5rstallet med 19 og deretter finne restbel\u00f8pet <em>a<\/em><\/li>\n<li>dividere \u00e5rstallet med 4 og deretter finne restbel\u00f8pet <em>b<\/em><\/li>\n<li>dividere \u00e5rstallet med 7 og deretter finne restbel\u00f8pet <em>c<\/em><\/li>\n<li>resten betegnes som <em>a,<\/em> multipliser med 19, legg til A i produktet, divider summen med 30 og bestem resten. <em>d<\/em><\/li>\n<li>Summen av produkter av 2<em>b <\/em>+ 4<em>c<\/em> +6<em>d <\/em>+ B divider med 7, og bestem resten. <em>e<\/em><\/li>\n<li>Summen av residualene <em>e + d <\/em>legg til datoen 22. mars<\/li>\n<\/ol>\n<p><strong>Dette gir oss datoen for p\u00e5sken.<\/strong><\/p>\n<p>Hvis datoen faller over 31. mars, m\u00e5 den konverteres til tilsvarende dag i april. Hvis summen (d+e)&gt;10, er vi sikre p\u00e5 at det er april. I motsatt fall vil det v\u00e6re mars.<\/p>\n<h2><span class=\"ez-toc-section\" id=\"Wyjatki_w_Obliczaniu_dat_Wielkanocy\"><\/span>Unntak fra beregningen av p\u00e5skedatoer<span class=\"ez-toc-section-end\"><\/span><\/h2>\n<p>I noen tilfeller finnes det ogs\u00e5 unntak (unntak av den f\u00f8rste typen, unntak av den andre typen).<\/p>\n<p>Med unntak av den f\u00f8rste typen, er dette tilfellet n\u00e5r <em>d=29, <\/em>a <em>e=6 <\/em>og som beregnet <span id=\"urn:enhancement-86fc98a\" class=\"textannotation disambiguated wl-other\" itemid=\"http:\/\/data.wordlift.io\/wl01857\/entity\/wielkanoc\">P\u00e5ske<\/span> ville falle p\u00e5 26. april. I dette tilfellet feires den en uke tidligere, dvs. 19. april (f.eks. 1609 og 1981).<\/p>\n<p>Unntaket for den andre typen er n\u00e5r <em>d=28 <\/em>a <em>e=6, <\/em>og dividere 11<em>A + <\/em>11 ganger 30 gir en rest som er mindre enn 19. I s\u00e5 fall er <span id=\"urn:enhancement-5213e1df\" class=\"textannotation disambiguated wl-other\" itemid=\"http:\/\/data.wordlift.io\/wl01857\/entity\/wielkanoc\">P\u00e5ske<\/span> faller 5. april og feires 29. mars (1807 og 1954).<\/p>\n<p>Alle unntak som inntreffer frem til \u00e5r 2999 er oppf\u00f8rt i tabellen ovenfor.<\/p>\n<p><strong>EKSEMPEL:<\/strong><\/p>\n<p>La oss beregne p\u00e5skedatoen for \u00e5ret 2008;<\/p>\n<ul>\n<li>Trinn 1: 2008:19=105, rest a=13<\/li>\n<li>Trinn 2: 2008:4=502, rest b=0<\/li>\n<li>Trinn 3: 2008:7=286, rest c=6<\/li>\n<li>Trinn 4: (19+a+A):30 dvs. (19+13+24):30=271:30=9, rest d=1<\/li>\n<li>Trinn 5: (2xb + 4xc + 6xd + B):7 dvs. (2\u00d70 + 4\u00d76 + 6\u00d71 + 5):7=5, rest 0<\/li>\n<li>Trinn 6: d+e+22 dvs. 1+0+22=23<\/li>\n<\/ul>\n<p>Vi fikk et sluttresultat lik 23. Dette betyr at p\u00e5skedatoen for 2008 er 23. mars 2008. (for den gregorianske kalenderen).<\/p>\n<p>N\u00e5r det gjelder den julianske kalenderen, er beregningen identisk, men A erstattes med A=15 og B erstattes med B=6).<\/p>\n<p>Istnieje jeszcze jedna metoda obliczania daty Wielkanocy. Jest to metoda Meeusa\/Jonesa\/Butchera. Jest ona o tyle prostsza, \u017ce nie wymaga podawania liczb A i B, oraz nie ma w tym wypadku \u017cadnych wyj\u0105tk\u00f3w. Metoda ta przebiega nast\u0119puj\u0105co:<\/p>\n<ol>\n<li>F\u00f8rst dividerer vi \u00e5rets nummer med 19 og bestemmer resten <em>a<\/em>.<\/li>\n<li>Divider antall \u00e5r med 100, rund av resultatet nedover (kutt bort br\u00f8kdelen) og f\u00e5 tallet <em>b<\/em>.<\/li>\n<li>Vi dividerer antall \u00e5r med 100 og f\u00e5r restbel\u00f8pet <em>c<\/em>.<\/li>\n<li>Vi beregner: <em>b<\/em> : 4 og resultatet avrundes nedover, og vi f\u00e5r tallet <em>d<\/em>.<\/li>\n<li>Vi beregner: <em>b<\/em> : 4 og vi bestemmer resten <em>e<\/em>.<\/li>\n<li>Vi beregner: (<em>b<\/em> + 8) : 25 og resultatet avrundes nedover for \u00e5 oppn\u00e5 tallet <em>f<\/em>.<\/li>\n<li>Vi beregner: (<em>b<\/em> - <em>f<\/em> + 1) : 3 og resultatet avrundes nedover for \u00e5 oppn\u00e5 tallet <em>g<\/em>.<\/li>\n<li>Vi beregner: (19 \u00d7 <em>a<\/em> + <em>b<\/em> - <em>d<\/em> - <em>g<\/em> + 15) : 30 og vi bestemmer resten <em>h<\/em>.<\/li>\n<li>Vi beregner: <em>c<\/em> : 4 og resultatet avrundes nedover slik at vi f\u00e5r tallet <em>i<\/em>.<\/li>\n<li>Vi beregner: <em>c<\/em> : 4 og vi bestemmer resten <em>k<\/em>.<\/li>\n<li>Vi beregner: (32 + 2 \u00d7 <em>e<\/em> + 2 \u00d7 <em>i<\/em> - <em>h<\/em> - <em>k<\/em>) : 7 og vi f\u00e5r resten <em>l<\/em>.<\/li>\n<li>Vi utf\u00f8rer handlingen (<em>a<\/em> + 11 \u00d7 <em>h<\/em> + 22 \u00d7 <em>l<\/em>) : 451 og resultatet avrundes nedover for \u00e5 f\u00e5 tallet <em>m<\/em>.<\/li>\n<li>Vi utf\u00f8rer handlingen: (<em>h<\/em> + <em>l<\/em> - 7 \u00d7 <em>m<\/em> + 114) : 31 og vi f\u00e5r resten <em>p<\/em>.<\/li>\n<li>Resultatet er x = <em>p<\/em> + 1 (det er p\u00e5skedag)<\/li>\n<li>M\u00e5ned = Nedrunding av divisjonen (<em>h<\/em> + <em>l<\/em> - 7 \u00d7 <em>m<\/em> + 114) med 31.<\/li>\n<\/ol>\n<p>For enkelhets skyld er det en omregning mellom den gregorianske og den julianske kalenderen. For \u00e5rene 1900-2100 legger vi ganske enkelt til tallet 13 til datoene i den julianske kalenderen og f\u00e5r datoen for den gregorianske kalenderen.<\/p>","protected":false},"excerpt":{"rendered":"<p>Dlaczego Wielkanoc ma rozne daty? Jak obliczy\u0107 Wielkanoc? Jak wyznacza sie Wielkanoc? Jak obliczy\u0107 Wielkanoc? Wyznaczanie daty wielkanocy. Dlaczego Wielkanoc jest \u015bwi\u0119tem ruchomym? Dlaczego Wielkanoc ma r\u00f3\u017cne daty? Jak wyznaczy\u0107 Wielkanoc? Jak ju\u017c wiemy Wielkanoc w kalendarzu jest \u015bwi\u0119tem ruchomym. Zosta\u0142o to ustalone w trakcie trwania pierwszego soboru nicejskiego, kt\u00f3ry odby\u0142 si\u0119 w 325 roku. &hellip;<\/p>","protected":false},"author":1,"featured_media":833,"comment_status":"open","ping_status":"closed","sticky":false,"template":"","format":"standard","meta":{"footnotes":""},"categories":[53],"tags":[],"class_list":["post-832","post","type-post","status-publish","format-standard","has-post-thumbnail","hentry","category-wielkanoc"],"yoast_head":"<!-- This site is optimized with the Yoast SEO plugin v27.4 - https:\/\/yoast.com\/product\/yoast-seo-wordpress\/ -->\n<title>Dlaczego Wielkanoc jest \u015awi\u0119tem Ruchomym? Jak obliczy\u0107?<\/title>\n<meta name=\"description\" content=\"Dlaczego Wielkanoc ma rozne daty? Jak obliczy\u0107 Wielkanoc? Jak wyznacza sie Wielkanoc? Jak obliczy\u0107 Wielkanoc? Wyznaczanie daty wielkanocy. Dlaczego\" \/>\n<meta name=\"robots\" content=\"index, follow, max-snippet:-1, max-image-preview:large, max-video-preview:-1\" \/>\n<link rel=\"canonical\" href=\"https:\/\/chrystus.pl\/nb\/hvorfor-paske-er-en-flytteferie\/\" \/>\n<meta property=\"og:locale\" content=\"nb_NO\" \/>\n<meta property=\"og:type\" content=\"article\" \/>\n<meta property=\"og:title\" content=\"Dlaczego Wielkanoc jest \u015awi\u0119tem Ruchomym? Jak obliczy\u0107?\" \/>\n<meta property=\"og:description\" content=\"Dlaczego Wielkanoc ma rozne daty? Jak obliczy\u0107 Wielkanoc? Jak wyznacza sie Wielkanoc? Jak obliczy\u0107 Wielkanoc? Wyznaczanie daty wielkanocy. Dlaczego\" \/>\n<meta property=\"og:url\" content=\"https:\/\/chrystus.pl\/nb\/hvorfor-paske-er-en-flytteferie\/\" \/>\n<meta property=\"og:site_name\" content=\"Chrystus\" \/>\n<meta property=\"article:published_time\" content=\"2019-12-27T20:57:36+00:00\" \/>\n<meta property=\"article:modified_time\" content=\"2019-12-27T20:57:41+00:00\" \/>\n<meta property=\"og:image\" content=\"https:\/\/chrystus.pl\/wp-content\/uploads\/2019\/12\/Dlaczego-Wielkanoc-jest-Swietem-Ruchomym.jpg\" \/>\n\t<meta property=\"og:image:width\" content=\"1280\" \/>\n\t<meta property=\"og:image:height\" content=\"853\" \/>\n\t<meta property=\"og:image:type\" content=\"image\/jpeg\" \/>\n<meta name=\"author\" content=\"Samarytanka\" \/>\n<meta name=\"twitter:card\" content=\"summary_large_image\" \/>\n<meta name=\"twitter:label1\" content=\"Skrevet av\" \/>\n\t<meta name=\"twitter:data1\" content=\"Samarytanka\" \/>\n\t<meta name=\"twitter:label2\" content=\"Ansl. lesetid\" \/>\n\t<meta name=\"twitter:data2\" content=\"5 minutter\" \/>\n<!-- \/ Yoast SEO plugin. -->","yoast_head_json":{"title":"Hvorfor er p\u00e5sken en bevegelig helligdag? Hvordan beregner man den?","description":"Hvorfor har p\u00e5sken forskjellige datoer? Hvordan beregner man p\u00e5sken? Hvordan beregner du p\u00e5sken? Hvordan beregner jeg p\u00e5sken? Bestemme datoen for p\u00e5sken. Hvorfor har p\u00e5sken ulike datoer?","robots":{"index":"index","follow":"follow","max-snippet":"max-snippet:-1","max-image-preview":"max-image-preview:large","max-video-preview":"max-video-preview:-1"},"canonical":"https:\/\/chrystus.pl\/nb\/hvorfor-paske-er-en-flytteferie\/","og_locale":"nb_NO","og_type":"article","og_title":"Dlaczego Wielkanoc jest \u015awi\u0119tem Ruchomym? Jak obliczy\u0107?","og_description":"Dlaczego Wielkanoc ma rozne daty? Jak obliczy\u0107 Wielkanoc? Jak wyznacza sie Wielkanoc? Jak obliczy\u0107 Wielkanoc? Wyznaczanie daty wielkanocy. Dlaczego","og_url":"https:\/\/chrystus.pl\/nb\/hvorfor-paske-er-en-flytteferie\/","og_site_name":"Chrystus","article_published_time":"2019-12-27T20:57:36+00:00","article_modified_time":"2019-12-27T20:57:41+00:00","og_image":[{"width":1280,"height":853,"url":"https:\/\/chrystus.pl\/wp-content\/uploads\/2019\/12\/Dlaczego-Wielkanoc-jest-Swietem-Ruchomym.jpg","type":"image\/jpeg"}],"author":"Samarytanka","twitter_card":"summary_large_image","twitter_misc":{"Skrevet av":"Samarytanka","Ansl. lesetid":"5 minutter"},"schema":{"@context":"https:\/\/schema.org","@graph":[{"@type":"Article","@id":"https:\/\/chrystus.pl\/dlaczego-wielkanoc-jest-swietem-ruchomym\/#article","isPartOf":{"@id":"https:\/\/chrystus.pl\/dlaczego-wielkanoc-jest-swietem-ruchomym\/"},"author":{"name":"Samarytanka","@id":"https:\/\/chrystus.pl\/#\/schema\/person\/e2e742452b8b7b2bcd23ea180671d27a"},"headline":"Dlaczego Wielkanoc jest \u015awi\u0119tem Ruchomym? Jak obliczy\u0107 kiedy przypada?","datePublished":"2019-12-27T20:57:36+00:00","dateModified":"2019-12-27T20:57:41+00:00","mainEntityOfPage":{"@id":"https:\/\/chrystus.pl\/dlaczego-wielkanoc-jest-swietem-ruchomym\/"},"wordCount":990,"commentCount":0,"publisher":{"@id":"https:\/\/chrystus.pl\/#organization"},"image":{"@id":"https:\/\/chrystus.pl\/dlaczego-wielkanoc-jest-swietem-ruchomym\/#primaryimage"},"thumbnailUrl":"https:\/\/chrystus.pl\/wp-content\/uploads\/2019\/12\/Dlaczego-Wielkanoc-jest-Swietem-Ruchomym.jpg","articleSection":["Wielkanoc"],"inLanguage":"nb-NO","potentialAction":[{"@type":"CommentAction","name":"Comment","target":["https:\/\/chrystus.pl\/dlaczego-wielkanoc-jest-swietem-ruchomym\/#respond"]}]},{"@type":"WebPage","@id":"https:\/\/chrystus.pl\/dlaczego-wielkanoc-jest-swietem-ruchomym\/","url":"https:\/\/chrystus.pl\/dlaczego-wielkanoc-jest-swietem-ruchomym\/","name":"Hvorfor er p\u00e5sken en bevegelig helligdag? Hvordan beregner man den?","isPartOf":{"@id":"https:\/\/chrystus.pl\/#website"},"primaryImageOfPage":{"@id":"https:\/\/chrystus.pl\/dlaczego-wielkanoc-jest-swietem-ruchomym\/#primaryimage"},"image":{"@id":"https:\/\/chrystus.pl\/dlaczego-wielkanoc-jest-swietem-ruchomym\/#primaryimage"},"thumbnailUrl":"https:\/\/chrystus.pl\/wp-content\/uploads\/2019\/12\/Dlaczego-Wielkanoc-jest-Swietem-Ruchomym.jpg","datePublished":"2019-12-27T20:57:36+00:00","dateModified":"2019-12-27T20:57:41+00:00","description":"Hvorfor har p\u00e5sken forskjellige datoer? Hvordan beregner man p\u00e5sken? Hvordan beregner du p\u00e5sken? Hvordan beregner jeg p\u00e5sken? Bestemme datoen for p\u00e5sken. Hvorfor har p\u00e5sken ulike datoer?","breadcrumb":{"@id":"https:\/\/chrystus.pl\/dlaczego-wielkanoc-jest-swietem-ruchomym\/#breadcrumb"},"inLanguage":"nb-NO","potentialAction":[{"@type":"ReadAction","target":["https:\/\/chrystus.pl\/dlaczego-wielkanoc-jest-swietem-ruchomym\/"]}]},{"@type":"ImageObject","inLanguage":"nb-NO","@id":"https:\/\/chrystus.pl\/dlaczego-wielkanoc-jest-swietem-ruchomym\/#primaryimage","url":"https:\/\/chrystus.pl\/wp-content\/uploads\/2019\/12\/Dlaczego-Wielkanoc-jest-Swietem-Ruchomym.jpg","contentUrl":"https:\/\/chrystus.pl\/wp-content\/uploads\/2019\/12\/Dlaczego-Wielkanoc-jest-Swietem-Ruchomym.jpg","width":1280,"height":853,"caption":"Dlaczego Wielkanoc jest Swietem Ruchomym"},{"@type":"BreadcrumbList","@id":"https:\/\/chrystus.pl\/dlaczego-wielkanoc-jest-swietem-ruchomym\/#breadcrumb","itemListElement":[{"@type":"ListItem","position":1,"name":"Strona g\u0142\u00f3wna","item":"https:\/\/chrystus.pl\/"},{"@type":"ListItem","position":2,"name":"Dlaczego Wielkanoc jest \u015awi\u0119tem Ruchomym? Jak obliczy\u0107 kiedy przypada?"}]},{"@type":"WebSite","@id":"https:\/\/chrystus.pl\/#website","url":"https:\/\/chrystus.pl\/","name":"Kristus","description":"Gud, Maria, Jesus, nattverd og mer til","publisher":{"@id":"https:\/\/chrystus.pl\/#organization"},"potentialAction":[{"@type":"SearchAction","target":{"@type":"EntryPoint","urlTemplate":"https:\/\/chrystus.pl\/?s={search_term_string}"},"query-input":{"@type":"PropertyValueSpecification","valueRequired":true,"valueName":"search_term_string"}}],"inLanguage":"nb-NO"},{"@type":"Organization","@id":"https:\/\/chrystus.pl\/#organization","name":"Christ.pl","url":"https:\/\/chrystus.pl\/","logo":{"@type":"ImageObject","inLanguage":"nb-NO","@id":"https:\/\/chrystus.pl\/#\/schema\/logo\/image\/","url":"https:\/\/chrystus.pl\/wp-content\/uploads\/2019\/03\/chrystus-bog-maryja-komunia-bierzmowanie.jpg","contentUrl":"https:\/\/chrystus.pl\/wp-content\/uploads\/2019\/03\/chrystus-bog-maryja-komunia-bierzmowanie.jpg","width":1920,"height":1280,"caption":"Chrystus.pl"},"image":{"@id":"https:\/\/chrystus.pl\/#\/schema\/logo\/image\/"}},{"@type":"Person","@id":"https:\/\/chrystus.pl\/#\/schema\/person\/e2e742452b8b7b2bcd23ea180671d27a","name":"Samaritansk kvinne"}]}},"_links":{"self":[{"href":"https:\/\/chrystus.pl\/nb\/wp-json\/wp\/v2\/posts\/832","targetHints":{"allow":["GET"]}}],"collection":[{"href":"https:\/\/chrystus.pl\/nb\/wp-json\/wp\/v2\/posts"}],"about":[{"href":"https:\/\/chrystus.pl\/nb\/wp-json\/wp\/v2\/types\/post"}],"author":[{"embeddable":true,"href":"https:\/\/chrystus.pl\/nb\/wp-json\/wp\/v2\/users\/1"}],"replies":[{"embeddable":true,"href":"https:\/\/chrystus.pl\/nb\/wp-json\/wp\/v2\/comments?post=832"}],"version-history":[{"count":0,"href":"https:\/\/chrystus.pl\/nb\/wp-json\/wp\/v2\/posts\/832\/revisions"}],"wp:featuredmedia":[{"embeddable":true,"href":"https:\/\/chrystus.pl\/nb\/wp-json\/wp\/v2\/media\/833"}],"wp:attachment":[{"href":"https:\/\/chrystus.pl\/nb\/wp-json\/wp\/v2\/media?parent=832"}],"wp:term":[{"taxonomy":"category","embeddable":true,"href":"https:\/\/chrystus.pl\/nb\/wp-json\/wp\/v2\/categories?post=832"},{"taxonomy":"post_tag","embeddable":true,"href":"https:\/\/chrystus.pl\/nb\/wp-json\/wp\/v2\/tags?post=832"}],"curies":[{"name":"wp","href":"https:\/\/api.w.org\/{rel}","templated":true}]}}