{"id":1255,"date":"2020-01-14T21:13:02","date_gmt":"2020-01-14T21:13:02","guid":{"rendered":"https:\/\/chrystus.pl\/?p=1255"},"modified":"2020-01-14T21:14:26","modified_gmt":"2020-01-14T21:14:26","slug":"jak-udekorowac-kosciol-na-wielkanoc-2","status":"publish","type":"post","link":"https:\/\/chrystus.pl\/nl\/jak-udekorowac-kosciol-na-wielkanoc-2\/","title":{"rendered":"Hoe versier je je kerk voor Pasen\u00a0\u00a0"},"content":{"rendered":"<p>Hoe te versieren <span id=\"urn:enhancement-4e45125e\" class=\"textannotation disambiguated wl-other\" itemid=\"http:\/\/data.wordlift.io\/wl01378\/entity\/kosciol_budynek\">kerk<\/span> op <span id=\"urn:enhancement-8bf05b9b\" class=\"textannotation disambiguated wl-other\" itemid=\"http:\/\/data.wordlift.io\/wl01857\/entity\/wielkanoc\">Pasen<\/span>? Dit is zeker een zeer belangrijke kwestie. Met Pasen moeten de gelovigen bijzondere zorg besteden aan de kerk. Het is de plaats waar de gedachten van alle gelovigen op gericht zijn. Een plaats waar we de Heer aanbidden die naar ons is teruggekeerd. <span id=\"urn:enhancement-ee43fe11\" class=\"textannotation disambiguated wl-person\" itemid=\"http:\/\/data.wordlift.io\/wl01378\/entity\/jezus_chrystus\">Op Jezus.<\/span>. Dus hoe zorgen we voor deze speciale plek voor ons? Hoe versieren? <span id=\"urn:enhancement-a7da91a1\" class=\"textannotation disambiguated wl-other\" itemid=\"http:\/\/data.wordlift.io\/wl01857\/entity\/dom\">home<\/span> onze <span id=\"urn:enhancement-fe908276\" class=\"textannotation disambiguated wl-other\" itemid=\"http:\/\/data.wordlift.io\/wl01857\/entity\/kyrios\">Mr<\/span>?<\/p>\n<p>Paasdecoraties moeten vooral geassocieerd worden met wedergeboorte. Het moeten dus florale composities zijn die ons aan vreugde doen denken, maar vergeet niet het juiste evenwicht te bewaren en onnodige pracht en praal te vermijden, want daar gaat het niet om. Bloemstukken die door het gangpad slingeren zijn zeker een leuk idee. Kies vooral voor heldere kleuren. Witte bloemcomposities en gele bloemen zijn de perfecte keuze voor deze gelegenheid. Daarnaast is het de moeite waard te denken aan palmbomen en basilicum.<\/p>\n<p>Als we de mogelijkheid hebben om meer materialen te gebruiken, is het een goed idee om onze hele compositie op een wit kleed\/materiaal te plaatsen. Dit materiaal kan ook gebruikt worden om onze <span id=\"urn:enhancement-264232d7\" class=\"textannotation disambiguated wl-other\" itemid=\"http:\/\/data.wordlift.io\/wl01378\/entity\/oltarz\">altaar<\/span>of zelfs aan een kruis hangen.<\/p>\n<p>Als u vazen voor bloemen gebruikt, vergeet dan niet vazen met opvallende kleuren en vormen te gebruiken. Zelfs eenvoudige rieten manden zijn het overwegen waard.<\/p>\n<p>Zet op sommige plaatsen kleinere paasmandjes neer met paaseieren en paaskuikentjes.<\/p>\n<p>In het geval van versieringen <span id=\"urn:enhancement-dc9ea63b\" class=\"textannotation disambiguated wl-other\" itemid=\"http:\/\/data.wordlift.io\/wl01378\/entity\/kosciol_budynek\">kerk<\/span> Het is natuurlijk niet de moeite waard om te overdrijven. Het moet een mooie plek zijn, maar tegelijkertijd moet al onze aandacht uitgaan naar wat echt belangrijk is in deze periode.<\/p>","protected":false},"excerpt":{"rendered":"<p>Hoe versier je de kerk voor Pasen? Dit is zeker een zeer belangrijke vraag. De kerk met Pasen moet speciale zorg krijgen van de gelovigen. Het is de plaats waar de gedachten van alle gelovigen zich concentreren. Een plaats waar we de Heer Jezus aanbidden die naar ons terugkeert. Dus hoe zorgen we voor deze plek die speciaal voor ons is? Hoe u uw huis kunt inrichten...<\/p>","protected":false},"author":1,"featured_media":1256,"comment_status":"open","ping_status":"closed","sticky":false,"template":"","format":"standard","meta":{"footnotes":""},"categories":[53],"tags":[],"class_list":["post-1255","post","type-post","status-publish","format-standard","has-post-thumbnail","hentry","category-wielkanoc"],"yoast_head":"<!-- This site is optimized with the Yoast SEO plugin v27.5 - https:\/\/yoast.com\/product\/yoast-seo-wordpress\/ -->\n<title>Jak udekorowa\u0107 ko\u015bci\u00f3\u0142 na Wielkanoc\u00a0\u00a0 - Chrystus<\/title>\n<meta name=\"description\" content=\"Jak udekorowa\u0107 ko\u015bci\u00f3\u0142 na wielkanoc? Jest to z pewno\u015bci\u0105 bardzo istotne zagadnienie. Ko\u015bci\u00f3\u0142 w czasie wielkanocy powinien by\u0107 otoczony szczeg\u00f3ln\u0105 trosk\u0105\" \/>\n<meta name=\"robots\" content=\"index, follow, max-snippet:-1, max-image-preview:large, max-video-preview:-1\" \/>\n<link rel=\"canonical\" href=\"https:\/\/chrystus.pl\/nl\/yak-udekorowac-kosciol-na-granoc-2\/\" \/>\n<meta property=\"og:locale\" content=\"nl_NL\" \/>\n<meta property=\"og:type\" content=\"article\" \/>\n<meta property=\"og:title\" content=\"Jak udekorowa\u0107 ko\u015bci\u00f3\u0142 na Wielkanoc\u00a0\u00a0 - Chrystus\" \/>\n<meta property=\"og:description\" content=\"Jak udekorowa\u0107 ko\u015bci\u00f3\u0142 na wielkanoc? Jest to z pewno\u015bci\u0105 bardzo istotne zagadnienie. Ko\u015bci\u00f3\u0142 w czasie wielkanocy powinien by\u0107 otoczony szczeg\u00f3ln\u0105 trosk\u0105\" \/>\n<meta property=\"og:url\" content=\"https:\/\/chrystus.pl\/nl\/yak-udekorowac-kosciol-na-granoc-2\/\" \/>\n<meta property=\"og:site_name\" content=\"Chrystus\" \/>\n<meta property=\"article:published_time\" content=\"2020-01-14T21:13:02+00:00\" \/>\n<meta property=\"article:modified_time\" content=\"2020-01-14T21:14:26+00:00\" \/>\n<meta property=\"og:image\" content=\"https:\/\/chrystus.pl\/wp-content\/uploads\/2020\/01\/Jak-udekorowac\u0301-kos\u0301cio\u0301\u0142-na-Wielkanoc1.jpg\" \/>\n\t<meta property=\"og:image:width\" content=\"854\" \/>\n\t<meta property=\"og:image:height\" content=\"1280\" \/>\n\t<meta property=\"og:image:type\" content=\"image\/jpeg\" \/>\n<meta name=\"author\" content=\"Samarytanka\" \/>\n<meta name=\"twitter:card\" content=\"summary_large_image\" \/>\n<meta name=\"twitter:label1\" content=\"Geschreven door\" \/>\n\t<meta name=\"twitter:data1\" content=\"Samarytanka\" \/>\n\t<meta name=\"twitter:label2\" content=\"Geschatte leestijd\" \/>\n\t<meta name=\"twitter:data2\" content=\"1 minuut\" \/>\n<!-- \/ Yoast SEO plugin. -->","yoast_head_json":{"title":"Hoe versier je de kerk voor Pasen? - Christus","description":"Hoe versier je de kerk voor Pasen? Dit is zeker een zeer belangrijke vraag. De kerk met Pasen moet speciale zorg krijgen","robots":{"index":"index","follow":"follow","max-snippet":"max-snippet:-1","max-image-preview":"max-image-preview:large","max-video-preview":"max-video-preview:-1"},"canonical":"https:\/\/chrystus.pl\/nl\/yak-udekorowac-kosciol-na-granoc-2\/","og_locale":"nl_NL","og_type":"article","og_title":"Jak udekorowa\u0107 ko\u015bci\u00f3\u0142 na Wielkanoc\u00a0\u00a0 - Chrystus","og_description":"Jak udekorowa\u0107 ko\u015bci\u00f3\u0142 na wielkanoc? Jest to z pewno\u015bci\u0105 bardzo istotne zagadnienie. Ko\u015bci\u00f3\u0142 w czasie wielkanocy powinien by\u0107 otoczony szczeg\u00f3ln\u0105 trosk\u0105","og_url":"https:\/\/chrystus.pl\/nl\/yak-udekorowac-kosciol-na-granoc-2\/","og_site_name":"Chrystus","article_published_time":"2020-01-14T21:13:02+00:00","article_modified_time":"2020-01-14T21:14:26+00:00","og_image":[{"width":854,"height":1280,"url":"https:\/\/chrystus.pl\/wp-content\/uploads\/2020\/01\/Jak-udekorowac\u0301-kos\u0301cio\u0301\u0142-na-Wielkanoc1.jpg","type":"image\/jpeg"}],"author":"Samarytanka","twitter_card":"summary_large_image","twitter_misc":{"Geschreven door":"Samarytanka","Geschatte leestijd":"1 minuut"},"schema":{"@context":"https:\/\/schema.org","@graph":[{"@type":"Article","@id":"https:\/\/chrystus.pl\/ru\/%d1%8f%d0%ba-udekorowac-kosciol-na-granoc-2\/#article","isPartOf":{"@id":"https:\/\/chrystus.pl\/ru\/%d1%8f%d0%ba-udekorowac-kosciol-na-granoc-2\/"},"author":{"name":"Samarytanka","@id":"https:\/\/chrystus.pl\/#\/schema\/person\/e2e742452b8b7b2bcd23ea180671d27a"},"headline":"Jak udekorowa\u0107 ko\u015bci\u00f3\u0142 na Wielkanoc\u00a0\u00a0","datePublished":"2020-01-14T21:13:02+00:00","dateModified":"2020-01-14T21:14:26+00:00","mainEntityOfPage":{"@id":"https:\/\/chrystus.pl\/ru\/%d1%8f%d0%ba-udekorowac-kosciol-na-granoc-2\/"},"wordCount":295,"commentCount":0,"publisher":{"@id":"https:\/\/chrystus.pl\/#organization"},"image":{"@id":"https:\/\/chrystus.pl\/ru\/%d1%8f%d0%ba-udekorowac-kosciol-na-granoc-2\/#primaryimage"},"thumbnailUrl":"https:\/\/chrystus.pl\/wp-content\/uploads\/2020\/01\/Jak-udekorowac\u0301-kos\u0301cio\u0301\u0142-na-Wielkanoc1.jpg","articleSection":["Wielkanoc"],"inLanguage":"nl-NL","potentialAction":[{"@type":"CommentAction","name":"Comment","target":["https:\/\/chrystus.pl\/ru\/%d1%8f%d0%ba-udekorowac-kosciol-na-granoc-2\/#respond"]}]},{"@type":"WebPage","@id":"https:\/\/chrystus.pl\/ru\/%d1%8f%d0%ba-udekorowac-kosciol-na-granoc-2\/","url":"https:\/\/chrystus.pl\/ru\/%d1%8f%d0%ba-udekorowac-kosciol-na-granoc-2\/","name":"Hoe versier je de kerk voor Pasen? - Christus","isPartOf":{"@id":"https:\/\/chrystus.pl\/#website"},"primaryImageOfPage":{"@id":"https:\/\/chrystus.pl\/ru\/%d1%8f%d0%ba-udekorowac-kosciol-na-granoc-2\/#primaryimage"},"image":{"@id":"https:\/\/chrystus.pl\/ru\/%d1%8f%d0%ba-udekorowac-kosciol-na-granoc-2\/#primaryimage"},"thumbnailUrl":"https:\/\/chrystus.pl\/wp-content\/uploads\/2020\/01\/Jak-udekorowac\u0301-kos\u0301cio\u0301\u0142-na-Wielkanoc1.jpg","datePublished":"2020-01-14T21:13:02+00:00","dateModified":"2020-01-14T21:14:26+00:00","description":"Hoe versier je de kerk voor Pasen? Dit is zeker een zeer belangrijke vraag. De kerk met Pasen moet speciale zorg krijgen","breadcrumb":{"@id":"https:\/\/chrystus.pl\/ru\/%d1%8f%d0%ba-udekorowac-kosciol-na-granoc-2\/#breadcrumb"},"inLanguage":"nl-NL","potentialAction":[{"@type":"ReadAction","target":["https:\/\/chrystus.pl\/ru\/%d1%8f%d0%ba-udekorowac-kosciol-na-granoc-2\/"]}]},{"@type":"ImageObject","inLanguage":"nl-NL","@id":"https:\/\/chrystus.pl\/ru\/%d1%8f%d0%ba-udekorowac-kosciol-na-granoc-2\/#primaryimage","url":"https:\/\/chrystus.pl\/wp-content\/uploads\/2020\/01\/Jak-udekorowac\u0301-kos\u0301cio\u0301\u0142-na-Wielkanoc1.jpg","contentUrl":"https:\/\/chrystus.pl\/wp-content\/uploads\/2020\/01\/Jak-udekorowac\u0301-kos\u0301cio\u0301\u0142-na-Wielkanoc1.jpg","width":854,"height":1280,"caption":"Jak udekorowa\u0107 ko\u015bci\u00f3\u0142 na Wielkanoc\u00a0\u00a0"},{"@type":"BreadcrumbList","@id":"https:\/\/chrystus.pl\/ru\/%d1%8f%d0%ba-udekorowac-kosciol-na-granoc-2\/#breadcrumb","itemListElement":[{"@type":"ListItem","position":1,"name":"Strona g\u0142\u00f3wna","item":"https:\/\/chrystus.pl\/"},{"@type":"ListItem","position":2,"name":"Jak udekorowa\u0107 ko\u015bci\u00f3\u0142 na Wielkanoc\u00a0\u00a0"}]},{"@type":"WebSite","@id":"https:\/\/chrystus.pl\/#website","url":"https:\/\/chrystus.pl\/","name":"Christus","description":"God, Maria, Jezus, Communie en meer","publisher":{"@id":"https:\/\/chrystus.pl\/#organization"},"potentialAction":[{"@type":"SearchAction","target":{"@type":"EntryPoint","urlTemplate":"https:\/\/chrystus.pl\/?s={search_term_string}"},"query-input":{"@type":"PropertyValueSpecification","valueRequired":true,"valueName":"search_term_string"}}],"inLanguage":"nl-NL"},{"@type":"Organization","@id":"https:\/\/chrystus.pl\/#organization","name":"Christus.pl","url":"https:\/\/chrystus.pl\/","logo":{"@type":"ImageObject","inLanguage":"nl-NL","@id":"https:\/\/chrystus.pl\/#\/schema\/logo\/image\/","url":"https:\/\/chrystus.pl\/wp-content\/uploads\/2019\/03\/chrystus-bog-maryja-komunia-bierzmowanie.jpg","contentUrl":"https:\/\/chrystus.pl\/wp-content\/uploads\/2019\/03\/chrystus-bog-maryja-komunia-bierzmowanie.jpg","width":1920,"height":1280,"caption":"Chrystus.pl"},"image":{"@id":"https:\/\/chrystus.pl\/#\/schema\/logo\/image\/"}},{"@type":"Person","@id":"https:\/\/chrystus.pl\/#\/schema\/person\/e2e742452b8b7b2bcd23ea180671d27a","name":"Samaritaanse vrouw"}]}},"_links":{"self":[{"href":"https:\/\/chrystus.pl\/nl\/wp-json\/wp\/v2\/posts\/1255","targetHints":{"allow":["GET"]}}],"collection":[{"href":"https:\/\/chrystus.pl\/nl\/wp-json\/wp\/v2\/posts"}],"about":[{"href":"https:\/\/chrystus.pl\/nl\/wp-json\/wp\/v2\/types\/post"}],"author":[{"embeddable":true,"href":"https:\/\/chrystus.pl\/nl\/wp-json\/wp\/v2\/users\/1"}],"replies":[{"embeddable":true,"href":"https:\/\/chrystus.pl\/nl\/wp-json\/wp\/v2\/comments?post=1255"}],"version-history":[{"count":0,"href":"https:\/\/chrystus.pl\/nl\/wp-json\/wp\/v2\/posts\/1255\/revisions"}],"wp:featuredmedia":[{"embeddable":true,"href":"https:\/\/chrystus.pl\/nl\/wp-json\/wp\/v2\/media\/1256"}],"wp:attachment":[{"href":"https:\/\/chrystus.pl\/nl\/wp-json\/wp\/v2\/media?parent=1255"}],"wp:term":[{"taxonomy":"category","embeddable":true,"href":"https:\/\/chrystus.pl\/nl\/wp-json\/wp\/v2\/categories?post=1255"},{"taxonomy":"post_tag","embeddable":true,"href":"https:\/\/chrystus.pl\/nl\/wp-json\/wp\/v2\/tags?post=1255"}],"curies":[{"name":"wp","href":"https:\/\/api.w.org\/{rel}","templated":true}]}}