{"id":1478,"date":"2020-04-26T22:05:31","date_gmt":"2020-04-26T22:05:31","guid":{"rendered":"https:\/\/chrystus.pl\/?p=1478"},"modified":"2020-04-29T19:53:41","modified_gmt":"2020-04-29T19:53:41","slug":"dlaczego-niebo-jest-niebieskie-i-ma-barwe-blekitna","status":"publish","type":"post","link":"https:\/\/chrystus.pl\/nl\/dlaczego-niebo-jest-niebieskie-i-ma-barwe-blekitna\/","title":{"rendered":"Waarom is de lucht blauw?"},"content":{"rendered":"<p><span>Waarom <a href=\"https:\/\/chrystus.pl\/nl\/jak-wyglada-niebo\/\">sky<\/a> is het blauw? Waarom is de hemel blauw? In zekere zin is het antwoord op deze vraag al gegeven in een ander deel van dit artikel, over de verschillende kleuren van de lucht en hun relatie tot de Goddelijke tekens. Hier zullen we proberen ons te richten op de zuivere natuurkunde en in ieder geval even af te stappen van onderwerpen die met onze religie te maken hebben. <\/span><\/p>\n<p><span>Jak ju\u017c wiemy, nasze fizyczne niebo, kt\u00f3re widzimy na co dzie\u0144 nie ma wiele wsp\u00f3lnego z Niebem biblijnym, kt\u00f3re jest miejscem docelowym ka\u017cdej wierz\u0105cej duszy. Niebo jakie nas otacza i na kt\u00f3re codziennie spogl\u0105damy jest jednak stworzone przez Boga. To Pan nada\u0142 mu taki kszta\u0142t, z kt\u00f3rym spotykamy si\u0119 na co dzie\u0144. To B\u00f3g kieruje zjawiskami jakie na nim zachodz\u0105 i powoduj\u0105, \u017ce wygl\u0105da tak, a nie inaczej. <\/span><\/p>\n<p><span>Waarom is de lucht blauw? Waarom is de lucht blauw? De kleur van de lucht en de wolken erop hangt af van de optische verschijnselen die zich erin voordoen. Het belangrijkste optische verschijnsel in dit geval is de verstrooiing en breking van zonlicht door deeltjes op het oppervlak. Met deeltjes bedoelen we hier b.v. waterdruppels, ijskristallen en verschillende soorten stof die in de lucht zweven. De kleur van de hemel, of beter gezegd de dispersie van het licht, hangt ook in grote mate af van de chemische samenstelling van de atmosfeer.<\/span><\/p>\n<p><span>Alles wat wij met het menselijk oog zien, is het resultaat van de weerkaatsing van de zonnestralen op een voorwerp wanneer zij ons oog bereiken. Een helderblauwe hemel is het resultaat van de verstrooiing van zonnestraling door de lucht in de atmosfeer van de aarde. <\/span><\/p>\n<p><span>Als de atmosfeer niet bestond of als het licht er niet door werd verstrooid, dan zouden wij de zwarte ruimte van de ruimte zien. De hemel zou voor ons zwart lijken en overdag zouden sterren zichtbaar zijn. De verstrooiing van de stralen door de atmosfeer wordt veroorzaakt door de moleculen van de gassen waaruit de atmosfeer is opgebouwd, die veel kleiner zijn dan de golflengte van het zonlicht. <\/span><\/p>\n<p><span>Licht dat met deze deeltjes in wisselwerking treedt, ondergaat de zogenaamde Rayleigh-verstrooiing. De verstrooiing van zo'n golf is het grootst voor violet gekleurd licht, maar door de lage intensiteit van violet in het spectrum en door de eigenschappen van het menselijk oog, is de lucht blauw.<\/span><\/p>","protected":false},"excerpt":{"rendered":"<p>Dlaczego niebo jest b\u0142\u0119kitne? Dlaczego niebo ma barw\u0119 niebiesk\u0105? Odpowied\u017a na to pytanie poniek\u0105d zosta\u0142a ju\u017c udzielona w innej cz\u0119\u015bci tego artyku\u0142u, dotycz\u0105cej r\u00f3\u017cnych kolor\u00f3w nieba i ich zwi\u0105zk\u00f3w z Boskimi znakami. Tutaj postaramy si\u0119 skupi\u0107 na czystej fizyce i chocia\u017c na chwil\u0119 oddali\u0107 si\u0119 od temat\u00f3w zwi\u0105zanych z nasz\u0105 religi\u0105. Jak ju\u017c wiemy, nasze &hellip;<\/p>","protected":false},"author":1,"featured_media":1479,"comment_status":"closed","ping_status":"closed","sticky":false,"template":"","format":"standard","meta":{"footnotes":""},"categories":[60],"tags":[],"class_list":["post-1478","post","type-post","status-publish","format-standard","has-post-thumbnail","hentry","category-niebo"],"yoast_head":"<!-- This site is optimized with the Yoast SEO plugin v27.5 - https:\/\/yoast.com\/product\/yoast-seo-wordpress\/ -->\n<title>Dlaczego niebo jest niebieskie i ma barw\u0119 b\u0142\u0119kitn\u0105? - Chrystus<\/title>\n<meta name=\"description\" content=\"Dlaczego niebo jest b\u0142\u0119kitne? Dlaczego niebo ma barw\u0119 niebiesk\u0105? Odpowied\u017a na to pytanie poniek\u0105d zosta\u0142a ju\u017c udzielona w innej cz\u0119\u015bci tego artyku\u0142u,\" \/>\n<meta name=\"robots\" content=\"index, follow, max-snippet:-1, max-image-preview:large, max-video-preview:-1\" \/>\n<link rel=\"canonical\" href=\"https:\/\/chrystus.pl\/nl\/waarom-de-hemel-blauw-is-en-blauw-kleur-heeft\/\" \/>\n<meta property=\"og:locale\" content=\"nl_NL\" \/>\n<meta property=\"og:type\" content=\"article\" \/>\n<meta property=\"og:title\" content=\"Dlaczego niebo jest niebieskie i ma barw\u0119 b\u0142\u0119kitn\u0105?\" \/>\n<meta property=\"og:description\" content=\"Jak ju\u017c wiemy, nasze fizyczne niebo, kt\u00f3re widzimy na co dzie\u0144 nie ma wiele wsp\u00f3lnego z Niebem biblijnym, kt\u00f3re jest miejscem docelowym ka\u017cdej wierz\u0105cej duszy. Niebo jakie nas otacza i na kt\u00f3re codziennie spogl\u0105damy jest jednak stworzone przez Boga.\" \/>\n<meta property=\"og:url\" content=\"https:\/\/chrystus.pl\/nl\/waarom-de-hemel-blauw-is-en-blauw-kleur-heeft\/\" \/>\n<meta property=\"og:site_name\" content=\"Chrystus\" \/>\n<meta property=\"article:published_time\" content=\"2020-04-26T22:05:31+00:00\" \/>\n<meta property=\"article:modified_time\" content=\"2020-04-29T19:53:41+00:00\" \/>\n<meta property=\"og:image\" content=\"https:\/\/chrystus.pl\/wp-content\/uploads\/2020\/04\/Dlaczego-niebo-jest-niebieskie-i-ma-barwe\u0328-b\u0142e\u0328kitna\u0328.jpg\" \/>\n\t<meta property=\"og:image:width\" content=\"640\" \/>\n\t<meta property=\"og:image:height\" content=\"426\" \/>\n\t<meta property=\"og:image:type\" content=\"image\/jpeg\" \/>\n<meta name=\"author\" content=\"Samarytanka\" \/>\n<meta name=\"twitter:card\" content=\"summary_large_image\" \/>\n<meta name=\"twitter:title\" content=\"Dlaczego niebo jest niebieskie i ma barw\u0119 b\u0142\u0119kitn\u0105?\" \/>\n<meta name=\"twitter:description\" content=\"Jak ju\u017c wiemy, nasze fizyczne niebo, kt\u00f3re widzimy na co dzie\u0144 nie ma wiele wsp\u00f3lnego z Niebem biblijnym, kt\u00f3re jest miejscem docelowym ka\u017cdej wierz\u0105cej duszy. Niebo jakie nas otacza i na kt\u00f3re codziennie spogl\u0105damy jest jednak stworzone przez Boga.\" \/>\n<meta name=\"twitter:image\" content=\"https:\/\/chrystus.pl\/wp-content\/uploads\/2020\/04\/Dlaczego-niebo-jest-niebieskie-i-ma-barwe\u0328-b\u0142e\u0328kitna\u0328.jpg\" \/>\n<meta name=\"twitter:label1\" content=\"Geschreven door\" \/>\n\t<meta name=\"twitter:data1\" content=\"Samarytanka\" \/>\n\t<meta name=\"twitter:label2\" content=\"Geschatte leestijd\" \/>\n\t<meta name=\"twitter:data2\" content=\"2 minuten\" \/>\n<!-- \/ Yoast SEO plugin. -->","yoast_head_json":{"title":"Waarom is de lucht blauw? - Christus","description":"Waarom is de lucht blauw? Waarom is de lucht blauw? Deze vraag is reeds tot op zekere hoogte beantwoord in een ander deel van dit artikel,","robots":{"index":"index","follow":"follow","max-snippet":"max-snippet:-1","max-image-preview":"max-image-preview:large","max-video-preview":"max-video-preview:-1"},"canonical":"https:\/\/chrystus.pl\/nl\/waarom-de-hemel-blauw-is-en-blauw-kleur-heeft\/","og_locale":"nl_NL","og_type":"article","og_title":"Dlaczego niebo jest niebieskie i ma barw\u0119 b\u0142\u0119kitn\u0105?","og_description":"Jak ju\u017c wiemy, nasze fizyczne niebo, kt\u00f3re widzimy na co dzie\u0144 nie ma wiele wsp\u00f3lnego z Niebem biblijnym, kt\u00f3re jest miejscem docelowym ka\u017cdej wierz\u0105cej duszy. Niebo jakie nas otacza i na kt\u00f3re codziennie spogl\u0105damy jest jednak stworzone przez Boga.","og_url":"https:\/\/chrystus.pl\/nl\/waarom-de-hemel-blauw-is-en-blauw-kleur-heeft\/","og_site_name":"Chrystus","article_published_time":"2020-04-26T22:05:31+00:00","article_modified_time":"2020-04-29T19:53:41+00:00","og_image":[{"width":640,"height":426,"url":"https:\/\/chrystus.pl\/wp-content\/uploads\/2020\/04\/Dlaczego-niebo-jest-niebieskie-i-ma-barwe\u0328-b\u0142e\u0328kitna\u0328.jpg","type":"image\/jpeg"}],"author":"Samarytanka","twitter_card":"summary_large_image","twitter_title":"Dlaczego niebo jest niebieskie i ma barw\u0119 b\u0142\u0119kitn\u0105?","twitter_description":"Jak ju\u017c wiemy, nasze fizyczne niebo, kt\u00f3re widzimy na co dzie\u0144 nie ma wiele wsp\u00f3lnego z Niebem biblijnym, kt\u00f3re jest miejscem docelowym ka\u017cdej wierz\u0105cej duszy. Niebo jakie nas otacza i na kt\u00f3re codziennie spogl\u0105damy jest jednak stworzone przez Boga.","twitter_image":"https:\/\/chrystus.pl\/wp-content\/uploads\/2020\/04\/Dlaczego-niebo-jest-niebieskie-i-ma-barwe\u0328-b\u0142e\u0328kitna\u0328.jpg","twitter_misc":{"Geschreven door":"Samarytanka","Geschatte leestijd":"2 minuten"},"schema":{"@context":"https:\/\/schema.org","@graph":[{"@type":"Article","@id":"https:\/\/chrystus.pl\/dlaczego-niebo-jest-niebieskie-i-ma-barwe-blekitna\/#article","isPartOf":{"@id":"https:\/\/chrystus.pl\/dlaczego-niebo-jest-niebieskie-i-ma-barwe-blekitna\/"},"author":{"name":"Samarytanka","@id":"https:\/\/chrystus.pl\/#\/schema\/person\/e2e742452b8b7b2bcd23ea180671d27a"},"headline":"Dlaczego niebo jest niebieskie i ma barw\u0119 b\u0142\u0119kitn\u0105?","datePublished":"2020-04-26T22:05:31+00:00","dateModified":"2020-04-29T19:53:41+00:00","mainEntityOfPage":{"@id":"https:\/\/chrystus.pl\/dlaczego-niebo-jest-niebieskie-i-ma-barwe-blekitna\/"},"wordCount":391,"publisher":{"@id":"https:\/\/chrystus.pl\/#organization"},"image":{"@id":"https:\/\/chrystus.pl\/dlaczego-niebo-jest-niebieskie-i-ma-barwe-blekitna\/#primaryimage"},"thumbnailUrl":"https:\/\/chrystus.pl\/wp-content\/uploads\/2020\/04\/Dlaczego-niebo-jest-niebieskie-i-ma-barwe\u0328-b\u0142e\u0328kitna\u0328.jpg","articleSection":["Niebo"],"inLanguage":"nl-NL"},{"@type":"WebPage","@id":"https:\/\/chrystus.pl\/dlaczego-niebo-jest-niebieskie-i-ma-barwe-blekitna\/","url":"https:\/\/chrystus.pl\/dlaczego-niebo-jest-niebieskie-i-ma-barwe-blekitna\/","name":"Waarom is de lucht blauw? - Christus","isPartOf":{"@id":"https:\/\/chrystus.pl\/#website"},"primaryImageOfPage":{"@id":"https:\/\/chrystus.pl\/dlaczego-niebo-jest-niebieskie-i-ma-barwe-blekitna\/#primaryimage"},"image":{"@id":"https:\/\/chrystus.pl\/dlaczego-niebo-jest-niebieskie-i-ma-barwe-blekitna\/#primaryimage"},"thumbnailUrl":"https:\/\/chrystus.pl\/wp-content\/uploads\/2020\/04\/Dlaczego-niebo-jest-niebieskie-i-ma-barwe\u0328-b\u0142e\u0328kitna\u0328.jpg","datePublished":"2020-04-26T22:05:31+00:00","dateModified":"2020-04-29T19:53:41+00:00","description":"Waarom is de lucht blauw? Waarom is de lucht blauw? Deze vraag is reeds tot op zekere hoogte beantwoord in een ander deel van dit artikel,","breadcrumb":{"@id":"https:\/\/chrystus.pl\/dlaczego-niebo-jest-niebieskie-i-ma-barwe-blekitna\/#breadcrumb"},"inLanguage":"nl-NL","potentialAction":[{"@type":"ReadAction","target":["https:\/\/chrystus.pl\/dlaczego-niebo-jest-niebieskie-i-ma-barwe-blekitna\/"]}]},{"@type":"ImageObject","inLanguage":"nl-NL","@id":"https:\/\/chrystus.pl\/dlaczego-niebo-jest-niebieskie-i-ma-barwe-blekitna\/#primaryimage","url":"https:\/\/chrystus.pl\/wp-content\/uploads\/2020\/04\/Dlaczego-niebo-jest-niebieskie-i-ma-barwe\u0328-b\u0142e\u0328kitna\u0328.jpg","contentUrl":"https:\/\/chrystus.pl\/wp-content\/uploads\/2020\/04\/Dlaczego-niebo-jest-niebieskie-i-ma-barwe\u0328-b\u0142e\u0328kitna\u0328.jpg","width":640,"height":426,"caption":"Dlaczego niebo jest niebieskie i ma barwe\u0328 b\u0142e\u0328kitna\u0328"},{"@type":"BreadcrumbList","@id":"https:\/\/chrystus.pl\/dlaczego-niebo-jest-niebieskie-i-ma-barwe-blekitna\/#breadcrumb","itemListElement":[{"@type":"ListItem","position":1,"name":"Strona g\u0142\u00f3wna","item":"https:\/\/chrystus.pl\/"},{"@type":"ListItem","position":2,"name":"Dlaczego niebo jest niebieskie i ma barw\u0119 b\u0142\u0119kitn\u0105?"}]},{"@type":"WebSite","@id":"https:\/\/chrystus.pl\/#website","url":"https:\/\/chrystus.pl\/","name":"Christus","description":"God, Maria, Jezus, Communie en meer","publisher":{"@id":"https:\/\/chrystus.pl\/#organization"},"potentialAction":[{"@type":"SearchAction","target":{"@type":"EntryPoint","urlTemplate":"https:\/\/chrystus.pl\/?s={search_term_string}"},"query-input":{"@type":"PropertyValueSpecification","valueRequired":true,"valueName":"search_term_string"}}],"inLanguage":"nl-NL"},{"@type":"Organization","@id":"https:\/\/chrystus.pl\/#organization","name":"Christus.pl","url":"https:\/\/chrystus.pl\/","logo":{"@type":"ImageObject","inLanguage":"nl-NL","@id":"https:\/\/chrystus.pl\/#\/schema\/logo\/image\/","url":"https:\/\/chrystus.pl\/wp-content\/uploads\/2019\/03\/chrystus-bog-maryja-komunia-bierzmowanie.jpg","contentUrl":"https:\/\/chrystus.pl\/wp-content\/uploads\/2019\/03\/chrystus-bog-maryja-komunia-bierzmowanie.jpg","width":1920,"height":1280,"caption":"Chrystus.pl"},"image":{"@id":"https:\/\/chrystus.pl\/#\/schema\/logo\/image\/"}},{"@type":"Person","@id":"https:\/\/chrystus.pl\/#\/schema\/person\/e2e742452b8b7b2bcd23ea180671d27a","name":"Samaritaanse vrouw"}]}},"_links":{"self":[{"href":"https:\/\/chrystus.pl\/nl\/wp-json\/wp\/v2\/posts\/1478","targetHints":{"allow":["GET"]}}],"collection":[{"href":"https:\/\/chrystus.pl\/nl\/wp-json\/wp\/v2\/posts"}],"about":[{"href":"https:\/\/chrystus.pl\/nl\/wp-json\/wp\/v2\/types\/post"}],"author":[{"embeddable":true,"href":"https:\/\/chrystus.pl\/nl\/wp-json\/wp\/v2\/users\/1"}],"replies":[{"embeddable":true,"href":"https:\/\/chrystus.pl\/nl\/wp-json\/wp\/v2\/comments?post=1478"}],"version-history":[{"count":0,"href":"https:\/\/chrystus.pl\/nl\/wp-json\/wp\/v2\/posts\/1478\/revisions"}],"wp:featuredmedia":[{"embeddable":true,"href":"https:\/\/chrystus.pl\/nl\/wp-json\/wp\/v2\/media\/1479"}],"wp:attachment":[{"href":"https:\/\/chrystus.pl\/nl\/wp-json\/wp\/v2\/media?parent=1478"}],"wp:term":[{"taxonomy":"category","embeddable":true,"href":"https:\/\/chrystus.pl\/nl\/wp-json\/wp\/v2\/categories?post=1478"},{"taxonomy":"post_tag","embeddable":true,"href":"https:\/\/chrystus.pl\/nl\/wp-json\/wp\/v2\/tags?post=1478"}],"curies":[{"name":"wp","href":"https:\/\/api.w.org\/{rel}","templated":true}]}}