{"id":570,"date":"2019-04-16T00:07:38","date_gmt":"2019-04-16T00:07:38","guid":{"rendered":"https:\/\/chrystus.pl\/?p=570"},"modified":"2020-01-13T07:47:54","modified_gmt":"2020-01-13T07:47:54","slug":"kim-zostal-mojzesz-po-ucieczce-z-egiptu","status":"publish","type":"post","link":"https:\/\/chrystus.pl\/nl\/kim-zostal-mojzesz-po-ucieczce-z-egiptu\/","title":{"rendered":"Wie Mozes werd na zijn ontsnapping uit Egypte"},"content":{"rendered":"<p>Wie was <span id=\"urn:local-text-annotation-p29redjyza59h9jn0t3i3df7g2naysfv\" class=\"textannotation disambiguated wl-person\" itemid=\"http:\/\/data.wordlift.io\/wl01378\/entity\/mojzesz\">Moses<\/span> en wat heeft hij gedaan? Wie is hij geworden? <span id=\"urn:local-text-annotation-w6ad0y2nk1pr1y5cf6diot6yyonnhwjz\" class=\"textannotation disambiguated wl-person\" itemid=\"http:\/\/data.wordlift.io\/wl01378\/entity\/mojzesz\">Moses<\/span> na ontsnapt te zijn uit <span id=\"urn:local-text-annotation-wzuzr1sly7716zvt3kytp6ax93axfu1a\" class=\"textannotation disambiguated wl-thing\" itemid=\"http:\/\/data.wordlift.io\/wl01378\/entity\/starozytny_egipt\">Egypte<\/span>?<\/p>\n<p>Er is geen twijfel dat <span id=\"urn:local-text-annotation-aqyxwrzfsaahd62g54llk5w7d7udubys\" class=\"textannotation disambiguated wl-person\" itemid=\"http:\/\/data.wordlift.io\/wl01378\/entity\/mojzesz\">Moses<\/span> was een groots figuur en met zijn persoon en daden drukte hij een groot stempel op de geschiedenis van de hele <span id=\"urn:local-text-annotation-iwvanxl2gt8lq47htyjz5yeya9vhq6s7\" class=\"textannotation disambiguated wl-thing\" itemid=\"http:\/\/data.wordlift.io\/wl01378\/entity\/narod_wybrany\">Uitverkorenen<\/span>. Er bestaat ook geen twijfel over dat <span id=\"urn:local-text-annotation-waplliv5jcghc2wrosml3p78frkuelv5\" class=\"textannotation disambiguated wl-person\" itemid=\"http:\/\/data.wordlift.io\/wl01378\/entity\/mojzesz\">Moses<\/span> een historisch figuur was. Hij leefde waarschijnlijk in de 13e eeuw v. Chr. Volgens bijbelse verslagen leefde hij wel 120 jaar.<\/p>\n<p>Vanuit een zuiver historisch oogpunt <span id=\"urn:local-text-annotation-240lfjcti25lnc9xlwnqu8vorll1hk2g\" class=\"textannotation disambiguated wl-person\" itemid=\"http:\/\/data.wordlift.io\/wl01378\/entity\/mojzesz\">Moses<\/span> Hij was een profeet. Hij was ook een leider <span id=\"urn:local-text-annotation-lbqk0dtjklk5kh3i4j0uehop7jenx6k1\" class=\"textannotation disambiguated wl-thing\" itemid=\"http:\/\/data.wordlift.io\/wl01378\/entity\/zydzi\">Isra\u00eblieten<\/span> tijdens hun ontsnapping uit <span id=\"urn:local-text-annotation-cjv4gt4kspqvrhvarmvpaiar880i7rv4\" class=\"textannotation disambiguated wl-thing\" itemid=\"http:\/\/data.wordlift.io\/wl01378\/entity\/starozytny_egipt\">Egypte<\/span> en een 40-jarige reis naar <span id=\"urn:local-text-annotation-7kda1qldn3u3prla5qld42bplkwv3emj\" class=\"textannotation disambiguated wl-thing\" itemid=\"http:\/\/data.wordlift.io\/wl01378\/entity\/ziemia_obiecana_biblia\">Beloofde Land<\/span>.<\/p>\n<p><span id=\"urn:local-text-annotation-m90f124np4gtg5qx6y2lu7cxwg2aho8c\" class=\"textannotation disambiguated wl-person\" itemid=\"http:\/\/data.wordlift.io\/wl01378\/entity\/mojzesz\">Moses<\/span> Hij was de zoon van Amaram en Jochabel. Hij werd geboren ten tijde van de grote slachting onder Isra\u00eblitische kinderen in <span id=\"urn:local-text-annotation-3xgm8wm4ige31hzi581a5ewcb739ffqb\" class=\"textannotation disambiguated wl-place\" itemid=\"http:\/\/data.wordlift.io\/wl01378\/entity\/egipt\">egypte<\/span>Hij was echter buitengewoon succesvol in het beschermen van zichzelf tegen zijn onderdrukkers. <span id=\"urn:local-text-annotation-r6n6y7r7yeffoktpw1f0coqdsbjopejr\" class=\"textannotation disambiguated wl-person\" itemid=\"http:\/\/data.wordlift.io\/wl01378\/entity\/mojzesz\">Moses<\/span> Hij werd opgevoed door de dochter van de Farao, waardoor hij een goede opvoeding kreeg. Vanaf het begin was hij een vooraanstaand lid <span id=\"urn:local-text-annotation-qnrwm2jfnrcfdlm9lzo6wxvtiv1i4l8c\" class=\"textannotation disambiguated wl-thing\" itemid=\"http:\/\/data.wordlift.io\/wl01378\/entity\/spolecznosc_2\">gemeenschappen<\/span>. Tijdens de invasie van de volkeren van Ethiopi\u00eb, leidde hij het Egyptische leger naar de overwinning.<\/p>\n<p>Hij werd daar dus al erkend als een groot leider. Zoals we weten uit eerdere delen van de artikelen, werd hij ook gekozen door <span id=\"urn:local-text-annotation-zb3ggy3ckcnqadxxuws8o7c2usy7qer4\" class=\"textannotation disambiguated wl-thing\" itemid=\"http:\/\/data.wordlift.io\/wl01378\/entity\/jahwe\">Yahweh<\/span> chef <span id=\"urn:local-text-annotation-qbfhoxk9657iqk24c07k30t7dsrh8qyf\" class=\"textannotation disambiguated wl-thing\" itemid=\"http:\/\/data.wordlift.io\/wl01378\/entity\/zydzi\">Isra\u00eblieten<\/span> na ontsnapt te zijn uit <span id=\"urn:local-text-annotation-2me47a6q8wjhz77b92dfnfs8phvpeufb\" class=\"textannotation disambiguated wl-thing\" itemid=\"http:\/\/data.wordlift.io\/wl01378\/entity\/starozytny_egipt\">Egypte<\/span>. <span id=\"urn:local-text-annotation-vye4mkrzvofu7lqdn8dvsfffyibuvdrc\" class=\"textannotation disambiguated wl-person\" itemid=\"http:\/\/data.wordlift.io\/wl01378\/entity\/mojzesz\">Moses<\/span> Hij deed grote dingen en bereikte veel. Hij werd een groot leider, maar ook een groot profeet en een bemiddelaar tussen <span id=\"urn:enhancement-37b51704\" class=\"textannotation disambiguated wl-other\" itemid=\"http:\/\/data.wordlift.io\/wl01857\/entity\/kyrios\">Panem<\/span> en zijn volk. Hij gaf hun hoop en leidde hen naar hun doel.<\/p>\n<p><span>\u00a0<\/span><\/p>","protected":false},"excerpt":{"rendered":"<p>Wie was Mozes en wat heeft hij bereikt? Wie werd Mozes na zijn ontsnapping uit Egypte? Het lijdt geen twijfel dat Mozes een groots figuur was en met zijn persoon en zijn daden een enorme stempel heeft gedrukt op de geschiedenis van het gehele uitverkoren volk. Er bestaat ook geen twijfel over dat Mozes een historische figuur was. Hij leefde waarschijnlijk in de 13e eeuw ...<\/p>","protected":false},"author":1,"featured_media":571,"comment_status":"open","ping_status":"closed","sticky":false,"template":"","format":"standard","meta":{"footnotes":""},"categories":[49],"tags":[],"class_list":["post-570","post","type-post","status-publish","format-standard","has-post-thumbnail","hentry","category-mojzesz"],"yoast_head":"<!-- This site is optimized with the Yoast SEO plugin v27.5 - https:\/\/yoast.com\/product\/yoast-seo-wordpress\/ -->\n<title>Kim zosta\u0142 Moj\u017cesz po ucieczce z Egiptu - Chrystus<\/title>\n<meta name=\"description\" content=\"Kim by\u0142 Moj\u017cesz i czego dokona\u0142? Kim zosta\u0142 Moj\u017cesz po ucieczce z Egiptu? Nie ma w\u0105tpliwo\u015bci co do tego, \u017ce Moj\u017cesz by\u0142 wielk\u0105 postaci\u0105 i swoj\u0105 osob\u0105 oraz\" \/>\n<meta name=\"robots\" content=\"index, follow, max-snippet:-1, max-image-preview:large, max-video-preview:-1\" \/>\n<link rel=\"canonical\" href=\"https:\/\/chrystus.pl\/nl\/kim-zostal-mojzesz-po-chalk-z-egyptu\/\" \/>\n<meta property=\"og:locale\" content=\"nl_NL\" \/>\n<meta property=\"og:type\" content=\"article\" \/>\n<meta property=\"og:title\" content=\"Kim zosta\u0142 Moj\u017cesz po ucieczce z Egiptu - Chrystus\" \/>\n<meta property=\"og:description\" content=\"Kim by\u0142 Moj\u017cesz i czego dokona\u0142? Kim zosta\u0142 Moj\u017cesz po ucieczce z Egiptu? Nie ma w\u0105tpliwo\u015bci co do tego, \u017ce Moj\u017cesz by\u0142 wielk\u0105 postaci\u0105 i swoj\u0105 osob\u0105 oraz\" \/>\n<meta property=\"og:url\" content=\"https:\/\/chrystus.pl\/nl\/kim-zostal-mojzesz-po-chalk-z-egyptu\/\" \/>\n<meta property=\"og:site_name\" content=\"Chrystus\" \/>\n<meta property=\"article:published_time\" content=\"2019-04-16T00:07:38+00:00\" \/>\n<meta property=\"article:modified_time\" content=\"2020-01-13T07:47:54+00:00\" \/>\n<meta property=\"og:image\" content=\"https:\/\/chrystus.pl\/wp-content\/uploads\/2019\/04\/Kim-zosta\u0142-Mojz\u0307esz-po-ucieczce-z-Egiptu.jpg\" \/>\n\t<meta property=\"og:image:width\" content=\"1280\" \/>\n\t<meta property=\"og:image:height\" content=\"480\" \/>\n\t<meta property=\"og:image:type\" content=\"image\/jpeg\" \/>\n<meta name=\"author\" content=\"Samarytanka\" \/>\n<meta name=\"twitter:card\" content=\"summary_large_image\" \/>\n<meta name=\"twitter:label1\" content=\"Geschreven door\" \/>\n\t<meta name=\"twitter:data1\" content=\"Samarytanka\" \/>\n\t<meta name=\"twitter:label2\" content=\"Geschatte leestijd\" \/>\n\t<meta name=\"twitter:data2\" content=\"1 minuut\" \/>\n<!-- \/ Yoast SEO plugin. -->","yoast_head_json":{"title":"Wie werd Mozes na de vlucht uit Egypte - Christus","description":"Wie was Mozes en wat deed hij? Wie werd Mozes na de vlucht uit Egypte? Het lijdt geen twijfel dat Mozes een groot figuur was en met zijn persoon en","robots":{"index":"index","follow":"follow","max-snippet":"max-snippet:-1","max-image-preview":"max-image-preview:large","max-video-preview":"max-video-preview:-1"},"canonical":"https:\/\/chrystus.pl\/nl\/kim-zostal-mojzesz-po-chalk-z-egyptu\/","og_locale":"nl_NL","og_type":"article","og_title":"Kim zosta\u0142 Moj\u017cesz po ucieczce z Egiptu - Chrystus","og_description":"Kim by\u0142 Moj\u017cesz i czego dokona\u0142? Kim zosta\u0142 Moj\u017cesz po ucieczce z Egiptu? Nie ma w\u0105tpliwo\u015bci co do tego, \u017ce Moj\u017cesz by\u0142 wielk\u0105 postaci\u0105 i swoj\u0105 osob\u0105 oraz","og_url":"https:\/\/chrystus.pl\/nl\/kim-zostal-mojzesz-po-chalk-z-egyptu\/","og_site_name":"Chrystus","article_published_time":"2019-04-16T00:07:38+00:00","article_modified_time":"2020-01-13T07:47:54+00:00","og_image":[{"width":1280,"height":480,"url":"https:\/\/chrystus.pl\/wp-content\/uploads\/2019\/04\/Kim-zosta\u0142-Mojz\u0307esz-po-ucieczce-z-Egiptu.jpg","type":"image\/jpeg"}],"author":"Samarytanka","twitter_card":"summary_large_image","twitter_misc":{"Geschreven door":"Samarytanka","Geschatte leestijd":"1 minuut"},"schema":{"@context":"https:\/\/schema.org","@graph":[{"@type":"Article","@id":"https:\/\/chrystus.pl\/kim-zostal-mojzesz-po-ucieczce-z-egiptu\/#article","isPartOf":{"@id":"https:\/\/chrystus.pl\/kim-zostal-mojzesz-po-ucieczce-z-egiptu\/"},"author":{"name":"Samarytanka","@id":"https:\/\/chrystus.pl\/#\/schema\/person\/e2e742452b8b7b2bcd23ea180671d27a"},"headline":"Kim zosta\u0142 Moj\u017cesz po ucieczce z Egiptu","datePublished":"2019-04-16T00:07:38+00:00","dateModified":"2020-01-13T07:47:54+00:00","mainEntityOfPage":{"@id":"https:\/\/chrystus.pl\/kim-zostal-mojzesz-po-ucieczce-z-egiptu\/"},"wordCount":257,"commentCount":0,"publisher":{"@id":"https:\/\/chrystus.pl\/#organization"},"image":{"@id":"https:\/\/chrystus.pl\/kim-zostal-mojzesz-po-ucieczce-z-egiptu\/#primaryimage"},"thumbnailUrl":"https:\/\/chrystus.pl\/wp-content\/uploads\/2019\/04\/Kim-zosta\u0142-Mojz\u0307esz-po-ucieczce-z-Egiptu.jpg","articleSection":["Moj\u017cesz"],"inLanguage":"nl-NL","potentialAction":[{"@type":"CommentAction","name":"Comment","target":["https:\/\/chrystus.pl\/kim-zostal-mojzesz-po-ucieczce-z-egiptu\/#respond"]}]},{"@type":"WebPage","@id":"https:\/\/chrystus.pl\/kim-zostal-mojzesz-po-ucieczce-z-egiptu\/","url":"https:\/\/chrystus.pl\/kim-zostal-mojzesz-po-ucieczce-z-egiptu\/","name":"Wie werd Mozes na de vlucht uit Egypte - Christus","isPartOf":{"@id":"https:\/\/chrystus.pl\/#website"},"primaryImageOfPage":{"@id":"https:\/\/chrystus.pl\/kim-zostal-mojzesz-po-ucieczce-z-egiptu\/#primaryimage"},"image":{"@id":"https:\/\/chrystus.pl\/kim-zostal-mojzesz-po-ucieczce-z-egiptu\/#primaryimage"},"thumbnailUrl":"https:\/\/chrystus.pl\/wp-content\/uploads\/2019\/04\/Kim-zosta\u0142-Mojz\u0307esz-po-ucieczce-z-Egiptu.jpg","datePublished":"2019-04-16T00:07:38+00:00","dateModified":"2020-01-13T07:47:54+00:00","description":"Wie was Mozes en wat deed hij? Wie werd Mozes na de vlucht uit Egypte? Het lijdt geen twijfel dat Mozes een groot figuur was en met zijn persoon en","breadcrumb":{"@id":"https:\/\/chrystus.pl\/kim-zostal-mojzesz-po-ucieczce-z-egiptu\/#breadcrumb"},"inLanguage":"nl-NL","potentialAction":[{"@type":"ReadAction","target":["https:\/\/chrystus.pl\/kim-zostal-mojzesz-po-ucieczce-z-egiptu\/"]}]},{"@type":"ImageObject","inLanguage":"nl-NL","@id":"https:\/\/chrystus.pl\/kim-zostal-mojzesz-po-ucieczce-z-egiptu\/#primaryimage","url":"https:\/\/chrystus.pl\/wp-content\/uploads\/2019\/04\/Kim-zosta\u0142-Mojz\u0307esz-po-ucieczce-z-Egiptu.jpg","contentUrl":"https:\/\/chrystus.pl\/wp-content\/uploads\/2019\/04\/Kim-zosta\u0142-Mojz\u0307esz-po-ucieczce-z-Egiptu.jpg","width":1280,"height":480,"caption":"Kim zosta\u0142 Mojz\u0307esz po ucieczce z Egiptu"},{"@type":"BreadcrumbList","@id":"https:\/\/chrystus.pl\/kim-zostal-mojzesz-po-ucieczce-z-egiptu\/#breadcrumb","itemListElement":[{"@type":"ListItem","position":1,"name":"Strona g\u0142\u00f3wna","item":"https:\/\/chrystus.pl\/"},{"@type":"ListItem","position":2,"name":"Kim zosta\u0142 Moj\u017cesz po ucieczce z Egiptu"}]},{"@type":"WebSite","@id":"https:\/\/chrystus.pl\/#website","url":"https:\/\/chrystus.pl\/","name":"Christus","description":"God, Maria, Jezus, Communie en meer","publisher":{"@id":"https:\/\/chrystus.pl\/#organization"},"potentialAction":[{"@type":"SearchAction","target":{"@type":"EntryPoint","urlTemplate":"https:\/\/chrystus.pl\/?s={search_term_string}"},"query-input":{"@type":"PropertyValueSpecification","valueRequired":true,"valueName":"search_term_string"}}],"inLanguage":"nl-NL"},{"@type":"Organization","@id":"https:\/\/chrystus.pl\/#organization","name":"Christus.pl","url":"https:\/\/chrystus.pl\/","logo":{"@type":"ImageObject","inLanguage":"nl-NL","@id":"https:\/\/chrystus.pl\/#\/schema\/logo\/image\/","url":"https:\/\/chrystus.pl\/wp-content\/uploads\/2019\/03\/chrystus-bog-maryja-komunia-bierzmowanie.jpg","contentUrl":"https:\/\/chrystus.pl\/wp-content\/uploads\/2019\/03\/chrystus-bog-maryja-komunia-bierzmowanie.jpg","width":1920,"height":1280,"caption":"Chrystus.pl"},"image":{"@id":"https:\/\/chrystus.pl\/#\/schema\/logo\/image\/"}},{"@type":"Person","@id":"https:\/\/chrystus.pl\/#\/schema\/person\/e2e742452b8b7b2bcd23ea180671d27a","name":"Samaritaanse vrouw"}]}},"_links":{"self":[{"href":"https:\/\/chrystus.pl\/nl\/wp-json\/wp\/v2\/posts\/570","targetHints":{"allow":["GET"]}}],"collection":[{"href":"https:\/\/chrystus.pl\/nl\/wp-json\/wp\/v2\/posts"}],"about":[{"href":"https:\/\/chrystus.pl\/nl\/wp-json\/wp\/v2\/types\/post"}],"author":[{"embeddable":true,"href":"https:\/\/chrystus.pl\/nl\/wp-json\/wp\/v2\/users\/1"}],"replies":[{"embeddable":true,"href":"https:\/\/chrystus.pl\/nl\/wp-json\/wp\/v2\/comments?post=570"}],"version-history":[{"count":0,"href":"https:\/\/chrystus.pl\/nl\/wp-json\/wp\/v2\/posts\/570\/revisions"}],"wp:featuredmedia":[{"embeddable":true,"href":"https:\/\/chrystus.pl\/nl\/wp-json\/wp\/v2\/media\/571"}],"wp:attachment":[{"href":"https:\/\/chrystus.pl\/nl\/wp-json\/wp\/v2\/media?parent=570"}],"wp:term":[{"taxonomy":"category","embeddable":true,"href":"https:\/\/chrystus.pl\/nl\/wp-json\/wp\/v2\/categories?post=570"},{"taxonomy":"post_tag","embeddable":true,"href":"https:\/\/chrystus.pl\/nl\/wp-json\/wp\/v2\/tags?post=570"}],"curies":[{"name":"wp","href":"https:\/\/api.w.org\/{rel}","templated":true}]}}