{"id":597,"date":"2019-06-01T12:27:13","date_gmt":"2019-06-01T12:27:13","guid":{"rendered":"https:\/\/chrystus.pl\/?p=597"},"modified":"2020-01-13T07:55:45","modified_gmt":"2020-01-13T07:55:45","slug":"co-ludzie-kladli-na-droge-po-ktorej-jechal-pan-jezus","status":"publish","type":"post","link":"https:\/\/chrystus.pl\/nl\/co-ludzie-kladli-na-droge-po-ktorej-jechal-pan-jezus\/","title":{"rendered":"Wat legden de mensen op de weg waarop de Here Jezus reed?"},"content":{"rendered":"<p>Wat legden de mensen op de weg waarop de Here Jezus reed?<\/p>\n<p>Pytanie to wi\u0105\u017ce si\u0119 z histori\u0105 opowiadaj\u0105c\u0105 o wje\u017adzie Pana Jezusa do <span id=\"urn:enhancement-73e94d71\" class=\"textannotation disambiguated wl-place\" itemid=\"http:\/\/data.wordlift.io\/wl01857\/entity\/jerozolima\">Jeruzalem<\/span>.<\/p>\n<p>Kort na de genezing van de twee blinde bedelaars, bereikte de Heer <span id=\"urn:enhancement-8d881b1\" class=\"textannotation disambiguated wl-other\" itemid=\"http:\/\/data.wordlift.io\/wl01857\/entity\/betfage\">Betfage<\/span> i <span id=\"urn:enhancement-300b7107\" class=\"textannotation disambiguated wl-place\" itemid=\"http:\/\/data.wordlift.io\/wl01857\/entity\/al-ajzarija\">Bethany<\/span> naar de Olijfberg en instrueerde de twee <span id=\"urn:enhancement-de829b6e\" class=\"textannotation disambiguated wl-other\" itemid=\"http:\/\/data.wordlift.io\/wl01378\/entity\/apostol\">leerlingen<\/span> en bracht een ezel naar hem. Jezus vertrok op de ezel naar <span id=\"urn:enhancement-6113efac\" class=\"textannotation disambiguated wl-place\" itemid=\"http:\/\/data.wordlift.io\/wl01857\/entity\/jerozolima\">Jeruzalem<\/span>. De mensen, die dit gehoord hadden, kwamen naar buiten om Hem te ontmoeten. Zij begonnen hun mantels op zijn pad te leggen. Toen nam het volk ook palmtakken en prees de Heer met woorden: <span id=\"urn:enhancement-4f56be0b\" class=\"textannotation disambiguated wl-other\" itemid=\"http:\/\/data.wordlift.io\/wl01857\/entity\/blogoslawiony\"><a href=\"https:\/\/chrystus.pl\/nl\/8-blogoslawienstw-2\/\">Blessed<\/a><\/span> De Koning die komt in de naam van <span id=\"urn:enhancement-743bbb4f\" class=\"textannotation disambiguated wl-other\" itemid=\"http:\/\/data.wordlift.io\/wl01378\/entity\/jahwe\">Yahweh<\/span>begonnen ze deze takken voor hem te gooien.<\/p>\n<p>Jezus die de <span id=\"urn:enhancement-552ae79f\" class=\"textannotation disambiguated wl-place\" itemid=\"http:\/\/data.wordlift.io\/wl01857\/entity\/jerozolima\">Jeruzalem<\/span> Hij verwees naar de traditie dat de nieuwe koning de stad binnenreed op een ezel. Het volk verwelkomde hem natuurlijk met enthousiasme. Daarna ging de Heer naar de tempel, waar Hij de zieken, de lammen en de blinden ontmoette. De Here Jezus genas hen allen.<\/p>\n<p>Relacj\u0119 z tego wydarzenia, jakim by\u0142 wjazd Pana Jezusa do <span id=\"urn:enhancement-c75f1d70\" class=\"textannotation disambiguated wl-place\" itemid=\"http:\/\/data.wordlift.io\/wl01857\/entity\/jerozolima\">Jeruzalem<\/span> opgesteld door alle vier <span id=\"urn:enhancement-f609abf\" class=\"textannotation disambiguated wl-other\" itemid=\"http:\/\/data.wordlift.io\/wl01857\/entity\/ewangelisci\">evangelisten<\/span>. In alle verhalen is de intocht een grote triomf die door het volk met groot enthousiasme wordt ontvangen.<\/p>\n<p>En wat legden de mensen op de weg waarop de Here Jezus reed? Het waren mantels en palmtakken. Het volk toonde aldus hun steun en hun vreugde jegens de Heer. Zij riepen hem en verwelkomden hem als hun nieuwe koning. Hele mensenmassa's verwelkomden Jezus met vreugde en volgden hem en zijn ezel.<\/p>","protected":false},"excerpt":{"rendered":"<p>Co ludzie k\u0142adli na drog\u0119, po kt\u00f3rej jecha\u0142 Pan Jezus? Pytanie to wi\u0105\u017ce si\u0119 z histori\u0105 opowiadaj\u0105c\u0105 o wje\u017adzie Pana Jezusa do Jerozolimy. Kr\u00f3tko po uzdrowieniu dw\u00f3ch niewidomych \u017cebrak\u00f3w, dotar\u0142 Pan do Betfage i Betanii do Oliwnej g\u00f3ry i poleci\u0142 dw\u00f3m uczniom przyprowadzenie do niego os\u0142a. Jezus skierowa\u0142 si\u0119 na o\u015ble do Jerozolimy. Ludzie, dowiedziawszy &hellip;<\/p>","protected":false},"author":1,"featured_media":598,"comment_status":"open","ping_status":"closed","sticky":false,"template":"","format":"standard","meta":{"footnotes":""},"categories":[52],"tags":[],"class_list":["post-597","post","type-post","status-publish","format-standard","has-post-thumbnail","hentry","category-jezus"],"yoast_head":"<!-- This site is optimized with the Yoast SEO plugin v27.5 - https:\/\/yoast.com\/product\/yoast-seo-wordpress\/ -->\n<title>Co ludzie k\u0142adli na drog\u0119, po kt\u00f3rej jecha\u0142 Pan Jezus? - Chrystus<\/title>\n<meta name=\"description\" content=\"Co ludzie k\u0142adli na drog\u0119, po kt\u00f3rej jecha\u0142 Pan Jezus? Pytanie to wi\u0105\u017ce si\u0119 z histori\u0105 opowiadaj\u0105c\u0105 o wje\u017adzie Pana Jezusa do Jerozolimy. Kr\u00f3tko po\" \/>\n<meta name=\"robots\" content=\"index, follow, max-snippet:-1, max-image-preview:large, max-video-preview:-1\" \/>\n<link rel=\"canonical\" href=\"https:\/\/chrystus.pl\/nl\/what-you-go-go-go-go-go-go-go-go\/\" \/>\n<meta property=\"og:locale\" content=\"nl_NL\" \/>\n<meta property=\"og:type\" content=\"article\" \/>\n<meta property=\"og:title\" content=\"Co ludzie k\u0142adli na drog\u0119, po kt\u00f3rej jecha\u0142 Pan Jezus? - Chrystus\" \/>\n<meta property=\"og:description\" content=\"Co ludzie k\u0142adli na drog\u0119, po kt\u00f3rej jecha\u0142 Pan Jezus? Pytanie to wi\u0105\u017ce si\u0119 z histori\u0105 opowiadaj\u0105c\u0105 o wje\u017adzie Pana Jezusa do Jerozolimy. Kr\u00f3tko po\" \/>\n<meta property=\"og:url\" content=\"https:\/\/chrystus.pl\/nl\/what-you-go-go-go-go-go-go-go-go\/\" \/>\n<meta property=\"og:site_name\" content=\"Chrystus\" \/>\n<meta property=\"article:published_time\" content=\"2019-06-01T12:27:13+00:00\" \/>\n<meta property=\"article:modified_time\" content=\"2020-01-13T07:55:45+00:00\" \/>\n<meta property=\"og:image\" content=\"https:\/\/chrystus.pl\/wp-content\/uploads\/2019\/06\/Co-ludzie-k\u0142adli-na-droge\u0328-po-kto\u0301rej-jecha\u0142-Pan-Jezus.jpg\" \/>\n\t<meta property=\"og:image:width\" content=\"640\" \/>\n\t<meta property=\"og:image:height\" content=\"426\" \/>\n\t<meta property=\"og:image:type\" content=\"image\/jpeg\" \/>\n<meta name=\"author\" content=\"Samarytanka\" \/>\n<meta name=\"twitter:card\" content=\"summary_large_image\" \/>\n<meta name=\"twitter:label1\" content=\"Geschreven door\" \/>\n\t<meta name=\"twitter:data1\" content=\"Samarytanka\" \/>\n\t<meta name=\"twitter:label2\" content=\"Geschatte leestijd\" \/>\n\t<meta name=\"twitter:data2\" content=\"1 minuut\" \/>\n<!-- \/ Yoast SEO plugin. -->","yoast_head_json":{"title":"Wat legden de mensen op de weg waarop de Here Jezus reed? - Christus","description":"Wat legden de mensen op de weg waarop de Here Jezus reisde? Deze vraag houdt verband met het verhaal van Jezus' intocht in Jeruzalem. Kort nadat","robots":{"index":"index","follow":"follow","max-snippet":"max-snippet:-1","max-image-preview":"max-image-preview:large","max-video-preview":"max-video-preview:-1"},"canonical":"https:\/\/chrystus.pl\/nl\/what-you-go-go-go-go-go-go-go-go\/","og_locale":"nl_NL","og_type":"article","og_title":"Co ludzie k\u0142adli na drog\u0119, po kt\u00f3rej jecha\u0142 Pan Jezus? - Chrystus","og_description":"Co ludzie k\u0142adli na drog\u0119, po kt\u00f3rej jecha\u0142 Pan Jezus? Pytanie to wi\u0105\u017ce si\u0119 z histori\u0105 opowiadaj\u0105c\u0105 o wje\u017adzie Pana Jezusa do Jerozolimy. Kr\u00f3tko po","og_url":"https:\/\/chrystus.pl\/nl\/what-you-go-go-go-go-go-go-go-go\/","og_site_name":"Chrystus","article_published_time":"2019-06-01T12:27:13+00:00","article_modified_time":"2020-01-13T07:55:45+00:00","og_image":[{"width":640,"height":426,"url":"https:\/\/chrystus.pl\/wp-content\/uploads\/2019\/06\/Co-ludzie-k\u0142adli-na-droge\u0328-po-kto\u0301rej-jecha\u0142-Pan-Jezus.jpg","type":"image\/jpeg"}],"author":"Samarytanka","twitter_card":"summary_large_image","twitter_misc":{"Geschreven door":"Samarytanka","Geschatte leestijd":"1 minuut"},"schema":{"@context":"https:\/\/schema.org","@graph":[{"@type":"Article","@id":"https:\/\/chrystus.pl\/co-ludzie-kladli-na-droge-po-ktorej-jechal-pan-jezus\/#article","isPartOf":{"@id":"https:\/\/chrystus.pl\/co-ludzie-kladli-na-droge-po-ktorej-jechal-pan-jezus\/"},"author":{"name":"Samarytanka","@id":"https:\/\/chrystus.pl\/#\/schema\/person\/e2e742452b8b7b2bcd23ea180671d27a"},"headline":"Co ludzie k\u0142adli na drog\u0119, po kt\u00f3rej jecha\u0142 Pan Jezus?","datePublished":"2019-06-01T12:27:13+00:00","dateModified":"2020-01-13T07:55:45+00:00","mainEntityOfPage":{"@id":"https:\/\/chrystus.pl\/co-ludzie-kladli-na-droge-po-ktorej-jechal-pan-jezus\/"},"wordCount":277,"commentCount":0,"publisher":{"@id":"https:\/\/chrystus.pl\/#organization"},"image":{"@id":"https:\/\/chrystus.pl\/co-ludzie-kladli-na-droge-po-ktorej-jechal-pan-jezus\/#primaryimage"},"thumbnailUrl":"https:\/\/chrystus.pl\/wp-content\/uploads\/2019\/06\/Co-ludzie-k\u0142adli-na-droge\u0328-po-kto\u0301rej-jecha\u0142-Pan-Jezus.jpg","articleSection":["Jezus"],"inLanguage":"nl-NL","potentialAction":[{"@type":"CommentAction","name":"Comment","target":["https:\/\/chrystus.pl\/co-ludzie-kladli-na-droge-po-ktorej-jechal-pan-jezus\/#respond"]}]},{"@type":"WebPage","@id":"https:\/\/chrystus.pl\/co-ludzie-kladli-na-droge-po-ktorej-jechal-pan-jezus\/","url":"https:\/\/chrystus.pl\/co-ludzie-kladli-na-droge-po-ktorej-jechal-pan-jezus\/","name":"Wat legden de mensen op de weg waarop de Here Jezus reed? - Christus","isPartOf":{"@id":"https:\/\/chrystus.pl\/#website"},"primaryImageOfPage":{"@id":"https:\/\/chrystus.pl\/co-ludzie-kladli-na-droge-po-ktorej-jechal-pan-jezus\/#primaryimage"},"image":{"@id":"https:\/\/chrystus.pl\/co-ludzie-kladli-na-droge-po-ktorej-jechal-pan-jezus\/#primaryimage"},"thumbnailUrl":"https:\/\/chrystus.pl\/wp-content\/uploads\/2019\/06\/Co-ludzie-k\u0142adli-na-droge\u0328-po-kto\u0301rej-jecha\u0142-Pan-Jezus.jpg","datePublished":"2019-06-01T12:27:13+00:00","dateModified":"2020-01-13T07:55:45+00:00","description":"Wat legden de mensen op de weg waarop de Here Jezus reisde? Deze vraag houdt verband met het verhaal van Jezus' intocht in Jeruzalem. Kort nadat","breadcrumb":{"@id":"https:\/\/chrystus.pl\/co-ludzie-kladli-na-droge-po-ktorej-jechal-pan-jezus\/#breadcrumb"},"inLanguage":"nl-NL","potentialAction":[{"@type":"ReadAction","target":["https:\/\/chrystus.pl\/co-ludzie-kladli-na-droge-po-ktorej-jechal-pan-jezus\/"]}]},{"@type":"ImageObject","inLanguage":"nl-NL","@id":"https:\/\/chrystus.pl\/co-ludzie-kladli-na-droge-po-ktorej-jechal-pan-jezus\/#primaryimage","url":"https:\/\/chrystus.pl\/wp-content\/uploads\/2019\/06\/Co-ludzie-k\u0142adli-na-droge\u0328-po-kto\u0301rej-jecha\u0142-Pan-Jezus.jpg","contentUrl":"https:\/\/chrystus.pl\/wp-content\/uploads\/2019\/06\/Co-ludzie-k\u0142adli-na-droge\u0328-po-kto\u0301rej-jecha\u0142-Pan-Jezus.jpg","width":640,"height":426,"caption":"Co ludzie k\u0142adli na droge\u0328 po kto\u0301rej jecha\u0142 Pan Jezus"},{"@type":"BreadcrumbList","@id":"https:\/\/chrystus.pl\/co-ludzie-kladli-na-droge-po-ktorej-jechal-pan-jezus\/#breadcrumb","itemListElement":[{"@type":"ListItem","position":1,"name":"Strona g\u0142\u00f3wna","item":"https:\/\/chrystus.pl\/"},{"@type":"ListItem","position":2,"name":"Co ludzie k\u0142adli na drog\u0119, po kt\u00f3rej jecha\u0142 Pan Jezus?"}]},{"@type":"WebSite","@id":"https:\/\/chrystus.pl\/#website","url":"https:\/\/chrystus.pl\/","name":"Christus","description":"God, Maria, Jezus, Communie en meer","publisher":{"@id":"https:\/\/chrystus.pl\/#organization"},"potentialAction":[{"@type":"SearchAction","target":{"@type":"EntryPoint","urlTemplate":"https:\/\/chrystus.pl\/?s={search_term_string}"},"query-input":{"@type":"PropertyValueSpecification","valueRequired":true,"valueName":"search_term_string"}}],"inLanguage":"nl-NL"},{"@type":"Organization","@id":"https:\/\/chrystus.pl\/#organization","name":"Christus.pl","url":"https:\/\/chrystus.pl\/","logo":{"@type":"ImageObject","inLanguage":"nl-NL","@id":"https:\/\/chrystus.pl\/#\/schema\/logo\/image\/","url":"https:\/\/chrystus.pl\/wp-content\/uploads\/2019\/03\/chrystus-bog-maryja-komunia-bierzmowanie.jpg","contentUrl":"https:\/\/chrystus.pl\/wp-content\/uploads\/2019\/03\/chrystus-bog-maryja-komunia-bierzmowanie.jpg","width":1920,"height":1280,"caption":"Chrystus.pl"},"image":{"@id":"https:\/\/chrystus.pl\/#\/schema\/logo\/image\/"}},{"@type":"Person","@id":"https:\/\/chrystus.pl\/#\/schema\/person\/e2e742452b8b7b2bcd23ea180671d27a","name":"Samaritaanse vrouw"}]}},"_links":{"self":[{"href":"https:\/\/chrystus.pl\/nl\/wp-json\/wp\/v2\/posts\/597","targetHints":{"allow":["GET"]}}],"collection":[{"href":"https:\/\/chrystus.pl\/nl\/wp-json\/wp\/v2\/posts"}],"about":[{"href":"https:\/\/chrystus.pl\/nl\/wp-json\/wp\/v2\/types\/post"}],"author":[{"embeddable":true,"href":"https:\/\/chrystus.pl\/nl\/wp-json\/wp\/v2\/users\/1"}],"replies":[{"embeddable":true,"href":"https:\/\/chrystus.pl\/nl\/wp-json\/wp\/v2\/comments?post=597"}],"version-history":[{"count":0,"href":"https:\/\/chrystus.pl\/nl\/wp-json\/wp\/v2\/posts\/597\/revisions"}],"wp:featuredmedia":[{"embeddable":true,"href":"https:\/\/chrystus.pl\/nl\/wp-json\/wp\/v2\/media\/598"}],"wp:attachment":[{"href":"https:\/\/chrystus.pl\/nl\/wp-json\/wp\/v2\/media?parent=597"}],"wp:term":[{"taxonomy":"category","embeddable":true,"href":"https:\/\/chrystus.pl\/nl\/wp-json\/wp\/v2\/categories?post=597"},{"taxonomy":"post_tag","embeddable":true,"href":"https:\/\/chrystus.pl\/nl\/wp-json\/wp\/v2\/tags?post=597"}],"curies":[{"name":"wp","href":"https:\/\/api.w.org\/{rel}","templated":true}]}}