{"id":93,"date":"2019-03-26T04:23:22","date_gmt":"2019-03-26T04:23:22","guid":{"rendered":"https:\/\/chrystus.pl\/?p=93"},"modified":"2020-01-13T07:51:36","modified_gmt":"2020-01-13T07:51:36","slug":"dlaczego-bog-w-ogrodzie-eden-umiescil-drzewo-poznania-dobra-i-zla","status":"publish","type":"post","link":"https:\/\/chrystus.pl\/nl\/dlaczego-bog-w-ogrodzie-eden-umiescil-drzewo-poznania-dobra-i-zla\/","title":{"rendered":"Waarom plaatste God de boom van de kennis van goed en kwaad in de Hof van Eden?"},"content":{"rendered":"<p>Zoals we al weten, <span id=\"urn:enhancement-8c2d5509\" class=\"textannotation disambiguated wl-other\" itemid=\"http:\/\/data.wordlift.io\/wl01378\/entity\/bog\">God<\/span> Hij is de Schepper van alle dingen. Hij heeft elke actie gepland. Hij is de architect van ons leven. Het is dus niet verwonderlijk dat we de Goddelijke hand kunnen zien in elk element dat we tegenkomen. Het is ook waar om te zeggen dat <span id=\"urn:enhancement-84a58f3a\" class=\"textannotation disambiguated wl-other\" itemid=\"http:\/\/data.wordlift.io\/wl01378\/entity\/bog\">God<\/span> Hij heeft ieder van ons een vrije wil gegeven, te beginnen met de eerste mensen, <span id=\"urn:enhancement-eadd3feb\" class=\"textannotation disambiguated wl-other\" itemid=\"http:\/\/data.wordlift.io\/wl01378\/entity\/adam_i_ewa_postacie_biblijne\">Adam en Eva<\/span>.<\/p>\n<p>Op zoek naar een antwoord op de vraag: waarom <span id=\"urn:enhancement-e665beb9\" class=\"textannotation disambiguated wl-other\" itemid=\"http:\/\/data.wordlift.io\/wl01378\/entity\/bog\">God<\/span> plaatste een boom in het paradijs <span id=\"urn:enhancement-67c034c1\" class=\"textannotation disambiguated wl-other\" itemid=\"http:\/\/data.wordlift.io\/wl01857\/entity\/poznanie\">cognities<\/span> <span id=\"urn:enhancement-bbb04fff\" class=\"textannotation disambiguated wl-other\" itemid=\"http:\/\/data.wordlift.io\/wl01857\/entity\/dobro\">goed<\/span> i <span id=\"urn:enhancement-5d42ce48\" class=\"textannotation disambiguated wl-other\" itemid=\"http:\/\/data.wordlift.io\/wl01378\/entity\/zlo\">slecht<\/span>Er moet rekening worden gehouden met de hierboven genoemde aspecten, d.w.z. de oprichting door <span id=\"urn:enhancement-2e2e129f\" class=\"textannotation disambiguated wl-other\" itemid=\"http:\/\/data.wordlift.io\/wl01378\/entity\/bog\">God<\/span> alles wat ons omringt, en de begiftiging van de vrije wil.<\/p>\n<p>Planten in de tuin <span id=\"urn:enhancement-56724a53\" class=\"textannotation disambiguated wl-other\" itemid=\"http:\/\/data.wordlift.io\/wl01857\/entity\/eden_raj\">Eden<\/span> boom <span id=\"urn:enhancement-7d3efc0d\" class=\"textannotation disambiguated wl-other\" itemid=\"http:\/\/data.wordlift.io\/wl01857\/entity\/dobro\">goed<\/span> i <span id=\"urn:enhancement-8d02f0db\" class=\"textannotation disambiguated wl-other\" itemid=\"http:\/\/data.wordlift.io\/wl01378\/entity\/zlo\">slecht<\/span> <span id=\"urn:enhancement-20e86f6\" class=\"textannotation disambiguated wl-other\" itemid=\"http:\/\/data.wordlift.io\/wl01378\/entity\/bog\">God<\/span> Hij geeft Adam en Eva een keuze. Zij kunnen hem gehoorzamen en op zijn woorden vertrouwen of in opstand komen. Hij geeft toestemming om van alle bomen in de tuin fruit te eten, behalve van deze boom, onder bedreiging van een naderende dood. Keuze <span id=\"urn:enhancement-e18ccb5f\" class=\"textannotation disambiguated wl-other\" itemid=\"http:\/\/data.wordlift.io\/wl01378\/entity\/adam_i_ewa_postacie_biblijne\">Adam en Eva<\/span> is al een onderwerp voor een heel apart artikel.<\/p>\n<p>Maar alleen al het feit dat er zo'n keuze bestaat, getuigt van de goedheid en verdraagzaamheid van onze Heer. Het getuigt ook van het feitelijke bestaan van de vrije wil. Ware dat niet zo, dan zouden zij geen enkele keuze hebben en zich in zekere zin als geprogrammeerd gedragen. Dus waarom doet de Heer <span id=\"urn:enhancement-fca1e5c9\" class=\"textannotation disambiguated wl-other\" itemid=\"http:\/\/data.wordlift.io\/wl01378\/entity\/bog\">God<\/span> plant een boom <span id=\"urn:enhancement-6684f8f1\" class=\"textannotation disambiguated wl-other\" itemid=\"http:\/\/data.wordlift.io\/wl01857\/entity\/dobro\">goed<\/span> i <span id=\"urn:enhancement-dc8114b8\" class=\"textannotation disambiguated wl-other\" itemid=\"http:\/\/data.wordlift.io\/wl01378\/entity\/zlo\">slecht<\/span>. Het is mogelijk deze feiten te interpreteren als een nieuw stuk in de puzzel van Gods plan, dat leidt tot het ontstaan en het begrip van de mens van het feit zelf <a href=\"https:\/\/chrystus.pl\/nl\/czy-jezus-istnial\/\">bestaan<\/a> zoals vrije wil.<\/p>","protected":false},"excerpt":{"rendered":"<p>Jak ju\u017c wiemy, B\u00f3g jest Stw\u00f3rc\u0105 wszystkiego. Zaplanowa\u0142 ka\u017cde dzia\u0142anie. Jest architektem naszego \u017cycia. Nic wi\u0119c dziwnego, \u017ce w ka\u017cdym napotkanym elemencie mo\u017cemy dopatrywa\u0107 si\u0119 Boskiej r\u0119ki. Prawdziwe jest r\u00f3wnie\u017c stwierdzenie, \u017ce B\u00f3g obdarzy\u0142 woln\u0105 wol\u0105 ka\u017cdego z nas, poczynaj\u0105c od pierwszych ludzi, Adama i Ewy. Szukaj\u0105c odpowiedzi na pytanie: dlaczego B\u00f3g umie\u015bci\u0142 w raju &hellip;<\/p>","protected":false},"author":1,"featured_media":94,"comment_status":"open","ping_status":"open","sticky":false,"template":"","format":"standard","meta":{"footnotes":""},"categories":[5],"tags":[],"class_list":["post-93","post","type-post","status-publish","format-standard","has-post-thumbnail","hentry","category-bog"],"yoast_head":"<!-- This site is optimized with the Yoast SEO plugin v27.4 - https:\/\/yoast.com\/product\/yoast-seo-wordpress\/ -->\n<title>Dlaczego B\u00f3g w ogrodzie Eden umie\u015bci\u0142 drzewo poznania dobra i z\u0142a<\/title>\n<meta name=\"description\" content=\"Jak ju\u017c wiemy, B\u00f3g jest Stw\u00f3rc\u0105 wszystkiego. Zaplanowa\u0142 ka\u017cde dzia\u0142anie. Jest architektem naszego \u017cycia. Nic wi\u0119c dziwnego, \u017ce w ka\u017cdym napotkanym\" \/>\n<meta name=\"robots\" content=\"index, follow, max-snippet:-1, max-image-preview:large, max-video-preview:-1\" \/>\n<link rel=\"canonical\" href=\"https:\/\/chrystus.pl\/nl\/waarom-god-in-de-tuin-eden-de-boom-van-kennis-goed-en-kwaad-heeft-gehangen\/\" \/>\n<meta property=\"og:locale\" content=\"nl_NL\" \/>\n<meta property=\"og:type\" content=\"article\" \/>\n<meta property=\"og:title\" content=\"Dlaczego B\u00f3g w ogrodzie Eden umie\u015bci\u0142 drzewo poznania dobra i z\u0142a\" \/>\n<meta property=\"og:description\" content=\"Jak ju\u017c wiemy, B\u00f3g jest Stw\u00f3rc\u0105 wszystkiego. Zaplanowa\u0142 ka\u017cde dzia\u0142anie. Jest architektem naszego \u017cycia. Nic wi\u0119c dziwnego, \u017ce w ka\u017cdym napotkanym\" \/>\n<meta property=\"og:url\" content=\"https:\/\/chrystus.pl\/nl\/waarom-god-in-de-tuin-eden-de-boom-van-kennis-goed-en-kwaad-heeft-gehangen\/\" \/>\n<meta property=\"og:site_name\" content=\"Chrystus\" \/>\n<meta property=\"article:published_time\" content=\"2019-03-26T04:23:22+00:00\" \/>\n<meta property=\"article:modified_time\" content=\"2020-01-13T07:51:36+00:00\" \/>\n<meta property=\"og:image\" content=\"https:\/\/chrystus.pl\/wp-content\/uploads\/2019\/03\/Dlaczego-Bo\u0301g-w-ogrodzie-Eden-umies\u0301ci\u0142-drzewo-poznania-dobra-i-z\u0142a.jpg\" \/>\n\t<meta property=\"og:image:width\" content=\"1280\" \/>\n\t<meta property=\"og:image:height\" content=\"852\" \/>\n\t<meta property=\"og:image:type\" content=\"image\/jpeg\" \/>\n<meta name=\"author\" content=\"Samarytanka\" \/>\n<meta name=\"twitter:card\" content=\"summary_large_image\" \/>\n<meta name=\"twitter:label1\" content=\"Geschreven door\" \/>\n\t<meta name=\"twitter:data1\" content=\"Samarytanka\" \/>\n\t<meta name=\"twitter:label2\" content=\"Geschatte leestijd\" \/>\n\t<meta name=\"twitter:data2\" content=\"1 minuut\" \/>\n<!-- \/ Yoast SEO plugin. -->","yoast_head_json":{"title":"Waarom God de boom van kennis van goed en kwaad in de Hof van Eden plaatste","description":"Zoals wij reeds weten, is God de Schepper van alles. Hij heeft elke actie gepland. Hij is de architect van ons leven. Geen wonder dus, dat in elke","robots":{"index":"index","follow":"follow","max-snippet":"max-snippet:-1","max-image-preview":"max-image-preview:large","max-video-preview":"max-video-preview:-1"},"canonical":"https:\/\/chrystus.pl\/nl\/waarom-god-in-de-tuin-eden-de-boom-van-kennis-goed-en-kwaad-heeft-gehangen\/","og_locale":"nl_NL","og_type":"article","og_title":"Dlaczego B\u00f3g w ogrodzie Eden umie\u015bci\u0142 drzewo poznania dobra i z\u0142a","og_description":"Jak ju\u017c wiemy, B\u00f3g jest Stw\u00f3rc\u0105 wszystkiego. Zaplanowa\u0142 ka\u017cde dzia\u0142anie. Jest architektem naszego \u017cycia. Nic wi\u0119c dziwnego, \u017ce w ka\u017cdym napotkanym","og_url":"https:\/\/chrystus.pl\/nl\/waarom-god-in-de-tuin-eden-de-boom-van-kennis-goed-en-kwaad-heeft-gehangen\/","og_site_name":"Chrystus","article_published_time":"2019-03-26T04:23:22+00:00","article_modified_time":"2020-01-13T07:51:36+00:00","og_image":[{"width":1280,"height":852,"url":"https:\/\/chrystus.pl\/wp-content\/uploads\/2019\/03\/Dlaczego-Bo\u0301g-w-ogrodzie-Eden-umies\u0301ci\u0142-drzewo-poznania-dobra-i-z\u0142a.jpg","type":"image\/jpeg"}],"author":"Samarytanka","twitter_card":"summary_large_image","twitter_misc":{"Geschreven door":"Samarytanka","Geschatte leestijd":"1 minuut"},"schema":{"@context":"https:\/\/schema.org","@graph":[{"@type":"Article","@id":"https:\/\/chrystus.pl\/dlaczego-bog-w-ogrodzie-eden-umiescil-drzewo-poznania-dobra-i-zla\/#article","isPartOf":{"@id":"https:\/\/chrystus.pl\/dlaczego-bog-w-ogrodzie-eden-umiescil-drzewo-poznania-dobra-i-zla\/"},"author":{"name":"Samarytanka","@id":"https:\/\/chrystus.pl\/#\/schema\/person\/e2e742452b8b7b2bcd23ea180671d27a"},"headline":"Dlaczego B\u00f3g w ogrodzie Eden umie\u015bci\u0142 drzewo poznania dobra i z\u0142a?","datePublished":"2019-03-26T04:23:22+00:00","dateModified":"2020-01-13T07:51:36+00:00","mainEntityOfPage":{"@id":"https:\/\/chrystus.pl\/dlaczego-bog-w-ogrodzie-eden-umiescil-drzewo-poznania-dobra-i-zla\/"},"wordCount":264,"commentCount":0,"publisher":{"@id":"https:\/\/chrystus.pl\/#organization"},"image":{"@id":"https:\/\/chrystus.pl\/dlaczego-bog-w-ogrodzie-eden-umiescil-drzewo-poznania-dobra-i-zla\/#primaryimage"},"thumbnailUrl":"https:\/\/chrystus.pl\/wp-content\/uploads\/2019\/03\/Dlaczego-Bo\u0301g-w-ogrodzie-Eden-umies\u0301ci\u0142-drzewo-poznania-dobra-i-z\u0142a.jpg","articleSection":["B\u00f3g"],"inLanguage":"nl-NL","potentialAction":[{"@type":"CommentAction","name":"Comment","target":["https:\/\/chrystus.pl\/dlaczego-bog-w-ogrodzie-eden-umiescil-drzewo-poznania-dobra-i-zla\/#respond"]}]},{"@type":"WebPage","@id":"https:\/\/chrystus.pl\/dlaczego-bog-w-ogrodzie-eden-umiescil-drzewo-poznania-dobra-i-zla\/","url":"https:\/\/chrystus.pl\/dlaczego-bog-w-ogrodzie-eden-umiescil-drzewo-poznania-dobra-i-zla\/","name":"Waarom God de boom van kennis van goed en kwaad in de Hof van Eden plaatste","isPartOf":{"@id":"https:\/\/chrystus.pl\/#website"},"primaryImageOfPage":{"@id":"https:\/\/chrystus.pl\/dlaczego-bog-w-ogrodzie-eden-umiescil-drzewo-poznania-dobra-i-zla\/#primaryimage"},"image":{"@id":"https:\/\/chrystus.pl\/dlaczego-bog-w-ogrodzie-eden-umiescil-drzewo-poznania-dobra-i-zla\/#primaryimage"},"thumbnailUrl":"https:\/\/chrystus.pl\/wp-content\/uploads\/2019\/03\/Dlaczego-Bo\u0301g-w-ogrodzie-Eden-umies\u0301ci\u0142-drzewo-poznania-dobra-i-z\u0142a.jpg","datePublished":"2019-03-26T04:23:22+00:00","dateModified":"2020-01-13T07:51:36+00:00","description":"Zoals wij reeds weten, is God de Schepper van alles. Hij heeft elke actie gepland. Hij is de architect van ons leven. Geen wonder dus, dat in elke","breadcrumb":{"@id":"https:\/\/chrystus.pl\/dlaczego-bog-w-ogrodzie-eden-umiescil-drzewo-poznania-dobra-i-zla\/#breadcrumb"},"inLanguage":"nl-NL","potentialAction":[{"@type":"ReadAction","target":["https:\/\/chrystus.pl\/dlaczego-bog-w-ogrodzie-eden-umiescil-drzewo-poznania-dobra-i-zla\/"]}]},{"@type":"ImageObject","inLanguage":"nl-NL","@id":"https:\/\/chrystus.pl\/dlaczego-bog-w-ogrodzie-eden-umiescil-drzewo-poznania-dobra-i-zla\/#primaryimage","url":"https:\/\/chrystus.pl\/wp-content\/uploads\/2019\/03\/Dlaczego-Bo\u0301g-w-ogrodzie-Eden-umies\u0301ci\u0142-drzewo-poznania-dobra-i-z\u0142a.jpg","contentUrl":"https:\/\/chrystus.pl\/wp-content\/uploads\/2019\/03\/Dlaczego-Bo\u0301g-w-ogrodzie-Eden-umies\u0301ci\u0142-drzewo-poznania-dobra-i-z\u0142a.jpg","width":1280,"height":852,"caption":"Dlaczego Bo\u0301g w ogrodzie Eden umies\u0301ci\u0142 drzewo poznania dobra i z\u0142a"},{"@type":"BreadcrumbList","@id":"https:\/\/chrystus.pl\/dlaczego-bog-w-ogrodzie-eden-umiescil-drzewo-poznania-dobra-i-zla\/#breadcrumb","itemListElement":[{"@type":"ListItem","position":1,"name":"Strona g\u0142\u00f3wna","item":"https:\/\/chrystus.pl\/"},{"@type":"ListItem","position":2,"name":"Dlaczego B\u00f3g w ogrodzie Eden umie\u015bci\u0142 drzewo poznania dobra i z\u0142a?"}]},{"@type":"WebSite","@id":"https:\/\/chrystus.pl\/#website","url":"https:\/\/chrystus.pl\/","name":"Christus","description":"God, Maria, Jezus, Communie en meer","publisher":{"@id":"https:\/\/chrystus.pl\/#organization"},"potentialAction":[{"@type":"SearchAction","target":{"@type":"EntryPoint","urlTemplate":"https:\/\/chrystus.pl\/?s={search_term_string}"},"query-input":{"@type":"PropertyValueSpecification","valueRequired":true,"valueName":"search_term_string"}}],"inLanguage":"nl-NL"},{"@type":"Organization","@id":"https:\/\/chrystus.pl\/#organization","name":"Christus.pl","url":"https:\/\/chrystus.pl\/","logo":{"@type":"ImageObject","inLanguage":"nl-NL","@id":"https:\/\/chrystus.pl\/#\/schema\/logo\/image\/","url":"https:\/\/chrystus.pl\/wp-content\/uploads\/2019\/03\/chrystus-bog-maryja-komunia-bierzmowanie.jpg","contentUrl":"https:\/\/chrystus.pl\/wp-content\/uploads\/2019\/03\/chrystus-bog-maryja-komunia-bierzmowanie.jpg","width":1920,"height":1280,"caption":"Chrystus.pl"},"image":{"@id":"https:\/\/chrystus.pl\/#\/schema\/logo\/image\/"}},{"@type":"Person","@id":"https:\/\/chrystus.pl\/#\/schema\/person\/e2e742452b8b7b2bcd23ea180671d27a","name":"Samaritaanse vrouw"}]}},"_links":{"self":[{"href":"https:\/\/chrystus.pl\/nl\/wp-json\/wp\/v2\/posts\/93","targetHints":{"allow":["GET"]}}],"collection":[{"href":"https:\/\/chrystus.pl\/nl\/wp-json\/wp\/v2\/posts"}],"about":[{"href":"https:\/\/chrystus.pl\/nl\/wp-json\/wp\/v2\/types\/post"}],"author":[{"embeddable":true,"href":"https:\/\/chrystus.pl\/nl\/wp-json\/wp\/v2\/users\/1"}],"replies":[{"embeddable":true,"href":"https:\/\/chrystus.pl\/nl\/wp-json\/wp\/v2\/comments?post=93"}],"version-history":[{"count":0,"href":"https:\/\/chrystus.pl\/nl\/wp-json\/wp\/v2\/posts\/93\/revisions"}],"wp:featuredmedia":[{"embeddable":true,"href":"https:\/\/chrystus.pl\/nl\/wp-json\/wp\/v2\/media\/94"}],"wp:attachment":[{"href":"https:\/\/chrystus.pl\/nl\/wp-json\/wp\/v2\/media?parent=93"}],"wp:term":[{"taxonomy":"category","embeddable":true,"href":"https:\/\/chrystus.pl\/nl\/wp-json\/wp\/v2\/categories?post=93"},{"taxonomy":"post_tag","embeddable":true,"href":"https:\/\/chrystus.pl\/nl\/wp-json\/wp\/v2\/tags?post=93"}],"curies":[{"name":"wp","href":"https:\/\/api.w.org\/{rel}","templated":true}]}}