{"id":1512,"date":"2020-04-26T23:17:12","date_gmt":"2020-04-26T23:17:12","guid":{"rendered":"https:\/\/chrystus.pl\/?p=1512"},"modified":"2020-04-26T23:17:12","modified_gmt":"2020-04-26T23:17:12","slug":"czy-chrystus-zyl-naprawde","status":"publish","type":"post","link":"https:\/\/chrystus.pl\/pt\/czy-chrystus-zyl-naprawde\/","title":{"rendered":"Ser\u00e1 que Cristo realmente viveu?"},"content":{"rendered":"<p>Cristo existiu? Cristo realmente viveu? Essa \u00e9 uma pergunta que n\u00e3o apenas os crist\u00e3os devem responder afirmativamente, sem qualquer hesita\u00e7\u00e3o. Cristo existiu e esse \u00e9 um fato confirmado n\u00e3o apenas pela Palavra de Deus, mas tamb\u00e9m confirmado muitas vezes por historiadores que viram muitas semelhan\u00e7as entre o que est\u00e1 escrito nas Escrituras e o que os relatos hist\u00f3ricos nos mostram.<\/p>\n<p>\u017bycie Chrystusa jest udokumentowane bardzo bogato, zar\u00f3wno poprzez przekazy biblijne jak i te niechrze\u015bcija\u0144skie. \u0179r\u00f3d\u0142a niechrze\u015bcija\u0144skie pochodz\u0105 w du\u017cej mierze od historyk\u00f3w \u017cyj\u0105cych w pierwszym stuleciu naszej ery, czyli w czasach, kiedy \u017cy\u0142 r\u00f3wnie\u017c Chrystus. S\u0105 to mi\u0119dzy innymi Tacyt oraz <a href=\"https:\/\/chrystus.pl\/pt\/modlitwa-w-sprawach-trudnych-i-beznadziejnych-do-sw-jozefa\/\">Joseph<\/a> Fl\u00e1vio. Os fatos mais amplamente aceitos entre os historiadores da vida de Cristo s\u00e3o seu batismo por Jo\u00e3o Batista e sua morte por crucifica\u00e7\u00e3o por ordem de P\u00f4ncio Pilatos.<\/p>\n<p>Segundo relatos b\u00edblicos, acredita-se que Cristo veio da Galil\u00e9ia, e sua \u00e1rea de opera\u00e7\u00f5es inclu\u00eda a Jud\u00e9ia. A maioria dos estudiosos tamb\u00e9m concorda e pode fornecer provas da autenticidade de eventos como a pris\u00e3o em Jerusal\u00e9m e a crucifica\u00e7\u00e3o pelos romanos. Eles tamb\u00e9m indicam o per\u00edodo da vida de Cristo que cai durante o reinado de Herodes, o Grande.<\/p>\n<p><span>N\u00e3o menos importante, apesar das muitas coincid\u00eancias e da ineg\u00e1vel exist\u00eancia de Cristo, h\u00e1 muitas quest\u00f5es disputadas que incluem diferentes datas ou locais de muitos eventos.<br \/>\n<\/span><\/p>\n<p><span>Portanto, n\u00e3o h\u00e1 a menor d\u00favida de que Cristo realmente viveu.<\/span><\/p>","protected":false},"excerpt":{"rendered":"<p>Cristo existiu? Cristo realmente viveu? Essa \u00e9 uma pergunta que n\u00e3o apenas os crist\u00e3os devem responder afirmativamente, sem qualquer hesita\u00e7\u00e3o. Cristo existiu e esse \u00e9 um fato confirmado n\u00e3o apenas pela Palavra de Deus, mas tamb\u00e9m confirmado muitas vezes por historiadores que viram muitas semelhan\u00e7as entre o que est\u00e1 escrito nas Escrituras e o que os relatos hist\u00f3ricos nos mostram. ...<\/p>","protected":false},"author":1,"featured_media":1513,"comment_status":"closed","ping_status":"closed","sticky":false,"template":"","format":"standard","meta":{"footnotes":""},"categories":[61],"tags":[],"class_list":["post-1512","post","type-post","status-publish","format-standard","has-post-thumbnail","hentry","category-chrystus"],"yoast_head":"<!-- This site is optimized with the Yoast SEO plugin v27.5 - https:\/\/yoast.com\/product\/yoast-seo-wordpress\/ -->\n<title>Czy Chrystus \u017cy\u0142 naprawd\u0119? - Chrystus<\/title>\n<meta name=\"description\" content=\"Czy Chrystus istnia\u0142? Czy Chrystus \u017cy\u0142 naprawd\u0119? Jest to pytanie, na kt\u00f3re nie tylko chrze\u015bcijanie powinni odpowiedzie\u0107 twierdz\u0105co bez \u017cadnego\" \/>\n<meta name=\"robots\" content=\"index, follow, max-snippet:-1, max-image-preview:large, max-video-preview:-1\" \/>\n<link rel=\"canonical\" href=\"https:\/\/chrystus.pl\/pt\/if-christ-is-really-living\/\" \/>\n<meta property=\"og:locale\" content=\"pt_BR\" \/>\n<meta property=\"og:type\" content=\"article\" \/>\n<meta property=\"og:title\" content=\"Czy Chrystus \u017cy\u0142 naprawd\u0119?\" \/>\n<meta property=\"og:description\" content=\"\u017bycie Chrystusa jest udokumentowane bardzo bogato, zar\u00f3wno poprzez przekazy biblijne jak i te niechrze\u015bcija\u0144skie. \u0179r\u00f3d\u0142a niechrze\u015bcija\u0144skie pochodz\u0105 w du\u017cej mierze od historyk\u00f3w \u017cyj\u0105cych w pierwszym stuleciu naszej ery\" \/>\n<meta property=\"og:url\" content=\"https:\/\/chrystus.pl\/pt\/if-christ-is-really-living\/\" \/>\n<meta property=\"og:site_name\" content=\"Chrystus\" \/>\n<meta property=\"article:published_time\" content=\"2020-04-26T23:17:12+00:00\" \/>\n<meta property=\"og:image\" content=\"https:\/\/chrystus.pl\/wp-content\/uploads\/2020\/04\/czy-jezus-istnial-naprawde.jpg\" \/>\n\t<meta property=\"og:image:width\" content=\"640\" \/>\n\t<meta property=\"og:image:height\" content=\"426\" \/>\n\t<meta property=\"og:image:type\" content=\"image\/jpeg\" \/>\n<meta name=\"author\" content=\"Samarytanka\" \/>\n<meta name=\"twitter:card\" content=\"summary_large_image\" \/>\n<meta name=\"twitter:title\" content=\"Czy Chrystus \u017cy\u0142 naprawd\u0119?\" \/>\n<meta name=\"twitter:description\" content=\"\u017bycie Chrystusa jest udokumentowane bardzo bogato, zar\u00f3wno poprzez przekazy biblijne jak i te niechrze\u015bcija\u0144skie. \u0179r\u00f3d\u0142a niechrze\u015bcija\u0144skie pochodz\u0105 w du\u017cej mierze od historyk\u00f3w \u017cyj\u0105cych w pierwszym stuleciu naszej ery\" \/>\n<meta name=\"twitter:image\" content=\"https:\/\/chrystus.pl\/wp-content\/uploads\/2020\/04\/czy-jezus-istnial-naprawde.jpg\" \/>\n<meta name=\"twitter:label1\" content=\"Escrito por\" \/>\n\t<meta name=\"twitter:data1\" content=\"Samarytanka\" \/>\n\t<meta name=\"twitter:label2\" content=\"Est. tempo de leitura\" \/>\n\t<meta name=\"twitter:data2\" content=\"1 minuto\" \/>\n<!-- \/ Yoast SEO plugin. -->","yoast_head_json":{"title":"Ser\u00e1 que Cristo realmente viveu? - Cristo","description":"Cristo existiu? Ser\u00e1 que Cristo realmente viveu? Esta \u00e9 uma pergunta que n\u00e3o s\u00f3 os crist\u00e3os devem responder afirmativamente sem qualquer","robots":{"index":"index","follow":"follow","max-snippet":"max-snippet:-1","max-image-preview":"max-image-preview:large","max-video-preview":"max-video-preview:-1"},"canonical":"https:\/\/chrystus.pl\/pt\/if-christ-is-really-living\/","og_locale":"pt_BR","og_type":"article","og_title":"Czy Chrystus \u017cy\u0142 naprawd\u0119?","og_description":"\u017bycie Chrystusa jest udokumentowane bardzo bogato, zar\u00f3wno poprzez przekazy biblijne jak i te niechrze\u015bcija\u0144skie. \u0179r\u00f3d\u0142a niechrze\u015bcija\u0144skie pochodz\u0105 w du\u017cej mierze od historyk\u00f3w \u017cyj\u0105cych w pierwszym stuleciu naszej ery","og_url":"https:\/\/chrystus.pl\/pt\/if-christ-is-really-living\/","og_site_name":"Chrystus","article_published_time":"2020-04-26T23:17:12+00:00","og_image":[{"width":640,"height":426,"url":"https:\/\/chrystus.pl\/wp-content\/uploads\/2020\/04\/czy-jezus-istnial-naprawde.jpg","type":"image\/jpeg"}],"author":"Samarytanka","twitter_card":"summary_large_image","twitter_title":"Czy Chrystus \u017cy\u0142 naprawd\u0119?","twitter_description":"\u017bycie Chrystusa jest udokumentowane bardzo bogato, zar\u00f3wno poprzez przekazy biblijne jak i te niechrze\u015bcija\u0144skie. \u0179r\u00f3d\u0142a niechrze\u015bcija\u0144skie pochodz\u0105 w du\u017cej mierze od historyk\u00f3w \u017cyj\u0105cych w pierwszym stuleciu naszej ery","twitter_image":"https:\/\/chrystus.pl\/wp-content\/uploads\/2020\/04\/czy-jezus-istnial-naprawde.jpg","twitter_misc":{"Escrito por":"Samarytanka","Est. tempo de leitura":"1 minuto"},"schema":{"@context":"https:\/\/schema.org","@graph":[{"@type":"Article","@id":"https:\/\/chrystus.pl\/czy-chrystus-zyl-naprawde\/#article","isPartOf":{"@id":"https:\/\/chrystus.pl\/czy-chrystus-zyl-naprawde\/"},"author":{"name":"Samarytanka","@id":"https:\/\/chrystus.pl\/#\/schema\/person\/e2e742452b8b7b2bcd23ea180671d27a"},"headline":"Czy Chrystus \u017cy\u0142 naprawd\u0119?","datePublished":"2020-04-26T23:17:12+00:00","mainEntityOfPage":{"@id":"https:\/\/chrystus.pl\/czy-chrystus-zyl-naprawde\/"},"wordCount":257,"publisher":{"@id":"https:\/\/chrystus.pl\/#organization"},"image":{"@id":"https:\/\/chrystus.pl\/czy-chrystus-zyl-naprawde\/#primaryimage"},"thumbnailUrl":"https:\/\/chrystus.pl\/wp-content\/uploads\/2020\/04\/czy-jezus-istnial-naprawde.jpg","articleSection":["Chrystus"],"inLanguage":"pt-BR"},{"@type":"WebPage","@id":"https:\/\/chrystus.pl\/czy-chrystus-zyl-naprawde\/","url":"https:\/\/chrystus.pl\/czy-chrystus-zyl-naprawde\/","name":"Ser\u00e1 que Cristo realmente viveu? - Cristo","isPartOf":{"@id":"https:\/\/chrystus.pl\/#website"},"primaryImageOfPage":{"@id":"https:\/\/chrystus.pl\/czy-chrystus-zyl-naprawde\/#primaryimage"},"image":{"@id":"https:\/\/chrystus.pl\/czy-chrystus-zyl-naprawde\/#primaryimage"},"thumbnailUrl":"https:\/\/chrystus.pl\/wp-content\/uploads\/2020\/04\/czy-jezus-istnial-naprawde.jpg","datePublished":"2020-04-26T23:17:12+00:00","description":"Cristo existiu? Ser\u00e1 que Cristo realmente viveu? Esta \u00e9 uma pergunta que n\u00e3o s\u00f3 os crist\u00e3os devem responder afirmativamente sem qualquer","breadcrumb":{"@id":"https:\/\/chrystus.pl\/czy-chrystus-zyl-naprawde\/#breadcrumb"},"inLanguage":"pt-BR","potentialAction":[{"@type":"ReadAction","target":["https:\/\/chrystus.pl\/czy-chrystus-zyl-naprawde\/"]}]},{"@type":"ImageObject","inLanguage":"pt-BR","@id":"https:\/\/chrystus.pl\/czy-chrystus-zyl-naprawde\/#primaryimage","url":"https:\/\/chrystus.pl\/wp-content\/uploads\/2020\/04\/czy-jezus-istnial-naprawde.jpg","contentUrl":"https:\/\/chrystus.pl\/wp-content\/uploads\/2020\/04\/czy-jezus-istnial-naprawde.jpg","width":640,"height":426,"caption":"czy-jezus-istnial-naprawde"},{"@type":"BreadcrumbList","@id":"https:\/\/chrystus.pl\/czy-chrystus-zyl-naprawde\/#breadcrumb","itemListElement":[{"@type":"ListItem","position":1,"name":"Strona g\u0142\u00f3wna","item":"https:\/\/chrystus.pl\/"},{"@type":"ListItem","position":2,"name":"Czy Chrystus \u017cy\u0142 naprawd\u0119?"}]},{"@type":"WebSite","@id":"https:\/\/chrystus.pl\/#website","url":"https:\/\/chrystus.pl\/","name":"Cristo","description":"Deus, Maria, Jesus, Comunh\u00e3o e muito mais","publisher":{"@id":"https:\/\/chrystus.pl\/#organization"},"potentialAction":[{"@type":"SearchAction","target":{"@type":"EntryPoint","urlTemplate":"https:\/\/chrystus.pl\/?s={search_term_string}"},"query-input":{"@type":"PropertyValueSpecification","valueRequired":true,"valueName":"search_term_string"}}],"inLanguage":"pt-BR"},{"@type":"Organization","@id":"https:\/\/chrystus.pl\/#organization","name":"Cristo.pl","url":"https:\/\/chrystus.pl\/","logo":{"@type":"ImageObject","inLanguage":"pt-BR","@id":"https:\/\/chrystus.pl\/#\/schema\/logo\/image\/","url":"https:\/\/chrystus.pl\/wp-content\/uploads\/2019\/03\/chrystus-bog-maryja-komunia-bierzmowanie.jpg","contentUrl":"https:\/\/chrystus.pl\/wp-content\/uploads\/2019\/03\/chrystus-bog-maryja-komunia-bierzmowanie.jpg","width":1920,"height":1280,"caption":"Chrystus.pl"},"image":{"@id":"https:\/\/chrystus.pl\/#\/schema\/logo\/image\/"}},{"@type":"Person","@id":"https:\/\/chrystus.pl\/#\/schema\/person\/e2e742452b8b7b2bcd23ea180671d27a","name":"Samaritana"}]}},"_links":{"self":[{"href":"https:\/\/chrystus.pl\/pt\/wp-json\/wp\/v2\/posts\/1512","targetHints":{"allow":["GET"]}}],"collection":[{"href":"https:\/\/chrystus.pl\/pt\/wp-json\/wp\/v2\/posts"}],"about":[{"href":"https:\/\/chrystus.pl\/pt\/wp-json\/wp\/v2\/types\/post"}],"author":[{"embeddable":true,"href":"https:\/\/chrystus.pl\/pt\/wp-json\/wp\/v2\/users\/1"}],"replies":[{"embeddable":true,"href":"https:\/\/chrystus.pl\/pt\/wp-json\/wp\/v2\/comments?post=1512"}],"version-history":[{"count":0,"href":"https:\/\/chrystus.pl\/pt\/wp-json\/wp\/v2\/posts\/1512\/revisions"}],"wp:featuredmedia":[{"embeddable":true,"href":"https:\/\/chrystus.pl\/pt\/wp-json\/wp\/v2\/media\/1513"}],"wp:attachment":[{"href":"https:\/\/chrystus.pl\/pt\/wp-json\/wp\/v2\/media?parent=1512"}],"wp:term":[{"taxonomy":"category","embeddable":true,"href":"https:\/\/chrystus.pl\/pt\/wp-json\/wp\/v2\/categories?post=1512"},{"taxonomy":"post_tag","embeddable":true,"href":"https:\/\/chrystus.pl\/pt\/wp-json\/wp\/v2\/tags?post=1512"}],"curies":[{"name":"wp","href":"https:\/\/api.w.org\/{rel}","templated":true}]}}