{"id":1531,"date":"2020-04-27T00:00:38","date_gmt":"2020-04-27T00:00:38","guid":{"rendered":"https:\/\/chrystus.pl\/?p=1531"},"modified":"2020-04-27T00:00:38","modified_gmt":"2020-04-27T00:00:38","slug":"sa-ludzie-ktorzy-mowia-chrystus-tak-kosciol-nie","status":"publish","type":"post","link":"https:\/\/chrystus.pl\/pt\/sa-ludzie-ktorzy-mowia-chrystus-tak-kosciol-nie\/","title":{"rendered":"H\u00e1 pessoas que dizem que Cristo sim, a Igreja n\u00e3o."},"content":{"rendered":"<p><span>S\u0105 ludzie, kt\u00f3rzy m\u00f3wi\u0105 Chrystus tak, Ko\u015bci\u00f3\u0142 nie. S\u0105 tacy kt\u00f3rzy m\u00f3wi\u0105 Chrystus tak, Ko\u015bci\u00f3\u0142 nie i w dzisiejszych czasach jest to co raz powa\u017cniejszy i co raz bardziej powszechny problem. Nie jest to jednak problem ca\u0142kowitego braku wiary, ale ci\u0105g\u0142ego poszukiwania fa\u0142szywych bo\u017ck\u00f3w i pr\u00f3ba zast\u0105pienia tego co istotne, ma\u0142o wa\u017cnymi zamiennikami. <\/span><\/p>\n<p><span>Jest to r\u00f3wnie\u017c ignorowanie tego co naprawd\u0119 wa\u017cne oraz czasem bardzo nie\u015bwiadome, oddalanie si\u0119 od Naszego Pana Jezusa Chrystusa. Prowadzi to cz\u0119sto do nieodwracalnych konsekwencji jakimi mo\u017ce by\u0107 os\u0142abienie naszej wiary, kt\u00f3ra powinna by\u0107 mocna i ci\u0105gle podtrzymywana. S\u0105 ludzie, kt\u00f3rzy m\u00f3wi\u0105 Chrystus tak, Ko\u015bci\u00f3\u0142 nie. Jest to bardzo z\u0142udne. Powinni\u015bmy pami\u0119ta\u0107, \u017ce Chrystus i Ko\u015bci\u00f3\u0142 wzajemnie si\u0119 uzupe\u0142niaj\u0105. Instytucja Ko\u015bcio\u0142a jest narz\u0119dziem, kt\u00f3re powinno s\u0142u\u017cy\u0107 cz\u0142owiekowi i <a href=\"https:\/\/chrystus.pl\/pt\/modlitwa-ktora-zawsze-pomaga\/\">auxiliar<\/a> ele a manter um relacionamento com o Senhor. <\/span><\/p>\n<p><span>Ao participar da liturgia, temos uma oportunidade sem precedentes de comungar diretamente com Cristo. Portanto, n\u00e3o devemos nos distanciar da institui\u00e7\u00e3o da Igreja e v\u00ea-la como um \u00f3rg\u00e3o mero e desnecess\u00e1rio. Devemos v\u00ea-lo como uma m\u00e3o estendida na nossa dire\u00e7\u00e3o. Os sacerdotes s\u00e3o os sucessores e emiss\u00e1rios de Cristo, cujo prop\u00f3sito \u00e9 difundir os ensinamentos de Deus. Atrav\u00e9s deles aprendemos sobre a vida e obra de Cristo, o que \u00e9 importante, e como devemos interpretar suas palavras. A Igreja \u00e9 t\u00e3o importante quanto Cristo.<\/span><\/p>","protected":false},"excerpt":{"rendered":"<p>S\u0105 ludzie, kt\u00f3rzy m\u00f3wi\u0105 Chrystus tak, Ko\u015bci\u00f3\u0142 nie. S\u0105 tacy kt\u00f3rzy m\u00f3wi\u0105 Chrystus tak, Ko\u015bci\u00f3\u0142 nie i w dzisiejszych czasach jest to co raz powa\u017cniejszy i co raz bardziej powszechny problem. Nie jest to jednak problem ca\u0142kowitego braku wiary, ale ci\u0105g\u0142ego poszukiwania fa\u0142szywych bo\u017ck\u00f3w i pr\u00f3ba zast\u0105pienia tego co istotne, ma\u0142o wa\u017cnymi zamiennikami. Jest to &hellip;<\/p>","protected":false},"author":1,"featured_media":1532,"comment_status":"closed","ping_status":"closed","sticky":false,"template":"","format":"standard","meta":{"footnotes":""},"categories":[61],"tags":[],"class_list":["post-1531","post","type-post","status-publish","format-standard","has-post-thumbnail","hentry","category-chrystus"],"yoast_head":"<!-- This site is optimized with the Yoast SEO plugin v27.5 - https:\/\/yoast.com\/product\/yoast-seo-wordpress\/ -->\n<title>S\u0105 ludzie, kt\u00f3rzy m\u00f3wi\u0105 Chrystus tak, Ko\u015bci\u00f3\u0142 nie. - Chrystus<\/title>\n<meta name=\"description\" content=\"S\u0105 ludzie, kt\u00f3rzy m\u00f3wi\u0105 Chrystus tak, Ko\u015bci\u00f3\u0142 nie. S\u0105 tacy kt\u00f3rzy m\u00f3wi\u0105 Chrystus tak, Ko\u015bci\u00f3\u0142 nie i w dzisiejszych czasach jest to co raz powa\u017cniejszy i\" \/>\n<meta name=\"robots\" content=\"index, follow, max-snippet:-1, max-image-preview:large, max-video-preview:-1\" \/>\n<link rel=\"canonical\" href=\"https:\/\/chrystus.pl\/pt\/there-are-people-who-say-christ-yes-church-nao\/\" \/>\n<meta property=\"og:locale\" content=\"pt_BR\" \/>\n<meta property=\"og:type\" content=\"article\" \/>\n<meta property=\"og:title\" content=\"S\u0105 ludzie, kt\u00f3rzy m\u00f3wi\u0105 Chrystus tak, Ko\u015bci\u00f3\u0142 nie.\" \/>\n<meta property=\"og:description\" content=\"S\u0105 ludzie, kt\u00f3rzy m\u00f3wi\u0105 Chrystus tak, Ko\u015bci\u00f3\u0142 nie. S\u0105 tacy kt\u00f3rzy m\u00f3wi\u0105 Chrystus tak, Ko\u015bci\u00f3\u0142 nie i w dzisiejszych czasach jest to co raz powa\u017cniejszy i co raz bardziej powszechny problem.\" \/>\n<meta property=\"og:url\" content=\"https:\/\/chrystus.pl\/pt\/there-are-people-who-say-christ-yes-church-nao\/\" \/>\n<meta property=\"og:site_name\" content=\"Chrystus\" \/>\n<meta property=\"article:published_time\" content=\"2020-04-27T00:00:38+00:00\" \/>\n<meta property=\"og:image\" content=\"https:\/\/chrystus.pl\/wp-content\/uploads\/2020\/04\/Sa\u0328-ludzie-kto\u0301rzy-mo\u0301wia\u0328-Chrystus-tak-Kos\u0301cio\u0301\u0142-nie.jpg\" \/>\n\t<meta property=\"og:image:width\" content=\"640\" \/>\n\t<meta property=\"og:image:height\" content=\"426\" \/>\n\t<meta property=\"og:image:type\" content=\"image\/jpeg\" \/>\n<meta name=\"author\" content=\"Samarytanka\" \/>\n<meta name=\"twitter:card\" content=\"summary_large_image\" \/>\n<meta name=\"twitter:title\" content=\"S\u0105 ludzie, kt\u00f3rzy m\u00f3wi\u0105 Chrystus tak, Ko\u015bci\u00f3\u0142 nie.\" \/>\n<meta name=\"twitter:description\" content=\"S\u0105 ludzie, kt\u00f3rzy m\u00f3wi\u0105 Chrystus tak, Ko\u015bci\u00f3\u0142 nie. S\u0105 tacy kt\u00f3rzy m\u00f3wi\u0105 Chrystus tak, Ko\u015bci\u00f3\u0142 nie i w dzisiejszych czasach jest to co raz powa\u017cniejszy i co raz bardziej powszechny problem.\" \/>\n<meta name=\"twitter:image\" content=\"https:\/\/chrystus.pl\/wp-content\/uploads\/2020\/04\/Sa\u0328-ludzie-kto\u0301rzy-mo\u0301wia\u0328-Chrystus-tak-Kos\u0301cio\u0301\u0142-nie.jpg\" \/>\n<meta name=\"twitter:label1\" content=\"Escrito por\" \/>\n\t<meta name=\"twitter:data1\" content=\"Samarytanka\" \/>\n\t<meta name=\"twitter:label2\" content=\"Est. tempo de leitura\" \/>\n\t<meta name=\"twitter:data2\" content=\"1 minuto\" \/>\n<!-- \/ Yoast SEO plugin. -->","yoast_head_json":{"title":"H\u00e1 pessoas que dizem que Cristo sim, a Igreja n\u00e3o. - Cristo","description":"H\u00e1 pessoas que dizem que Cristo sim, a Igreja n\u00e3o. H\u00e1 aqueles que dizem Cristo sim, a Igreja n\u00e3o, e hoje em dia est\u00e1 ficando cada vez mais s\u00e9ria e","robots":{"index":"index","follow":"follow","max-snippet":"max-snippet:-1","max-image-preview":"max-image-preview:large","max-video-preview":"max-video-preview:-1"},"canonical":"https:\/\/chrystus.pl\/pt\/there-are-people-who-say-christ-yes-church-nao\/","og_locale":"pt_BR","og_type":"article","og_title":"S\u0105 ludzie, kt\u00f3rzy m\u00f3wi\u0105 Chrystus tak, Ko\u015bci\u00f3\u0142 nie.","og_description":"S\u0105 ludzie, kt\u00f3rzy m\u00f3wi\u0105 Chrystus tak, Ko\u015bci\u00f3\u0142 nie. S\u0105 tacy kt\u00f3rzy m\u00f3wi\u0105 Chrystus tak, Ko\u015bci\u00f3\u0142 nie i w dzisiejszych czasach jest to co raz powa\u017cniejszy i co raz bardziej powszechny problem.","og_url":"https:\/\/chrystus.pl\/pt\/there-are-people-who-say-christ-yes-church-nao\/","og_site_name":"Chrystus","article_published_time":"2020-04-27T00:00:38+00:00","og_image":[{"width":640,"height":426,"url":"https:\/\/chrystus.pl\/wp-content\/uploads\/2020\/04\/Sa\u0328-ludzie-kto\u0301rzy-mo\u0301wia\u0328-Chrystus-tak-Kos\u0301cio\u0301\u0142-nie.jpg","type":"image\/jpeg"}],"author":"Samarytanka","twitter_card":"summary_large_image","twitter_title":"S\u0105 ludzie, kt\u00f3rzy m\u00f3wi\u0105 Chrystus tak, Ko\u015bci\u00f3\u0142 nie.","twitter_description":"S\u0105 ludzie, kt\u00f3rzy m\u00f3wi\u0105 Chrystus tak, Ko\u015bci\u00f3\u0142 nie. S\u0105 tacy kt\u00f3rzy m\u00f3wi\u0105 Chrystus tak, Ko\u015bci\u00f3\u0142 nie i w dzisiejszych czasach jest to co raz powa\u017cniejszy i co raz bardziej powszechny problem.","twitter_image":"https:\/\/chrystus.pl\/wp-content\/uploads\/2020\/04\/Sa\u0328-ludzie-kto\u0301rzy-mo\u0301wia\u0328-Chrystus-tak-Kos\u0301cio\u0301\u0142-nie.jpg","twitter_misc":{"Escrito por":"Samarytanka","Est. tempo de leitura":"1 minuto"},"schema":{"@context":"https:\/\/schema.org","@graph":[{"@type":"Article","@id":"https:\/\/chrystus.pl\/sa-ludzie-ktorzy-mowia-chrystus-tak-kosciol-nie\/#article","isPartOf":{"@id":"https:\/\/chrystus.pl\/sa-ludzie-ktorzy-mowia-chrystus-tak-kosciol-nie\/"},"author":{"name":"Samarytanka","@id":"https:\/\/chrystus.pl\/#\/schema\/person\/e2e742452b8b7b2bcd23ea180671d27a"},"headline":"S\u0105 ludzie, kt\u00f3rzy m\u00f3wi\u0105 Chrystus tak, Ko\u015bci\u00f3\u0142 nie.","datePublished":"2020-04-27T00:00:38+00:00","mainEntityOfPage":{"@id":"https:\/\/chrystus.pl\/sa-ludzie-ktorzy-mowia-chrystus-tak-kosciol-nie\/"},"wordCount":278,"publisher":{"@id":"https:\/\/chrystus.pl\/#organization"},"image":{"@id":"https:\/\/chrystus.pl\/sa-ludzie-ktorzy-mowia-chrystus-tak-kosciol-nie\/#primaryimage"},"thumbnailUrl":"https:\/\/chrystus.pl\/wp-content\/uploads\/2020\/04\/Sa\u0328-ludzie-kto\u0301rzy-mo\u0301wia\u0328-Chrystus-tak-Kos\u0301cio\u0301\u0142-nie.jpg","articleSection":["Chrystus"],"inLanguage":"pt-BR"},{"@type":"WebPage","@id":"https:\/\/chrystus.pl\/sa-ludzie-ktorzy-mowia-chrystus-tak-kosciol-nie\/","url":"https:\/\/chrystus.pl\/sa-ludzie-ktorzy-mowia-chrystus-tak-kosciol-nie\/","name":"H\u00e1 pessoas que dizem que Cristo sim, a Igreja n\u00e3o. - Cristo","isPartOf":{"@id":"https:\/\/chrystus.pl\/#website"},"primaryImageOfPage":{"@id":"https:\/\/chrystus.pl\/sa-ludzie-ktorzy-mowia-chrystus-tak-kosciol-nie\/#primaryimage"},"image":{"@id":"https:\/\/chrystus.pl\/sa-ludzie-ktorzy-mowia-chrystus-tak-kosciol-nie\/#primaryimage"},"thumbnailUrl":"https:\/\/chrystus.pl\/wp-content\/uploads\/2020\/04\/Sa\u0328-ludzie-kto\u0301rzy-mo\u0301wia\u0328-Chrystus-tak-Kos\u0301cio\u0301\u0142-nie.jpg","datePublished":"2020-04-27T00:00:38+00:00","description":"H\u00e1 pessoas que dizem que Cristo sim, a Igreja n\u00e3o. H\u00e1 aqueles que dizem Cristo sim, a Igreja n\u00e3o, e hoje em dia est\u00e1 ficando cada vez mais s\u00e9ria e","breadcrumb":{"@id":"https:\/\/chrystus.pl\/sa-ludzie-ktorzy-mowia-chrystus-tak-kosciol-nie\/#breadcrumb"},"inLanguage":"pt-BR","potentialAction":[{"@type":"ReadAction","target":["https:\/\/chrystus.pl\/sa-ludzie-ktorzy-mowia-chrystus-tak-kosciol-nie\/"]}]},{"@type":"ImageObject","inLanguage":"pt-BR","@id":"https:\/\/chrystus.pl\/sa-ludzie-ktorzy-mowia-chrystus-tak-kosciol-nie\/#primaryimage","url":"https:\/\/chrystus.pl\/wp-content\/uploads\/2020\/04\/Sa\u0328-ludzie-kto\u0301rzy-mo\u0301wia\u0328-Chrystus-tak-Kos\u0301cio\u0301\u0142-nie.jpg","contentUrl":"https:\/\/chrystus.pl\/wp-content\/uploads\/2020\/04\/Sa\u0328-ludzie-kto\u0301rzy-mo\u0301wia\u0328-Chrystus-tak-Kos\u0301cio\u0301\u0142-nie.jpg","width":640,"height":426,"caption":"Sa\u0328 ludzie, kto\u0301rzy mo\u0301wia\u0328 Chrystus tak, Kos\u0301cio\u0301\u0142 nie"},{"@type":"BreadcrumbList","@id":"https:\/\/chrystus.pl\/sa-ludzie-ktorzy-mowia-chrystus-tak-kosciol-nie\/#breadcrumb","itemListElement":[{"@type":"ListItem","position":1,"name":"Strona g\u0142\u00f3wna","item":"https:\/\/chrystus.pl\/"},{"@type":"ListItem","position":2,"name":"S\u0105 ludzie, kt\u00f3rzy m\u00f3wi\u0105 Chrystus tak, Ko\u015bci\u00f3\u0142 nie."}]},{"@type":"WebSite","@id":"https:\/\/chrystus.pl\/#website","url":"https:\/\/chrystus.pl\/","name":"Cristo","description":"Deus, Maria, Jesus, Comunh\u00e3o e muito mais","publisher":{"@id":"https:\/\/chrystus.pl\/#organization"},"potentialAction":[{"@type":"SearchAction","target":{"@type":"EntryPoint","urlTemplate":"https:\/\/chrystus.pl\/?s={search_term_string}"},"query-input":{"@type":"PropertyValueSpecification","valueRequired":true,"valueName":"search_term_string"}}],"inLanguage":"pt-BR"},{"@type":"Organization","@id":"https:\/\/chrystus.pl\/#organization","name":"Cristo.pl","url":"https:\/\/chrystus.pl\/","logo":{"@type":"ImageObject","inLanguage":"pt-BR","@id":"https:\/\/chrystus.pl\/#\/schema\/logo\/image\/","url":"https:\/\/chrystus.pl\/wp-content\/uploads\/2019\/03\/chrystus-bog-maryja-komunia-bierzmowanie.jpg","contentUrl":"https:\/\/chrystus.pl\/wp-content\/uploads\/2019\/03\/chrystus-bog-maryja-komunia-bierzmowanie.jpg","width":1920,"height":1280,"caption":"Chrystus.pl"},"image":{"@id":"https:\/\/chrystus.pl\/#\/schema\/logo\/image\/"}},{"@type":"Person","@id":"https:\/\/chrystus.pl\/#\/schema\/person\/e2e742452b8b7b2bcd23ea180671d27a","name":"Samaritana"}]}},"_links":{"self":[{"href":"https:\/\/chrystus.pl\/pt\/wp-json\/wp\/v2\/posts\/1531","targetHints":{"allow":["GET"]}}],"collection":[{"href":"https:\/\/chrystus.pl\/pt\/wp-json\/wp\/v2\/posts"}],"about":[{"href":"https:\/\/chrystus.pl\/pt\/wp-json\/wp\/v2\/types\/post"}],"author":[{"embeddable":true,"href":"https:\/\/chrystus.pl\/pt\/wp-json\/wp\/v2\/users\/1"}],"replies":[{"embeddable":true,"href":"https:\/\/chrystus.pl\/pt\/wp-json\/wp\/v2\/comments?post=1531"}],"version-history":[{"count":0,"href":"https:\/\/chrystus.pl\/pt\/wp-json\/wp\/v2\/posts\/1531\/revisions"}],"wp:featuredmedia":[{"embeddable":true,"href":"https:\/\/chrystus.pl\/pt\/wp-json\/wp\/v2\/media\/1532"}],"wp:attachment":[{"href":"https:\/\/chrystus.pl\/pt\/wp-json\/wp\/v2\/media?parent=1531"}],"wp:term":[{"taxonomy":"category","embeddable":true,"href":"https:\/\/chrystus.pl\/pt\/wp-json\/wp\/v2\/categories?post=1531"},{"taxonomy":"post_tag","embeddable":true,"href":"https:\/\/chrystus.pl\/pt\/wp-json\/wp\/v2\/tags?post=1531"}],"curies":[{"name":"wp","href":"https:\/\/api.w.org\/{rel}","templated":true}]}}