{"id":1895,"date":"2020-12-05T18:22:36","date_gmt":"2020-12-05T18:22:36","guid":{"rendered":"https:\/\/chrystus.pl\/?p=1895"},"modified":"2020-12-05T18:22:41","modified_gmt":"2020-12-05T18:22:41","slug":"ojciec-dolindo","status":"publish","type":"post","link":"https:\/\/chrystus.pl\/pt\/ojciec-dolindo\/","title":{"rendered":"Padre Dolindo"},"content":{"rendered":"<p>O quinto de onze filhos de Raffaele, engenheiro e matem\u00e1tico, e Silvia Valle, descendente de napolitana e nobreza espanhola, teve uma inf\u00e2ncia dif\u00edcil devido a problemas de sa\u00fade e restri\u00e7\u00f5es financeiras familiares. <\/p>\n\n\n\n<p>Em 1896, com a separa\u00e7\u00e3o de seus pais, o padre Dolindo (cujo nome se refere a \"dor\") foi iniciado com seu irm\u00e3o Elio na Escola Apost\u00f3lica para Sacerdotes Mission\u00e1rios e, tr\u00eas anos depois, foi admitido no noviciado. <\/p>\n\n\n\n<p>Ele fez seus votos religiosos em 1 de junho de 1901, e dois anos depois, sem sucesso, pediu para ser enviado \u00e0 China como mission\u00e1rio.<\/p>\n\n\n\n<p>Ap\u00f3s sua ordena\u00e7\u00e3o em 24 de junho de 1905, com quase 23 anos de idade, foi nomeado professor dos seminaristas da Escola Apost\u00f3lica e professor do canto gregoriano. Ele se mudou brevemente para Taranto e depois para o semin\u00e1rio em Molfetta, onde ensinou e trabalhou para reformar o pr\u00f3prio semin\u00e1rio.<\/p>\n\n\n\n<p>Em 29 de outubro de 1907, ele foi chamado de volta a N\u00e1poles e ordenado a parar de lidar com o caso. Acusado de ser um \"herege formal e dogm\u00e1tico\", ele foi a Roma para se submeter ao julgamento do Santo Of\u00edcio: depois de quatro meses de investiga\u00e7\u00e3o, na qual Ruotolo n\u00e3o se retratou, ele foi suspenso e for\u00e7ado a se submeter a exames psiqui\u00e1tricos. Esses exames mostraram que ele estava s\u00e3o. <\/p>\n\n\n\n<p>Em 13 de abril de 1908, ele foi convocado a N\u00e1poles pelos superiores da congrega\u00e7\u00e3o, que o submeteram a um exorcismo.<\/p>\n\n\n\n<p>Ele se mudou para Rossano na Cal\u00e1bria; em 8 de agosto de 1910, um pedido de revis\u00e3o de sua suspens\u00e3o teve um resultado positivo e, ap\u00f3s dois anos e meio de suspens\u00e3o, ele foi reabilitado. Uma segunda vez, em dezembro de 1911, ele foi convocado para Roma e depois enviado de volta para N\u00e1poles em 1912. Tentado em um julgamento can\u00f4nico em 1921, ele foi condenado e novamente afastado. Ele foi finalmente reabilitado em 17 de julho de 1937, aos 55 anos de idade.<\/p>\n\n\n\n<p>Sua vida como sacerdote diocesano continuou em N\u00e1poles, na igreja de San Giuseppe dei Nudi, da qual seu irm\u00e3o Elio era p\u00e1roco. Aqui o Padre Dolindo foi o fundador da Obra de Deus e da \u00d3pera Apostolato Stampa.<\/p>\n\n\n\n<p>Ruotolo deixou um Coment\u00e1rio sobre a Sagrada Escritura em 33 volumes, muitas obras teol\u00f3gicas, asc\u00e9ticas e m\u00edsticas, volumes inteiros de escritos epistolares, autobiogr\u00e1ficos e de doutrina crist\u00e3. <\/p>\n\n\n\n<p>O Coment\u00e1rio sobre as Escrituras adotou o m\u00e9todo exeg\u00e9tico tradicional na tentativa de reconstruir a ruptura entre ci\u00eancia e f\u00e9 na exegese, um m\u00e9todo que foi posteriormente combatido pelo Pontif\u00edcio Instituto B\u00edblico e pela Pontif\u00edcia Comiss\u00e3o B\u00edblica presidida por Augustin Bea e Eugene Tisserant, respectivamente. <\/p>\n\n\n\n<p>Sua obra foi condenada pelo Santo Of\u00edcio. Em<\/p>\n\n\n\n<p>Entre as obras escritas pelo padre Dolindo Ruotolo, h\u00e1 tamb\u00e9m o Ato de Abandono: um pequeno escrito que, como a linha m\u00edstica proposta por Jean-Pierre de Caussade, diz respeito \u00e0 entrega segura e total do crente a Cristo. <\/p>\n\n\n\n<p>Como o texto menciona: \"Abandonar a si mesmo significa fechar silenciosamente os olhos da alma, desviar os pensamentos da afli\u00e7\u00e3o e entregar-se a Mim, para que Eu mesmo possa trabalhar, dizendo: \"Voc\u00ea pensa sobre isso\" (...). (...) Feche os olhos e deixe-se levar pela corrente da Minha gra\u00e7a, feche os olhos e n\u00e3o pense no presente, afaste os pensamentos do futuro como se fossem uma tenta\u00e7\u00e3o, descanse em Mim acreditando na Minha bondade, e Eu lhe juro pelo Meu amor que, ao falar Comigo com essas disposi\u00e7\u00f5es: \"Voc\u00ea est\u00e1 pensando nisso\", Eu estou pensando nisso plenamente, estou confortando voc\u00ea, estou libertando voc\u00ea, estou guiando voc\u00ea\". <\/p>\n\n\n\n<p>No mesmo n\u00edvel est\u00e1 outro trabalho importante do Padre Dolindo: a Novena do Abandono: uma ferramenta de ora\u00e7\u00e3o simples e poderosa ao mesmo tempo: \"...Feche os olhos e deixe-se levar pela corrente de Minha gra\u00e7a, feche os olhos e n\u00e3o pense no presente, afastando seus pensamentos do futuro como da tenta\u00e7\u00e3o, descanse em Mim acreditando em Minha bondade...\".<\/p>\n\n\n\n<p>Em 1960, um derrame desativou o lado esquerdo de seu corpo. Ele morreu em 19 de novembro de 1970. <\/p>\n\n\n\n<p>Seu corpo est\u00e1 enterrado na igreja de San Giuseppe dei Vecchi e Nossa Senhora de Lourdes em N\u00e1poles. <\/p>\n\n\n\n<p>\u00c9 costume entre os napolitanos bater tr\u00eas vezes no m\u00e1rmore de seu t\u00famulo em nome da Sant\u00edssima Trindade, rezando t\u00e3o fielmente para receber gra\u00e7as espirituais e materiais por sua intercess\u00e3o, porque ele disse: \"Venha e bata no meu t\u00famulo... eu lhe responderei\".<\/p>\n\n\n\n<h2 class=\"wp-block-heading\">O culto do Padre Dolindo<\/h2>\n\n\n\n<p>S\u00e3o Pio de Pietrelcina disse sobre ele aos fi\u00e9is napolitanos que o visitavam em peregrina\u00e7\u00e3o: \"Por que vir aqui se voc\u00eas t\u00eam Don Dolindo em N\u00e1poles? V\u00e1 at\u00e9 ele, ele \u00e9 um santo\".<\/p>\n\n\n\n<p>O nome de Dolindo Ruotolo tamb\u00e9m est\u00e1 associado a uma mensagem considerada prof\u00e9tica pelos devotos em 2 de julho de 1965, retratada no verso de uma imagem de Nossa Senhora e endere\u00e7ada ao polon\u00eas Vytautas Laskowski. Esse documento, autenticado pelo bispo Pavel Hnilica, diz respeito ao fim do comunismo: \"Maria pela alma. O mundo est\u00e1 caminhando para a ru\u00edna, mas a Pol\u00f4nia, como no tempo de Sobieski, por causa da devo\u00e7\u00e3o que ela tem em meu cora\u00e7\u00e3o, ser\u00e1 hoje como os 20.000 que salvaram a Europa e o mundo da tirania turca. Agora a Pol\u00f4nia libertar\u00e1 o mundo da mais terr\u00edvel tirania comunista. Est\u00e1 surgindo um novo Jo\u00e3o que quebrar\u00e1 as correntes com uma marcha heroica, al\u00e9m dos limites impostos pela tirania comunista. Lembrem-se disso. Eu aben\u00e7oo a Pol\u00f4nia. Eu os aben\u00e7oo. Aben\u00e7oe-me. Pobre Don Dolindo Ruotolo - Via Salvator Rosa, 58, N\u00e1poles.\"<\/p>\n\n\n\n<p>Considerado por muitos como um campe\u00e3o da espiritualidade napolitana e da Igreja Cat\u00f3lica, ele repousa na igreja de San Giuseppe dei Vecchi, enquanto a igreja de San Giuseppe dei Nudi cont\u00e9m o t\u00famulo de seu irm\u00e3o Elio.<\/p>\n\n\n\n<p>O processo de canoniza\u00e7\u00e3o est\u00e1 atualmente em andamento.<\/p>","protected":false},"excerpt":{"rendered":"<p>O quinto de onze filhos de Raffaele, engenheiro e matem\u00e1tico, e Silvia Valle, descendente da nobreza napolitana e espanhola, teve uma inf\u00e2ncia dif\u00edcil devido aos problemas de sa\u00fade e \u00e0s restri\u00e7\u00f5es financeiras da fam\u00edlia. Em 1896, com a separa\u00e7\u00e3o de seus pais, o Padre Dolindo (cujo nome se refere a \"dor\") foi iniciado com seu irm\u00e3o Elio na Escola Apost\u00f3lica de Sacerdotes Mission\u00e1rios, uma escola ...<\/p>","protected":false},"author":1,"featured_media":1897,"comment_status":"closed","ping_status":"closed","sticky":false,"template":"","format":"standard","meta":{"footnotes":""},"categories":[149],"tags":[],"class_list":["post-1895","post","type-post","status-publish","format-standard","has-post-thumbnail","hentry","category-osobistosci"],"yoast_head":"<!-- This site is optimized with the Yoast SEO plugin v27.5 - https:\/\/yoast.com\/product\/yoast-seo-wordpress\/ -->\n<title>Ojciec Dolindo Ruotolo z Neapolu - Chrystus<\/title>\n<meta name=\"description\" content=\"Pi\u0105te z jedenastu dzieci Raffaele&#039;a, in\u017cyniera i matematyka, oraz Silvia Valle, potomek szlachty neapolita\u0144skiej i hiszpa\u0144skiej, mia\u0142 trudne dzieci\u0144stwo\" \/>\n<meta name=\"robots\" content=\"index, follow, max-snippet:-1, max-image-preview:large, max-video-preview:-1\" \/>\n<link rel=\"canonical\" href=\"https:\/\/chrystus.pl\/pt\/pai-dolindo\/\" \/>\n<meta property=\"og:locale\" content=\"pt_BR\" \/>\n<meta property=\"og:type\" content=\"article\" \/>\n<meta property=\"og:title\" content=\"Ojciec Dolindo Ruotolo z Neapolu - Chrystus.pl\" \/>\n<meta property=\"og:description\" content=\"Pi\u0105te z jedenastu dzieci Raffaele&#039;a, in\u017cyniera i matematyka, oraz Silvia Valle, potomek szlachty neapolita\u0144skiej i hiszpa\u0144skiej, mia\u0142 trudne dzieci\u0144stwo ze\" \/>\n<meta property=\"og:url\" content=\"https:\/\/chrystus.pl\/pt\/pai-dolindo\/\" \/>\n<meta property=\"og:site_name\" content=\"Chrystus\" \/>\n<meta property=\"article:published_time\" content=\"2020-12-05T18:22:36+00:00\" \/>\n<meta property=\"article:modified_time\" content=\"2020-12-05T18:22:41+00:00\" \/>\n<meta property=\"og:image\" content=\"https:\/\/chrystus.pl\/wp-content\/uploads\/2020\/12\/Ojciec-Dolindo.jpg\" \/>\n\t<meta property=\"og:image:width\" content=\"345\" \/>\n\t<meta property=\"og:image:height\" content=\"600\" \/>\n\t<meta property=\"og:image:type\" content=\"image\/jpeg\" \/>\n<meta name=\"author\" content=\"Samarytanka\" \/>\n<meta name=\"twitter:card\" content=\"summary_large_image\" \/>\n<meta name=\"twitter:title\" content=\"Ojciec Dolindo Ruotolo z Neapolu - Chrystus.pl\" \/>\n<meta name=\"twitter:description\" content=\"Pi\u0105te z jedenastu dzieci Raffaele&#039;a, in\u017cyniera i matematyka, oraz Silvia Valle, potomek szlachty neapolita\u0144skiej i hiszpa\u0144skiej, mia\u0142 trudne dzieci\u0144stwo ze\" \/>\n<meta name=\"twitter:image\" content=\"https:\/\/chrystus.pl\/wp-content\/uploads\/2020\/12\/Ojciec-Dolindo.jpg\" \/>\n<meta name=\"twitter:label1\" content=\"Escrito por\" \/>\n\t<meta name=\"twitter:data1\" content=\"Samarytanka\" \/>\n\t<meta name=\"twitter:label2\" content=\"Est. tempo de leitura\" \/>\n\t<meta name=\"twitter:data2\" content=\"5 minutos\" \/>\n<!-- \/ Yoast SEO plugin. -->","yoast_head_json":{"title":"Padre Dolindo Ruotolo de N\u00e1poles - Cristo","description":"Pi\u0105te z jedenastu dzieci Raffaele'a, in\u017cyniera i matematyka, oraz Silvia Valle, potomek szlachty neapolita\u0144skiej i hiszpa\u0144skiej, mia\u0142 trudne dzieci\u0144stwo","robots":{"index":"index","follow":"follow","max-snippet":"max-snippet:-1","max-image-preview":"max-image-preview:large","max-video-preview":"max-video-preview:-1"},"canonical":"https:\/\/chrystus.pl\/pt\/pai-dolindo\/","og_locale":"pt_BR","og_type":"article","og_title":"Ojciec Dolindo Ruotolo z Neapolu - Chrystus.pl","og_description":"Pi\u0105te z jedenastu dzieci Raffaele'a, in\u017cyniera i matematyka, oraz Silvia Valle, potomek szlachty neapolita\u0144skiej i hiszpa\u0144skiej, mia\u0142 trudne dzieci\u0144stwo ze","og_url":"https:\/\/chrystus.pl\/pt\/pai-dolindo\/","og_site_name":"Chrystus","article_published_time":"2020-12-05T18:22:36+00:00","article_modified_time":"2020-12-05T18:22:41+00:00","og_image":[{"width":345,"height":600,"url":"https:\/\/chrystus.pl\/wp-content\/uploads\/2020\/12\/Ojciec-Dolindo.jpg","type":"image\/jpeg"}],"author":"Samarytanka","twitter_card":"summary_large_image","twitter_title":"Ojciec Dolindo Ruotolo z Neapolu - Chrystus.pl","twitter_description":"Pi\u0105te z jedenastu dzieci Raffaele'a, in\u017cyniera i matematyka, oraz Silvia Valle, potomek szlachty neapolita\u0144skiej i hiszpa\u0144skiej, mia\u0142 trudne dzieci\u0144stwo ze","twitter_image":"https:\/\/chrystus.pl\/wp-content\/uploads\/2020\/12\/Ojciec-Dolindo.jpg","twitter_misc":{"Escrito por":"Samarytanka","Est. tempo de leitura":"5 minutos"},"schema":{"@context":"https:\/\/schema.org","@graph":[{"@type":"Article","@id":"https:\/\/chrystus.pl\/de\/vater-dolindo\/#article","isPartOf":{"@id":"https:\/\/chrystus.pl\/de\/vater-dolindo\/"},"author":{"name":"Samarytanka","@id":"https:\/\/chrystus.pl\/#\/schema\/person\/e2e742452b8b7b2bcd23ea180671d27a"},"headline":"Ojciec Dolindo","datePublished":"2020-12-05T18:22:36+00:00","dateModified":"2020-12-05T18:22:41+00:00","mainEntityOfPage":{"@id":"https:\/\/chrystus.pl\/de\/vater-dolindo\/"},"wordCount":926,"publisher":{"@id":"https:\/\/chrystus.pl\/#organization"},"image":{"@id":"https:\/\/chrystus.pl\/de\/vater-dolindo\/#primaryimage"},"thumbnailUrl":"https:\/\/chrystus.pl\/wp-content\/uploads\/2020\/12\/Ojciec-Dolindo.jpg","articleSection":["Osobisto\u015bci"],"inLanguage":"pt-BR"},{"@type":"WebPage","@id":"https:\/\/chrystus.pl\/de\/vater-dolindo\/","url":"https:\/\/chrystus.pl\/de\/vater-dolindo\/","name":"Padre Dolindo Ruotolo de N\u00e1poles - Cristo","isPartOf":{"@id":"https:\/\/chrystus.pl\/#website"},"primaryImageOfPage":{"@id":"https:\/\/chrystus.pl\/de\/vater-dolindo\/#primaryimage"},"image":{"@id":"https:\/\/chrystus.pl\/de\/vater-dolindo\/#primaryimage"},"thumbnailUrl":"https:\/\/chrystus.pl\/wp-content\/uploads\/2020\/12\/Ojciec-Dolindo.jpg","datePublished":"2020-12-05T18:22:36+00:00","dateModified":"2020-12-05T18:22:41+00:00","description":"Pi\u0105te z jedenastu dzieci Raffaele'a, in\u017cyniera i matematyka, oraz Silvia Valle, potomek szlachty neapolita\u0144skiej i hiszpa\u0144skiej, mia\u0142 trudne dzieci\u0144stwo","breadcrumb":{"@id":"https:\/\/chrystus.pl\/de\/vater-dolindo\/#breadcrumb"},"inLanguage":"pt-BR","potentialAction":[{"@type":"ReadAction","target":["https:\/\/chrystus.pl\/de\/vater-dolindo\/"]}]},{"@type":"ImageObject","inLanguage":"pt-BR","@id":"https:\/\/chrystus.pl\/de\/vater-dolindo\/#primaryimage","url":"https:\/\/chrystus.pl\/wp-content\/uploads\/2020\/12\/Ojciec-Dolindo.jpg","contentUrl":"https:\/\/chrystus.pl\/wp-content\/uploads\/2020\/12\/Ojciec-Dolindo.jpg","width":345,"height":600},{"@type":"BreadcrumbList","@id":"https:\/\/chrystus.pl\/de\/vater-dolindo\/#breadcrumb","itemListElement":[{"@type":"ListItem","position":1,"name":"Strona g\u0142\u00f3wna","item":"https:\/\/chrystus.pl\/"},{"@type":"ListItem","position":2,"name":"Ojciec Dolindo"}]},{"@type":"WebSite","@id":"https:\/\/chrystus.pl\/#website","url":"https:\/\/chrystus.pl\/","name":"Cristo","description":"Deus, Maria, Jesus, Comunh\u00e3o e muito mais","publisher":{"@id":"https:\/\/chrystus.pl\/#organization"},"potentialAction":[{"@type":"SearchAction","target":{"@type":"EntryPoint","urlTemplate":"https:\/\/chrystus.pl\/?s={search_term_string}"},"query-input":{"@type":"PropertyValueSpecification","valueRequired":true,"valueName":"search_term_string"}}],"inLanguage":"pt-BR"},{"@type":"Organization","@id":"https:\/\/chrystus.pl\/#organization","name":"Cristo.pl","url":"https:\/\/chrystus.pl\/","logo":{"@type":"ImageObject","inLanguage":"pt-BR","@id":"https:\/\/chrystus.pl\/#\/schema\/logo\/image\/","url":"https:\/\/chrystus.pl\/wp-content\/uploads\/2019\/03\/chrystus-bog-maryja-komunia-bierzmowanie.jpg","contentUrl":"https:\/\/chrystus.pl\/wp-content\/uploads\/2019\/03\/chrystus-bog-maryja-komunia-bierzmowanie.jpg","width":1920,"height":1280,"caption":"Chrystus.pl"},"image":{"@id":"https:\/\/chrystus.pl\/#\/schema\/logo\/image\/"}},{"@type":"Person","@id":"https:\/\/chrystus.pl\/#\/schema\/person\/e2e742452b8b7b2bcd23ea180671d27a","name":"Samaritana"}]}},"_links":{"self":[{"href":"https:\/\/chrystus.pl\/pt\/wp-json\/wp\/v2\/posts\/1895","targetHints":{"allow":["GET"]}}],"collection":[{"href":"https:\/\/chrystus.pl\/pt\/wp-json\/wp\/v2\/posts"}],"about":[{"href":"https:\/\/chrystus.pl\/pt\/wp-json\/wp\/v2\/types\/post"}],"author":[{"embeddable":true,"href":"https:\/\/chrystus.pl\/pt\/wp-json\/wp\/v2\/users\/1"}],"replies":[{"embeddable":true,"href":"https:\/\/chrystus.pl\/pt\/wp-json\/wp\/v2\/comments?post=1895"}],"version-history":[{"count":0,"href":"https:\/\/chrystus.pl\/pt\/wp-json\/wp\/v2\/posts\/1895\/revisions"}],"wp:featuredmedia":[{"embeddable":true,"href":"https:\/\/chrystus.pl\/pt\/wp-json\/wp\/v2\/media\/1897"}],"wp:attachment":[{"href":"https:\/\/chrystus.pl\/pt\/wp-json\/wp\/v2\/media?parent=1895"}],"wp:term":[{"taxonomy":"category","embeddable":true,"href":"https:\/\/chrystus.pl\/pt\/wp-json\/wp\/v2\/categories?post=1895"},{"taxonomy":"post_tag","embeddable":true,"href":"https:\/\/chrystus.pl\/pt\/wp-json\/wp\/v2\/tags?post=1895"}],"curies":[{"name":"wp","href":"https:\/\/api.w.org\/{rel}","templated":true}]}}