{"id":1931,"date":"2020-12-27T05:13:22","date_gmt":"2020-12-27T05:13:22","guid":{"rendered":"https:\/\/chrystus.pl\/?p=1931"},"modified":"2020-12-27T05:13:28","modified_gmt":"2020-12-27T05:13:28","slug":"co-sie-dzieje-z-dusza-po-smierci","status":"publish","type":"post","link":"https:\/\/chrystus.pl\/pt\/co-sie-dzieje-z-dusza-po-smierci\/","title":{"rendered":"O que acontece com a alma ap\u00f3s a morte?"},"content":{"rendered":"<p><strong>Esta quest\u00e3o surge repetidamente na mente de crentes e n\u00e3o crentes em todo o mundo. E \u00e9 t\u00e3o natural quanto poss\u00edvel, levantando quest\u00f5es de exist\u00eancia e perturbando todos os fil\u00f3sofos ao longo dos tempos. No entanto, a Igreja Cat\u00f3lica nos diz claramente, <\/strong><strong>acontecer <a href=\"https:\/\/chrystus.pl\/pt\/jak-wyglada-pismo-swiete\/\">hist\u00f3ria<\/a> com a alma ap\u00f3s o funeral: \u00e9 salvo, condenado ou vai para o purgat\u00f3rio.<\/strong><\/p>\n\n\n\n<p>Estas tr\u00eas \"op\u00e7\u00f5es\" t\u00eam uma base bastante clara, e estas s\u00e3o as escrituras da pessoa que morre. A prop\u00f3sito, vale a pena mencionar a inevitabilidade da pr\u00f3pria morte, que atinge todo ser humano, e a imortalidade da alma - que \u00e9 um elemento metaf\u00edsico de nossa humanidade e uma esp\u00e9cie de arquivo dos atos acima mencionados. O que acontece com a alma ap\u00f3s a morte? Ela est\u00e1 sob o chamado julgamento detalhado (Heb 9:27), onde toda a vida do homem \u00e9 mais uma vez examinada diante de Deus. Incluindo, acima de tudo, suas decis\u00f5es decorrentes do livre arb\u00edtrio e suas rea\u00e7\u00f5es decorrentes da consci\u00eancia. \u00c9 por isso que, entre outras coisas, \u00e9 importante entender que \u00e9 importante esfor\u00e7ar-se para ser uma boa pessoa ao longo da vida e, al\u00e9m disso, ter um objetivo (ou metas) que consequentemente conduzam ao bem.<\/p>\n\n\n\n<h2 class=\"wp-block-heading\">O que acontece com a alma ap\u00f3s o funeral? <\/h2>\n\n\n\n<p>Em termos simples, aqueles que pertencem a pessoas boas v\u00e3o para o para\u00edso. Para os \u00edmpios e pecadores. <a href=\"https:\/\/chrystus.pl\/pt\/jak-wyglada-pieklo-2\/\">inferno<\/a>. E a op\u00e7\u00e3o intermedi\u00e1ria - o purgat\u00f3rio - \u00e9 mais uma chance de viajar de qualquer maneira. Um t\u00f3pico separado \u00e9 o Ju\u00edzo Final, perfeitamente descrito no evangelho de Mateus, onde, al\u00e9m da alma, o corpo tamb\u00e9m ser\u00e1 julgado. Isto deve ocorrer logo no final da hist\u00f3ria humana.<\/p>","protected":false},"excerpt":{"rendered":"<p>Esta quest\u00e3o surge repetidamente na mente de crentes e n\u00e3o crentes em todo o mundo. E \u00e9 t\u00e3o natural quanto poss\u00edvel, levantando quest\u00f5es de exist\u00eancia e perturbando todos os fil\u00f3sofos ao longo dos tempos. Entretanto, a Igreja Cat\u00f3lica nos diz claramente o que acontece com a alma ap\u00f3s o funeral: ela \u00e9 salva, condenada ou vai para o purgat\u00f3rio. Estes tr\u00eas ...<\/p>","protected":false},"author":1,"featured_media":1932,"comment_status":"closed","ping_status":"closed","sticky":false,"template":"","format":"standard","meta":{"footnotes":""},"categories":[60,62],"tags":[],"class_list":["post-1931","post","type-post","status-publish","format-standard","has-post-thumbnail","hentry","category-niebo","category-pieklo"],"yoast_head":"<!-- This site is optimized with the Yoast SEO plugin v27.5 - https:\/\/yoast.com\/product\/yoast-seo-wordpress\/ -->\n<title>Co si\u0119 dzieje z dusz\u0105 po \u015bmierci? - Chrystus<\/title>\n<meta name=\"description\" content=\"Te trzy \u201eopcje\u201d maj\u0105 do\u015b\u0107 jasne podstawy, a s\u0105 nimi uczynki osoby, kt\u00f3ra umiera. Przy okazji warto wspomnie\u0107 o nieuchronno\u015bci samej \u015bmierci\" \/>\n<meta name=\"robots\" content=\"index, follow, max-snippet:-1, max-image-preview:large, max-video-preview:-1\" \/>\n<link rel=\"canonical\" href=\"https:\/\/chrystus.pl\/pt\/o-que-voce-mesmo-apode-sua-sobre-morte-2\/\" \/>\n<meta property=\"og:locale\" content=\"pt_BR\" \/>\n<meta property=\"og:type\" content=\"article\" \/>\n<meta property=\"og:title\" content=\"Co si\u0119 dzieje z dusz\u0105 po \u015bmierci?\" \/>\n<meta property=\"og:description\" content=\"Te trzy \u201eopcje\u201d maj\u0105 do\u015b\u0107 jasne podstawy, a s\u0105 nimi uczynki osoby, kt\u00f3ra umiera. Przy okazji warto wspomnie\u0107 o nieuchronno\u015bci samej \u015bmierci\" \/>\n<meta property=\"og:url\" content=\"https:\/\/chrystus.pl\/pt\/o-que-voce-mesmo-apode-sua-sobre-morte-2\/\" \/>\n<meta property=\"og:site_name\" content=\"Chrystus\" \/>\n<meta property=\"article:published_time\" content=\"2020-12-27T05:13:22+00:00\" \/>\n<meta property=\"article:modified_time\" content=\"2020-12-27T05:13:28+00:00\" \/>\n<meta property=\"og:image\" content=\"https:\/\/chrystus.pl\/wp-content\/uploads\/2020\/12\/Co-sie\u0328-dzieje-z-dusza\u0328-po-s\u0301mierci.jpg\" \/>\n\t<meta property=\"og:image:width\" content=\"1280\" \/>\n\t<meta property=\"og:image:height\" content=\"853\" \/>\n\t<meta property=\"og:image:type\" content=\"image\/jpeg\" \/>\n<meta name=\"author\" content=\"Samarytanka\" \/>\n<meta name=\"twitter:card\" content=\"summary_large_image\" \/>\n<meta name=\"twitter:title\" content=\"Co si\u0119 dzieje z dusz\u0105 po \u015bmierci?\" \/>\n<meta name=\"twitter:description\" content=\"Te trzy \u201eopcje\u201d maj\u0105 do\u015b\u0107 jasne podstawy, a s\u0105 nimi uczynki osoby, kt\u00f3ra umiera. Przy okazji warto wspomnie\u0107 o nieuchronno\u015bci samej \u015bmierci\" \/>\n<meta name=\"twitter:label1\" content=\"Escrito por\" \/>\n\t<meta name=\"twitter:data1\" content=\"Samarytanka\" \/>\n\t<meta name=\"twitter:label2\" content=\"Est. tempo de leitura\" \/>\n\t<meta name=\"twitter:data2\" content=\"1 minuto\" \/>\n<!-- \/ Yoast SEO plugin. -->","yoast_head_json":{"title":"O que acontece com a alma ap\u00f3s a morte? - Cristo","description":"Estas tr\u00eas \"op\u00e7\u00f5es\" t\u00eam uma base bastante clara, e estas s\u00e3o as escrituras da pessoa que morre. De passagem, vale a pena mencionar a inevitabilidade da pr\u00f3pria morte","robots":{"index":"index","follow":"follow","max-snippet":"max-snippet:-1","max-image-preview":"max-image-preview:large","max-video-preview":"max-video-preview:-1"},"canonical":"https:\/\/chrystus.pl\/pt\/o-que-voce-mesmo-apode-sua-sobre-morte-2\/","og_locale":"pt_BR","og_type":"article","og_title":"Co si\u0119 dzieje z dusz\u0105 po \u015bmierci?","og_description":"Te trzy \u201eopcje\u201d maj\u0105 do\u015b\u0107 jasne podstawy, a s\u0105 nimi uczynki osoby, kt\u00f3ra umiera. Przy okazji warto wspomnie\u0107 o nieuchronno\u015bci samej \u015bmierci","og_url":"https:\/\/chrystus.pl\/pt\/o-que-voce-mesmo-apode-sua-sobre-morte-2\/","og_site_name":"Chrystus","article_published_time":"2020-12-27T05:13:22+00:00","article_modified_time":"2020-12-27T05:13:28+00:00","og_image":[{"width":1280,"height":853,"url":"https:\/\/chrystus.pl\/wp-content\/uploads\/2020\/12\/Co-sie\u0328-dzieje-z-dusza\u0328-po-s\u0301mierci.jpg","type":"image\/jpeg"}],"author":"Samarytanka","twitter_card":"summary_large_image","twitter_title":"Co si\u0119 dzieje z dusz\u0105 po \u015bmierci?","twitter_description":"Te trzy \u201eopcje\u201d maj\u0105 do\u015b\u0107 jasne podstawy, a s\u0105 nimi uczynki osoby, kt\u00f3ra umiera. Przy okazji warto wspomnie\u0107 o nieuchronno\u015bci samej \u015bmierci","twitter_misc":{"Escrito por":"Samarytanka","Est. tempo de leitura":"1 minuto"},"schema":{"@context":"https:\/\/schema.org","@graph":[{"@type":"Article","@id":"https:\/\/chrystus.pl\/co-sie-dzieje-z-dusza-po-smierci\/#article","isPartOf":{"@id":"https:\/\/chrystus.pl\/co-sie-dzieje-z-dusza-po-smierci\/"},"author":{"name":"Samarytanka","@id":"https:\/\/chrystus.pl\/#\/schema\/person\/e2e742452b8b7b2bcd23ea180671d27a"},"headline":"Co si\u0119 dzieje z dusz\u0105 po \u015bmierci?","datePublished":"2020-12-27T05:13:22+00:00","dateModified":"2020-12-27T05:13:28+00:00","mainEntityOfPage":{"@id":"https:\/\/chrystus.pl\/co-sie-dzieje-z-dusza-po-smierci\/"},"wordCount":287,"publisher":{"@id":"https:\/\/chrystus.pl\/#organization"},"image":{"@id":"https:\/\/chrystus.pl\/co-sie-dzieje-z-dusza-po-smierci\/#primaryimage"},"thumbnailUrl":"https:\/\/chrystus.pl\/wp-content\/uploads\/2020\/12\/Co-sie\u0328-dzieje-z-dusza\u0328-po-s\u0301mierci.jpg","articleSection":["Niebo","Piek\u0142o"],"inLanguage":"pt-BR"},{"@type":"WebPage","@id":"https:\/\/chrystus.pl\/co-sie-dzieje-z-dusza-po-smierci\/","url":"https:\/\/chrystus.pl\/co-sie-dzieje-z-dusza-po-smierci\/","name":"O que acontece com a alma ap\u00f3s a morte? - Cristo","isPartOf":{"@id":"https:\/\/chrystus.pl\/#website"},"primaryImageOfPage":{"@id":"https:\/\/chrystus.pl\/co-sie-dzieje-z-dusza-po-smierci\/#primaryimage"},"image":{"@id":"https:\/\/chrystus.pl\/co-sie-dzieje-z-dusza-po-smierci\/#primaryimage"},"thumbnailUrl":"https:\/\/chrystus.pl\/wp-content\/uploads\/2020\/12\/Co-sie\u0328-dzieje-z-dusza\u0328-po-s\u0301mierci.jpg","datePublished":"2020-12-27T05:13:22+00:00","dateModified":"2020-12-27T05:13:28+00:00","description":"Estas tr\u00eas \"op\u00e7\u00f5es\" t\u00eam uma base bastante clara, e estas s\u00e3o as escrituras da pessoa que morre. De passagem, vale a pena mencionar a inevitabilidade da pr\u00f3pria morte","breadcrumb":{"@id":"https:\/\/chrystus.pl\/co-sie-dzieje-z-dusza-po-smierci\/#breadcrumb"},"inLanguage":"pt-BR","potentialAction":[{"@type":"ReadAction","target":["https:\/\/chrystus.pl\/co-sie-dzieje-z-dusza-po-smierci\/"]}]},{"@type":"ImageObject","inLanguage":"pt-BR","@id":"https:\/\/chrystus.pl\/co-sie-dzieje-z-dusza-po-smierci\/#primaryimage","url":"https:\/\/chrystus.pl\/wp-content\/uploads\/2020\/12\/Co-sie\u0328-dzieje-z-dusza\u0328-po-s\u0301mierci.jpg","contentUrl":"https:\/\/chrystus.pl\/wp-content\/uploads\/2020\/12\/Co-sie\u0328-dzieje-z-dusza\u0328-po-s\u0301mierci.jpg","width":1280,"height":853,"caption":"Co sie\u0328 dzieje z dusza\u0328 po s\u0301mierci"},{"@type":"BreadcrumbList","@id":"https:\/\/chrystus.pl\/co-sie-dzieje-z-dusza-po-smierci\/#breadcrumb","itemListElement":[{"@type":"ListItem","position":1,"name":"Strona g\u0142\u00f3wna","item":"https:\/\/chrystus.pl\/"},{"@type":"ListItem","position":2,"name":"Co si\u0119 dzieje z dusz\u0105 po \u015bmierci?"}]},{"@type":"WebSite","@id":"https:\/\/chrystus.pl\/#website","url":"https:\/\/chrystus.pl\/","name":"Cristo","description":"Deus, Maria, Jesus, Comunh\u00e3o e muito mais","publisher":{"@id":"https:\/\/chrystus.pl\/#organization"},"potentialAction":[{"@type":"SearchAction","target":{"@type":"EntryPoint","urlTemplate":"https:\/\/chrystus.pl\/?s={search_term_string}"},"query-input":{"@type":"PropertyValueSpecification","valueRequired":true,"valueName":"search_term_string"}}],"inLanguage":"pt-BR"},{"@type":"Organization","@id":"https:\/\/chrystus.pl\/#organization","name":"Cristo.pl","url":"https:\/\/chrystus.pl\/","logo":{"@type":"ImageObject","inLanguage":"pt-BR","@id":"https:\/\/chrystus.pl\/#\/schema\/logo\/image\/","url":"https:\/\/chrystus.pl\/wp-content\/uploads\/2019\/03\/chrystus-bog-maryja-komunia-bierzmowanie.jpg","contentUrl":"https:\/\/chrystus.pl\/wp-content\/uploads\/2019\/03\/chrystus-bog-maryja-komunia-bierzmowanie.jpg","width":1920,"height":1280,"caption":"Chrystus.pl"},"image":{"@id":"https:\/\/chrystus.pl\/#\/schema\/logo\/image\/"}},{"@type":"Person","@id":"https:\/\/chrystus.pl\/#\/schema\/person\/e2e742452b8b7b2bcd23ea180671d27a","name":"Samaritana"}]}},"_links":{"self":[{"href":"https:\/\/chrystus.pl\/pt\/wp-json\/wp\/v2\/posts\/1931","targetHints":{"allow":["GET"]}}],"collection":[{"href":"https:\/\/chrystus.pl\/pt\/wp-json\/wp\/v2\/posts"}],"about":[{"href":"https:\/\/chrystus.pl\/pt\/wp-json\/wp\/v2\/types\/post"}],"author":[{"embeddable":true,"href":"https:\/\/chrystus.pl\/pt\/wp-json\/wp\/v2\/users\/1"}],"replies":[{"embeddable":true,"href":"https:\/\/chrystus.pl\/pt\/wp-json\/wp\/v2\/comments?post=1931"}],"version-history":[{"count":0,"href":"https:\/\/chrystus.pl\/pt\/wp-json\/wp\/v2\/posts\/1931\/revisions"}],"wp:featuredmedia":[{"embeddable":true,"href":"https:\/\/chrystus.pl\/pt\/wp-json\/wp\/v2\/media\/1932"}],"wp:attachment":[{"href":"https:\/\/chrystus.pl\/pt\/wp-json\/wp\/v2\/media?parent=1931"}],"wp:term":[{"taxonomy":"category","embeddable":true,"href":"https:\/\/chrystus.pl\/pt\/wp-json\/wp\/v2\/categories?post=1931"},{"taxonomy":"post_tag","embeddable":true,"href":"https:\/\/chrystus.pl\/pt\/wp-json\/wp\/v2\/tags?post=1931"}],"curies":[{"name":"wp","href":"https:\/\/api.w.org\/{rel}","templated":true}]}}